{"id":21561,"date":"2019-09-22T12:15:02","date_gmt":"2019-09-22T09:15:02","guid":{"rendered":"http:\/\/candname.com\/tr\/?p=21561"},"modified":"2019-09-22T12:18:09","modified_gmt":"2019-09-22T09:18:09","slug":"pasa-amediden-yeni-bir-masal-kitabi-cin-u-macin","status":"publish","type":"post","link":"https:\/\/candname.com\/tr\/?p=21561","title":{"rendered":"Pa\u015fa Amed\u00ee\u2019den yeni bir Masal Kitab\u0131: \u00c7\u00een \u00fb Ma\u00e7\u00een"},"content":{"rendered":"<p>\u00c7\u00een \u00fb Ma\u00e7in her ne kadar Ortado\u011fu edebiyat\u0131nda yer al\u0131p, \u00fclkelere ve uzak diyarlar i\u00e7in kullanm\u0131\u015f ise de K\u00fcrt s\u00f6zl\u00fc edebiyat\u0131nda de masal olarak yerini alm\u0131\u015f ve halk aras\u0131nda y\u00fczy\u0131llarca anlat\u0131lmaktad\u0131r.<\/p>\n<p>\u00c7\u00een \u00fb Ma\u00e7\u00een 20 adet masaldan olu\u015fan kitap ilk olarak N\u00fbbihar Yay\u0131nlar\u0131nda \u00e7\u0131kt\u0131 ve Diyarbak\u0131r Tuyap Kitap Fuar\u0131nda N\u00fbbihar stand\u0131nda sergilenecektir.<\/p>\n<p>Ayr\u0131ca yazar Pa\u015fa Amed\u00ee\u2019n\u0131n di\u011fer \u00a0ilk kitab\u0131 olan \u00c7\u00fbka Keko Peko \/Pep\u00fbk (Gugu Ku\u015fu) masal kitab\u0131 N\u00fbbihar taraf\u0131ndan 2013 tarihinde yay\u0131nlanm\u0131\u015f olan masal kitab\u0131, N\u00fbbihar taraf\u0131ndan yeniden bask\u0131s\u0131 yap\u0131ld\u0131.<\/p>\n<p><img loading=\"lazy\" decoding=\"async\" class=\"alignnone size-medium wp-image-21562\" src=\"https:\/\/candname.com\/tr\/wp-content\/uploads\/2019\/09\/\u00c7\u00fbka-Keko-Peko-300x216.jpeg\" alt=\"\" width=\"300\" height=\"216\" srcset=\"https:\/\/candname.com\/tr\/wp-content\/uploads\/2019\/09\/\u00c7\u00fbka-Keko-Peko-300x216.jpeg 300w, https:\/\/candname.com\/tr\/wp-content\/uploads\/2019\/09\/\u00c7\u00fbka-Keko-Peko-150x108.jpeg 150w, https:\/\/candname.com\/tr\/wp-content\/uploads\/2019\/09\/\u00c7\u00fbka-Keko-Peko-1024x736.jpeg 1024w, https:\/\/candname.com\/tr\/wp-content\/uploads\/2019\/09\/\u00c7\u00fbka-Keko-Peko.jpeg 1080w\" sizes=\"auto, (max-width: 300px) 100vw, 300px\" \/><\/p>\n<p>Yazar Pa\u015fa Amed\u00ee Diyarbak\u0131r\u2019da 28 Eyl\u00fclde a\u00e7\u0131lacak olan T\u00fcyap Diyarbak\u0131r Kitap Fuar\u0131nda N\u00fbbihar stand\u0131nda okuyucular\u0131yla olacak ve her iki kitab\u0131n\u0131 imzalayacakt\u0131r.<\/p>\n<p>&nbsp;<\/p>\n","protected":false},"excerpt":{"rendered":"<p>\u00c7\u00een \u00fb Ma\u00e7in her ne kadar Ortado\u011fu edebiyat\u0131nda yer al\u0131p, \u00fclkelere ve uzak diyarlar i\u00e7in kullanm\u0131\u015f ise de K\u00fcrt s\u00f6zl\u00fc edebiyat\u0131nda de masal olarak yerini alm\u0131\u015f ve halk aras\u0131nda y\u00fczy\u0131llarca anlat\u0131lmaktad\u0131r. \u00c7\u00een \u00fb Ma\u00e7\u00een 20 adet masaldan olu\u015fan kitap ilk olarak N\u00fbbihar Yay\u0131nlar\u0131nda \u00e7\u0131kt\u0131 ve Diyarbak\u0131r Tuyap Kitap Fuar\u0131nda N\u00fbbihar stand\u0131nda sergilenecektir. Ayr\u0131ca yazar Pa\u015fa &hellip;<\/p>\n","protected":false},"author":32,"featured_media":21564,"comment_status":"open","ping_status":"open","sticky":false,"template":"","format":"standard","meta":{"footnotes":""},"categories":[3,1746],"tags":[5558,5559,573,5560,117,5561,1616,180,4760],"class_list":["post-21561","post","type-post","status-publish","format-standard","has-post-thumbnail","","category-haber","category-kitapcilik","tag-cin-u-macin","tag-cinu-macin","tag-diyarbakir","tag-diyarbakir-kitap-fuari","tag-kurtler","tag-kurtmasali","tag-manset","tag-nubihar","tag-tuyap"],"_links":{"self":[{"href":"https:\/\/candname.com\/tr\/index.php?rest_route=\/wp\/v2\/posts\/21561","targetHints":{"allow":["GET"]}}],"collection":[{"href":"https:\/\/candname.com\/tr\/index.php?rest_route=\/wp\/v2\/posts"}],"about":[{"href":"https:\/\/candname.com\/tr\/index.php?rest_route=\/wp\/v2\/types\/post"}],"author":[{"embeddable":true,"href":"https:\/\/candname.com\/tr\/index.php?rest_route=\/wp\/v2\/users\/32"}],"replies":[{"embeddable":true,"href":"https:\/\/candname.com\/tr\/index.php?rest_route=%2Fwp%2Fv2%2Fcomments&post=21561"}],"version-history":[{"count":0,"href":"https:\/\/candname.com\/tr\/index.php?rest_route=\/wp\/v2\/posts\/21561\/revisions"}],"wp:featuredmedia":[{"embeddable":true,"href":"https:\/\/candname.com\/tr\/index.php?rest_route=\/wp\/v2\/media\/21564"}],"wp:attachment":[{"href":"https:\/\/candname.com\/tr\/index.php?rest_route=%2Fwp%2Fv2%2Fmedia&parent=21561"}],"wp:term":[{"taxonomy":"category","embeddable":true,"href":"https:\/\/candname.com\/tr\/index.php?rest_route=%2Fwp%2Fv2%2Fcategories&post=21561"},{"taxonomy":"post_tag","embeddable":true,"href":"https:\/\/candname.com\/tr\/index.php?rest_route=%2Fwp%2Fv2%2Ftags&post=21561"}],"curies":[{"name":"wp","href":"https:\/\/api.w.org\/{rel}","templated":true}]}}