{"id":21540,"date":"2019-07-07T12:28:35","date_gmt":"2019-07-07T09:28:35","guid":{"rendered":"http:\/\/candname.com\/tr\/?p=21540"},"modified":"2019-07-06T12:28:55","modified_gmt":"2019-07-06T09:28:55","slug":"1914-tarihli-bitlis-isyaninin-osmanli-arsiv-belgelerindeki-yansimalari-cezalar-mukafatlar","status":"publish","type":"post","link":"https:\/\/candname.com\/tr\/?p=21540","title":{"rendered":"1914 Tarihli Bitlis \u0130syan\u0131n\u0131n Osmanl\u0131 Ar\u015fiv Belgelerindeki Yans\u0131malar\u0131 \u2013 Cezalar, M\u00fck\u00e2fatlar"},"content":{"rendered":"<div class=\"column\">\n<div class=\"page\" title=\"Page 1\">\n<div class=\"layoutArea\">\n<div class=\"column\">\n<p>1914 y\u0131l\u0131n\u0131n ilk aylar\u0131nda \u0130ttihat ve Terakki y\u00f6netimine kar\u015f\u0131 Bitlis\u2019te bir isyan meydana gelmi\u015fti. Ayaklanman\u0131n liderleri, Hizan b\u00f6lgesinin tan\u0131nm\u0131\u015f dini \u015fahsiyetleri olan Molla Selim, Seyyid Ali ve \u015eeyh \u015eahabeddin idi. B\u00f6lgede, halktan ve ulemadan ciddi bir destek g\u00f6rmeyen isyan fazla uzun s\u00fcrmeden bast\u0131r\u0131lm\u0131\u015f ve failleri hakk\u0131nda resmi i\u015flem yap\u0131lm\u0131\u015ft\u0131r. Osmanl\u0131 ar\u015fiv belgelerinde ayaklanman\u0131n geli\u015fimi ve sonu\u00e7lar\u0131 ile ilgili kay\u0131tlar yer almaktad\u0131r. Bu kay\u0131tlardan anla\u015f\u0131ld\u0131\u011f\u0131 kadar\u0131yla ba\u015fta isyan\u0131n liderleri durumundakiler olmak \u00fczere idam edilen \u00e7ok say\u0131da ki\u015fi oldu\u011fu gibi isyanla ba\u011flant\u0131s\u0131 tespit edilen di\u011fer \u015fah\u0131slar da \u00e7e\u015fitli cezalara \u00e7arpt\u0131r\u0131lm\u0131\u015ft\u0131r. Bunun yan\u0131nda isyan esnas\u0131nda devletin yan\u0131nda yer alarak hizmetleri g\u00f6r\u00fclenlerin de \u00e7e\u015fitli \u015fekillerde taltif edildikleri ve \u00f6d\u00fcllendirildikleri g\u00f6r\u00fclmektedir. Bu makalede Ba\u015fbakanl\u0131k Osmanl\u0131 Ar\u015fivinde yer alan belgeler esas al\u0131narak s\u00f6z konusu isyan ceza-m\u00fck\u00e2fat boyutuyla eleal\u0131nmaya ve isyan\u0131n belgelerdeki yans\u0131malar\u0131 incelenmeye ve de\u011ferlendirilmeye \u00e7al\u0131\u015f\u0131lm\u0131\u015ft\u0131r.<\/p>\n<\/div>\n<\/div>\n<\/div>\n<p>&nbsp;<\/p>\n<p>Prof. Dr. Mehmet DEM\u0130RTA\u015e<\/p>\n<\/div>\n<div class=\"page\" title=\"Page 3\">\n<div class=\"layoutArea\">\n<div class=\"column\">\n<p>1914 y\u0131l\u0131n\u0131n ilk aylar\u0131nda gerek Do\u011fu Anadolu\u2019da, gerek Bitlis\u2019te1, gerekse \u0130ran s\u0131n\u0131r\u0131 \u00fczerinde bir isyana zemin haz\u0131rlamak \u00fczere baz\u0131 \u00e7al\u0131\u015fmalar yap\u0131ld\u0131\u011f\u0131 g\u00f6r\u00fclmektedir. Bitlis \u0130syan\u0131n\u0131n liderleri durumundaki Molla Selim, \u015eeyh \u015eahabeddin ve isyan\u0131n di\u011fer liderleri, Bitlis\u2019te haz\u0131rl\u0131klar yaparken, K\u00fcrt ilerigelenlerinden Abdurrezak ve Simko Rus kontrol\u00fcndeki \u0130ran s\u0131n\u0131r\u0131nda harekete ge\u00e7mi\u015flerdi (Abak, 2011: 7). Bu arada \u0130r\u015fad ad\u0131yla bilinen bir \u00f6rg\u00fct de, K\u00fcrtler aras\u0131nda \u0130ttihat ve Terakki y\u00f6netimi aleyhinde propagandalar yapmaktayd\u0131 (Celil, 2015). B\u00fct\u00fcn bu geli\u015fmeleri fark eden ve yak\u0131ndan takip eden Osmanl\u0131 H\u00fck\u00fcmeti herhangi bir karga\u015fa ve tehdide kar\u015f\u0131 gerekli tedbirleri alm\u0131\u015ft\u0131.<\/p>\n<p>D\u00f6nemin \u00f6nemli gazetelerinden biri olan Peyam\u2019\u0131n verdi\u011fi bilgiye g\u00f6re (Demirta\u015f, 2015: 180) 11.XII.1929\/24 \u015eubat 1914\u2019te Molla Selim\u2019in, y\u00fczlercesilahl\u0131 adam\u0131 taraf\u0131ndan askerlerin elinden al\u0131nmas\u0131yla ba\u015flayan ancak Mart ay\u0131 ortalar\u0131nda Bitlis \u00e7evresinde etkisini artt\u0131ran bu hadisede, isyanc\u0131lar\u0131n say\u0131s\u0131 9 Mart tarihi itibariyle 4.000\u2019e ula\u015fm\u0131\u015ft\u0131 (Abak, 2011: 8).2 \u0130syan\u0131n liderleri, y\u00f6renintan\u0131nm\u0131\u015f din \u00e2limleri (\u00dcnal, 2008: 148) ve Hizan\u2019\u0131n n\u00fcfuzlu \u015feyhlerindendiler. \u015eeyh \u015eahabeddin Gayda Tekkesinin \u015eeyhi iken, amcazadesi olan Seyyid Ali, tekkenin idari i\u015fleriyle me\u015fgul olmaktayd\u0131. Molla Selim ise \u015eeyh \u015eahabeddin\u2019in halifesiydi. Bu \u015fah\u0131slar\u0131n halk \u00fczerinde b\u00fcy\u00fck bir etkisi oldu\u011fu gibi Van b\u00f6lgesinde tekke sahibi olan Seyyid Taha ile de ba\u011flant\u0131lar\u0131 vard\u0131 (BOA. DH. EUM. EMN-85\/9, 1914; Aydo\u011fan, 2013: 313; G\u00fcnay, 2017: 58).<\/p>\n<p>\u0130SYANIN SEBEPLER\u0130<\/p>\n<p>Me\u015frutiyet sonras\u0131 d\u00f6nemde Osmanl\u0131 H\u00fck\u00fcmetinin Do\u011fu vilayetlerindeuygulamaya ba\u015flad\u0131\u011f\u0131 politika, dengeleri Ermeniler lehine, K\u00fcrtler aleyhine de\u011fi\u015ftirmi\u015fti. Bu ba\u011flamda Ermeni Islahat\u0131 Meselesi yeniden uluslararas\u0131 g\u00fcndeme ta\u015f\u0131narak, \u0131slahatlar \u00e7er\u00e7evesinde Do\u011fu Anadolu\u2019ya \u0130sve\u00e7li ve Hollandal\u0131 genel m\u00fcfetti\u015fler tayin edilmesi kararla\u015ft\u0131r\u0131lm\u0131\u015ft\u0131. Bu durum K\u00fcrtler aras\u0131nda, Ermenilerin ba\u011f\u0131ms\u0131z bir devlet kuraca\u011f\u0131 y\u00f6n\u00fcndeki endi\u015feleri artt\u0131rm\u0131\u015ft\u0131 G\u00fcnay, 2017: 59). Ruslar\u0131n, h\u00fck\u00fcmetin Ermenilere taviz verdi\u011fi, M\u00fcsl\u00fcmanlar\u0131 ise ihmal etti\u011fi \u015feklindeki propagandalar\u0131 da eklenince, h\u00fck\u00fcmete<\/p>\n<p>1 Van Valisi Tahsin Bey b\u00f6lgede meydana gelen geli\u015fmelerden bahsederek, Bitlis\u2019te ve bilahare Bitlis\u2019in merkez ve Hizan kazalar\u0131nda her manas\u0131yla malum irtica vard\u0131r. Halife Selim\u2019in, bir sene evvel \u0130stanbul\u2019da \u015eeyh Abd\u00fclkadir\u2019e misafir olmas\u0131 ve Kamil Pa\u015fa\u2019n\u0131n sefaretiyle Bitlis\u2019e avdetetmesi bu defa refi-i liva-\u0131 irtica eylemesi pek m\u00fcnasebetdard\u0131r. Halife Selim mesele-i arz\u0131n kudsiyetini iddia edenleri tekfir ile m\u00fc\u015ftehir bir m\u00fcrtecidir. Seyyid Ali, \u015eeyh \u015eahabeddin ve di\u011fer me\u015f\u00e2yih taraf\u0131ndan Van Vilayeti a\u015f\u00e2irine de haberler g\u00f6nderme\u011fe ba\u015flad\u0131. Rusya bu husustaki program\u0131n\u0131 Bitlis\u2019te pek g\u00fczel tatbike muvaffak oldu. Hizan taraf\u0131ndaki i\u00e7tima\u2018\u0131n fark-\u0131 kus\u00fbretine ra\u011fmasn geni\u015fleme oldu\u011fu anla\u015f\u0131l\u0131yor\u2026 demekteydi (Ta\u015f, 1998: 955). B\u00f6lgede yap\u0131lan propaganda faaliyetlerinde kullan\u0131lan dile dair \u015fu ifadeler olduk\u00e7a \u00f6nemlidir. \u201cKur\u2019an\u2019\u0131n T\u00fcrk\u00e7eye terc\u00fcme edildi\u011fi, Vilay\u00e2t-\u0131 \u015earkiyye\u2019nin Rusya\u2019ya verilece\u011fi, Araplar\u0131n da K\u00fcrtlerle birlikte hareket edece\u011fi ve \u015feriat\u0131 getirmekten ba\u015fka \u00e7are olmad\u0131\u011f\u0131\u201d (G\u00fcnay, 2017: 59).<\/p>\n<p>2 Baz\u0131 ara\u015ft\u0131rmac\u0131lar isyanc\u0131 say\u0131s\u0131n\u0131 8.000 olarak vermektedir (Bknz. G\u00fcnay, 2015: 2017: 60).<\/p>\n<p>434<\/p>\n<\/div>\n<\/div>\n<p><img decoding=\"async\" src=\"data:image\/png;base64,iVBORw0KGgoAAAANSUhEUgAAAYkAAAABCAYAAAArSVK8AAAAAXNSR0IArs4c6QAAAAlwSFlzAAAP\/gAAD\/4BstaVKgAAACBJREFUOBFjZGBgqALiUTAaAqMhMBoCoyEwGgLoIXAOAPjwAUoFbTrAAAAAAElFTkSuQmCC\" alt=\"page3image1375741632\" width=\"392.590000\" height=\"0.480000\" \/><img decoding=\"async\" src=\"data:image\/png;base64,iVBORw0KGgoAAAANSUhEUgAAAJEAAAABCAYAAADevkxgAAAAAXNSR0IArs4c6QAAAAlwSFlzAAANGAAADRgB7vT8mAAAABZJREFUKBVjZGBg2AHEo2A0BMgNAW8Ao5wBBcxkhuwAAAAASUVORK5CYII=\" alt=\"page3image1375741952\" width=\"144.020000\" height=\"0.720030\" \/><\/p>\n<\/div>\n<div class=\"page\" title=\"Page 4\">\n<div class=\"layoutArea\">\n<div class=\"column\">\n<p>Demirta\u015f, M. (2018). 1914 Tarihli Bitlis \u0130syan\u0131n\u0131n Osmanl\u0131 Ar\u015fiv Belgelerindeki Yans\u0131malar\u0131-Cezalar, M\u00fck\u00e2fatlar. BE\u00dc SBE Derg.,7(2), 432-492.<\/p>\n<p>kar\u015f\u0131 ciddi bir tepki meydana gelmi\u015fti. Bunun yan\u0131 s\u0131ra h\u00fck\u00fcmetin vergilerde art\u0131\u015fa gidilmesi y\u00f6n\u00fcndeki karar\u0131n\u0131n da isyanda etkisi oldu\u011fu d\u00fc\u015f\u00fcn\u00fclebilir. S\u00f6z konusu kararla a\u011fnam vergisi, temett\u00fc vergisi, mahkeme har\u00e7lar\u0131, g\u00fcmr\u00fck ve benzeri vergiler y\u00fckseltilmi\u015fti (Celil, 2015: 2-3; Ta\u015f, 1998: 955; Lewy, 2005: 37).<\/p>\n<p>\u0130ttihat ve Terakki y\u00f6netiminin \u201cdinsiz\u201d ve \u201cmasonlardan\u201d meydana geldi\u011fi y\u00f6n\u00fcndeki kanaat ve b\u00f6lgede y\u00fcr\u00fct\u00fclen propagandalar da ayaklanman\u0131n \u00e7\u0131kmas\u0131na do\u011frudan etki eden fakt\u00f6rler aras\u0131nda \u00f6ne \u00e7\u0131kmaktad\u0131r (\u00dcnal, 2008: 148). Nitekim \u015eeyh \u015eahbeddin\u2019in \u00fczerinde ele ge\u00e7en ve halka hitaben yaz\u0131lm\u0131\u015f olan bir mektupta cihat \u00e7a\u011fr\u0131s\u0131 yap\u0131lm\u0131\u015f olmas\u0131 da (BOA. DH. \u015eFR-39\/122, 1914; BOA. BEO. SYS-4281\/321065, 1914) isyan\u0131n as\u0131l sebebinin dini oldu\u011funu ortaya koymaktad\u0131r. Nitekim Molla Selim de ayaklanmas\u0131na gerek\u00e7e olarak, \u0130ttihat ve Terakki\u2019nin, \u0130slam\u00ee kurallar\u0131n d\u0131\u015f\u0131na \u00e7\u0131kmas\u0131n\u0131 ve K\u00fcrtlere kar\u015f\u0131 giri\u015filen sinsiplanlar\u0131g\u00f6stermekteydi (Aydo\u011fan, 2013: 313).<\/p>\n<p>Molla Selim, bir yandan da tedbirli davran\u0131p H\u0131ristiyanlar\u0131 incitmemeye dikkat etmekteydi. Bu maksatla hareketin Ermenilere kar\u015f\u0131 de\u011fil, sadece kendi haklar\u0131n\u0131 elde etmeye y\u00f6nelik oldu\u011funu \u00f6zellikle vurgulamaktayd\u0131 (Reynolds, 2003: 550- 551; Abak, 2011: 8).3 Molla Selim\u2019in, askerlerin elinden al\u0131nmas\u0131yla ba\u015flayan hadise, isyanc\u0131lar\u0131n Bitlis \u015fehrine sald\u0131rmalar\u0131 ile farkl\u0131 bir boyut kazanm\u0131\u015f, g\u00fcvenlik g\u00fc\u00e7lerinin m\u00fcdahaleleri sonucu isyanc\u0131lar \u015fehirden uzakla\u015ft\u0131r\u0131lm\u0131\u015ft\u0131r. Osmanl\u0131 H\u00fck\u00fcmeti, isyan\u0131 bast\u0131rmakta olduk\u00e7a kararl\u0131 davrand\u0131\u011f\u0131 gibi, olay\u0131n \u00f6rtbas edilememesi i\u00e7in de gerekli hassasiyeti g\u00f6stermi\u015ftir. Bitlis\u2019i m\u00fcdafaa etmek i\u00e7in b\u00fcy\u00fck gayret sarf eden h\u00fck\u00fcmet her t\u00fcrl\u00fc \u00e7areyi denemi\u015ftir. Bu maksatla Ermenilere silah da\u011f\u0131tarak isyan\u0131n bast\u0131rlmas\u0131nda onlardan yararlanma yoluna gitmi\u015ftir (Karaca, 2005: 173; G\u00fcnay, 2017: 62). Nitekim Azadamard isimliErmeni gazetesinde yer alan habere g\u00f6re K\u00fcrtlerin, Bitlis merkezine h\u00fccum ettikleri ilk zamanlarda Ermeni askerlerinden baz\u0131lar\u0131n\u0131n kendilerini feda etmeyehaz\u0131r olduklar\u0131n\u0131 s\u00f6yledikleri ve Osmanl\u0131 askerlerine yard\u0131m ettikleri bilgisi mevcuttur. Buna g\u00f6re Ermeni askerlerinin bu davran\u0131\u015f\u0131 bir T\u00fcrk \u00c7avu\u015fu taraf\u0131ndan da teyit edilmi\u015f ve bu durum askerin maneviyat\u0131 \u00fczerinde olumlu biretki b\u0131rakm\u0131\u015ft\u0131r. Gazetenin haberine g\u00f6re, kahramanca \u00e7at\u0131\u015fan d\u00f6rt Ermeni askeri hayat\u0131n\u0131 kaybetmi\u015fti (BOA. DH. \u015eFR-40\/104, 1914).<\/p>\n<p>ALINAN TEDB\u0130RLER VE \u0130SYANIN BASTIRILMASI<\/p>\n<p>H\u00fck\u00fcmet olaylar \u00fczerine ola\u011fan\u00fcst\u00fc hal ilan etmi\u015ftir. Yine h\u00fck\u00fcmet taraf\u0131ndangerekli tahkikat yap\u0131larak baz\u0131 tedbirler al\u0131nmaya ba\u015flam\u0131\u015ft\u0131r. Hatta Mu\u015f\u2019ta da ola\u011fan\u00fcst\u00fc halin uygulanmas\u0131 g\u00fcndeme gelmi\u015f ve Gayda Tekkesinin bulundu\u011fu b\u00f6lgede askerler g\u00f6revlendirilmi\u015ftir (BOA. DH. \u015eFR-40\/31-32, 1914). H\u00fck\u00fcmet isyan\u0131n boyutlar\u0131n\u0131 anlamaya \u00e7al\u0131\u015fmakta idi. Bu ama\u00e7la Dahiliye Nezareti<\/p>\n<p>3 Molla Selim 10 Mart 1914 tarihinde Bitlis\u2019teki Ermenilerin dini liderlerine g\u00f6nderdi\u011fi mektupta, K\u00fcrtlerin harek\u00e2t boyunca Ermenileri koruyup kollayacaklar\u0131, k\u00f6ylerinden ge\u00e7i\u015fleri esnas\u0131nda ahaliden ancak paras\u0131n\u0131 vermek suretiyle ekmek alacaklar\u0131 garantisini vermi\u015fti (Bknz. Celil, 2015: 3).<\/p>\n<p>435<\/p>\n<\/div>\n<\/div>\n<p><img decoding=\"async\" src=\"data:image\/png;base64,iVBORw0KGgoAAAANSUhEUgAAAYkAAAABCAYAAAArSVK8AAAAAXNSR0IArs4c6QAAAAlwSFlzAAAP\/gAAD\/4BstaVKgAAACBJREFUOBFjZGBgqALiUTAaAqMhMBoCoyEwGgLoIXAOAPjwAUoFbTrAAAAAAElFTkSuQmCC\" alt=\"page4image1316980624\" width=\"392.590000\" height=\"0.480000\" \/><img decoding=\"async\" src=\"data:image\/png;base64,iVBORw0KGgoAAAANSUhEUgAAAJEAAAABCAYAAADevkxgAAAAAXNSR0IArs4c6QAAAAlwSFlzAAANGAAADRgB7vT8mAAAABZJREFUKBVjZGBg2AHEo2A0BMgNAW8Ao5wBBcxkhuwAAAAASUVORK5CYII=\" alt=\"page4image1316812784\" width=\"144.020000\" height=\"0.719970\" \/><\/p>\n<\/div>\n<div class=\"page\" title=\"Page 5\">\n<div class=\"layoutArea\">\n<div class=\"column\">\n<p>Demirta\u015f, M. (2018). 1914 Tarihli Bitlis \u0130syan\u0131n\u0131n Osmanl\u0131 Ar\u015fiv Belgelerindeki Yans\u0131malar\u0131-Cezalar, M\u00fck\u00e2fatlar. BE\u00dc SBE Derg.,7(2), 432-492.<\/p>\n<p>taraf\u0131ndan Bitlis Vilayetine g\u00f6nderilen 27 Mart tarihini ta\u015f\u0131yan ancak 9 Nisan 1914 tarihi ile kay\u0131tl\u0131 \u015fifreli bir yaz\u0131da, \u015fimdiye kadar vilayet merkezi ve ba\u011fl\u0131 yerlerde ne kadar kuvvet topland\u0131\u011f\u0131, tenkil olunan K\u00fcrt isyanc\u0131lar\u0131n hangi yerlerde ve toplu olarak m\u0131 bulunduklar\u0131, Hizan\u2019da durumun nas\u0131l oldu\u011fu sorularak, \u015eeyh \u015eahabeddin ve Seyyid Ali hakk\u0131nda ne gibi malumat bulundu\u011fu ve ge\u00e7en sene Kar\u00e7\u0131kan vukuat\u0131nda \u00fc\u00e7 g\u00fcn askerle \u00e7at\u0131\u015fan ve bu gibi harekata \u00f6n ayak olmayaal\u0131\u015fm\u0131\u015f olduklar\u0131 anla\u015f\u0131lan Horozlular\u0131n (Xoros-Horozdere) bu meseledem\u00fcdahale ve ortakl\u0131klar\u0131n\u0131n bulunup bulunmad\u0131\u011f\u0131 \u00f6\u011frenilmeye \u00e7al\u0131\u015f\u0131lm\u0131\u015ft\u0131 (BOA. DH. \u015eFR-39\/208, 1914). Bunun yan\u0131 s\u0131ra Molla Selim hakk\u0131nda da Bitlis Vilayetinezdinde gerekli bilgiler toplanm\u0131\u015ft\u0131r (BOA. DH. \u015eFR-40\/40\/18, 1914).<\/p>\n<p>Molla Selim ve arkada\u015flar\u0131n\u0131n Rus Konsoloslu\u011funa s\u0131\u011f\u0131nmalar\u0131 \u00fczerine isyan etkisini kaybetmi\u015ftir. Bu arada h\u00fck\u00fcmet Molla Selim\u2019in konsolosluktan \u00e7\u0131kmamas\u0131 i\u00e7in olduk\u00e7a dikkatli davranm\u0131\u015ft\u0131r. Hatta Molla Selim\u2019in konsolosluktan firara muvaffak oldu\u011fu y\u00f6n\u00fcnde bir rivayet \u00fczerine harekete ge\u00e7en h\u00fck\u00fcmet, Bitlis Vilayetine bir yaz\u0131 g\u00f6ndererek ilgililer uyar\u0131lm\u0131\u015ft\u0131r (BOA. DH. \u015eFR-40\/78, 1914; BOA. DH. \u015eFR-40\/179, 1914). Hadisenin sona ermesi ilealakal\u0131 kaynaklarda farkl\u0131 tarihler olmakla birlikte, ilk idamlar\u0131n 23 Nisan 1914\u2019te ger\u00e7ekle\u015fti\u011fi (BOA. DH. EUM. EMN-85\/9) g\u00f6z \u00f6n\u00fcnde bulunduruldu\u011funda, isyan\u0131n s\u00f6z konusu tarihten \u00f6nce bitmi\u015f oldu\u011fu sonucuna var\u0131labilir. Ancak \u00e7ok iyi bilinen \u015fey ise isyanc\u0131lar\u0131n Mart ay\u0131n\u0131n 19. ve 20. g\u00fcnlerinde Bitlis \u015fehir merkezini ele ge\u00e7irmeye \u00e7al\u0131\u015ft\u0131klar\u0131d\u0131r (BOA. BEO. SYS-4281\/321065, 1914). Dini karakterli olan bu ayaklanma (\u00dcnal, 2008: 148; Ta\u015f, 1998: 955-956), K\u00fcrt a\u015firetlerinden ve ulemadan yeterli deste\u011fi g\u00f6rmedi\u011finden (Kuruba\u015f, 2004: 6;G\u00fcnay, 2017: 63) k\u0131sa s\u00fcrede bast\u0131r\u0131lm\u0131\u015ft\u0131r.<\/p>\n<p>\u0130SYAN DOLAYISIYLA \u00c7E\u015e\u0130TL\u0130 CEZALARA \u00c7ARPTIRILANLAR VE CEZALARIN GEREK\u00c7ELER\u0130<\/p>\n<p>Hadise bast\u0131r\u0131ld\u0131ktan sonra Bitlis\u2019te Divan-i Harb\u00ee kurulmu\u015ftur. Mahkemede san\u0131klar, h\u00fck\u00fcmetin varl\u0131\u011f\u0131n\u0131 zorla ortadan kald\u0131rmak, askeri m\u00fchimmat\u0131 ya\u011fmalamak maksad\u0131yla isyan etmek ve bunun sonucunda Bitlis Kasabas\u0131na h\u00fccum ederek askerle \u00e7at\u0131\u015famaya girip baz\u0131lar\u0131n\u0131n \u015fehadetine ve baz\u0131lar\u0131n\u0131n da yaralanmas\u0131na yol a\u00e7mak su\u00e7lamas\u0131yla yarg\u0131lanm\u0131\u015flard\u0131r. M\u00fclkiye CezaKanunnamesinin 55. Maddesinde ge\u00e7en, her kim bizzat veya dolayl\u0131 olarak Osmanl\u0131 Devleti\u2019nin tebaas\u0131na ve halk\u0131na veya Osmanl\u0131 H\u00fck\u00fcmetine kar\u015f\u0131 silahl\u0131 olarak isyan ettirmek \u00fczere tahrik eder ve nihayet isyan \u00e7\u0131kar\u0131rsa idam olunur\u015feklinde ge\u00e7en h\u00fck\u00fcm gere\u011fi yarg\u0131lanan isyanc\u0131lar\u0131n baz\u0131lar\u0131 idam cezas\u0131na, baz\u0131lar\u0131 da bu kanunun \u00e7e\u015fitli madde ve f\u0131kralar\u0131 gere\u011fince ba\u015fka cezalara \u00e7arpt\u0131r\u0131lm\u0131\u015flard\u0131r (BOA. BEO. SYS-4281\/321065).<\/p>\n<p>Bitlis \u0130syan\u0131 dolay\u0131s\u0131yla muhakeme edilerek haklar\u0131nda \u00e7e\u015fitli kararlar verilentoplam 136 ki\u015finin isminin yer ald\u0131\u011f\u0131 bir cetvelde, bu ki\u015filerin ceza al\u0131p almad\u0131klar\u0131, alm\u0131\u015flarsa hangi cezalar\u0131 ald\u0131klar\u0131, cezan\u0131n gerek\u00e7esi, ki\u015filerin mahkemede haz\u0131r bulunup bulunmad\u0131klar\u0131 hususlar\u0131nda bilgiler yer almaktad\u0131r.<\/p>\n<p>436<\/p>\n<\/div>\n<\/div>\n<p><img decoding=\"async\" src=\"data:image\/png;base64,iVBORw0KGgoAAAANSUhEUgAAAYkAAAABCAYAAAArSVK8AAAAAXNSR0IArs4c6QAAAAlwSFlzAAAP\/gAAD\/4BstaVKgAAACBJREFUOBFjZGBgqALiUTAaAqMhMBoCoyEwGgLoIXAOAPjwAUoFbTrAAAAAAElFTkSuQmCC\" alt=\"page5image1377544784\" width=\"392.590000\" height=\"0.480000\" \/><\/p>\n<\/div>\n<div class=\"page\" title=\"Page 6\">\n<div class=\"layoutArea\">\n<div class=\"column\">\n<p>Demirta\u015f, M. (2018). 1914 Tarihli Bitlis \u0130syan\u0131n\u0131n Osmanl\u0131 Ar\u015fiv Belgelerindeki Yans\u0131malar\u0131-Cezalar, M\u00fck\u00e2fatlar. BE\u00dc SBE Derg.,7(2), 432-492.<\/p>\n<p>Yarg\u0131lama esnas\u0131nda mahkemede bulunanlar hakk\u0131nda verilen kararlar\u0131n y\u00fczlerine okunarak (vic\u00e2hen) a\u00e7\u0131kland\u0131\u011f\u0131, haz\u0131r bulunmayanlar\u0131n ise g\u0131yaben okundu\u011fu g\u00f6r\u00fclmektedir. Mahkeme karar\u0131yla \u00e7e\u015fitli cezalara \u00e7arpt\u0131r\u0131lan ki\u015filer \u00e7o\u011funlukla Bitlis merkez ve ba\u011fl\u0131 yerlerdendiler. Her birinin ceza alma gerek\u00e7esi belgelerde yer alm\u0131\u015ft\u0131r. Verilen cezalar ise idam, hapis, s\u00fcrg\u00fcn, k\u00fcrek, kalebentlik, prangabendlik ve para cezalar\u0131 idi. Bunun yan\u0131nda su\u00e7u sabit g\u00f6r\u00fclmedi\u011fi veya su\u00e7suz oldu\u011fu anla\u015f\u0131lan ki\u015filerin de beraatine karar verilmi\u015ftir.<\/p>\n<p>Hadise ile alakal\u0131 olarak yakalanan veya g\u0131yaben y\u00fczlerce ki\u015fi yarg\u0131lanm\u0131\u015f, bunlar\u0131n bir k\u0131sm\u0131 tahliye edilirken bir k\u0131sm\u0131 s\u00fcrg\u00fcn edilmi\u015f, ilk etapta aralar\u0131nda \u015eeyh \u015eahabeddin ve Seyid Ali\u2019nin de bulundu\u011fu 14 ki\u015fi idam edilmi\u015ftir (BOA.DH. EUM. EMN-85\/9).<\/p>\n<p>\u0130lk anda yakalananlar aras\u0131nda \u015eeyh \u015eahabeddin, karde\u015fi Mehmed \u015eirin ve Huma\u00e7l\u0131 (Xuma\u00e7-\u0130\u00e7ge\u00e7it) Musa o\u011flu Hac\u0131 Hayran vard\u0131 (BOA. BEO. SYS-4281\/321065). \u015eeyh \u015eahabeddin ve karde\u015fi Mehmed \u015eirin, ileri gelen liderlerden Hac\u0131 Said, yard\u0131mc\u0131lar\u0131ndan Hamza Van G\u00f6l\u00fc\u2019n\u00fc kay\u0131kla a\u015farak Diyadin\u2019e ula\u015fm\u0131\u015flar, oradan da Rusya\u2019ya ge\u00e7meyi planlam\u0131\u015flard\u0131. Ancak 6 Nisan 1914\u2019te s\u0131n\u0131rda yakalanarak kay\u0131kla Tatvan\u2019a g\u00f6nderilmi\u015f ve askeri m\u00fcfrezeye teslim edilerek Bitlis\u2019e getirilmi\u015flerdir.4<\/p>\n<p>Ayaklanman\u0131n tertip\u00e7ileri aras\u0131nda yer alan ve \u015eeyh \u015eahabeddin\u2019in ka\u00e7mas\u0131na yard\u0131m ettikleri tespit edilen Geva\u015f\u2019\u0131n \u0130n Karyesinden Gemici \u00d6mer Yusuf, Mehmed o\u011flu Musa, Hamo o\u011flu \u0130smail, R\u00fcstem o\u011flu Ali, Ali o\u011flu Kas\u0131m, Mehmed o\u011flu Fakih, Osman o\u011flu Emin, Haso o\u011flu Bekir, \u0130brahim o\u011flu Zibo isimli toplam dokuz ki\u015fi \u00fc\u00e7er sene s\u00fcreyle k\u00fcrek cezas\u0131na \u00e7arpt\u0131r\u0131lm\u0131\u015flard\u0131r (BOA.BEO. SYS-4302\/322595). Bunun yan\u0131nda Van Valisi Tahsin Bey\u2019in D\u00e2hiliye Nezaretine g\u00f6nderdi\u011fi telgrafta belirtti\u011fine g\u00f6re halk\u0131 siyana te\u015fvik ettikleri gerek\u00e7esiyle Geva\u015f\u2019\u0131n Alaydere halk\u0131ndan Molla Enver, Molla Hac\u0131, Molla \u015eefik, isyanc\u0131lara bayrak a\u00e7arak isyana kat\u0131lan Hac\u0131 Molla H\u00fcseyin, Molla Piran, Molla \u015eemseddin, Molla Nureddin, Molla Abdullah ve beraberlerindeki yedi ki\u015fi yakalanm\u0131\u015ft\u0131r (BOA. DH. EUM. EMN-85\/9). Bu ki\u015filerin hangi cezaya\u00e7arpt\u0131r\u0131ld\u0131klar\u0131 ile ilgili herhangi bir bilgiye ula\u015f\u0131lamam\u0131\u015ft\u0131r.<\/p>\n<p>Yap\u0131lan tahkikat neticesinde Seyyid Ali, \u015eeyh \u015eahabeddin, karde\u015fi 35 ya\u015flar\u0131ndaki Mehmed \u015eirin, Hiritli (\u00c7\u00f6kekyaz\u0131) Fakih Halil, Karkarl\u0131 ? Molla Muhyeddin, Korcanl\u0131 (Ak\u00e7al\u0131) Molla C\u00fcndi (kendisinin ifadesi ve hakk\u0131nda yap\u0131lan ihbar neticesinde su\u00e7u sabit olmu\u015ftur), Cihangir o\u011flu Mecid, Horozlu Abdullah o\u011flu 30 ya\u015f\u0131ndaki Hur\u015fid, Hakan-\u0131 Sab\u0131k t\u00fcfek\u00e7ilerinden Hivrisli (H\u00e9vris-B\u00f6l\u00fckyaz\u0131) Ali, Hivrisli Hac\u0131 Bapir, Huma\u00e7l\u0131 Hac\u0131 Hayran, Yakolu (\u00dcnald\u0131) Ferso o\u011flu Fakih Selim, Huma\u00e7l\u0131 Haso o\u011flu Hac\u0131 Mer\u2018an, Huma\u00e7l\u0131 Hac\u0131 Mer\u2018an o\u011flu Kaso, isyana ilk evvel \u00f6nayak olan \u015eetek (Ortakap\u0131?) Nahiyesinden Ha\u00e7ukanl\u0131 Yusuf o\u011flu S\u00fcleyman A\u011fa olmak \u00fczere 14 ki\u015fi 23 ve 27 Nisan<\/p>\n<p>4 Belgede ad\u0131 ge\u00e7en \u015fah\u0131slar\u0131n Erci\u015f\u2019e ba\u011fl\u0131 S\u00f6\u011f\u00fctl\u00fc k\u00f6y\u00fcnde yakaland\u0131klar\u0131 bilgisi yer almaktad\u0131r(BOA. DH. EUM. EMN-85\/9).<\/p>\n<p>437<\/p>\n<\/div>\n<\/div>\n<p><img decoding=\"async\" src=\"data:image\/png;base64,iVBORw0KGgoAAAANSUhEUgAAAYkAAAABCAYAAAArSVK8AAAAAXNSR0IArs4c6QAAAAlwSFlzAAAP\/gAAD\/4BstaVKgAAACBJREFUOBFjZGBgqALiUTAaAqMhMBoCoyEwGgLoIXAOAPjwAUoFbTrAAAAAAElFTkSuQmCC\" alt=\"page6image1376162384\" width=\"392.590000\" height=\"0.480000\" \/><img decoding=\"async\" src=\"data:image\/png;base64,iVBORw0KGgoAAAANSUhEUgAAAJEAAAABCAYAAADevkxgAAAAAXNSR0IArs4c6QAAAAlwSFlzAAANGAAADRgB7vT8mAAAABZJREFUKBVjZGBg2AHEo2A0BMgNAW8Ao5wBBcxkhuwAAAAASUVORK5CYII=\" alt=\"page6image1376162768\" width=\"144.020000\" height=\"0.719970\" \/><\/p>\n<\/div>\n<div class=\"page\" title=\"Page 7\">\n<div class=\"layoutArea\">\n<div class=\"column\">\n<p>Demirta\u015f, M. (2018). 1914 Tarihli Bitlis \u0130syan\u0131n\u0131n Osmanl\u0131 Ar\u015fiv Belgelerindeki Yans\u0131malar\u0131-Cezalar, M\u00fck\u00e2fatlar. BE\u00dc SBE Derg.,7(2), 432-492.<\/p>\n<p>tarihlerinde idam edilmi\u015flerdir. Bu \u015fah\u0131slardan Hac\u0131 Mer\u2018an, Yusuf o\u011flu S\u00fcleyman A\u011fa, Yakolu Ferso o\u011flu Fakih Selim 27 Nisan\u2019da idam edilmi\u015flerdi(BOA. DH. EUM. EMN-85\/9). \u015eetek Nahiyesi \u015eeyh Hasan K\u00f6y\u00fcnden Molla Resul ise 22 May\u0131s 1914\u2019te as\u0131larak idam edilmi\u015ftir (BOA. BEO. SYS- 4294\/322017, 1914; BOA. BEO. SYS-4281\/321065; BOA. BEO. SYS- 4299\/322380, 1914).<\/p>\n<p>Konuyla ilgili Dahiliye Nezaretinden Bitlis Vilayetine g\u00f6nderilen bir \u015fifreli yaz\u0131da, Seyyid Ali\u2019nin idam\u0131n\u0131n K\u00fcrtler aras\u0131nda bir matem havas\u0131na yol a\u00e7t\u0131\u011f\u0131, bu y\u00f6nde bir \u015fayia yay\u0131lmaya \u00e7al\u0131\u015f\u0131ld\u0131\u011f\u0131, bu \u015fayian\u0131n Arnavutluk\u2019taki tahrikata benzer oldu\u011fu belirtilerek, bunun sorumlular\u0131 hakk\u0131nda gerekli i\u015flemlerin yap\u0131lmas\u0131n\u0131n emredildi\u011fi g\u00f6r\u00fclmektedir (BOA. DH. \u015eFR-42\/194, 1914).<\/p>\n<p>Huma\u00e7 k\u00f6y\u00fcnden Molla Selim, Pak\u00fcsan (Samanyolu) k\u00f6y\u00fcnden \u015eeyh \u015eahabeddin ve Gayda Tekkesinden 36 ya\u015flar\u0131nda Seyyid Ali\u2019nin idam gerek\u00e7eleri, isyan\u0131 tertip ve tahrik etmek, fesat ve ya\u011fma ger\u00e7ekle\u015ftirmek \u015feklinde belirtilmi\u015fti. Ar\u015fiv belgelerinde yer alan bilgilere g\u00f6re, yarg\u0131lama s\u0131ras\u0131nda Seyyid Ali, vilayetyetkililerine, toplanma mek\u00e2n\u0131 olan Huma\u00e7\u2019ta isyanc\u0131lar\u0131n toplanmas\u0131n\u0131n \u00f6nemsiz bir mesele oldu\u011funu s\u00f6ylemi\u015ftir. Yine halk\u0131 isyana davet eden mektubu kendisinin yazmad\u0131\u011f\u0131n\u0131 iddia etti\u011fi halde kendisinin yazd\u0131rd\u0131\u011f\u0131n\u0131n anla\u015f\u0131ld\u0131\u011f\u0131 belirtilmi\u015ftir.S\u00f6z konusu belgelerde, Seyyid Ali\u2019nin, Gayda Tekkesine gelenleri tan\u0131mad\u0131\u011f\u0131n\u0131, o\u011flu Haydar\u2019\u0131n isyana ne zaman kat\u0131ld\u0131\u011f\u0131n\u0131 bilmedi\u011fini, daha sonra bildi\u011finin anla\u015f\u0131ld\u0131\u011f\u0131, Molla Selim ile \u015eeyh \u015eahabeddin\u2019i h\u00fck\u00fcmete ihbar etti\u011fini s\u00f6yledi\u011fi halde b\u00f6yle bir \u015fey yapmad\u0131\u011f\u0131n\u0131n ortaya \u00e7\u0131kt\u0131\u011f\u0131, yaln\u0131zca U\u00e7um (S\u00fcr\u00fcc\u00fcler) k\u00f6y\u00fcnden olan k\u00f6yl\u00fcleri ihbar etti\u011finin anla\u015f\u0131ld\u0131\u011f\u0131 \u015feklinde bilgilere de rastlamak m\u00fcmk\u00fcnd\u00fcr (BOA. BEO. SYS-4281\/321065).<\/p>\n<p>Pak\u00fcsan k\u00f6y\u00fcnden \u015eeyh \u015eahabeddin\u2019in karde\u015fi 35 ya\u015flar\u0131ndaki Mehmed \u015eirin,\u015eeycuman (\u00c7eltikli) k\u00f6y\u00fcnden5 55 ya\u015flar\u0131ndaki Molla Said, Huma\u00e7l\u0131 Mirza A\u011fa o\u011flu 60 ya\u015flar\u0131ndaki Ferso, Musa o\u011flu 40 ya\u015flar\u0131ndaki Hac\u0131 Hayran, Musa o\u011flu 45 ya\u015flar\u0131ndaki Molla Davud, Hamid (Hamo) o\u011flu 45 ya\u015flar\u0131ndaki Fakih Halil, Haso o\u011flu 50 ya\u015flar\u0131ndaki Hac\u0131 Mer\u2018an, Hivrisli Hac\u0131 Yakub o\u011flu 35 ya\u015flar\u0131ndaki \u015eeyh Yusuf, Horozlu 45 ya\u015flar\u0131ndaki Ali o\u011flu Mustafa, Horozlu Fakih Halil o\u011flu Hac\u0131 Murad, Bu\u2018can (Bocan-Ye\u015fils\u0131rt) k\u00f6y\u00fcnden 50 ya\u015flar\u0131ndaki Sofu Abd\u00fcrrahman (hakk\u0131nda yap\u0131lan ihbar neticesinde ve yap\u0131lan tahkikata g\u00f6re su\u00e7u sabit olmu\u015ftur), Olek-i S\u00fcfla (A\u015fa\u011f\u0131 Olek) k\u00f6y\u00fcnden Mirza o\u011flu 50 ya\u015flar\u0131ndakiFakih Ali, Olek-i Ulya (Yukar\u0131 Olek) k\u00f6y\u00fcnden \u0130sa o\u011flu 50 ya\u015flar\u0131ndaki Yusuf, \u015eirvan\u2019\u0131n \u00dcr\u00fcn k\u00f6y\u00fcnden 40 ya\u015flar\u0131ndaki Mehmed Emin ve 35 ya\u015flar\u0131ndakiAhmedhan, Horozlu H\u00fcseyin o\u011flu Hac\u0131 Bapir ile \u015eeyhcuman k\u00f6y\u00fcnden 50 ya\u015flar\u0131ndaki Molla Resul\u2019\u00fcn idam gerek\u00e7eleri ise isyan\u0131n d\u00fczenleyici ve y\u00fcr\u00fct\u00fcc\u00fclerinden olmak, sahip oldu\u011fu g\u00fc\u00e7 bak\u0131m\u0131ndan isyan\u0131 te\u015fvik ve tahrik<\/p>\n<p>5 Konuyla ilgili bir belgede \u015eeycumanl\u0131 g\u00f6sterilen Molla Said\u2019\u0131n Huma\u00e7l\u0131 oldu\u011fu, bunun yan\u0131 s\u0131ra Huma\u00e7l\u0131 g\u00f6sterilen Molla Resul\u2019un de \u015eeycumanl\u0131 oldu\u011fu bilgisine yer verilmektedir (Bknz.BOA. BEO. SYS-4294\/322017, 01 \u015e 1332\/25 Haziran 1914).<\/p>\n<p>438<\/p>\n<\/div>\n<\/div>\n<p><img decoding=\"async\" src=\"data:image\/png;base64,iVBORw0KGgoAAAANSUhEUgAAAYkAAAABCAYAAAArSVK8AAAAAXNSR0IArs4c6QAAAAlwSFlzAAAP\/gAAD\/4BstaVKgAAACBJREFUOBFjZGBgqALiUTAaAqMhMBoCoyEwGgLoIXAOAPjwAUoFbTrAAAAAAElFTkSuQmCC\" alt=\"page7image1358231584\" width=\"392.590000\" height=\"0.480000\" \/><img decoding=\"async\" src=\"data:image\/png;base64,iVBORw0KGgoAAAANSUhEUgAAAJEAAAABCAYAAADevkxgAAAAAXNSR0IArs4c6QAAAAlwSFlzAAANGAAADRgB7vT8mAAAABZJREFUKBVjZGBg2AHEo2A0BMgNAW8Ao5wBBcxkhuwAAAAASUVORK5CYII=\" alt=\"page7image1358231936\" width=\"144.020000\" height=\"0.720030\" \/><\/p>\n<\/div>\n<div class=\"page\" title=\"Page 8\">\n<div class=\"layoutArea\">\n<div class=\"column\">\n<p>Demirta\u015f, M. (2018). 1914 Tarihli Bitlis \u0130syan\u0131n\u0131n Osmanl\u0131 Ar\u015fiv Belgelerindeki Yans\u0131malar\u0131-Cezalar, M\u00fck\u00e2fatlar. BE\u00dc SBE Derg.,7(2), 432-492.<\/p>\n<p>etmek, isyana fiilen kat\u0131lmak ve \u00f6n ayak olmakt\u0131 (BOA. BEO. SYS-4281\/321065; BOA. BEO. SYS-4299\/322380).<\/p>\n<p>Karkarl\u0131 Abd\u00fclsamed o\u011flu Molla Muhyeddin\u2019in idam cezas\u0131 almas\u0131n\u0131n sebebi, isyan\u0131n d\u00fczenleyicilerinden olmak, y\u00fcr\u00fct\u00fclmesine arac\u0131l\u0131k etmek ve sahip oldu\u011fu n\u00fcfuz ile isyan\u0131 te\u015fvik etmekti. Molla Muhyeddin\u2019in su\u00e7u, kendisinin itiraf\u0131, \u015eeyh Aziz\u2019in aleyhinde \u015fahitlik etmesi ve Korcan k\u00f6y\u00fcnden Abd\u00fclmecid ile Hiritli Beyazid o\u011flu Fakih Halil\u2019in ihbar\u0131 ile sabit olmu\u015ftur (BOA. BEO. SYS-4281\/321065). Horoz k\u00f6y\u00fcnden Abdullah o\u011flu Hur\u015fid\u2019in su\u00e7u, isyan\u0131 bizzatdesteklemek, isyan\u0131n reislerinin tebligat\u0131na arac\u0131l\u0131k etmek ve bu konuda g\u00f6rev almakt\u0131. Korcan K\u00f6y\u00fcnden Molla C\u00fcndi\u2019nin su\u00e7u, g\u00fcvenlik g\u00fc\u00e7leri ile ya\u015fanan \u00e7at\u0131\u015fmada isyanc\u0131lar\u0131n yan\u0131nda yer almak, genel olarak isyana destek vermek ve olaya i\u015ftirak etmek, yine Korcan K\u00f6y\u00fcnden Ren\u00e7ber Cihangir o\u011flu 40 ya\u015flar\u0131ndaki Mecid\u2019in su\u00e7u isyan\u0131n haz\u0131rl\u0131k a\u015famas\u0131nda g\u00f6rev almak, isyana \u00f6nc\u00fcl\u00fck etmek ve silahl\u0131 bir \u015fekilde isyana kat\u0131lmakt\u0131. Bu \u015fah\u0131sla ilgili olarak, ihbar sonucu Korcanl\u0131 \u0130brahim o\u011flu Cuma\u2019n\u0131n evinde silah\u0131yla birlikte yakaland\u0131\u011f\u0131 ve su\u00e7unun sabit oldu\u011fu bilgisi mevcuttur. Hirit k\u00f6y\u00fcnden Beyazid o\u011flu 50 ya\u015flar\u0131ndaki Halil\u2019in su\u00e7u ise, isyan\u0131n alt yap\u0131s\u0131nda haz\u0131r bulunmak ve desteklemek, isyana silahl\u0131 bir \u015fekilde kat\u0131lmak ve o\u011fullar\u0131 Hac\u0131 Murad\u2019laAbd\u00fclhamid\u2019i isyanc\u0131larla birlikte sevk etmek, sonras\u0131nda g\u00fcvenlik g\u00fc\u00e7leri taraf\u0131ndan yakalanan Molla Selim\u2019in askerlerin elinden zorla al\u0131nmas\u0131nda g\u00f6rev almakt\u0131. Mahkemede o\u011fullar\u0131n\u0131n kendisi ile birlikte ikamet etmediklerini s\u00f6yledi\u011fi halde daha sonra Seyyid Ali ifadesinde Abd\u00fclhamid\u2019in, babas\u0131 Halil\u2019le birlikte ikamet etti\u011fini s\u00f6ylemi\u015ftir (BOA. BEO. SYS-4281\/321065). Hivrisk\u00f6y\u00fcnden Hasan o\u011flu \u0130\u015fsiz Ali\u2019nin, isyan\u0131 desteklemek ve Molla Selim\u2019in g\u00fcvenlik g\u00fc\u00e7lerinin elinden zorla ve silahla al\u0131nmas\u0131 olay\u0131na i\u015ftirak etmek su\u00e7undan idamlar\u0131na karar verilmi\u015ftir (BOA. BEO. SYS-4281\/321065). RusKonsoloslu\u011funa s\u0131\u011f\u0131nm\u0131\u015f bulunan Molla Selim ve arkada\u015flar\u0131 da, I. D\u00fcnya Sava\u015f\u0131\u2019n\u0131n patlak vermesi \u00fczerine kay\u0131ts\u0131z ve \u015farts\u0131z teslim olmu\u015f ve idam edilmi\u015flerdir (BOA. BEO. SYS-4312\/323346, 1914).<\/p>\n<p>\u0130dam cezas\u0131na \u00e7arpt\u0131r\u0131lanlar\u0131n tamam\u0131 M\u00fclkiye Ceza Kanununun 55. Maddesinin 3. F\u0131kras\u0131na g\u00f6re cezaland\u0131r\u0131lm\u0131\u015flard\u0131. Molla Selim\u2019in o\u011flu Molla Haydar ise isyan\u0131 tertip ve tahrik etmek, fesat ve ya\u011fma ger\u00e7ekle\u015ftirmek su\u00e7lamas\u0131yla idamlayarg\u0131lanm\u0131\u015f, ancak 18 ya\u015f\u0131ndan k\u00fc\u00e7\u00fck oldu\u011fu i\u00e7in cezas\u0131, M\u00fclkiye Ceza Kanunnamesinin 40. Maddesine g\u00f6re 10 sene hapis cezas\u0131na \u00e7evrilmi\u015fti (BOA.BEO. SYS-4281\/321065).<\/p>\n<p>Yarg\u0131lamalarda baz\u0131 ilgi \u00e7ekici hususlar ortaya \u00e7\u0131km\u0131\u015ft\u0131r. Bu \u00e7er\u00e7evede iftira atanbaz\u0131 ki\u015filerin \u00e7e\u015fitli cezalar\u0131 \u00e7arpt\u0131r\u0131ld\u0131klar\u0131 g\u00f6r\u00fclmektedir. \u0130ftira att\u0131klar\u0131 i\u00e7in H\u00fcseyin o\u011flu H\u00fcso ve o\u011flu \u00d6mer\u2019in \u00fc\u00e7er sene k\u00fcrek cezas\u0131na \u00e7arpt\u0131r\u0131lmalar\u0131na, s\u00fcvari \u00e7avu\u015f Arif o\u011flu Osman ile Bitlisli \u00c7avu\u015f \u0130shak o\u011flu Sad\u0131k, Tokatl\u0131 Hasan o\u011flu Nusret\u2019in memuriyetten at\u0131lmalar\u0131na ve ayr\u0131ca birer sene prangabendlik cezas\u0131na \u00e7arpt\u0131r\u0131lmalar\u0131na karar verilmi\u015ftir (BOA. BEO. SYS-4299\/322378,<\/p>\n<p>439<\/p>\n<\/div>\n<\/div>\n<p><img decoding=\"async\" src=\"data:image\/png;base64,iVBORw0KGgoAAAANSUhEUgAAAYkAAAABCAYAAAArSVK8AAAAAXNSR0IArs4c6QAAAAlwSFlzAAAP\/gAAD\/4BstaVKgAAACBJREFUOBFjZGBgqALiUTAaAqMhMBoCoyEwGgLoIXAOAPjwAUoFbTrAAAAAAElFTkSuQmCC\" alt=\"page8image1358132272\" width=\"392.590000\" height=\"0.480000\" \/><\/p>\n<\/div>\n<div class=\"page\" title=\"Page 9\">\n<div class=\"layoutArea\">\n<div class=\"column\">\n<p>Demirta\u015f, M. (2018). 1914 Tarihli Bitlis \u0130syan\u0131n\u0131n Osmanl\u0131 Ar\u015fiv Belgelerindeki Yans\u0131malar\u0131-Cezalar, M\u00fck\u00e2fatlar. BE\u00dc SBE Derg.,7(2), 432-492.<\/p>\n<p>1914). Burada dikkati \u00e7eken husus iftiran\u0131n cezaland\u0131r\u0131lmas\u0131 ve iftiraya u\u011fram\u0131\u015f olanlar\u0131n beraatleridir.<\/p>\n<p>Rusya Konsoloslu\u011funa s\u0131\u011f\u0131nan Molla Selim ve beraberindekilerin yan\u0131 s\u0131ra \u015eeyh Mehmed Emin ve beraberindekiler de d\u00e2hil olmak \u00fczere firarda olan toplam 14 ki\u015fi hakk\u0131nda da g\u0131yaben idam cezas\u0131 verilmi\u015ftir. Bunun yan\u0131 s\u0131ra bir kararla 4, ba\u015fka bir kararla sekiz olmak \u00fczere toplam 12 ki\u015fi vic\u00e2hen, 2 ki\u015fi ise g\u0131yaben m\u00fcebbet hapis cezas\u0131na \u00e7arpt\u0131r\u0131lm\u0131\u015ft\u0131r. Bir ki\u015fiye 10 sene s\u00fcreyle s\u00fcrg\u00fcn cezas\u0131 verilmi\u015ftir. Haklar\u0131nda \u00f6m\u00fcr boyu s\u00fcrg\u00fcn cezas\u0131 verilen 4 ki\u015fi ile 10\u2019ar sene s\u00fcrg\u00fcn cezas\u0131 verilen bir ki\u015fi Taif\u2019e g\u00f6nderilmi\u015ftir (BOA. DH. EUM. EMN-85\/9).Buna g\u00f6re eski Bitlis Mebusu M\u00fcft\u00fczade Sadullah, Abdullah o\u011flu \u015eeyh Nasreddin, \u015eeyh Abd\u00fcrrezak Efendi\u2019nin mahdumu \u015eeyh Nasrullah isyan\u0131n tertip\u00e7isi olduklar\u0131 ve Seyyid Ali\u2019ye hizmet ettikleri iddias\u0131yla yarg\u0131lanarak su\u00e7lubulunmu\u015flar ve M\u00fclkiye Ceza Kanununun 58. maddesi ile 66. maddesinin son f\u0131kras\u0131 gere\u011fi aileleri ile birlikte \u00f6m\u00fcr boyu s\u00fcrg\u00fcn cezas\u0131na \u00e7arpt\u0131r\u0131lm\u0131\u015flar (BOA.BEO. SYS-4302\/322595, 1914) ve Diyarbak\u0131r \u00fczerinden Taif\u2019e g\u00f6nderilmeleri kararla\u015ft\u0131r\u0131lm\u0131\u015ft\u0131r. Yine Cibranl\u0131 a\u015firetinden C\u00fcndi ve Sad\u0131k\u2019\u0131n da Diyarbak\u0131r \u00fczerinden Taif\u2019e g\u00f6nderilmeleri kararla\u015ft\u0131r\u0131lm\u0131\u015ft\u0131r (BOA. DH. EUM. EMN-85\/9; BOA. BEO. SYS-4290\/321738, 1914).6 Taife s\u00fcrg\u00fcn edilmelerine kararverilenlerin gerek kara yolu gerekse deniz yolu ile nakillerinin m\u00fcmk\u00fcn olmad\u0131\u011f\u0131 anla\u015f\u0131ld\u0131\u011f\u0131ndan bu ki\u015filerin Medine\u2019de b\u0131rak\u0131lmalar\u0131na karar verilmi\u015ftir (BOA. DH. \u015eFR-42\/102; BOA. DH. \u015eFR-43\/130,07 1914). Medine\u2019de b\u0131rak\u0131lmalar\u0131na karar verilen \u015eeyh Nasreddin, \u015eeyh Nasrullah ve Eski Bitlis Mebusu M\u00fcft\u00fczadeSadullah, Dahiliye Nezaretine m\u00fcracaat ederek, Medine\u2019nin s\u0131cak ikliminin elveri\u015fli olmamas\u0131 ve kendi hastal\u0131klar\u0131 nedeniyle hi\u00e7 olmazsa iki ayl\u0131k bir s\u00fcre i\u00e7in Suriye\u2019de tutulmak istemi\u015flerdi (BOA. DH. EUM. EMN-85\/9). Ancak butaleplerinin kar\u015f\u0131lanmad\u0131\u011f\u0131 anla\u015f\u0131lmaktad\u0131r. Taif\u2019e s\u00fcrg\u00fcn edilenlere, benzer durumlarda yap\u0131ld\u0131\u011f\u0131 gibi yevmiye ba\u011flanmas\u0131 da kararla\u015ft\u0131r\u0131lm\u0131\u015ft\u0131r (BOA. BEO.SYS-4290\/321738).<\/p>\n<p>Bunun d\u0131\u015f\u0131nda iki ki\u015fi vic\u00e2hen 15\u2019er sene, iki ki\u015fi vic\u00e2hen, iki ki\u015fi g\u0131yaben 10\u2019ar sene, 29 ki\u015fi vic\u00e2hen, 13 ki\u015fi g\u0131yaben 5\u2019er sene, 12 ki\u015fi vic\u00e2hen, 4 ki\u015fi g\u0131yaben \u00fc\u00e7er sene k\u00fcrek cezas\u0131na \u00e7arpt\u0131r\u0131lm\u0131\u015flard\u0131r. 3 ki\u015fi vicahen, bir ki\u015fi g\u0131yaben kalebentlik cezas\u0131, 3 ki\u015fi vic\u00e2hen prangabendlik cezas\u0131, 35 ki\u015fi vicahen, bir ki\u015fi g\u0131yaben adi hapis cezas\u0131 alm\u0131\u015fken, 143 ki\u015fi tahliye edilmi\u015ftir. Daha sonra tahliye edilenlerin say\u0131s\u0131 243\u2019e y\u00fckselmi\u015ftir. Haklar\u0131nda k\u00fcrek ve kalebentlik cezas\u0131 verilen 62 ki\u015fi ilk etapta Elaz\u0131\u011f\u2019a (Mamuret\u00fclaziz) g\u00f6nderilmi\u015f, bunlardan 27\u2019si Ankara, 30\u2019u Sivas, 5\u2019i de Sinop hapishanesine sevkedilmi\u015flerdir (BOA. DH. EUM. EMN-85\/9). Ancak Ankara\u2019ya sevkedilmelerine karar verilenlerin, buradaki hapishanenin kerpi\u00e7ten in\u015fa edilmi\u015f, eski ve harap bir bina olmas\u0131,<\/p>\n<p>6 Konuyla ilgili ba\u015fka bir belgede Taif\u2019e s\u00fcrg\u00fcn edilenlerin Bitlis Eski Mebusu Abdullah, \u015eeyhNureddin, Nasreddin, \u015eeyh Nasrullah, Simek K\u00f6y\u00fcnden Sad\u0131k ve C\u0131branl\u0131 A\u015firetinden C\u00fcndi olduklar\u0131 \u015feklinde bilgi mevcuttur (Bknz. BOA. BEO. SYS-4290\/321738). Bu konuda ayr\u0131ca bknz. (BOA. DH. \u015eFR-41\/46, 1914; BOA. DH. \u015eFR-42\/72, 1914; BOA. DH. \u015eFR-42\/102, 1914).<\/p>\n<p>440<\/p>\n<\/div>\n<\/div>\n<p><img decoding=\"async\" src=\"data:image\/png;base64,iVBORw0KGgoAAAANSUhEUgAAAYkAAAABCAYAAAArSVK8AAAAAXNSR0IArs4c6QAAAAlwSFlzAAAP\/gAAD\/4BstaVKgAAACBJREFUOBFjZGBgqALiUTAaAqMhMBoCoyEwGgLoIXAOAPjwAUoFbTrAAAAAAElFTkSuQmCC\" alt=\"page9image1378037632\" width=\"392.590000\" height=\"0.480000\" \/><img decoding=\"async\" src=\"data:image\/png;base64,iVBORw0KGgoAAAANSUhEUgAAAJEAAAABCAYAAADevkxgAAAAAXNSR0IArs4c6QAAAAlwSFlzAAANGAAADRgB7vT8mAAAABZJREFUKBVjZGBg2AHEo2A0BMgNAW8Ao5wBBcxkhuwAAAAASUVORK5CYII=\" alt=\"page9image1378038016\" width=\"144.020000\" height=\"0.719970\" \/><\/p>\n<\/div>\n<div class=\"page\" title=\"Page 10\">\n<div class=\"layoutArea\">\n<div class=\"column\">\n<p>Demirta\u015f, M. (2018). 1914 Tarihli Bitlis \u0130syan\u0131n\u0131n Osmanl\u0131 Ar\u015fiv Belgelerindeki Yans\u0131malar\u0131-Cezalar, M\u00fck\u00e2fatlar. BE\u00dc SBE Derg.,7(2), 432-492.<\/p>\n<p>g\u00fcvenli olmamas\u0131 nedeniyle Konya\u2019ya g\u00f6nderilmelerine karar verilmi\u015ftir (BOA.DH. MB. HPS-961\/47, 1914).<\/p>\n<p>\u0130SYAN DOLAYISIYLA TALT\u0130F ED\u0130LENLER<\/p>\n<p>\u00d6te yandan b\u00f6lgedeki a\u015firetlerin baz\u0131lar\u0131 ile din bilginlerinin bir k\u0131sm\u0131 h\u00fck\u00fcmet yanl\u0131s\u0131 hareket ettikleri i\u00e7in isyandan sonra \u00e7e\u015fitli madalyalarla taltif edilmi\u015flerdir(BOA. DH. KMS-21\/55, 1914; BOA. BEO. SYS-4312\/323346; BOA. DH. KMS-27\/32, 1914; BOA. DH. \u015eFR-21\/44; BOA. BEO. SYS-4323\/324157, 1914).\u0130syan\u0131n bast\u0131r\u0131lmas\u0131nda yararl\u0131l\u0131\u011f\u0131 g\u00f6r\u00fclen kamu g\u00f6revlilerinin de \u00f6d\u00fcllendirilmesi i\u00e7in \u00e7al\u0131\u015fmalar yap\u0131lm\u0131\u015ft\u0131r.7 Bu \u00e7er\u00e7evede \u00e7e\u015fitli devlet g\u00f6revlilerine ni\u015fan ve madalya verilmi\u015ftir. Buna g\u00f6re Yeni Vali Mustafa Abd\u00fclhal\u0131k Bey, Siirt Mutasarr\u0131f\u0131 Kaz\u0131m Efendi, Erci\u015f Kaymakam\u0131 Ali R\u0131za Bey ve Geva\u015f Kaymakam Vekili Halid beyler, Hudud B\u00f6l\u00fc\u011f\u00fc Kumandan\u0131 Y\u00fczba\u015f\u0131 \u0130dris, Adilcevaz Tak\u0131m Kumandan\u0131 Receb Efendi, Erci\u015f Jandarma Tabur Kumandan\u0131 Y\u00fczba\u015f\u0131 Osman ve Erci\u015f B\u00f6l\u00fck Kumandan\u0131 \u0130sma\u2018il Naci ve tak\u0131m kumandan\u0131 R\u00fcstem ve Receb Efendiler, Re\u015fadiye ve havalisinde bulunan Nizamiye M\u00fcfrezesi Kumandan\u0131 M\u00fclazim Da\u011f\u0131stanl\u0131 Mehmed Efendilerin \u00f6d\u00fcllendirildikleri g\u00f6r\u00fclmektedir. Vali ve kaymakam gibi \u00fcst d\u00fczey devlet g\u00f6revlilerine daha \u00e7ok madalya, ni\u015fan gibi \u00f6d\u00fcller, asker ve polislere ise madalyan\u0131n yan\u0131 s\u0131ra terfi ve maa\u015f \u00f6d\u00fclleri verilmi\u015ftir (BOA. DH. EUM. 2. \u015eb- 1\/28, 1914).<\/p>\n<p>Bu kapsamda yararl\u0131l\u0131klar\u0131 g\u00f6r\u00fclen jandarma zab\u0131tan\u0131ndan iki m\u00fclaz\u0131m-\u0131 evvelin kademesine iki sene zam yap\u0131lmas\u0131, iki m\u00fclaz\u0131m-\u0131 saninin ni\u015fan-\u0131 zi\u015fan ile taltif edilmesi, bir binba\u015f\u0131n\u0131n r\u00fctbesine iki sene zam yap\u0131lmas\u0131n\u0131n yan\u0131 s\u0131ra d\u00f6rd\u00fcnc\u00fc dereceden ni\u015fanla taltif edilmesi, bir y\u00fczba\u015f\u0131n\u0131n kademesine iki sene zamyap\u0131lmas\u0131 kararla\u015ft\u0131r\u0131lm\u0131\u015ft\u0131r (BOA. BEO. MTV-4300\/322459, 1914). Kimiaskerler de maa\u015fla veya ba\u015fka yerlere tayin edilmek suretiyle \u00f6d\u00fcllendirilmi\u015flerdir. Yine r\u00fctbeli veya r\u00fctbesiz polisler ile sivil memurlardan da yararl\u0131l\u0131klar\u0131 g\u00f6r\u00fclenlerin \u00f6d\u00fcllendirildikleri anla\u015f\u0131lmaktad\u0131r. Hatta \u00f6d\u00fcllendirilenlerin listesinde ad\u0131 \u00f6nce unutulup sonradan eklenenler de vard\u0131. Bunlardan biri de Merkez Jandarma B\u00f6l\u00fck Kumandan\u0131 Y\u00fczba\u015f\u0131 \u00d6mer \u015eefik Efendi idi. Yanl\u0131\u015fl\u0131k fark edilmi\u015f ve ad\u0131 ge\u00e7ene de \u00f6d\u00fcl verilmi\u015ftir (BOA. DH.EUM. MH-91\/10, 1914; BOA. DH. EUM. 2. \u015eb-1\/28).<\/p>\n<p>Bitlis isyan\u0131n\u0131n bast\u0131r\u0131lmas\u0131 i\u00e7in \u00e7e\u015fitli yerlerden Bitlis\u2019e asker sevk edilmesi ihtiyac\u0131 h\u00e2s\u0131l olmu\u015ftu. Bu \u00e7er\u00e7evede Midyat\u2019ta da baz\u0131 s\u0131k\u0131nt\u0131lar olmas\u0131na ve m\u00fcdahaleye ihtiya\u00e7 bulunmas\u0131na ra\u011fmen bu harek\u00e2t ask\u0131ya al\u0131nm\u0131\u015f ve askerlerin Siirt b\u00f6lgesine g\u00f6nderilmesine karar verilmi\u015fti. Askerlerin Bitlis\u2019e do\u011frudan<\/p>\n<p>7 Bunlardan biri olan 19 Hudut B\u00f6l\u00fc\u011f\u00fc kumandan\u0131 \u0130dris Efendi\u2019nin Geva\u015f Jandarma B\u00f6l\u00fc\u011f\u00fc Kumandanl\u0131\u011f\u0131na getirilmesi ile ilgili talebinin kar\u015f\u0131lanmas\u0131 i\u00e7in yo\u011fun bir \u00e7aba sarf edilmi\u015f, ancak 1329 tarihinde \u00e7\u0131kar\u0131lan nizamname ile bu t\u00fcr tayinlerin yasaklanm\u0131\u015f olmas\u0131 nedeniyle ad\u0131 ge\u00e7enin tayini m\u00fcmk\u00fcn olmam\u0131\u015ft\u0131r (BOA. DH. EUM. EMN-114\/36, 1914; BOA. DH. EUM. EMN- 114\/61, 1914; BOA. DH. EUM. EMN-88\/7, 1914).<\/p>\n<p>441<\/p>\n<\/div>\n<\/div>\n<p><img decoding=\"async\" src=\"data:image\/png;base64,iVBORw0KGgoAAAANSUhEUgAAAYkAAAABCAYAAAArSVK8AAAAAXNSR0IArs4c6QAAAAlwSFlzAAAP\/gAAD\/4BstaVKgAAACBJREFUOBFjZGBgqALiUTAaAqMhMBoCoyEwGgLoIXAOAPjwAUoFbTrAAAAAAElFTkSuQmCC\" alt=\"page10image1379149024\" width=\"392.590000\" height=\"0.480000\" \/><img decoding=\"async\" src=\"data:image\/png;base64,iVBORw0KGgoAAAANSUhEUgAAAJEAAAABCAYAAADevkxgAAAAAXNSR0IArs4c6QAAAAlwSFlzAAANGAAADRgB7vT8mAAAABZJREFUKBVjZGBg2AHEo2A0BMgNAW8Ao5wBBcxkhuwAAAAASUVORK5CYII=\" alt=\"page10image1379149344\" width=\"144.020000\" height=\"0.719970\" \/><\/p>\n<\/div>\n<div class=\"page\" title=\"Page 11\">\n<div class=\"layoutArea\">\n<div class=\"column\">\n<p>Demirta\u015f, M. (2018). 1914 Tarihli Bitlis \u0130syan\u0131n\u0131n Osmanl\u0131 Ar\u015fiv Belgelerindeki Yans\u0131malar\u0131-Cezalar, M\u00fck\u00e2fatlar. BE\u00dc SBE Derg.,7(2), 432-492.<\/p>\n<p>g\u00f6nderilmeleri yerine Siirt\u2019e nakledilmesinin sebebi, Botan b\u00f6lgesinin Bitlis \u0130syan\u0131na destek verme ihtimali idi. Bu nedenle Dahiliye Nezaretinden DiyarbekirVilayetine g\u00f6nderilen \u015fifreli bir telgrafta, askerlerin Botan b\u00f6lgesini kontrol alt\u0131nda tutabilmeleri maksad\u0131yla Siirt taraflar\u0131nda mevzilenmek \u00fczere g\u00f6revlendirilmelerinin sa\u011flanmas\u0131 emredilmi\u015fti. Ayn\u0131 telgrafta ayr\u0131ca Midyat\u2019ta toplanm\u0131\u015f bulunan a\u011falara gerekli nasihatlerin yap\u0131larak Bitlis fesad\u00e2t\u0131n\u0131n akim kalmas\u0131 konusunda gerekli gayreti g\u00f6stermelerinin kendilerinden istenmesi emredilmi\u015fti (BOA. DH. \u015eFR-39\/180, 1914). Yine Van ve Mu\u015f\u2019tan da Bitlis\u2019e takviye asker g\u00f6nderilmi\u015fti (BOA. DH. \u015eFR-39\/7, 1914).<\/p>\n<p>Bitlis Ayaklanmas\u0131 esnas\u0131nda devletin yan\u0131nda yer alan ki\u015filer, daha \u00e7ok b\u00f6lgenin tan\u0131nm\u0131\u015f \u015feyhleri ve ileri gelenleriydi. Bu ki\u015filerden baz\u0131lar\u0131, b\u00f6lgede s\u00fck\u00fbneti temin etmek \u00fczere halk aras\u0131nda gezerek nasihatlerde bulunmak suretiyle devletedestek vermi\u015flerdi (BOA. DH. \u0130D-185\/47). Ayaklanma esnas\u0131nda destek isteyenlere red cevab\u0131 verenler ile devletin yan\u0131nda yer alanlara madalya verilmesi kararla\u015ft\u0131r\u0131lm\u0131\u015ft\u0131r. Konuya dair bir ar\u015fiv belgesinde, D\u00e2hiliye Nezareti Emniyet-i Umumiye M\u00fcd\u00fcriyeti\u2019nden Sadrazaml\u0131k Makam\u0131na g\u00f6nderilen ve \u201cBitlis Hadisesi esnas\u0131nda h\u00fcsn-i hizmetleri g\u00f6r\u00fclen baz\u0131 zev\u00e2t\u0131n ni\u015fanla taltifleri hakk\u0131nda\u201d \u015feklinde bir ba\u015fl\u0131k ta\u015f\u0131yan teklif yaz\u0131s\u0131nda ayr\u0131nt\u0131l\u0131 bilgilere yerverilmektedir (BOA. DH. KMS-21\/55): Bitlis Ayaklanmas\u0131 esnas\u0131nda askere, adamlar\u0131yla beraber yard\u0131m eden ve en evvel silah alan Bitlisli Hac\u0131 Necmeddin Efendi zade \u015eeyh \u015eemseddin ve asilerin teklifine kesin bir \u015fekilde red cevab\u0131 veren Bitlis\u2019te oturan K\u00fcfrev\u00ee \u015eeyhi zade \u015eeyh Abd\u00fclbaki ve Hac\u0131 Faz\u0131l Efendi zade \u015eeyh Mehmed ve o g\u00fcnlerde Mutki\u2019de bulunarak ahali-yi \u0130slam\u0131 teskin etmeye gayret etti\u011fi anla\u015f\u0131lan \u015eeyh Fethullah Efendi zade \u015eeyh Alaeddin ve ayn\u0131 zamanda h\u00fck\u00fcmet lehinde mesai harcayan Nor\u015f\u00een\u2019de mukim \u015eeyh Ziyaeddin Efendilerin be\u015finci r\u00fctbeden birer ni\u015fan ile taltifleri Bitlis Vil\u00e2yeti taraf\u0131ndan yaz\u0131 ile teklif edilmi\u015f ve bu teklif D\u00e2hiliye Nezareti taraf\u0131ndan da uygun g\u00f6r\u00fclm\u00fc\u015ft\u00fcr. Yap\u0131lan yaz\u0131\u015fmalardan sonra ad\u0131 ge\u00e7enlere ni\u015fan verilmesi kararla\u015ft\u0131r\u0131larak ilgililere ula\u015ft\u0131r\u0131lmak \u00fczere ni\u015fanlar\u0131 g\u00f6nderilmi\u015ftir (BOA. BEO. SYS- 4312\/323346; BOA. DH. KMS-27\/32; BOA. DH. KMS-21\/55, 1914; BOA. BEO. SYS-4312\/323346; BOA. DH. EUM. 2. \u015eb-1\/28). Bu beratlardan bir ara har\u00e7 al\u0131nmas\u0131 g\u00fcndeme gelmi\u015f ancak har\u00e7 al\u0131nmas\u0131n\u0131n do\u011fru olmayaca\u011f\u0131na karar verilmi\u015ftir (BOA. BEO. SYS-4312\/323346). Dolay\u0131s\u0131yla bu ki\u015filerden berat i\u00e7in har\u00e7 al\u0131namayaca\u011f\u0131 vurgulanm\u0131\u015ft\u0131r. Yine Bitlis \u0130syan\u0131 s\u0131ras\u0131nda devlete yararl\u0131l\u0131klar\u0131 g\u00f6r\u00fclen memurlara da 1950 kuru\u015f para \u00f6d\u00fcl\u00fc verilmesi kararla\u015ft\u0131r\u0131lm\u0131\u015ft\u0131r (BOA. DH. EUM. EMN-97\/47, 1915). B\u00f6ylelikle devlet, devlet g\u00f6revlisi ve sivil vatanda\u015flar\u0131ndan ald\u0131\u011f\u0131 destekle i\u00e7inde bulunulan sava\u015f \u015fartlar\u0131 dolay\u0131s\u0131yla kendisini uzun s\u00fcre me\u015fgul etme potansiyeli bulunan bir olay\u0131 fazla b\u00fcy\u00fcmeden bast\u0131rmay\u0131 ba\u015farm\u0131\u015ft\u0131r.<\/p>\n<p>BERAAT VE TAHL\u0130YE KARARI VER\u0130LENLER \u0130LE AF ED\u0130LENLER<\/p>\n<p>Bitlis \u0130syan\u0131 dolay\u0131s\u0131yla yakalanan veya yakalanmalar\u0131na karar verildi\u011fi halde ele ge\u00e7irilemeyen \u00e7e\u015fitli ki\u015filerin davas\u0131 g\u00f6r\u00fclm\u00fc\u015f ve i\u00e7lerinde beraat edenler<\/p>\n<p>442<\/p>\n<\/div>\n<\/div>\n<p><img decoding=\"async\" src=\"data:image\/png;base64,iVBORw0KGgoAAAANSUhEUgAAAYkAAAABCAYAAAArSVK8AAAAAXNSR0IArs4c6QAAAAlwSFlzAAAP\/gAAD\/4BstaVKgAAACBJREFUOBFjZGBgqALiUTAaAqMhMBoCoyEwGgLoIXAOAPjwAUoFbTrAAAAAAElFTkSuQmCC\" alt=\"page11image1358596240\" width=\"392.590000\" height=\"0.480000\" \/><\/p>\n<\/div>\n<div class=\"page\" title=\"Page 12\">\n<div class=\"layoutArea\">\n<div class=\"column\">\n<p>Demirta\u015f, M. (2018). 1914 Tarihli Bitlis \u0130syan\u0131n\u0131n Osmanl\u0131 Ar\u015fiv Belgelerindeki Yans\u0131malar\u0131-Cezalar, M\u00fck\u00e2fatlar. BE\u00dc SBE Derg.,7(2), 432-492.<\/p>\n<p>olmu\u015ftu. Bu ki\u015filer hakk\u0131nda verilen kararlarda su\u00e7lar\u0131n\u0131n sabit olmad\u0131\u011f\u0131 y\u00f6n\u00fcnde kanaat belirtilmi\u015f olmas\u0131 dikkate de\u011ferdir. Buna g\u00f6re yarg\u0131lan\u0131p beraat edenlerin bilgileri ar\u015fiv belgelerinde \u015fu \u015fekilde yer alm\u0131\u015ft\u0131r: Hersan Mahallesinden Mahmud o\u011flu Mahmud, Mahzumi \u015eemseddin, Haydo o\u011flu Halid, Lal Tahir o\u011fluMuhyeddin ve karde\u015fi Mehmed, isyana kat\u0131lmalar\u0131 ile ilgili olarak su\u00e7lar\u0131 sabit olmad\u0131\u011f\u0131ndan g\u0131yaben beraat etmelerine karar verilmi\u015ftir. Ancak belgede Mehmed\u2019in isminin sonunda \u201cmahallince evrak\u0131 ikmal olunmad\u0131\u201d ifadesi yer almaktad\u0131r (BOA. BEO. SYS-4299\/322380).<\/p>\n<p>Re\u015fit o\u011flu Molla Salih\u2019in, isyana kat\u0131ld\u0131\u011f\u0131 ile ilgili sabit delil bulunmad\u0131\u011f\u0131ndan tahliye ve beraatine karar verilmi\u015f, karar y\u00fcz\u00fcne okunu\u015ftu. Yine Huma\u00e7l\u0131 Esad o\u011flu Abd\u00fclhakim\u2019in isyana kat\u0131lmad\u0131\u011f\u0131 anla\u015f\u0131ld\u0131\u011f\u0131ndan beraatine, ancak askermuayenesini yapt\u0131rmad\u0131\u011f\u0131 i\u00e7in askerlik \u015fubesine teslim edilmesine karar verilmi\u015ftir. \u015eirvan\u2019\u0131n Pol K\u00f6y\u00fcnden S\u00fcleyman o\u011flu M\u0131sto ve Kursunc (Karbast\u0131) K\u00f6y\u00fcnden S\u00fcleyman o\u011flu Ali\u2019nin isyana dahli sabit olmad\u0131\u011f\u0131ndan beraat ve tahliyelerine karar verilmi\u015fti (BOA. BEO. SYS-4302\/322595). Tatvan(Sekiliyaz\u0131) K\u00f6y\u00fcnden Mer\u2018an o\u011flu Cafer, Cafer o\u011flu Yusuf ve Korcan K\u00f6y\u00fcnden Papir (Bapir) o\u011flu Abd\u00fclkerim, Ma\u011frebiyan (Keklikd\u00fcz\u00fc) K\u00f6y\u00fcnden Abdi o\u011flu \u015eeyh \u0130brahim, Hevroli ? K\u00f6y\u00fcnden Muhtar Halid o\u011flu Genco, Hivrisli Sofu Re\u015fid o\u011flu Sefer, \u0130skambo? K\u00f6y\u00fcnden Molla H\u00fcseyin o\u011flu Mehmed isimli ki\u015filerin isyana i\u015ftirakleri hakk\u0131nda sabit bilgi bulunmad\u0131\u011f\u0131ndan beraatlerine karar verilerek karar y\u00fczlerine okunmu\u015ftur (BOA. BEO. SYS-4302\/322595). B\u00fcnyad (B\u0131nbad)? K\u00f6y\u00fcnden Tohlu o\u011flu Mehmed, Pervari Kazas\u0131n\u0131n Toz K\u00f6y\u00fcnden \u015eahbaz o\u011flu Ali, \u015eirvan\u2019\u0131n Kan\u015fir K\u00f6y\u00fcnden Ma\u2018zol o\u011flu \u0130brahim\u2019in isyan\u0131n reislerinden Mehmed Emine yatakl\u0131k ettiklerine dair yeterli delil olmad\u0131\u011f\u0131ndan, beraatlerine karar verilmi\u015f ve karar y\u00fczlerine okunmu\u015ftur. Erci\u015f\u2019in Er\u015fad k\u00f6y\u00fcnden Mehmed o\u011flu Senyin A\u011fa, Er\u015fad-\u0131 S\u00fcfla (A\u015fa\u011f\u0131 Er\u015fad) k\u00f6y\u00fcnden \u015eevi\u015f o\u011flu Halid isyan\u0131n reislerinden baz\u0131lar\u0131n\u0131n firar\u0131na yatakl\u0131k ettikleri \u015f\u00fcphesiyle yarg\u0131lanm\u0131\u015flar, olayla ilgileri olmad\u0131\u011f\u0131 anla\u015f\u0131ld\u0131\u011f\u0131ndan beraat ve tahliye edilmi\u015flerdir.<\/p>\n<p>\u015eark nahiyelerinin Korane k\u00f6y\u00fcnden Mirza o\u011flu Temriz, Hizan\u2019\u0131n K\u00fclad (G\u00f6kay) K\u00f6y\u00fcnden Mehmed o\u011flu Dervi\u015f, Geva\u015f\u2019\u0131n Mecarus (Mi\u00e7aros) K\u00f6y\u00fcnden Kele\u015f o\u011flu Hac\u0131 Said, Gayda K\u00f6y\u00fcnden Mehmed o\u011flu \u0130sa, \u015eirvan\u2019\u0131n Bereli k\u00f6y\u00fcnden \u0130brahim o\u011flu Mahmud (nam-\u0131 di\u011fer Mehmed) Ruslara casusluk etmek \u015f\u00fcphesiyle yarg\u0131lanm\u0131\u015f, ancak su\u00e7lar\u0131 olmad\u0131\u011f\u0131 anla\u015f\u0131ld\u0131\u011f\u0131ndan beraat ve tahliyelerine karar verilerek karar y\u00fczlerine okunmu\u015ftur. Ayn\u0131 meseleden dolay\u0131 yarg\u0131lanan Hizan\u2019\u0131n Hirit k\u00f6y\u00fcnden Aziz o\u011flu \u0130sa su\u00e7suz bulunarak tahliyesine karar verilmi\u015f, ancak ba\u015fka bir su\u00e7tan ald\u0131\u011f\u0131 45 g\u00fcnl\u00fck hapis cezas\u0131 nedeniyle sal\u0131verilmemi\u015ftir. Yine Azizan S\u00fcl\u00fckan A\u015firetinden Hac\u0131 o\u011flu S\u00fcleyman, Mehmed o\u011flu Muhsin, ayn\u0131 a\u015firetten Perha (Perhend-Kire\u00e7ta\u015f\u0131)? k\u00f6y\u00fcnden Yusuf Davaz, ayn\u0131 a\u015firettenZiyab? K\u00f6y\u00fcnden Mirza o\u011flu Mehmed hakk\u0131nda beraat ve tahliye karar\u0131 verilmi\u015ftir. Pinbar a\u015firetinden Muradan k\u00f6y\u00fcnden C\u00fcndi o\u011flu Hasan, Namo o\u011flu Mahmud, ayni a\u015firetten Bak\u0131r? k\u00f6y\u00fcnden S\u00fcleyman o\u011flu Hac\u0131 Aziz isimli<\/p>\n<p>443<\/p>\n<\/div>\n<\/div>\n<p><img decoding=\"async\" src=\"data:image\/png;base64,iVBORw0KGgoAAAANSUhEUgAAAYkAAAABCAYAAAArSVK8AAAAAXNSR0IArs4c6QAAAAlwSFlzAAAP\/gAAD\/4BstaVKgAAACBJREFUOBFjZGBgqALiUTAaAqMhMBoCoyEwGgLoIXAOAPjwAUoFbTrAAAAAAElFTkSuQmCC\" alt=\"page12image1379415456\" width=\"392.590000\" height=\"0.480000\" \/><\/p>\n<\/div>\n<div class=\"page\" title=\"Page 13\">\n<div class=\"layoutArea\">\n<div class=\"column\">\n<p>Demirta\u015f, M. (2018). 1914 Tarihli Bitlis \u0130syan\u0131n\u0131n Osmanl\u0131 Ar\u015fiv Belgelerindeki Yans\u0131malar\u0131-Cezalar, M\u00fck\u00e2fatlar. BE\u00dc SBE Derg.,7(2), 432-492.<\/p>\n<p>ki\u015filerin \u00f6rfi idareye muhalefet ve sald\u0131r\u0131 ger\u00e7ekle\u015ftirme \u015f\u00fcphesiyle yap\u0131lan yarg\u0131lamalar\u0131 beraat ve tahliye karar\u0131 ile sonu\u00e7lanm\u0131\u015ft\u0131r. Bu ki\u015filer zaten tutuklu olmad\u0131klar\u0131 i\u00e7in bu maksatla ba\u015fka bir i\u015flem yap\u0131lmam\u0131\u015ft\u0131r (BOA. BEO. SYS-4302\/322595). K\u00fclat k\u00f6y\u00fcnden Mikdad, Mecid ve Abdulkadir\u2019in isyanakat\u0131ld\u0131klar\u0131na dair sabit bir delil bulunmad\u0131\u011f\u0131ndan beraat ve tahliye edilmeleri kararla\u015ft\u0131r\u0131lm\u0131\u015ft\u0131r (BOA. BEO. SYS-4301\/322534, 1914). Yine \u0130ronlu? Abdi Bey ve o\u011flu Ferman\u2019\u0131n da beraatlerine karar verilmi\u015ftir.<\/p>\n<p>Bitlis Divan-\u0131 \u00d6rfi taraf\u0131ndan yap\u0131lan yarg\u0131lamalar\u0131 sonucunda beraat eden baz\u0131 ki\u015filer hakk\u0131nda muhbirlerin beyan\u0131 d\u0131\u015f\u0131nda sabit bir delile rastlanmad\u0131\u011f\u0131 vurgulanm\u0131\u015f ve bu ki\u015filerin isyanla ili\u015fkileri tespit edilememi\u015f oldu\u011fundan beraat edilmelerine karar verildi\u011fi belirtilmi\u015ftir. Kararda Nuh Bey o\u011flu Abdi Bey hakk\u0131nda yap\u0131lan ihbar\u0131n sadece iftiradan ibaret oldu\u011funun tespit edildi\u011fi vurgulanm\u0131\u015ft\u0131r. Bunun yan\u0131 s\u0131ra iftira att\u0131klar\u0131 tespit edilen sivil ve asker baz\u0131 ki\u015filer \u00e7e\u015fitli cezalara \u00e7arpt\u0131r\u0131lm\u0131\u015flard\u0131r. Buna g\u00f6re H\u00fcseyin o\u011flu H\u00fcso\u2019nun veonun o\u011flu \u00d6mer\u2019in M\u00fclkiye Ceza Kanunnamesinin 213. Maddesinin 2. F\u0131kras\u0131na g\u00f6re \u00fc\u00e7er sene s\u00fcreyle k\u00fcrek cezas\u0131na \u00e7arpt\u0131r\u0131lmas\u0131na karar verilmi\u015f ve karar y\u00fczlerine okunmu\u015ftur. Hizan\u2019da g\u00f6revli S\u00fcvari \u00c7avu\u015f\u2019u Arif o\u011flu Osman, Bitlisli \u00c7avu\u015f \u0130shak o\u011flu Sad\u0131k, Tokatl\u0131 Hasan o\u011flu Nusret g\u00f6rev yerlerini terk ederek Bitlis \u015fehir merkezine gelmi\u015f ve ihbarda bulunmu\u015flard\u0131. Yap\u0131lan incelemede ihbar\u0131n as\u0131ls\u0131z oldu\u011fu, bu ki\u015filerin ayr\u0131ca g\u00f6rev yerlerini terk etmelerinin de su\u00e7 oldu\u011fu, ancak davran\u0131\u015flar\u0131nda isyan gayesi olmamas\u0131 nedeniyle daha a\u011f\u0131r bir ceza yerine memuriyetten at\u0131lmalar\u0131na ve birer sene s\u00fcreyle prangabendlik cezas\u0131na \u00e7arpt\u0131r\u0131lmalar\u0131na ittifakla karar verilmi\u015f ve karar y\u00fczlerine okunmu\u015ftur (BOA.BEO. SYS-4299\/322378).<\/p>\n<p>\u0130smail o\u011flu Sadullah\u2019\u0131n, yarg\u0131land\u0131\u011f\u0131 halde isyana kat\u0131lmad\u0131\u011f\u0131 tespit edilmi\u015f ve beraat etmesine karar verilerek karar y\u00fcz\u00fcne okunmu\u015ftur. Yine Dervi\u015f o\u011flu Ali\u2019nin de isyana kat\u0131lmad\u0131\u011f\u0131 tespit edildi\u011finden beraat ve tahliyesine, y\u00fcz\u00fcne okunarak karar verilmi\u015fti. Beraat ve tahliye edilenlerden biri de \u0130brahim o\u011flu S\u00fcleyman\u2019d\u0131. Beraat ve tahliye edilip karar y\u00fczlerine okunanlardan baz\u0131lar\u0131 da \u015funlard\u0131. Velican o\u011flu Hac\u0131 \u00d6mer, Abdulkerim o\u011flu Halid, Yusuf o\u011flu Abdullah, Gevar Mezras\u0131ndan Mehmed o\u011flu H\u00fcseyin, Maz\u0131 o\u011flu Veli Ahmed, \u0130smail o\u011fluHalef, Abd\u00fcrrahman o\u011flu Esad. H\u00fcndzade Ahmed Osman\u2019\u0131n isyana kat\u0131ld\u0131\u011f\u0131 ile ilgili sabit bilgiler mevcut olmad\u0131\u011f\u0131ndan beraat ve tahliyesine, y\u00fcz\u00fcne okunarak karar verilmi\u015fti. A\u015fa\u011f\u0131 Olek K\u00f6y\u00fcnden Kas\u0131m o\u011flu Hasan, gasp olay\u0131nda bir m\u00fcdahalesi tespit edilemedi\u011finden beraatine karar verilerek tahliye edilmi\u015f, karar y\u00fcz\u00fcne okunmu\u015ftu. S\u00fcr\u00fcm (Delikta\u015f) K\u00f6y\u00fcnden Mustafa o\u011flu Molla Mehmed, Mustafa o\u011flu Molla Mehmed 8, Mehmed o\u011flu Molla Ali, Musa o\u011flu Hamo, \u0130rfan o\u011flu Saido, Hasan o\u011flu Halef, \u0130smail o\u011flu Cihangir, Mustafa o\u011flu \u015eaban, \u00d6mer<\/p>\n<p>8 Ayn\u0131 k\u00f6yden Mustafa o\u011flu Molla Mehmed isminde iki kay\u0131t mevcuttur. Bunlardan biri 65. kay\u0131tta, di\u011feri ise 85. kay\u0131tta yer almaktad\u0131r. Her ikisi de ayn\u0131 k\u00f6yden ve her ikisi de beraat ve tahliye oldu\u011funa g\u00f6re muhtemelen kay\u0131t tekrar\u0131 yap\u0131lm\u0131\u015f olmal\u0131d\u0131r. Bunun yan\u0131nda iki ayr\u0131 ki\u015fi olma ihtimali zay\u0131f da olsa mevcuttur.<\/p>\n<p>444<\/p>\n<\/div>\n<\/div>\n<p><img decoding=\"async\" src=\"data:image\/png;base64,iVBORw0KGgoAAAANSUhEUgAAAYkAAAABCAYAAAArSVK8AAAAAXNSR0IArs4c6QAAAAlwSFlzAAAP\/gAAD\/4BstaVKgAAACBJREFUOBFjZGBgqALiUTAaAqMhMBoCoyEwGgLoIXAOAPjwAUoFbTrAAAAAAElFTkSuQmCC\" alt=\"page13image1378256096\" width=\"392.590000\" height=\"0.480000\" \/><img decoding=\"async\" src=\"data:image\/png;base64,iVBORw0KGgoAAAANSUhEUgAAAJEAAAABCAYAAADevkxgAAAAAXNSR0IArs4c6QAAAAlwSFlzAAANGAAADRgB7vT8mAAAABZJREFUKBVjZGBg2AHEo2A0BMgNAW8Ao5wBBcxkhuwAAAAASUVORK5CYII=\" alt=\"page13image1378256448\" width=\"144.020000\" height=\"0.719970\" \/><\/p>\n<\/div>\n<div class=\"page\" title=\"Page 14\">\n<div class=\"layoutArea\">\n<div class=\"column\">\n<p>Demirta\u015f, M. (2018). 1914 Tarihli Bitlis \u0130syan\u0131n\u0131n Osmanl\u0131 Ar\u015fiv Belgelerindeki Yans\u0131malar\u0131-Cezalar, M\u00fck\u00e2fatlar. BE\u00dc SBE Derg.,7(2), 432-492.<\/p>\n<p>o\u011flu Mehmed, Yako K\u00f6y\u00fcnden Ali o\u011flu Hac\u0131 Ali, Halil o\u011flu Sofu Mehmed, Mustafa o\u011flu Sofu Arif, \u015eamti? O\u011flu Muhtar Halef, isyana kat\u0131lmalar\u0131 sabit olmad\u0131\u011f\u0131ndan beraat ve tahliye edilmi\u015fler ve karar y\u00fczlerine okunmu\u015ftur. D\u00fc\u015f\u00fclen kay\u0131tta ayr\u0131ca, konu hakk\u0131nda daha \u00f6nce padi\u015fah\u0131n iradesinin \u00e7\u0131kt\u0131\u011f\u0131 da ifade edilmi\u015ftir. K\u0131z\u0131lmecit Mahallesinden Mirza o\u011flu Osman, Kulpik (G\u00fclpik-S\u00fctta\u015f\u0131) Karyesinden Ahmed o\u011flu Hur\u015fid, ayn\u0131 karyeden Ahmed o\u011flu Said, Ha\u00e7ukan Karyesinden Beno o\u011flu Namo, Horoz Karyesinden \u0130brahim o\u011flu Mustafa, \u0130z (\u00c7evre) Karyesinden Abbas o\u011flu Cuma, Re\u015fadiye\u2019nin Ko\u015f (Ki\u015f-\u00c7atakde\u011firmen?) Karyesinden S\u00fcleyman o\u011flu Hasan, Serseran? Karyesinden Murad o\u011flu Molla Said, Serseran Karyesinden Ahmed, o\u011flu Mahmud, G\u00fclpik Muhtar\u0131 Ali o\u011flu Ali, G\u00fclpik Karyesinden Yahya o\u011flu Hamza, Horoz Karyesinden Mehmed o\u011flu Re\u015fid, Zeydan Mahallesinden Yakub o\u011flu Emrullah, Ternis (Termis)? Karyesinden Abdullah o\u011flu As\u0131m, \u015eirvan\u2019\u0131n Hozyat Karyesinden Resul o\u011flu Selim, isyana i\u015ftirakleri sabit olmad\u0131\u011f\u0131ndan beraat ve tahliye olmu\u015flard\u0131r. Bunlarla ilgili olarak daha \u00f6nce irade \u00e7\u0131km\u0131\u015ft\u0131r. Erto? Kazas\u0131n\u0131n \u0130z Karyesinden Abdo o\u011flu Haco-y\u0131 Emik\u00ee, h\u00fck\u00fcmete kar\u015f\u0131 hareketi sabit olmad\u0131\u011f\u0131ndan beraat ve tahliye olmu\u015ftur. Jandarma \u00c7avu\u015fu \u0130smail o\u011flu \u0130brahim de, isyana i\u015ftiraki sabit olmad\u0131\u011f\u0131ndan beraat etmi\u015ftir. Bu ki\u015fi ile ilgili kay\u0131tta, tahliye ifadesine yer verilmemi\u015ftir. Kursunc Muhtar\u0131 H\u00fcseyin o\u011flu Hasan da, isyana kat\u0131ld\u0131\u011f\u0131 sabit olmad\u0131\u011f\u0131ndan beraat ve tahliye olmu\u015ftu. Bu ki\u015fi ile ilgili olarak, mahallince evrak\u0131n\u0131n ikmal olmad\u0131\u011f\u0131 ifadesi konulmu\u015ftur (BOA. BEO. SYS-4299\/322380, 1914).<\/p>\n<p>Simek (Do\u011fruyol) Karyesinden Yasin o\u011flu S\u00fcleyman, S\u00fcleyman o\u011flu Mustafa, Dirvan? Karyesinden Yasin o\u011flu S\u00fcleyman, yine Dirvan Karyesinden Kele\u015f Sad\u0131k\u2019\u0131n isyana kat\u0131lmalar\u0131 ile ilgili sabit bir delil bulunmad\u0131\u011f\u0131ndan beraat ve tahliyelerine karar verilmi\u015f, karar y\u00fczlerine okunmu\u015ftur (BOA. BEO. SYS-4302\/322595). Hersan Mahallesinden Ahmed o\u011flu \u0130rfan, Zeydan Mahallesinden Halid o\u011flu Abdulbaki askere, K\u00fcrtlere silah at\u0131lmamas\u0131 telkininde bulundu\u011fu iddias\u0131n\u0131n sabit olmamas\u0131 nedeniyle beraat etmi\u015flerdir (BOA. BEO. SYS- 4307\/322978).<\/p>\n<p>Mahkeme taraf\u0131ndan yarg\u0131lanan toplam 136 ki\u015finin 88\u2019i idam, hapis, k\u00fcrek cezas\u0131, prangabendlik ve kalebentlik cezas\u0131 \u015feklinde \u00e7e\u015fitli cezalara \u00e7arpt\u0131r\u0131lm\u0131\u015ft\u0131r. Bir ki\u015fi ise ailesi ile birlikte s\u00fcrg\u00fcn edilmi\u015ftir. Bu ki\u015finin nereye s\u00fcrg\u00fcn edildi\u011fine dair herhangi bir ayr\u0131nt\u0131 mevcut de\u011fildir. Bunun yan\u0131 s\u0131ra 46 ki\u015finin de su\u00e7lar\u0131 sabit olmad\u0131\u011f\u0131ndan beraat ederek tahliye olduklar\u0131 g\u00f6r\u00fclmektedir. Buna g\u00f6re toplam 134 ki\u015filik bir liste olmu\u015ftur. Geriye kalan iki ki\u015fi ile ilgili bir kay\u0131t s\u00f6z konusu de\u011fildir. Toplam tahliye olanlar\u0131n say\u0131s\u0131 48 idi. Bunlardan biri Jandarma \u00e7avu\u015fu \u0130smail o\u011flu \u0130brahim\u2019di. Ancak liste incelendi\u011finde alt\u0131na d\u00fc\u015f\u00fclen kay\u0131tta da ge\u00e7ti\u011fi gibi mahkemede yarg\u0131lanarak \u00e7e\u015fitli cezalara \u00e7arpt\u0131r\u0131lan veya beraat ederek tahliye olanlar\u0131n toplam 136 ki\u015fi oldu\u011fu g\u00f6r\u00fclmektedir. Ancak listede yer alan isimlerden biri tekrar di\u011feri ise jandarma \u00e7avu\u015fu oldu\u011fundan geriye kalanlar\u0131n toplam say\u0131s\u0131 134 ki\u015fi olarak tespit edilmi\u015ftir.<\/p>\n<p>445<\/p>\n<\/div>\n<\/div>\n<p><img decoding=\"async\" src=\"data:image\/png;base64,iVBORw0KGgoAAAANSUhEUgAAAYkAAAABCAYAAAArSVK8AAAAAXNSR0IArs4c6QAAAAlwSFlzAAAP\/gAAD\/4BstaVKgAAACBJREFUOBFjZGBgqALiUTAaAqMhMBoCoyEwGgLoIXAOAPjwAUoFbTrAAAAAAElFTkSuQmCC\" alt=\"page14image1379800912\" width=\"392.590000\" height=\"0.480000\" \/><\/p>\n<\/div>\n<div class=\"page\" title=\"Page 15\">\n<div class=\"layoutArea\">\n<div class=\"column\">\n<p>Demirta\u015f, M. (2018). 1914 Tarihli Bitlis \u0130syan\u0131n\u0131n Osmanl\u0131 Ar\u015fiv Belgelerindeki Yans\u0131malar\u0131-Cezalar, M\u00fck\u00e2fatlar. BE\u00dc SBE Derg.,7(2), 432-492.<\/p>\n<p>Karkar K\u00f6y\u00fcnden \u00c7eko o\u011flu Z\u00fcbeyir, Re\u015fo o\u011flu H\u00fcseyin, Halid o\u011flu \u015eerif,H\u00fcsam o\u011flu Mehmed, Tahir o\u011flu S\u00fcbhan, \u015eerif o\u011flu Brahim (\u0130brahim)\u2019in isyana kat\u0131ld\u0131klar\u0131na dair sabit bir su\u00e7lar\u0131 tespit edilemedi\u011finden beraat etmi\u015flerdir. Karar y\u00fczlerine okunarak tebli\u011f edilmi\u015ftir (BOA, BEO. SYS-4302\/322595). Davas\u0131 d\u00fc\u015fenler olmu\u015ftur. Bunlardan biri de Karkar K\u00f6y\u00fcnden Mehmed o\u011flu Fethullah\u2019t\u0131(BOA, BEO. SYS-4302\/322595).<\/p>\n<p>Yarg\u0131lamalar ve al\u0131nan kararlarla ilgili olarak Harbiye Nezareti\u2019nin, s\u00fcreci anlatan yaz\u0131s\u0131nda Bitlis isyan\u0131na kat\u0131lanlar\u0131n tahkikat\u0131 ve yarg\u0131lanmalar\u0131 i\u00e7in kurulmu\u015fbulunan Divan-i Harb-i \u00d6rfi taraf\u0131ndan yarg\u0131lamalar\u0131n yap\u0131ld\u0131\u011f\u0131 ve baz\u0131 \u015fah\u0131slara \u00e7e\u015ftili cezlar verilirken bir k\u0131sm\u0131n\u0131n beraat etti\u011fi, bu \u015fah\u0131slar\u0131n baz\u0131lar\u0131 hakk\u0131nda verilen h\u00fck\u00fcmlerin onaylanarak uyguland\u0131\u011f\u0131, bir b\u00f6l\u00fcm\u00fc hakk\u0131nda verilen kararlar\u0131n ise hen\u00fcz onaylanmad\u0131\u011f\u0131 bilgisine yer verilmi\u015ftir (BOA. BEO. SYS- 4299\/322380).<\/p>\n<p>\u201cMa\u2018ruz-u \u00c7aker-i Kemineleridir ki<\/p>\n<p>Bitlis Vak\u0131\u2018a-i \u2018isyaniyyesinde z\u00ee-medhal olanlar hakk\u0131nda icray-\u0131 tahkikat ve muh\u00e2kemat eylemek \u00fczere b\u00e2 irade-i seniyye-i cenab-\u0131 padi\u015fah\u00ee mahalinde te\u015fkilolunan divan-\u0131 harb-i \u00f6rfiyece icra k\u0131l\u0131nan muh\u00e2kemat neticesinde \u015fimdiye kadar verilen h\u00fck\u00fcmleri havi olub otuz d\u00f6rd\u00fcnc\u00fc f\u0131kra kumandanl\u0131\u011f\u0131ndan ba tahrirat irsal k\u0131l\u0131nan mazbatalardan m\u00fcndericat\u0131 muhtac-\u0131 arz ve istizan olmayan veyaevvelce ahk\u00e2m\u0131 tenf\u00eez edilmi\u015f olanlar\u0131 b\u00e2 tefrik m\u00fctebaki yirmi alt\u0131 k\u0131t\u2018a mazbata-i hakimiye m\u00fcndericat\u0131na g\u00f6re suver-i muhtelifede tecziyeleri veya beraatlar\u0131 h\u00fck\u00fcm olunan e\u015fhas\u0131n esamisiyle haklar\u0131nda verilen h\u00fck\u00fcmleri m\u00fctezamm\u0131n olarak cedvel \u015feklinde tanzim olunan irade-i seniyye layihas\u0131 mazbata-i mezkureile ma\u2018an ve leffen takdim k\u0131l\u0131nan e\u015fhas-\u0131 merkumeden bir k\u0131sm\u0131n\u0131n m\u00fccazat-\u0131 mahkumeleri evvelce ba telgrafname vak\u0131\u2018 olan i\u015f\u2018ar \u00fczerine bi\u2019l-istizan irade-i seniyye-i cenab-\u0131 padi\u015fahiye iktiran etmi\u015f ve ba\u2018z\u0131lar\u0131n\u0131n hakk\u0131ndaki h\u00fck\u00fcmleri dahi tenfiz ve icra edilmi\u015f ise de keyfiyet-i tecziyeleri hen\u00fcz tasdik-i aliye iktiranetmemi\u015f olanlarla muhtalaten yaz\u0131lmas\u0131ndan dolay\u0131 bunlar\u0131n tefriki m\u00fcmk\u00fcn olamayarak isimleri hizas\u0131nda ayruca tasrih-i keyfiyet edilmi\u015f olma\u011fla suret-ima\u2018ruzeye nazaran iktizas\u0131n\u0131n ifa ve neticesinin emr ve inba buyurulmas\u0131 manut-\u0131 irade-i aliyye-i daver-i efhamileridir ol babda emr-u ferman hazret-i veliyy\u00fc\u2019l- emrindir<\/p>\n<p>Fi 13 \u015ea\u2018ban sene 332 ve fi 24 Haziran sene 330 Harbiye Naz\u0131r\u0131<\/p>\n<p>Erkan-\u0131 Harbiye-i Umumiye Reisi\u201d<\/p>\n<p>Yarg\u0131lanarak haklar\u0131nda \u00e7e\u015fitli kararlar verilen ki\u015filerin yer ald\u0131\u011f\u0131 listenin alt\u0131na d\u00fc\u015f\u00fclen kay\u0131tta, al\u0131nan kararlar\u0131n tasdik edildi\u011fine dair ifadeler yer almaktad\u0131r. Buna g\u00f6re 88 \u015fah\u0131s hakk\u0131nda \u00e7e\u015fitli cezalar verilmi\u015fken 46 ki\u015finin beraat etti\u011fi g\u00f6r\u00fclmektedir. S\u00f6z konusu kay\u0131tta yer alan ifadeler \u015funlard\u0131r:<\/p>\n<p>446<\/p>\n<\/div>\n<\/div>\n<p><img decoding=\"async\" src=\"data:image\/png;base64,iVBORw0KGgoAAAANSUhEUgAAAYkAAAABCAYAAAArSVK8AAAAAXNSR0IArs4c6QAAAAlwSFlzAAAP\/gAAD\/4BstaVKgAAACBJREFUOBFjZGBgqALiUTAaAqMhMBoCoyEwGgLoIXAOAPjwAUoFbTrAAAAAAElFTkSuQmCC\" alt=\"page15image1381149088\" width=\"392.590000\" height=\"0.480000\" \/><\/p>\n<\/div>\n<div class=\"page\" title=\"Page 16\">\n<div class=\"layoutArea\">\n<div class=\"column\">\n<p>Demirta\u015f, M. (2018). 1914 Tarihli Bitlis \u0130syan\u0131n\u0131n Osmanl\u0131 Ar\u015fiv Belgelerindeki Yans\u0131malar\u0131-Cezalar, M\u00fck\u00e2fatlar. BE\u00dc SBE Derg.,7(2), 432-492.<\/p>\n<p>\u201cBitlis Vaka-y\u0131 isyaniyyesinden dolay\u0131 maznun-u aleyhim olub mahalli divan-\u0131 harb-i \u00f6rfiyyesince icra edilen muhakemeleri neticesinde suver-i muhtelifede tecziyelerine veya medhallerinin adem-i s\u00fcbutuna mebni beraat ve tahliyelerine karar verilen i\u015f bu cedvelde esamisi muharrer e\u015fhasdan seksen sekizinin bi\u2019l-muhakeme tebeyy\u00fcn iden nev\u2018-i c\u00fcrmlerine g\u00f6re m\u00fclkiye ve askericeza kanunnamelerinin mevad-\u0131 mahsusas\u0131na tevfikan isimleri hizas\u0131nda g\u00f6sterilen me\u015fruhat vechiyle icra-y\u0131 m\u00fccazatlar\u0131na ve k\u0131rk alt\u0131 \u015fahs\u0131n dahi beraatlar\u0131na dair mahal-i divan-\u0131 harb-i \u00f6rfiyyesince verilen kararlar tasdik olunmu\u015fdur.<\/p>\n<p>\u0130\u015f bu irade-i seniyyenin icras\u0131na harbiye naz\u0131r\u0131 me\u2019murdur. Fi 18 \u015eabanSene 332 fi 29 Haziran sene 330\u201d<\/p>\n<p>Harbiye Naz\u0131r\u0131 Erkan\u0131 Harbiye-i Umumiye Reisi<\/p>\n<p>Sadra\u2018zam Mehmed Said (BOA. BEO. SYS-4299\/322380)<\/p>\n<p>Sadaret kaleminden Harbiye Nezaret-i Celilesine g\u00f6nderilen 19 \u015e 1332\/13 Temmuz 1914 tarihli yaz\u0131da \u015fu ifadelere yer verilmi\u015fti (BOA. BEO. SYS- 4299\/322380).<\/p>\n<p>\u201c24 Haziran 330 tarihli ve 272 numaral\u0131 tezkere-i aliyyelerine cevabd\u0131r.<\/p>\n<p>\u201cBitlis vaka-y\u0131 isyaniyyesinde maznun-\u0131 aleyhim olan e\u015fhas\u0131n seksen sekizinin bi\u2019l-muhakeme tebeyy\u00fcn iden nev\u2018-i c\u00fcrmlerine g\u00f6re isimleri hizas\u0131nda g\u00f6sterilen me\u015fruhat vechiyle icray-\u0131 m\u00fccazatlar\u0131na ve k\u0131rk alt\u0131 \u015fahs\u0131n dahi beraatlar\u0131na dairmahal-i divan-\u0131 harb-i \u00f6rfiyyesince verilen kararlar lede\u2019l-arz tasdik-i ali-yi cenab-\u0131 padi\u015fahiye iktiran iderek ol babdaki irade-i seniyyenin suret-i m\u00fcsveddesi evrak-\u0131 mute\u2018all\u0131kas\u0131yla birlikde leffen taraf-\u0131 devletlerine g\u00f6nderilmi\u015fdir efendim.<\/p>\n<p>29 Haziran 330 tarihli irade-i seniyye \u00fczerine\u201d<\/p>\n<p>\u0130syan\u0131n devam\u0131nda ve sonras\u0131nda dikkate de\u011fer baz\u0131 olaylar\u0131n da meydana geldi\u011fi anla\u015f\u0131lmaktad\u0131r. Bunlardan birinde Osman ad\u0131ndaki o\u011flu Sivas\u2019a s\u00fcrg\u00fcn edilen Bitlisli R\u0131ndi isimli bir kad\u0131n\u0131n, o\u011flunun serbest b\u0131rak\u0131lmas\u0131 i\u00e7in D\u00e2hiliye Nezaretine g\u00f6nderdi\u011fi telgraft\u0131. Telgrafta yer alana bilgilere g\u00f6re, o\u011flu birka\u00e7 ay evvel s\u00fcrg\u00fcn edilen kad\u0131n, o\u011flunun s\u00fcrg\u00fcn\u00fcn\u00fcn kendilerini \u00e7ok peri\u015fan etti\u011fini, on iki n\u00fcfustan meydana gelen ve aralar\u0131nda \u00e7ocuklar\u0131n da bulundu\u011fu ailesinin \u00e7ok s\u0131k\u0131nt\u0131 \u00e7ekti\u011fini, kendilerine bakacak kimseleri bulunmad\u0131\u011f\u0131n\u0131 ifade ederek bu peri\u015fanl\u0131\u011fa son vermek \u00fczere Osman\u2019\u0131n affedilmesini talep etmi\u015ftir (BOA. DH.EUM. 2. \u015eb-2\/31, 1914). Yine isyan dolay\u0131s\u0131yla Bitlis\u2019te g\u00f6zetim alt\u0131nda tutulan, Hizan\u2019da ya\u015fayan ailesini g\u00f6rmesine izin verilmeyen Seyyit Alizade \u0130smet ad\u0131ndaki medrese talebesi de, isyanla herhangi bir ilgisi olmad\u0131\u011f\u0131n\u0131 belirterek aff\u0131n\u0131 talep etmi\u015ftir.9<\/p>\n<p>9 \u0130smet\u2019in dilek\u00e7esinde dile getirdi\u011fi hususlar \u015funlard\u0131: \u201cKullar\u0131 on d\u00f6rt ya\u015f\u0131nday\u0131m medrese yolundan ba\u015fka meslek tan\u0131mam\u0131\u015f Allah\u2019\u0131ma \u2018ibadetden padi\u015fah\u0131ma du\u2018adan ba\u015fka bir \u015fey\u2019 \u00f6\u011frenmemi\u015f ma\u2018sumum. Bitlis hadisesi \u00fczerine alt\u0131 mah evvel Hizan\u2019da sahibsiz sayg\u0131s\u0131z kalan<\/p>\n<p>447<\/p>\n<\/div>\n<\/div>\n<p><img decoding=\"async\" src=\"data:image\/png;base64,iVBORw0KGgoAAAANSUhEUgAAAYkAAAABCAYAAAArSVK8AAAAAXNSR0IArs4c6QAAAAlwSFlzAAAP\/gAAD\/4BstaVKgAAACBJREFUOBFjZGBgqALiUTAaAqMhMBoCoyEwGgLoIXAOAPjwAUoFbTrAAAAAAElFTkSuQmCC\" alt=\"page16image1379935184\" width=\"392.590000\" height=\"0.480000\" \/><img decoding=\"async\" src=\"data:image\/png;base64,iVBORw0KGgoAAAANSUhEUgAAAJEAAAABCAYAAADevkxgAAAAAXNSR0IArs4c6QAAAAlwSFlzAAANGAAADRgB7vT8mAAAABZJREFUKBVjZGBg2AHEo2A0BMgNAW8Ao5wBBcxkhuwAAAAASUVORK5CYII=\" alt=\"page16image1379935568\" width=\"144.020000\" height=\"0.720030\" \/><\/p>\n<\/div>\n<div class=\"page\" title=\"Page 17\">\n<div class=\"layoutArea\">\n<div class=\"column\">\n<p>Demirta\u015f, M. (2018). 1914 Tarihli Bitlis \u0130syan\u0131n\u0131n Osmanl\u0131 Ar\u015fiv Belgelerindeki Yans\u0131malar\u0131-Cezalar, M\u00fck\u00e2fatlar. BE\u00dc SBE Derg.,7(2), 432-492.<\/p>\n<p>Birinci D\u00fcnya Sava\u015f\u0131n\u0131n \u00e7\u0131kmas\u0131 ve Osmanl\u0131 Devletinin fiilen sava\u015fa girmesi ile birlikte Bitlis isyan\u0131 hakk\u0131nda da \u00e7e\u015fitli kararlar verilmi\u015ftir. Buna g\u00f6re cezaevinde bulunan, s\u00fcrg\u00fcnde olan baz\u0131 kimselerin af edilmesine karar verilmi\u015ftir. Bundaki en \u00f6nemli gerek\u00e7e af kararlar\u0131n\u0131n \u0130slam kamuoyunda olumlu bir etki yapaca\u011f\u0131 d\u00fc\u015f\u00fcncesi idi (BOA. BEO. SYS-4323\/324157, 1914). Buna g\u00f6re Medine, Ankara Sivas ve Bitlis ile baz\u0131 yerlerde hapis bulunan ki\u015filerin af edilmesi kararla\u015ft\u0131r\u0131lm\u0131\u015ft\u0131r (BOA. BEO. SYS-4323\/324157; BOA. BEO SYS 4328\/324576-2-1, 1914; BOA. BEO. SYS-4328\/324576, 1914). Bununla ilgili Meclis-i V\u00fckela karar\u0131 padi\u015fah taraf\u0131ndan onaylanm\u0131\u015ft\u0131r (BOA. BEO. SYS- 4323\/324157, 1914; BOA. BEO. SYS-4323\/324157, 1914). Bu karar, ilgili yerlerdeki yetkili birimlere, gere\u011finin yap\u0131lmas\u0131 i\u00e7in g\u00f6nderilmi\u015ftir (BOA. DH. \u015eFR-47\/190, 1914). Ancak aff\u0131 g\u00fcndeme gelen fakat h\u00fck\u00fcmet\u00e7e kabul edilmeyenler de vard\u0131. Bunlardan biri de Bitlis Eski Mebusu M\u00fcft\u00fczade Sadullah Efendi idi. Daha \u00f6nce Seyyid Ali\u2019nin fesadane emellerine hizmet emek ve isyan\u0131 tertip etmekten mahk\u00fbm olmu\u015f olan, cezas\u0131 padi\u015fah taraf\u0131ndan onaylanan ve ailesi ile birlikte \u00f6m\u00fcr boyu s\u00fcrg\u00fcn cezas\u0131na \u00e7apt\u0131r\u0131lan Sadullah\u2019\u0131n aff\u0131 i\u00e7in annesi Ay\u015fe, telgrafla h\u00fck\u00fcmete m\u00fcracaat ederek o\u011flunun aff\u0131n\u0131 talep etmi\u015f ancak kendisineverilen cevapta bu konuda yap\u0131labilecek herhangi bir \u015fey olmad\u0131\u011f\u0131 belirtilmi\u015ftir(BOA. BEO. SYS-4315\/323602).<\/p>\n<p>Bitlis Divan-\u0131 Harbi taraf\u0131ndan haklar\u0131nda af karar\u0131 verilenler de vard\u0131. Bunlardan biri daha \u00f6nce M\u00fclkiye Ceza Kanunnamesinin 58. Maddesine g\u00f6re m\u00fcebbeden kalebend edilmesine karar verilmi\u015f olan U\u00e7um K\u00f6y\u00fcnden firari \u015eeyh Mazhar\u2019d\u0131. \u015eeyh Mazhar\u2019\u0131n mahk\u00fbm edilmesinin gerek\u00e7esi, k\u00f6yleri dola\u015farak halka isyan lehinde telkinlerde bulunmas\u0131 \u015feklindeydi. Aff\u0131 ile ilgili sad\u0131r olan \u0130rade-iSeniyye\u2019de ise su\u00e7unun sabit olmad\u0131\u011f\u0131, daha evvel bir fenal\u0131\u011f\u0131n\u0131n ve zorbal\u0131\u011f\u0131n\u0131n bulunmad\u0131\u011f\u0131, hakk\u0131ndaki iddian\u0131n, kendileriyle husumeti olan Seyyit Ali\u2019nin taraftarlar\u0131n\u0131n kendisi hakk\u0131ndaki ifadeleri oldu\u011fu belirtilmi\u015ftir (BOA. BEO. SYS- 4295\/322103, 1914). Konu ile ilgili bir kay\u0131tta K\u00fcrtlerin Bitlis \u00fczerine geldikleri s\u0131rada kendisinin onlara i\u015ftirak etmedi\u011fi gibi kendisine mensup herhangi birini i\u015ftirak ettirmedi\u011fi vurgulanm\u0131\u015ft\u0131r. \u015eeyhin aff\u0131 konusunda gerek Bitlis gerekse Vanvilayetlerinden gelen telgraflarda lehinde beyanatlar bulundu\u011fu belirtilmi\u015ftir(BOA. BEO. SYS-4295\/322103). Konu ile ilgili ba\u015fka bir kay\u0131tta, \u015eeyh Mazhar\u2019\u0131n K\u00fcrt G\u00f6n\u00fcll\u00fc Taburunda kumandanl\u0131k etmi\u015f olan Mehmed Sad\u0131k\u2019\u0131n biraderi oldu\u011fu ve kendisi hakk\u0131nda Mehmed Sad\u0131k\u2019\u0131n olumlu g\u00f6r\u00fc\u015fler beyan etti\u011fi vurgulanarak ad\u0131 ge\u00e7enin af edilmesinin uygun g\u00f6r\u00fcld\u00fc\u011f\u00fc belirtilmi\u015ftir (BOA.BEO. SYS-4295\/322103). Ayr\u0131ca firar eden \u015eeyh Mazhar\u2019\u0131n mahkemeye gelmedi\u011fi dile getirilmi\u015ftir. Buna g\u00f6re iddialar\u0131n iftira oldu\u011fu anla\u015f\u0131lm\u0131\u015f ve ad\u0131 ge\u00e7enin af edilmesine karar verilmi\u015ftir. Bu karar\u0131n Dahiliye Nezareti taraf\u0131ndan<\/p>\n<p>hanemden validelerimden ayr\u0131larak Bitlis\u2019e g\u00f6t\u00fcr\u00fcld\u00fcm, serbest geziyorum. Fakat haneme validelerim nezdine gidemiyorum sadakatden devlete du\u2018adan ba\u015fka fikri bulunmayan kullar\u0131n\u0131n\u201d aff\u0131n\u0131 beklemekteyim (BOA. DH. EUM. 2 \u015eb-2\/46, 1914).<\/p>\n<p>448<\/p>\n<\/div>\n<\/div>\n<p><img decoding=\"async\" src=\"data:image\/png;base64,iVBORw0KGgoAAAANSUhEUgAAAYkAAAABCAYAAAArSVK8AAAAAXNSR0IArs4c6QAAAAlwSFlzAAAP\/gAAD\/4BstaVKgAAACBJREFUOBFjZGBgqALiUTAaAqMhMBoCoyEwGgLoIXAOAPjwAUoFbTrAAAAAAElFTkSuQmCC\" alt=\"page17image1378678640\" width=\"392.590000\" height=\"0.480000\" \/><img decoding=\"async\" src=\"data:image\/png;base64,iVBORw0KGgoAAAANSUhEUgAAAJEAAAABCAYAAADevkxgAAAAAXNSR0IArs4c6QAAAAlwSFlzAAANGAAADRgB7vT8mAAAABZJREFUKBVjZGBg2AHEo2A0BMgNAW8Ao5wBBcxkhuwAAAAASUVORK5CYII=\" alt=\"page17image1378678992\" width=\"144.020000\" height=\"0.720030\" \/><\/p>\n<\/div>\n<div class=\"page\" title=\"Page 18\">\n<div class=\"layoutArea\">\n<div class=\"column\">\n<p>Demirta\u015f, M. (2018). 1914 Tarihli Bitlis \u0130syan\u0131n\u0131n Osmanl\u0131 Ar\u015fiv Belgelerindeki Yans\u0131malar\u0131-Cezalar, M\u00fck\u00e2fatlar. BE\u00dc SBE Derg.,7(2), 432-492.<\/p>\n<p>da uygun g\u00f6r\u00fcld\u00fc\u011f\u00fc vurgulanm\u0131\u015ft\u0131r (BOA. BEO. SYS-4299\/322374; BOA. BEO. SYS-4295\/322103).<\/p>\n<p>SONU\u00c7<\/p>\n<p>Sultan Re\u015fat\u2019\u0131n padi\u015fah ve \u0130ttihat ve Terakki\u2019nin h\u00fck\u00fcmette bulundu\u011fu 1914 y\u0131l\u0131nda ba\u015f g\u00f6steren Bitlis \u0130syan\u0131n\u0131n mahiyeti ile ilgili iki farkl\u0131 g\u00f6r\u00fc\u015f mevcuttur. Bunlardan biri isyan\u0131n bir K\u00fcrt Milliyet\u00e7ili\u011fi hareketi oldu\u011fu, di\u011feri ise dinikarakterli bir isyan olarak ortaya \u00e7\u0131kt\u0131\u011f\u0131 \u015feklindedir. \u0130syan\u0131n liderlerinin konuyla ilgili g\u00f6r\u00fc\u015flerine ve beyanlar\u0131na bak\u0131ld\u0131\u011f\u0131nda bu hareketin a\u011f\u0131rl\u0131kl\u0131 olarak dini bir tak\u0131m hassasiyetlerden \u00e7\u0131kt\u0131\u011f\u0131 g\u00f6r\u00fclecektir. Ancak belgelerde ve gazetelerde ge\u00e7en ifadelerden anla\u015f\u0131ld\u0131\u011f\u0131 kadar\u0131yla olay\u0131n bir K\u00fcrt \u0130syan\u0131 oldu\u011fu alg\u0131s\u0131 olu\u015fturulmaya \u00e7al\u0131\u015f\u0131lmaktayd\u0131. Bunun nedeninin, h\u00fck\u00fcmeti ve padi\u015fah\u0131 dine mugayir hareketlerin muhatab\u0131 olmaktan \u00e7\u0131karma gayreti oldu\u011fu d\u00fc\u015f\u00fcn\u00fclmektedir. \u00c7\u00fcnk\u00fc bu d\u00f6nemde gerek Sultan Re\u015fat gerekse \u0130ttihat veTerakki H\u00fck\u00fcmetinin baz\u0131 \u00fcyeleri hakk\u0131nda mason olduklar\u0131 y\u00f6n\u00fcnde \u00e7e\u015fitli su\u00e7lamalar yap\u0131lmakta ve h\u00fck\u00fcmetin dine ayk\u0131r\u0131 davran\u0131\u015flar sergiledi\u011fi y\u00f6n\u00fcnde g\u00fc\u00e7l\u00fc iddialar ileri s\u00fcr\u00fclmekteydi. \u0130syan\u0131 ba\u015flatanlar\u0131n \u00fc\u00e7\u00fcn\u00fcn de din bilgini olmas\u0131 ve destekleyenlerin genellikle dini \u00e7evrelere mensup ki\u015filerden meydana gelmi\u015f olmas\u0131 isyan\u0131n mahiyeti hakk\u0131nda bir fikir vermektedir.<\/p>\n<p>Ba\u015flang\u0131\u00e7ta Rus konsoloslu\u011funa s\u0131\u011f\u0131nan Molla Selim ve beraberlerindekiler I. D\u00fcnya Sava\u015f\u0131n\u0131n \u00e7\u0131kmas\u0131 \u00fczerine Osmanl\u0131 H\u00fck\u00fcmetine teslim olmu\u015flard\u0131r. \u0130syan\u0131n lideri durumundaki ki\u015filerin yan\u0131 s\u0131ra isyandaki etkileri ileri d\u00fczeyde olanlar idam cezas\u0131na \u00e7arpt\u0131r\u0131lm\u0131\u015flard\u0131. Bunun yan\u0131nda \u00e7ok say\u0131da ki\u015fiye hapis, k\u00fcrek, s\u00fcrg\u00fcn, kalebentlik, prangabendlik ve para cezas\u0131 verilmi\u015ftir. Yakaland\u0131ktan sonra yarg\u0131lamalar\u0131 yap\u0131larak isyanla ba\u011flar\u0131 sabit olmayanlar serbest b\u0131rak\u0131lm\u0131\u015ft\u0131r. I. D\u00fcnya Sava\u015f\u0131n\u0131n ba\u015flam\u0131\u015f olmas\u0131 ve Osmanl\u0131 Devleti\u2019nin sava\u015fa girmesi nedeniyle bir genel af \u00e7\u0131kar\u0131larak \u00e7ok say\u0131da ki\u015fi tahliye ve beraat etmi\u015ftir. Bununla birlikte isyan esnas\u0131nda devletin yan\u0131nda yer alan baz\u0131 resmi g\u00f6revliler ile vatanda\u015flar \u00e7e\u015fitli \u015fekillerde \u00f6d\u00fcllendirilmi\u015flerdir. Devlet G\u00f6revlisi olanlar\u0131n r\u00fctbe ve dereceleri y\u00fckseltilmi\u015f, sivil vatanda\u015flara da ni\u015fan ve madalya verilmi\u015fti. Ni\u015fan ve madalya ile \u00f6d\u00fcllendirilenler daha \u00e7ok b\u00f6lgenin baz\u0131 \u015feyhleri ve alimleri olmu\u015ftur. \u0130syan gerek halktan gerekse dini \u00e7evrelerden ciddi bir destek g\u00f6rmedi\u011finden erken say\u0131labilecek bir s\u00fcrede bast\u0131r\u0131lm\u0131\u015ft\u0131r. Ancak I. D\u00fcnya Sava\u015f\u0131n\u0131n arifesinde meydana gelen bu hareket Osmanl\u0131 H\u00fck\u00fcmetini bir hayli me\u015fgul etmi\u015ftir.<\/p>\n<\/div>\n<\/div>\n<p><img decoding=\"async\" src=\"data:image\/png;base64,iVBORw0KGgoAAAANSUhEUgAAAYkAAAABCAYAAAArSVK8AAAAAXNSR0IArs4c6QAAAAlwSFlzAAAP\/gAAD\/4BstaVKgAAACBJREFUOBFjZGBgqALiUTAaAqMhMBoCoyEwGgLoIXAOAPjwAUoFbTrAAAAAAElFTkSuQmCC\" alt=\"page18image1380133104\" width=\"392.590000\" height=\"0.480000\" \/><\/p>\n<div class=\"layoutArea\">\n<div class=\"column\">\n<p>KAYNAKLAR<br \/>\na-Ar\u015fiv Vesikalar\u0131<br \/>\nBOA. BEO SYS 4328\/324576-2-1. BOA. BEO. MTV-4300\/322459.<\/p>\n<\/div>\n<\/div>\n<div class=\"layoutArea\">\n<div class=\"column\">\n<p>449<\/p>\n<\/div>\n<\/div>\n<\/div>\n<div class=\"page\" title=\"Page 19\">\n<div class=\"layoutArea\">\n<div class=\"column\">\n<p>Demirta\u015f, M. (2018). 1914 Tarihli Bitlis \u0130syan\u0131n\u0131n Osmanl\u0131 Ar\u015fiv Belgelerindeki Yans\u0131malar\u0131-Cezalar, M\u00fck\u00e2fatlar. BE\u00dc SBE Derg.,7(2), 432-492.<\/p>\n<\/div>\n<\/div>\n<p><img decoding=\"async\" src=\"data:image\/png;base64,iVBORw0KGgoAAAANSUhEUgAAAYkAAAABCAYAAAArSVK8AAAAAXNSR0IArs4c6QAAAAlwSFlzAAAP\/gAAD\/4BstaVKgAAACBJREFUOBFjZGBgqALiUTAaAqMhMBoCoyEwGgLoIXAOAPjwAUoFbTrAAAAAAElFTkSuQmCC\" alt=\"page19image1376757616\" width=\"392.590000\" height=\"0.480000\" \/><\/p>\n<div class=\"layoutArea\">\n<div class=\"column\">\n<p>BOA. BEO. SYS-4281\/321065. BOA. BEO. SYS-4290\/321738. BOA. BEO. SYS-4294\/322017. BOA. BEO. SYS-4295\/322103. BOA. BEO. SYS-4299\/322374. BOA. BEO. SYS-4299\/322378. BOA. BEO. SYS-4299\/322380. BOA. BEO. SYS-4301\/322534. BOA. BEO. SYS-4302\/322595. BOA. BEO. SYS-4302\/322595. BOA. BEO. SYS-4306\/322885. BOA. BEO. SYS-4307\/322978. BOA. BEO. SYS-4312\/323346. BOA. BEO. SYS-4315\/323602. BOA. BEO. SYS-4323\/324157. BOA. BEO. SYS-4328\/324576.BOA. DH. EUM. 2 \u015eb-2\/46.BOA. DH. EUM. 2. \u015eb-1\/28.BOA. DH. EUM. 2. \u015eb-2\/31. BOA. DH. EUM. EMN-114\/36. BOA. DH. EUM. EMN-114\/61. BOA. DH. EUM. EMN-85\/9. BOA. DH. EUM. EMN-88\/7. BOA. DH. EUM. EMN-97\/47. BOA. DH. EUM. MH-91\/10.BOA. DH. \u0130D-185\/47.<\/p>\n<p>BOA. DH. KMS-21\/55. BOA. DH. KMS-27\/32. BOA. DH. MB. HPS-961\/47.BOA. DH. \u015eFR-21\/44.<\/p>\n<\/div>\n<\/div>\n<div class=\"layoutArea\">\n<div class=\"column\">\n<p>450<\/p>\n<\/div>\n<\/div>\n<\/div>\n<div class=\"page\" title=\"Page 20\">\n<div class=\"layoutArea\">\n<div class=\"column\">\n<p>Demirta\u015f, M. (2018). 1914 Tarihli Bitlis \u0130syan\u0131n\u0131n Osmanl\u0131 Ar\u015fiv Belgelerindeki Yans\u0131malar\u0131-Cezalar, M\u00fck\u00e2fatlar. BE\u00dc SBE Derg.,7(2), 432-492.<\/p>\n<p>BOA. DH. \u015eFR-39\/122.<\/p>\n<p>BOA. DH. \u015eFR-39\/180.<\/p>\n<p>BOA. DH. \u015eFR-39\/208.<\/p>\n<p>BOA. DH. \u015eFR-39\/7.<\/p>\n<p>BOA. DH. \u015eFR-40\/104.<\/p>\n<p>BOA. DH. \u015eFR-40\/179.<\/p>\n<p>BOA. DH. \u015eFR-40\/31-32.<\/p>\n<p>BOA. DH. \u015eFR-40\/40\/18.<\/p>\n<p>BOA. DH. \u015eFR-40\/78.<\/p>\n<p>BOA. DH. \u015eFR-41\/46.<\/p>\n<p>BOA. DH. \u015eFR-42\/102.<\/p>\n<p>BOA. DH. \u015eFR-42\/194.<\/p>\n<p>BOA. DH. \u015eFR-42\/72.<\/p>\n<p>BOA. DH. \u015eFR-43\/130.<\/p>\n<p>BOA. DH. \u015eFR-47\/190.<\/p>\n<p>b-Ara\u015ft\u0131rma ve inceleme eserler<\/p>\n<p>Abak, T. (2011). Rus Ar\u015fiv Belgelerinde Bitlis \u0130syan\u0131 (1914). Toplumsal Tarih Dergisi, 208, 2-11.<\/p>\n<p>Aydo\u011fan, E. (2013). Yeni Belgeler I\u015f\u0131\u011f\u0131nda Bitlis Vukuat\u0131. Atat\u00fcrk \u00dcniversitesi T\u00fcrkiyat Ara\u015ft\u0131rmalar\u0131 Dergisi, 49, 309-322.<\/p>\n<p>Celil, C. (2015). 1914 Bitlis K\u00fcrt Ayaklanmas\u0131, (\u00c7ev. Y. Abd\u00fclselamo\u011flu), 13.05.2015 tarihinde http:\/\/www.bitlisname.com\/2018\/04\/01\/bitlis- ayaklanmasi-arastirma\/ adresinden al\u0131nd\u0131.<\/p>\n<p>Demirta\u015f, M. (2015). Tanin, Peyam ve Sabah Gazeteleri \u00d6rne\u011finde 1914 TarihliBitlis Ayaklanmas\u0131n\u0131n D\u00f6nemin Gazetelerindeki Yans\u0131malar\u0131. CB\u00dc (Celal Bayar \u00dcniversitesi) Sosyal Bilimler Dergisi, 13(3), 179-198.<\/p>\n<p>G\u00fcnay, N. (2017). Rusya\u2019n\u0131n Osmanl\u0131 Unsurlar\u0131 \u00dczerindeki \u00c7al\u0131\u015fmalar\u0131 ve 1914Bitlis Ayaklanmas\u0131, Gazi \u00dcniversitesi Akademik Bak\u0131\u015f Dergisi, 10(20), 49- 68.<\/p>\n<p>Karaca, E. (2005). T\u00fcrk Bas\u0131n\u0131na G\u00f6re Birinci D\u00fcnya Sava\u015f\u0131 Arifesinde \u015earkiAnadolu Meselesi (Yay\u0131mlanmam\u0131\u015f Y\u00fcksek Lisans Tezi) Ankara: Gazi\u00dcniversitesi Sosyal Bilimler Enstit\u00fcs\u00fc.<\/p>\n<p>451<\/p>\n<\/div>\n<\/div>\n<p><img decoding=\"async\" src=\"data:image\/png;base64,iVBORw0KGgoAAAANSUhEUgAAAYkAAAABCAYAAAArSVK8AAAAAXNSR0IArs4c6QAAAAlwSFlzAAAP\/gAAD\/4BstaVKgAAACBJREFUOBFjZGBgqALiUTAaAqMhMBoCoyEwGgLoIXAOAPjwAUoFbTrAAAAAAElFTkSuQmCC\" alt=\"page20image1381538992\" width=\"392.590000\" height=\"0.480000\" \/><\/p>\n<\/div>\n<div class=\"page\" title=\"Page 21\">\n<div class=\"layoutArea\">\n<div class=\"column\">\n<p>Demirta\u015f, M. (2018). 1914 Tarihli Bitlis \u0130syan\u0131n\u0131n Osmanl\u0131 Ar\u015fiv Belgelerindeki Yans\u0131malar\u0131-Cezalar, M\u00fck\u00e2fatlar. BE\u00dc SBE Derg.,7(2), 432-492.<\/p>\n<p>Kuruba\u015f, E. (2004). K\u00fcrt Sorununun Uluslararas\u0131 Boyutu ve T\u00fcrkiye-I, Sevr- Lozan S\u00fcrecinden 1950\u2019lere. \u0130stanbul: Nobel Yay\u0131nlar\u0131.<\/p>\n<p>Lewy, G. (2005). The Armenian Massacres in Ottoman Turkey: A Disputed Genocide. Utah: University of Utah Press.<\/p>\n<p>Reynolds, M. A. (2003). The Mullah Selim Uprising and Emperial Rusian Designs en Anatolia, H. Bal &amp; M. Erat i\u00e7inde T\u00fcrk D\u00fcnyas\u0131na Bak\u0131\u015flar (Prof. Dr. Mehmet Saray\u2019a Arma\u011fan) (550-551). \u0130stanbul: Da Yay\u0131nc\u0131l\u0131k.<\/p>\n<p>Ta\u015f, N. F. (1998). Vil\u00e2yat-\u0131 \u015earkiyye Isl\u00e2hat\u0131 ve Genel M\u00fcfgetti\u015f Nicolas Hoff, Atat\u00fcrk Ara\u015ft\u0131rma Merkezi Dergisi, 14, 923-968.<\/p>\n<p>\u00dcnal, F. (2008). Ruslar\u0131n K\u00fcrt A\u015firetlerini Osmanl\u0131 Devletine Kar\u015f\u0131 Kullanma \u00c7abalar\u0131\u201d, Karadeniz Ara\u015ft\u0131rmalar\u0131 Dergisi, 5(17), 133-152.<\/p>\n<\/div>\n<\/div>\n<p><img decoding=\"async\" src=\"data:image\/png;base64,iVBORw0KGgoAAAANSUhEUgAAAYkAAAABCAYAAAArSVK8AAAAAXNSR0IArs4c6QAAAAlwSFlzAAAP\/gAAD\/4BstaVKgAAACBJREFUOBFjZGBgqALiUTAaAqMhMBoCoyEwGgLoIXAOAPjwAUoFbTrAAAAAAElFTkSuQmCC\" alt=\"page21image1381658592\" width=\"392.590000\" height=\"0.480000\" \/><\/p>\n<div class=\"layoutArea\">\n<div class=\"column\">\n<p>452<\/p>\n<\/div>\n<\/div>\n<\/div>\n<div class=\"page\" title=\"Page 22\">\n<div class=\"layoutArea\">\n<div class=\"column\">\n<p>Demirta\u015f, M. (2018). 1914 Tarihli Bitlis \u0130syan\u0131n\u0131n Osmanl\u0131 Ar\u015fiv Belgelerindeki Yans\u0131malar\u0131-Cezalar, M\u00fck\u00e2fatlar. BE\u00dc SBE Derg.,7(2), 432-492.<\/p>\n<p>EKLER<br \/>\nTablo 1-a. \u0130dam Cezas\u0131na \u00c7arpt\u0131r\u0131lanlar<\/p>\n<\/div>\n<\/div>\n<p><img decoding=\"async\" src=\"data:image\/png;base64,iVBORw0KGgoAAAANSUhEUgAAAYkAAAABCAYAAAArSVK8AAAAAXNSR0IArs4c6QAAAAlwSFlzAAAP\/gAAD\/4BstaVKgAAACBJREFUOBFjZGBgqALiUTAaAqMhMBoCoyEwGgLoIXAOAPjwAUoFbTrAAAAAAElFTkSuQmCC\" alt=\"page22image1383342528\" width=\"392.590000\" height=\"0.480000\" \/><\/p>\n<table>\n<colgroup>\n<col \/>\n<col \/>\n<col \/>\n<col \/><\/colgroup>\n<tbody>\n<tr>\n<td>\n<div class=\"layoutArea\">\n<div class=\"column\">\n<p>Ki\u015fi ad\u0131<\/p>\n<\/div>\n<\/div>\n<\/td>\n<td>\n<div class=\"layoutArea\">\n<div class=\"column\">\n<p>Nerelioldu\u011fu<\/p>\n<\/div>\n<\/div>\n<\/td>\n<td>\n<div class=\"layoutArea\">\n<div class=\"column\">\n<p>Su\u00e7u (cezan\u0131n gerek\u00e7esi)<\/p>\n<\/div>\n<\/div>\n<\/td>\n<td>\n<div class=\"layoutArea\">\n<div class=\"column\">\n<p>Verilen Ceza, kanunmaddesi ve tebli\u011f \u015fekli<\/p>\n<\/div>\n<\/div>\n<\/td>\n<\/tr>\n<tr>\n<td>\n<div class=\"layoutArea\">\n<div class=\"column\">\n<p>Celaleddino\u011flu SeyyidAli<\/p>\n<\/div>\n<\/div>\n<\/td>\n<td>\n<div class=\"layoutArea\">\n<div class=\"column\">\n<p>Hizan\u2019\u0131nGayda Tekyesindem\u00fbkim<\/p>\n<\/div>\n<\/div>\n<\/td>\n<td>\n<div class=\"layoutArea\">\n<div class=\"column\">\n<p>\u0130syan\u0131 tertip ve idare etmek<\/p>\n<\/div>\n<\/div>\n<\/td>\n<td>\n<div class=\"layoutArea\">\n<div class=\"column\">\n<p>M\u00fclkiye Ceza kanununun 55. Maddesine g\u00f6re idam cezas\u0131. Daha \u00f6nce bu konuda padi\u015fah\u0131n iradesi \u00e7\u0131km\u0131\u015ft\u0131r.<\/p>\n<\/div>\n<\/div>\n<\/td>\n<\/tr>\n<tr>\n<td>\n<div class=\"layoutArea\">\n<div class=\"column\">\n<p>\u015eeyh \u015eahabeddin<\/p>\n<\/div>\n<\/div>\n<\/td>\n<td>\n<div class=\"layoutArea\">\n<div class=\"column\">\n<p>(Pak\u00fcsan)Horozlu (Samanyolu) Karyesinden<\/p>\n<\/div>\n<\/div>\n<p><img decoding=\"async\" src=\"data:image\/png;base64,iVBORw0KGgoAAAANSUhEUgAAAAEAAAABCAYAAAAfFcSJAAAAAXNSR0IArs4c6QAAAAlwSFlzAAAXEQAAFxEByibzPwAAAA1JREFUCB1jYGBgsAIAAD8AO+2bAfEAAAAASUVORK5CYII=\" alt=\"page22image1383387328\" width=\"0.480010\" height=\"0.480010\" \/><\/td>\n<td>\n<div class=\"layoutArea\">\n<div class=\"column\">\n<p>\u0130syan\u0131 tertip ve idare etmek<\/p>\n<\/div>\n<\/div>\n<p><img decoding=\"async\" src=\"data:image\/png;base64,iVBORw0KGgoAAAANSUhEUgAAAAEAAAABCAYAAAAfFcSJAAAAAXNSR0IArs4c6QAAAAlwSFlzAAAXEQAAFxEByibzPwAAAA1JREFUCB1jYGBgsAIAAD8AO+2bAfEAAAAASUVORK5CYII=\" alt=\"page22image1383394704\" width=\"0.480010\" height=\"0.480010\" \/><\/td>\n<td>\n<div class=\"layoutArea\">\n<div class=\"column\">\n<p>M\u00fclkiye Ceza kanununun 55. Maddesine g\u00f6re idam cezas\u0131. G\u0131yaben. Daha \u00f6nce bu konuda padi\u015fah\u0131n iradesi \u00e7\u0131km\u0131\u015ft\u0131r.<\/p>\n<\/div>\n<\/div>\n<\/td>\n<\/tr>\n<tr>\n<td>\n<div class=\"layoutArea\">\n<div class=\"column\">\n<p>Molla Selim<\/p>\n<\/div>\n<\/div>\n<\/td>\n<td>\n<div class=\"layoutArea\">\n<div class=\"column\">\n<p>Huma\u00e7Karyesinden<\/p>\n<\/div>\n<\/div>\n<p><img decoding=\"async\" src=\"data:image\/png;base64,iVBORw0KGgoAAAANSUhEUgAAAAEAAAABCAYAAAAfFcSJAAAAAXNSR0IArs4c6QAAAAlwSFlzAAAXEQAAFxEByibzPwAAAA1JREFUCB1jYGBgsAIAAD8AO+2bAfEAAAAASUVORK5CYII=\" alt=\"page22image1382068656\" width=\"0.480010\" height=\"0.480010\" \/><\/td>\n<td>\n<div class=\"layoutArea\">\n<div class=\"column\">\n<p>\u0130syan\u0131 tertip ve idare etmek<\/p>\n<\/div>\n<\/div>\n<p><img decoding=\"async\" src=\"data:image\/png;base64,iVBORw0KGgoAAAANSUhEUgAAAAEAAAABCAYAAAAfFcSJAAAAAXNSR0IArs4c6QAAAAlwSFlzAAAXEQAAFxEByibzPwAAAA1JREFUCB1jYGBgsAIAAD8AO+2bAfEAAAAASUVORK5CYII=\" alt=\"page22image1382066176\" width=\"0.480010\" height=\"0.480010\" \/><\/td>\n<td>\n<div class=\"layoutArea\">\n<div class=\"column\">\n<p>M\u00fclkiye Ceza kanununun55. Maddesine g\u00f6re idam cezas\u0131. G\u0131yaben. Daha \u00f6nce bu konuda padi\u015fah\u0131n iradesi \u00e7\u0131km\u0131\u015ft\u0131r.<\/p>\n<\/div>\n<\/div>\n<\/td>\n<\/tr>\n<tr>\n<td>\n<div class=\"layoutArea\">\n<div class=\"column\">\n<p>\u015eeyh \u015eahabeddin\u2019inbiraderiMehmed \u015eirin<\/p>\n<\/div>\n<\/div>\n<\/td>\n<td>\n<div class=\"layoutArea\">\n<div class=\"column\">\n<p>Pak\u00fcsankaryesinden<\/p>\n<\/div>\n<\/div>\n<p><img decoding=\"async\" src=\"data:image\/png;base64,iVBORw0KGgoAAAANSUhEUgAAAAEAAAABCAYAAAAfFcSJAAAAAXNSR0IArs4c6QAAAAlwSFlzAAAXEQAAFxEByibzPwAAAA1JREFUCB1jYGBgsAIAAD8AO+2bAfEAAAAASUVORK5CYII=\" alt=\"page22image1381848272\" width=\"0.480010\" height=\"0.480010\" \/><\/td>\n<td>\n<div class=\"layoutArea\">\n<div class=\"column\">\n<p>\u0130syan tertip\u00e7ilerindenolmak ve fiilen isyana kat\u0131lmak<\/p>\n<\/div>\n<\/div>\n<p><img decoding=\"async\" src=\"data:image\/png;base64,iVBORw0KGgoAAAANSUhEUgAAAAEAAAABCAYAAAAfFcSJAAAAAXNSR0IArs4c6QAAAAlwSFlzAAAXEQAAFxEByibzPwAAAA1JREFUCB1jYGBgsAIAAD8AO+2bAfEAAAAASUVORK5CYII=\" alt=\"page22image1381854672\" width=\"0.480010\" height=\"0.480010\" \/><\/td>\n<td>\n<div class=\"layoutArea\">\n<div class=\"column\">\n<p>M\u00fclkiye Ceza kanununun55. Maddesinin \u00fc\u00e7\u00fcnc\u00fc f\u0131kras\u0131na g\u00f6re idam cezas\u0131. G\u0131yaben, daha \u00f6nce bu konuda padi\u015fah\u0131n iradesi \u00e7\u0131km\u0131\u015ft\u0131r.<\/p>\n<\/div>\n<\/div>\n<\/td>\n<\/tr>\n<tr>\n<td>\n<div class=\"layoutArea\">\n<div class=\"column\">\n<p>Molla Said<\/p>\n<\/div>\n<\/div>\n<\/td>\n<td>\n<div class=\"layoutArea\">\n<div class=\"column\">\n<p>\u015eeyhcumanl\u0131 (Huma\u00e7l\u0131)10<\/p>\n<\/div>\n<\/div>\n<\/td>\n<td>\n<div class=\"layoutArea\">\n<div class=\"column\">\n<p>\u0130syan tertip\u00e7ilerindenolmak ve fiilen isyana kat\u0131lmak<\/p>\n<\/div>\n<\/div>\n<\/td>\n<td>\n<div class=\"layoutArea\">\n<div class=\"column\">\n<p>M\u00fclkiye Ceza kanununun 55. Maddesinin \u00fc\u00e7\u00fcnc\u00fc f\u0131kras\u0131na g\u00f6re idam cezas\u0131. G\u0131yaben, daha \u00f6nce bu konuda padi\u015fah\u0131n iradesi \u00e7\u0131km\u0131\u015ft\u0131r.<\/p>\n<\/div>\n<\/div>\n<\/td>\n<\/tr>\n<tr>\n<td>\n<div class=\"layoutArea\">\n<div class=\"column\">\n<p>Abdulsamedo\u011flu MollaMuhyeddin<\/p>\n<\/div>\n<\/div>\n<\/td>\n<td>\n<div class=\"layoutArea\">\n<div class=\"column\">\n<p>Karkarl\u0131<\/p>\n<\/div>\n<\/div>\n<\/td>\n<td>\n<div class=\"layoutArea\">\n<div class=\"column\">\n<p>\u0130syan\u0131n\u0131n d\u00fczenleyicilerinden olmak, y\u00fcr\u00fct\u00fclmesine arac\u0131l\u0131k etmek ve isyan\u0131 te\u015fvik etmek.<\/p>\n<\/div>\n<\/div>\n<\/td>\n<td>\n<div class=\"layoutArea\">\n<div class=\"column\">\n<p>M\u00fclkiye Ceza kanununun 55. Maddesinin \u00fc\u00e7\u00fcnc\u00fc f\u0131kras\u0131na g\u00f6re idamcezas\u0131.<\/p>\n<\/div>\n<\/div>\n<\/td>\n<\/tr>\n<tr>\n<td>\n<div class=\"layoutArea\">\n<div class=\"column\">\n<p>Ren\u00e7ber Cihangir o\u011fluMecid<\/p>\n<\/div>\n<\/div>\n<\/td>\n<td>\n<div class=\"layoutArea\">\n<div class=\"column\">\n<p>Korcanl\u0131<\/p>\n<\/div>\n<\/div>\n<\/td>\n<td>\n<div class=\"layoutArea\">\n<div class=\"column\">\n<p>\u0130syan\u0131n haz\u0131rl\u0131k a\u015famas\u0131nda g\u00f6rev almak, isyana \u00f6nc\u00fcl\u00fck etmek, silahl\u0131 bir \u015fekilde isyana kat\u0131lmak.<\/p>\n<\/div>\n<\/div>\n<\/td>\n<td><img decoding=\"async\" src=\"data:image\/png;base64,iVBORw0KGgoAAAANSUhEUgAAAAEAAAABCAYAAAAfFcSJAAAAAXNSR0IArs4c6QAAAAlwSFlzAAAXEgAAFxIBZ5\/SUgAAAA1JREFUCB1jYGBgsAIAAD8AO+2bAfEAAAAASUVORK5CYII=\" alt=\"page22image1381865856\" width=\"0.479980\" height=\"0.479980\" \/><\/p>\n<div class=\"layoutArea\">\n<div class=\"column\">\n<p>M\u00fclkiye Ceza kanununun 55. Maddesinin \u00fc\u00e7\u00fcnc\u00fc f\u0131kras\u0131na g\u00f6re idam cezas\u0131.<\/p>\n<\/div>\n<\/div>\n<\/td>\n<\/tr>\n<\/tbody>\n<\/table>\n<p><img decoding=\"async\" src=\"data:image\/png;base64,iVBORw0KGgoAAAANSUhEUgAAAJEAAAABCAYAAADevkxgAAAAAXNSR0IArs4c6QAAAAlwSFlzAAANGAAADRgB7vT8mAAAABZJREFUKBVjZGBg2AHEo2A0BMgNAW8Ao5wBBcxkhuwAAAAASUVORK5CYII=\" alt=\"page22image1381869952\" width=\"144.020000\" height=\"0.720030\" \/><\/p>\n<div class=\"layoutArea\">\n<div class=\"column\">\n<p>10 Konuyla ilgili bir belgede \u015eeycumanl\u0131 g\u00f6sterilen Molla Sadi\u2019\u0131n Huma\u00e7l\u0131 oldu\u011fu, bunun yan\u0131 s\u0131ra Huma\u00e7l\u0131 g\u00f6sterilen Molla Resul\u2019un de \u015eeycumanl\u0131 oldu\u011fu bilgisine yer verilmektedir (Bknz. BOA. BEO. SYS-4294\/322017, 1914).<\/p>\n<p>453<\/p>\n<\/div>\n<\/div>\n<\/div>\n<div class=\"page\" title=\"Page 23\">\n<div class=\"layoutArea\">\n<div class=\"column\">\n<p>Demirta\u015f, M. (2018). 1914 Tarihli Bitlis \u0130syan\u0131n\u0131n Osmanl\u0131 Ar\u015fiv Belgelerindeki Yans\u0131malar\u0131-Cezalar, M\u00fck\u00e2fatlar. BE\u00dc SBE Derg.,7(2), 432-492.<\/p>\n<\/div>\n<\/div>\n<p><img decoding=\"async\" src=\"data:image\/png;base64,iVBORw0KGgoAAAANSUhEUgAAAYkAAAABCAYAAAArSVK8AAAAAXNSR0IArs4c6QAAAAlwSFlzAAAP\/gAAD\/4BstaVKgAAACBJREFUOBFjZGBgqALiUTAaAqMhMBoCoyEwGgLoIXAOAPjwAUoFbTrAAAAAAElFTkSuQmCC\" alt=\"page23image1383607296\" width=\"392.590000\" height=\"0.480000\" \/><\/p>\n<div class=\"layoutArea\">\n<div class=\"column\">\n<p>Tablo 1-b. \u0130dam Cezas\u0131na \u00c7arpt\u0131r\u0131lanlar<\/p>\n<\/div>\n<\/div>\n<table>\n<colgroup>\n<col \/>\n<col \/>\n<col \/>\n<col \/><\/colgroup>\n<tbody>\n<tr>\n<td>\n<div class=\"layoutArea\">\n<div class=\"column\">\n<p>Ki\u015fi ad\u0131<\/p>\n<\/div>\n<\/div>\n<\/td>\n<td>\n<div class=\"layoutArea\">\n<div class=\"column\">\n<p>Nerelioldu\u011fu<\/p>\n<\/div>\n<\/div>\n<\/td>\n<td>\n<div class=\"layoutArea\">\n<div class=\"column\">\n<p>Su\u00e7u (cezan\u0131n gerek\u00e7esi)<\/p>\n<\/div>\n<\/div>\n<\/td>\n<td>\n<div class=\"layoutArea\">\n<div class=\"column\">\n<p>Verilen Ceza, kanunmaddesi ve tebli\u011f \u015fekli<\/p>\n<\/div>\n<\/div>\n<\/td>\n<\/tr>\n<tr>\n<td>\n<div class=\"layoutArea\">\n<div class=\"column\">\n<p>Hac\u0131 Papir(Bapir)<\/p>\n<\/div>\n<\/div>\n<\/td>\n<td>\n<div class=\"layoutArea\">\n<div class=\"column\">\n<p>Hivris K\u00f6y\u00fc<\/p>\n<\/div>\n<\/div>\n<\/td>\n<td>\n<div class=\"layoutArea\">\n<div class=\"column\">\n<p>\u0130syan s\u0131ras\u0131nda cebir ve \u015fiddet kullanarak iki jandarman\u0131n silah vecephanesini gasp etmek<\/p>\n<\/div>\n<\/div>\n<\/td>\n<td>\n<div class=\"layoutArea\">\n<div class=\"column\">\n<p>M\u00fclkiye Ceza kanununun 57.<\/p>\n<\/div>\n<\/div>\n<div class=\"layoutArea\">\n<div class=\"column\">\n<p>Maddesinin hakk\u0131ndaki<br \/>\nfezlekeden<br \/>\ncezas\u0131na \u00e7arpt\u0131r\u0131lm\u0131\u015ft\u0131r.<\/p>\n<\/div>\n<\/div>\n<div class=\"layoutArea\">\n<div class=\"column\">\n<p>yan\u0131 s\u0131ra ba\u015fka bir dolay\u0131 idam<\/p>\n<\/div>\n<\/div>\n<\/td>\n<\/tr>\n<tr>\n<td>\n<div class=\"layoutArea\">\n<div class=\"column\">\n<p>H\u00fcseyin o\u011flu Hac\u0131Papir (Bapir)<\/p>\n<\/div>\n<\/div>\n<\/td>\n<td>\n<div class=\"layoutArea\">\n<div class=\"column\">\n<p>Horozlu<\/p>\n<\/div>\n<\/div>\n<\/td>\n<td>\n<div class=\"layoutArea\">\n<div class=\"column\">\n<p>\u0130syan tertip\u00e7ilerindenolmak ve fiilen isyanakat\u0131lmak<\/p>\n<\/div>\n<\/div>\n<\/td>\n<td>\n<div class=\"layoutArea\">\n<div class=\"column\">\n<p>M\u00fclkiye Ceza kanununun 55. Maddesinin \u00fc\u00e7\u00fcnc\u00fc f\u0131kras\u0131na g\u00f6re idam cezas\u0131. G\u0131yaben, daha \u00f6nce bu konuda padi\u015fah\u0131n iradesi \u00e7\u0131km\u0131\u015ft\u0131r.<\/p>\n<\/div>\n<\/div>\n<\/td>\n<\/tr>\n<tr>\n<td>\n<div class=\"layoutArea\">\n<div class=\"column\">\n<p>Musa o\u011flu Hac\u0131Hayran<\/p>\n<\/div>\n<\/div>\n<\/td>\n<td><img decoding=\"async\" src=\"data:image\/png;base64,iVBORw0KGgoAAAANSUhEUgAAAAEAAAABCAYAAAAfFcSJAAAAAXNSR0IArs4c6QAAAAlwSFlzAAAXEQAAFxEByibzPwAAAA1JREFUCB1jYGBgsAIAAD8AO+2bAfEAAAAASUVORK5CYII=\" alt=\"page23image1383729008\" width=\"0.480010\" height=\"0.480010\" \/><\/p>\n<div class=\"layoutArea\">\n<div class=\"column\">\n<p>Huma\u00e7l\u0131<\/p>\n<\/div>\n<\/div>\n<\/td>\n<td><img decoding=\"async\" src=\"data:image\/png;base64,iVBORw0KGgoAAAANSUhEUgAAAAEAAAABCAYAAAAfFcSJAAAAAXNSR0IArs4c6QAAAAlwSFlzAAAXEQAAFxEByibzPwAAAA1JREFUCB1jYGBgsAIAAD8AO+2bAfEAAAAASUVORK5CYII=\" alt=\"page23image1383734256\" width=\"0.480010\" height=\"0.480010\" \/><\/p>\n<div class=\"layoutArea\">\n<div class=\"column\">\n<p>\u0130syan tertip\u00e7ilerindenolmak ve fiilen isyanakat\u0131lmak<\/p>\n<\/div>\n<\/div>\n<\/td>\n<td>\n<div class=\"layoutArea\">\n<div class=\"column\">\n<p>M\u00fclkiye Ceza kanununun 55. Maddesinin \u00fc\u00e7\u00fcnc\u00fc f\u0131kras\u0131na g\u00f6re idam cezas\u0131. G\u0131yaben, daha \u00f6nce bu konuda padi\u015fah\u0131n iradesi \u00e7\u0131km\u0131\u015ft\u0131r.<\/p>\n<\/div>\n<\/div>\n<\/td>\n<\/tr>\n<tr>\n<td>\n<div class=\"layoutArea\">\n<div class=\"column\">\n<p>Mirza A\u011fa O\u011flu Ferso<\/p>\n<\/div>\n<\/div>\n<\/td>\n<td><img decoding=\"async\" src=\"data:image\/png;base64,iVBORw0KGgoAAAANSUhEUgAAAAEAAAABCAYAAAAfFcSJAAAAAXNSR0IArs4c6QAAAAlwSFlzAAAXEQAAFxEByibzPwAAAA1JREFUCB1jYGBgsAIAAD8AO+2bAfEAAAAASUVORK5CYII=\" alt=\"page23image1383759728\" width=\"0.480010\" height=\"0.480010\" \/><\/p>\n<div class=\"layoutArea\">\n<div class=\"column\">\n<p>Huma\u00e7l\u0131<\/p>\n<\/div>\n<\/div>\n<p><img decoding=\"async\" src=\"data:image\/png;base64,iVBORw0KGgoAAAANSUhEUgAAAAEAAAABCAYAAAAfFcSJAAAAAXNSR0IArs4c6QAAAAlwSFlzAAAXEQAAFxEByibzPwAAAA1JREFUCB1jYGBgsAIAAD8AO+2bAfEAAAAASUVORK5CYII=\" alt=\"page23image1383757504\" width=\"0.480010\" height=\"0.480010\" \/><\/td>\n<td><img decoding=\"async\" src=\"data:image\/png;base64,iVBORw0KGgoAAAANSUhEUgAAAAEAAAABCAYAAAAfFcSJAAAAAXNSR0IArs4c6QAAAAlwSFlzAAAXEQAAFxEByibzPwAAAA1JREFUCB1jYGBgsAIAAD8AO+2bAfEAAAAASUVORK5CYII=\" alt=\"page23image1383758304\" width=\"0.480010\" height=\"0.480010\" \/><\/p>\n<div class=\"layoutArea\">\n<div class=\"column\">\n<p>\u0130syan tertip\u00e7ilerindenolmak ve fiilen isyanakat\u0131lmak<\/p>\n<\/div>\n<\/div>\n<p><img decoding=\"async\" src=\"data:image\/png;base64,iVBORw0KGgoAAAANSUhEUgAAAAEAAAABCAYAAAAfFcSJAAAAAXNSR0IArs4c6QAAAAlwSFlzAAAXEQAAFxEByibzPwAAAA1JREFUCB1jYGBgsAIAAD8AO+2bAfEAAAAASUVORK5CYII=\" alt=\"page23image1383766784\" width=\"0.480010\" height=\"0.480010\" \/><\/td>\n<td>\n<div class=\"layoutArea\">\n<div class=\"column\">\n<p>M\u00fclkiye Ceza kanununun 55. Maddesinin \u00fc\u00e7\u00fcnc\u00fc f\u0131kras\u0131na g\u00f6re idam cezas\u0131. G\u0131yaben, daha \u00f6nce bu konuda padi\u015fah\u0131n iradesi \u00e7\u0131km\u0131\u015ft\u0131r.<\/p>\n<\/div>\n<\/div>\n<\/td>\n<\/tr>\n<tr>\n<td>\n<div class=\"layoutArea\">\n<div class=\"column\">\n<p>Molla Resul<\/p>\n<\/div>\n<\/div>\n<\/td>\n<td>\n<div class=\"layoutArea\">\n<div class=\"column\">\n<p>\u015eetekNahiyesi\u015eeyh Hasan K\u00f6y\u00fc<\/p>\n<\/div>\n<\/div>\n<\/td>\n<td>\n<div class=\"layoutArea\">\n<div class=\"column\">\n<p>\u0130syan tertip\u00e7ilerindenolmak ve fiilen isyanakat\u0131lmak<\/p>\n<\/div>\n<\/div>\n<\/td>\n<td>\n<div class=\"layoutArea\">\n<div class=\"column\">\n<p>M\u00fclkiye Ceza kanununun 55. Maddesinin \u00fc\u00e7\u00fcnc\u00fc f\u0131kras\u0131na g\u00f6re idam cezas\u0131. G\u0131yaben, daha \u00f6nce bu konuda padi\u015fah\u0131n iradesi \u00e7\u0131km\u0131\u015ft\u0131r.<\/p>\n<\/div>\n<\/div>\n<p><img decoding=\"async\" src=\"data:image\/png;base64,iVBORw0KGgoAAAANSUhEUgAAAAEAAAABCAYAAAAfFcSJAAAAAXNSR0IArs4c6QAAAAlwSFlzAAAXEgAAFxIBZ5\/SUgAAAA1JREFUCB1jYGBgsAIAAD8AO+2bAfEAAAAASUVORK5CYII=\" alt=\"page23image1383807472\" width=\"0.479980\" height=\"0.479980\" \/><\/td>\n<\/tr>\n<tr>\n<td>\n<div class=\"layoutArea\">\n<div class=\"column\">\n<p>MollaC\u00fcndi<\/p>\n<\/div>\n<\/div>\n<\/td>\n<td>\n<div class=\"layoutArea\">\n<div class=\"column\">\n<p>Korcan<\/p>\n<\/div>\n<\/div>\n<\/td>\n<td>\n<div class=\"layoutArea\">\n<div class=\"column\">\n<p>G\u00fcvenlik g\u00fc\u00e7leri ileya\u015fanan \u00e7at\u0131\u015fmada isyanc\u0131lar\u0131desteklemek, genel olarak isyana destekvermek ve olaya i\u015ftiraketmek,<\/p>\n<\/div>\n<\/div>\n<\/td>\n<td>\n<div class=\"layoutArea\">\n<div class=\"column\">\n<p>M\u00fclkiye Ceza kanununun 55. Maddesinin \u00fc\u00e7\u00fcnc\u00fc f\u0131kras\u0131na g\u00f6re idam cezas\u0131.<\/p>\n<\/div>\n<\/div>\n<p><img decoding=\"async\" src=\"data:image\/png;base64,iVBORw0KGgoAAAANSUhEUgAAAAEAAAABCAYAAAAfFcSJAAAAAXNSR0IArs4c6QAAAAlwSFlzAAAXEgAAFxIBZ5\/SUgAAAA1JREFUCB1jYGBgSAMAAGsAZ3g+PVkAAAAASUVORK5CYII=\" alt=\"page23image1382212752\" width=\"0.479980\" height=\"0.479980\" \/><\/td>\n<\/tr>\n<\/tbody>\n<\/table>\n<div class=\"layoutArea\">\n<div class=\"column\">\n<p>Tablo 1-c. \u0130dam Cezas\u0131na \u00c7arpt\u0131r\u0131lanlar<\/p>\n<\/div>\n<\/div>\n<table>\n<colgroup>\n<col \/>\n<col \/>\n<col \/>\n<col \/><\/colgroup>\n<tbody>\n<tr>\n<td>\n<div class=\"layoutArea\">\n<div class=\"column\">\n<p>Ki\u015fi ad\u0131<\/p>\n<\/div>\n<\/div>\n<\/td>\n<td>\n<div class=\"layoutArea\">\n<div class=\"column\">\n<p>Nerelioldu\u011fu<\/p>\n<\/div>\n<\/div>\n<\/td>\n<td>\n<div class=\"layoutArea\">\n<div class=\"column\">\n<p>Su\u00e7u (cezan\u0131n gerek\u00e7esi)<\/p>\n<\/div>\n<\/div>\n<\/td>\n<td><img decoding=\"async\" src=\"data:image\/png;base64,iVBORw0KGgoAAAANSUhEUgAAAAEAAAABCAYAAAAfFcSJAAAAAXNSR0IArs4c6QAAAAlwSFlzAAAXEgAAFxIBZ5\/SUgAAAA1JREFUCB1jYGBgSAMAAGsAZ3g+PVkAAAAASUVORK5CYII=\" alt=\"page23image1383814224\" width=\"0.479980\" height=\"0.479980\" \/><\/p>\n<div class=\"layoutArea\">\n<div class=\"column\">\n<p>Verilen Ceza, kanunmaddesi ve tebli\u011f \u015fekli<\/p>\n<\/div>\n<\/div>\n<p><img decoding=\"async\" src=\"data:image\/png;base64,iVBORw0KGgoAAAANSUhEUgAAAAEAAAABCAYAAAAfFcSJAAAAAXNSR0IArs4c6QAAAAlwSFlzAAAXEgAAFxIBZ5\/SUgAAAA1JREFUCB1jYGBgsAIAAD8AO+2bAfEAAAAASUVORK5CYII=\" alt=\"page23image1383819312\" width=\"0.479980\" height=\"0.479980\" \/><\/td>\n<\/tr>\n<tr>\n<td>\n<div class=\"layoutArea\">\n<div class=\"column\">\n<p>Hac\u0131 Yakub o\u011flu \u015eeyh Yusuf<\/p>\n<\/div>\n<\/div>\n<\/td>\n<td>\n<div class=\"layoutArea\">\n<div class=\"column\">\n<p>Horozlu<\/p>\n<\/div>\n<\/div>\n<\/td>\n<td>\n<div class=\"layoutArea\">\n<div class=\"column\">\n<p>\u0130syan tertip\u00e7ilerindenolmak ve fiilen isyanakat\u0131lmak<\/p>\n<\/div>\n<\/div>\n<\/td>\n<td>\n<div class=\"layoutArea\">\n<div class=\"column\">\n<p>M\u00fclkiye Ceza kanununun 55. Maddesinin \u00fc\u00e7\u00fcnc\u00fc f\u0131kras\u0131na g\u00f6re idam cezas\u0131. G\u0131yaben, daha \u00f6nce bu konuda padi\u015fah\u0131n iradesi \u00e7\u0131km\u0131\u015ft\u0131r.<\/p>\n<\/div>\n<\/div>\n<p><img decoding=\"async\" src=\"data:image\/png;base64,iVBORw0KGgoAAAANSUhEUgAAAAEAAAABCAYAAAAfFcSJAAAAAXNSR0IArs4c6QAAAAlwSFlzAAAXEgAAFxIBZ5\/SUgAAAA1JREFUCB1jYGBgSAMAAGsAZ3g+PVkAAAAASUVORK5CYII=\" alt=\"page23image1382254144\" width=\"0.479980\" height=\"0.479980\" \/><\/td>\n<\/tr>\n<\/tbody>\n<\/table>\n<div class=\"layoutArea\">\n<div class=\"column\">\n<p>454<\/p>\n<\/div>\n<\/div>\n<\/div>\n<div class=\"page\" title=\"Page 24\">\n<div class=\"layoutArea\">\n<div class=\"column\">\n<p>Demirta\u015f, M. (2018). 1914 Tarihli Bitlis \u0130syan\u0131n\u0131n Osmanl\u0131 Ar\u015fiv Belgelerindeki Yans\u0131malar\u0131-Cezalar, M\u00fck\u00e2fatlar. BE\u00dc SBE Derg.,7(2), 432-492.<\/p>\n<\/div>\n<\/div>\n<p><img decoding=\"async\" src=\"data:image\/png;base64,iVBORw0KGgoAAAANSUhEUgAAAYkAAAABCAYAAAArSVK8AAAAAXNSR0IArs4c6QAAAAlwSFlzAAAP\/gAAD\/4BstaVKgAAACBJREFUOBFjZGBgqALiUTAaAqMhMBoCoyEwGgLoIXAOAPjwAUoFbTrAAAAAAElFTkSuQmCC\" alt=\"page24image1382477568\" width=\"392.590000\" height=\"0.480000\" \/><\/p>\n<table>\n<colgroup>\n<col \/>\n<col \/>\n<col \/>\n<col \/><\/colgroup>\n<tbody>\n<tr>\n<td>\n<div class=\"layoutArea\">\n<div class=\"column\">\n<p>Mirza o\u011fluFakih Ali<\/p>\n<\/div>\n<\/div>\n<\/td>\n<td>\n<div class=\"layoutArea\">\n<div class=\"column\">\n<p>Olek-i S\u00fcfla (A\u015fa\u011f\u0131 \u00d6lek)Karyesinden<\/p>\n<\/div>\n<\/div>\n<\/td>\n<td>\n<div class=\"layoutArea\">\n<div class=\"column\">\n<p>\u0130syan tertip\u00e7ilerindenolmak ve fiilen isyana kat\u0131lmak<\/p>\n<\/div>\n<\/div>\n<\/td>\n<td>\n<div class=\"layoutArea\">\n<div class=\"column\">\n<p>M\u00fclkiye Ceza kanununun 55. Maddesinin \u00fc\u00e7\u00fcnc\u00fc f\u0131kras\u0131na g\u00f6re idam cezas\u0131. G\u0131yaben, daha \u00f6nce bu konuda padi\u015fah\u0131n iradesi\u00e7\u0131km\u0131\u015ft\u0131r.<\/p>\n<\/div>\n<\/div>\n<\/td>\n<\/tr>\n<tr>\n<td>\n<div class=\"layoutArea\">\n<div class=\"column\">\n<p>\u0130sa o\u011fluYusuf<\/p>\n<\/div>\n<\/div>\n<\/td>\n<td>\n<div class=\"layoutArea\">\n<div class=\"column\">\n<p>Olek-i Ulya(Yukar\u0131 \u00d6lek)Karyesinden<\/p>\n<\/div>\n<\/div>\n<\/td>\n<td>\n<div class=\"layoutArea\">\n<div class=\"column\">\n<p>\u0130syan tertip\u00e7ilerindenolmak ve fiilen isyana kat\u0131lmak<\/p>\n<\/div>\n<\/div>\n<\/td>\n<td>\n<div class=\"layoutArea\">\n<div class=\"column\">\n<p>M\u00fclkiye Ceza kanununun 55. Maddesinin \u00fc\u00e7\u00fcnc\u00fc f\u0131kras\u0131na g\u00f6re idam cezas\u0131. G\u0131yaben, daha \u00f6nce bu konuda padi\u015fah\u0131n iradesi \u00e7\u0131km\u0131\u015ft\u0131r (BOA. BEO. SYS- 4299\/322380, 1914).<\/p>\n<\/div>\n<\/div>\n<\/td>\n<\/tr>\n<tr>\n<td>\n<div class=\"layoutArea\">\n<div class=\"column\">\n<p>Ali o\u011fluMustafa<\/p>\n<\/div>\n<\/div>\n<\/td>\n<td>\n<div class=\"layoutArea\">\n<div class=\"column\">\n<p>Horozlu<\/p>\n<\/div>\n<\/div>\n<\/td>\n<td>\n<div class=\"layoutArea\">\n<div class=\"column\">\n<p>\u0130syan tertip\u00e7ilerindenolmak ve fiilen isyana kat\u0131lmak<\/p>\n<\/div>\n<\/div>\n<\/td>\n<td>\n<div class=\"layoutArea\">\n<div class=\"column\">\n<p>M\u00fclkiye Ceza kanununun 55. Maddesinin \u00fc\u00e7\u00fcnc\u00fc f\u0131kras\u0131na g\u00f6re idam cezas\u0131. G\u0131yaben, daha \u00f6nce bu konuda padi\u015fah\u0131n iradesi \u00e7\u0131km\u0131\u015ft\u0131r.<\/p>\n<\/div>\n<\/div>\n<p><img decoding=\"async\" src=\"data:image\/png;base64,iVBORw0KGgoAAAANSUhEUgAAAAEAAAABCAYAAAAfFcSJAAAAAXNSR0IArs4c6QAAAAlwSFlzAAAXEgAAFxIBZ5\/SUgAAAA1JREFUCB1jYGBgsAIAAD8AO+2bAfEAAAAASUVORK5CYII=\" alt=\"page24image1382556144\" width=\"0.479980\" height=\"0.479980\" \/><\/td>\n<\/tr>\n<tr>\n<td>\n<div class=\"layoutArea\">\n<div class=\"column\">\n<p>Mehmed Emin<\/p>\n<\/div>\n<\/div>\n<\/td>\n<td>\n<div class=\"layoutArea\">\n<div class=\"column\">\n<p>\u015eirvan Kazas\u0131n\u0131n \u00dcr\u00fcnKaryesinden<\/p>\n<\/div>\n<\/div>\n<\/td>\n<td>\n<div class=\"layoutArea\">\n<div class=\"column\">\n<p>\u0130syan tertip\u00e7ilerindenolmak ve fiilen isyana kat\u0131lmak<\/p>\n<\/div>\n<\/div>\n<\/td>\n<td>\n<div class=\"layoutArea\">\n<div class=\"column\">\n<p>M\u00fclkiye Ceza kanununun 55. Maddesinin \u00fc\u00e7\u00fcnc\u00fc f\u0131kras\u0131na g\u00f6re idam cezas\u0131. G\u0131yaben, daha \u00f6nce bu konuda padi\u015fah\u0131n iradesi \u00e7\u0131km\u0131\u015ft\u0131r.<\/p>\n<\/div>\n<\/div>\n<\/td>\n<\/tr>\n<tr>\n<td>\n<div class=\"layoutArea\">\n<div class=\"column\">\n<p>Abdullaho\u011flu Hur\u015fid<\/p>\n<\/div>\n<\/div>\n<\/td>\n<td>\n<div class=\"layoutArea\">\n<div class=\"column\">\n<p>Horozk\u00f6y\u00fcnden<\/p>\n<\/div>\n<\/div>\n<\/td>\n<td>\n<div class=\"layoutArea\">\n<div class=\"column\">\n<p>\u0130syan\u0131<br \/>\ndesteklemek,<br \/>\nAli\u2019nin<br \/>\narac\u0131l\u0131k etmek ve bu konuda g\u00f6rev almakt\u0131.<\/p>\n<\/div>\n<\/div>\n<div class=\"layoutArea\">\n<div class=\"column\">\n<p>bizzat Seyyidtebligat\u0131na<\/p>\n<\/div>\n<\/div>\n<\/td>\n<td><img decoding=\"async\" src=\"data:image\/png;base64,iVBORw0KGgoAAAANSUhEUgAAAAEAAAABCAYAAAAfFcSJAAAAAXNSR0IArs4c6QAAAAlwSFlzAAAXEgAAFxIBZ5\/SUgAAAA1JREFUCB1jYGBgsAIAAD8AO+2bAfEAAAAASUVORK5CYII=\" alt=\"page24image1383645168\" width=\"0.479980\" height=\"0.479980\" \/><\/p>\n<div class=\"layoutArea\">\n<div class=\"column\">\n<p>M\u00fclkiye Ceza kanununun 55. Maddesinin \u00fc\u00e7\u00fcnc\u00fc f\u0131kras\u0131na g\u00f6re idam cezas\u0131.<\/p>\n<\/div>\n<\/div>\n<\/td>\n<\/tr>\n<tr>\n<td>\n<div class=\"layoutArea\">\n<div class=\"column\">\n<p>Hakan-\u0131 Sab\u0131k T\u00fcfek\u00e7isiAli<\/p>\n<\/div>\n<\/div>\n<\/td>\n<td>\n<div class=\"layoutArea\">\n<div class=\"column\">\n<p>Hivrisk\u00f6y\u00fcnden<\/p>\n<\/div>\n<\/div>\n<\/td>\n<td><img decoding=\"async\" src=\"data:image\/png;base64,iVBORw0KGgoAAAANSUhEUgAAAAEAAAABCAYAAAAfFcSJAAAAAXNSR0IArs4c6QAAAAlwSFlzAAAXEQAAFxEByibzPwAAAA1JREFUCB1jYGBgsAIAAD8AO+2bAfEAAAAASUVORK5CYII=\" alt=\"page24image1383635392\" width=\"0.480010\" height=\"0.480010\" \/><\/p>\n<div class=\"layoutArea\">\n<div class=\"column\">\n<p>\u0130syana \u00f6n ayak olmak<\/p>\n<\/div>\n<\/div>\n<\/td>\n<td>\n<div class=\"layoutArea\">\n<div class=\"column\">\n<p>M\u00fclkiye Ceza kanununun55. Maddesinin \u00fc\u00e7\u00fcnc\u00fc f\u0131kras\u0131na g\u00f6re idam cezas\u0131.<\/p>\n<\/div>\n<\/div>\n<p><img decoding=\"async\" src=\"data:image\/png;base64,iVBORw0KGgoAAAANSUhEUgAAAAEAAAABCAYAAAAfFcSJAAAAAXNSR0IArs4c6QAAAAlwSFlzAAAXEgAAFxIBZ5\/SUgAAAA1JREFUCB1jYGBgsAIAAD8AO+2bAfEAAAAASUVORK5CYII=\" alt=\"page24image1383629776\" width=\"0.479980\" height=\"0.479980\" \/><\/td>\n<\/tr>\n<tr>\n<td>\n<div class=\"layoutArea\">\n<div class=\"column\">\n<p>Haso o\u011flu Hac\u0131 Mer\u2018an<\/p>\n<\/div>\n<\/div>\n<\/td>\n<td>\n<div class=\"layoutArea\">\n<div class=\"column\">\n<p>Huma\u00e7l\u0131<\/p>\n<\/div>\n<\/div>\n<\/td>\n<td>\n<div class=\"layoutArea\">\n<div class=\"column\">\n<p>\u0130syan\u0131n d\u00fczenleyici ve y\u00fcr\u00fct\u00fcc\u00fclerinden olmak, sahip oldu\u011fu g\u00fc\u00e7 bak\u0131m\u0131ndan isyan\u0131 te\u015fvik ve tahrik etmek, isyana fiilen kat\u0131lmak ve \u00f6n ayak olmakt\u0131<\/p>\n<\/div>\n<\/div>\n<\/td>\n<td>\n<div class=\"layoutArea\">\n<div class=\"column\">\n<p>M\u00fclkiye Ceza kanununun55. Maddesinin \u00fc\u00e7\u00fcnc\u00fc f\u0131kras\u0131na g\u00f6re idam cezas\u0131.<\/p>\n<\/div>\n<\/div>\n<\/td>\n<\/tr>\n<\/tbody>\n<\/table>\n<div class=\"layoutArea\">\n<div class=\"column\">\n<p>455<\/p>\n<\/div>\n<\/div>\n<\/div>\n<div class=\"page\" title=\"Page 25\">\n<div class=\"layoutArea\">\n<div class=\"column\">\n<p>Demirta\u015f, M. (2018). 1914 Tarihli Bitlis \u0130syan\u0131n\u0131n Osmanl\u0131 Ar\u015fiv Belgelerindeki Yans\u0131malar\u0131-Cezalar, M\u00fck\u00e2fatlar. BE\u00dc SBE Derg.,7(2), 432-492.<\/p>\n<\/div>\n<\/div>\n<p><img decoding=\"async\" src=\"data:image\/png;base64,iVBORw0KGgoAAAANSUhEUgAAAYkAAAABCAYAAAArSVK8AAAAAXNSR0IArs4c6QAAAAlwSFlzAAAP\/gAAD\/4BstaVKgAAACBJREFUOBFjZGBgqALiUTAaAqMhMBoCoyEwGgLoIXAOAPjwAUoFbTrAAAAAAElFTkSuQmCC\" alt=\"page25image1384133648\" width=\"392.590000\" height=\"0.480000\" \/><\/p>\n<div class=\"layoutArea\">\n<div class=\"column\">\n<p>Tablo 1-d. \u0130dam Cezas\u0131na \u00c7arpt\u0131r\u0131lanlar<\/p>\n<\/div>\n<\/div>\n<table>\n<colgroup>\n<col \/>\n<col \/>\n<col \/>\n<col \/><\/colgroup>\n<tbody>\n<tr>\n<td>\n<div class=\"layoutArea\">\n<div class=\"column\">\n<p>Ki\u015fi ad\u0131<\/p>\n<\/div>\n<\/div>\n<\/td>\n<td>\n<div class=\"layoutArea\">\n<div class=\"column\">\n<p>Nerelioldu\u011fu<\/p>\n<\/div>\n<\/div>\n<\/td>\n<td>\n<div class=\"layoutArea\">\n<div class=\"column\">\n<p>Su\u00e7u (cezan\u0131n gerek\u00e7esi)<\/p>\n<\/div>\n<\/div>\n<\/td>\n<td>\n<div class=\"layoutArea\">\n<div class=\"column\">\n<p>Verilen Ceza, kanunmaddesi ve tebli\u011f \u015fekli<\/p>\n<\/div>\n<\/div>\n<\/td>\n<\/tr>\n<tr>\n<td>\n<div class=\"layoutArea\">\n<div class=\"column\">\n<p>Ahmedhan<\/p>\n<\/div>\n<\/div>\n<\/td>\n<td>\n<div class=\"layoutArea\">\n<div class=\"column\">\n<p>Ad\u0131 Ge\u00e7en \u00dcr\u00fcnKaryesinden<\/p>\n<\/div>\n<\/div>\n<\/td>\n<td>\n<div class=\"layoutArea\">\n<div class=\"column\">\n<p>\u0130syan tertip\u00e7ilerindenolmak ve fiilen isyanakat\u0131lmak<\/p>\n<\/div>\n<\/div>\n<\/td>\n<td>\n<div class=\"layoutArea\">\n<div class=\"column\">\n<p>M\u00fclkiye Ceza kanununun 55. Maddesinin \u00fc\u00e7\u00fcnc\u00fc f\u0131kras\u0131na g\u00f6re idam cezas\u0131. G\u0131yaben, daha \u00f6nce bu konuda padi\u015fah\u0131n iradesi \u00e7\u0131km\u0131\u015ft\u0131r.<\/p>\n<\/div>\n<\/div>\n<\/td>\n<\/tr>\n<tr>\n<td>\n<div class=\"layoutArea\">\n<div class=\"column\">\n<p>Musa o\u011fluMolla Davud<\/p>\n<\/div>\n<\/div>\n<\/td>\n<td>\n<div class=\"layoutArea\">\n<div class=\"column\">\n<p>Huma\u00e7Karyesinden<\/p>\n<\/div>\n<\/div>\n<\/td>\n<td>\n<div class=\"layoutArea\">\n<div class=\"column\">\n<p>\u0130syan tertip\u00e7ilerindenolmak ve fiilen isyanakat\u0131lmak<\/p>\n<\/div>\n<\/div>\n<\/td>\n<td>\n<div class=\"layoutArea\">\n<div class=\"column\">\n<p>M\u00fclkiye Ceza kanununun 55. Maddesinin \u00fc\u00e7\u00fcnc\u00fc f\u0131kras\u0131na g\u00f6re idam cezas\u0131. G\u0131yaben, daha \u00f6nce bu konuda padi\u015fah\u0131n iradesi \u00e7\u0131km\u0131\u015ft\u0131r.<\/p>\n<\/div>\n<\/div>\n<\/td>\n<\/tr>\n<tr>\n<td>\n<div class=\"layoutArea\">\n<div class=\"column\">\n<p>Hamo o\u011fluFakih Halil<\/p>\n<\/div>\n<\/div>\n<\/td>\n<td><img decoding=\"async\" src=\"data:image\/png;base64,iVBORw0KGgoAAAANSUhEUgAAAEoAAAABCAYAAAB5TzjeAAAAAXNSR0IArs4c6QAAAAlwSFlzAAAQEQAAEBEBCs7bNAAAABZJREFUGBljZGBgyAJiASAeBbhDYCEAjlUBHVg\/dsEAAAAASUVORK5CYII=\" alt=\"page25image1380612096\" width=\"73.224000\" height=\"0.480010\" \/><\/p>\n<div class=\"layoutArea\">\n<div class=\"column\">\n<p>Huma\u00e7Karyesinden<\/p>\n<\/div>\n<\/div>\n<p><img decoding=\"async\" src=\"data:image\/png;base64,iVBORw0KGgoAAAANSUhEUgAAAEoAAAABCAYAAAB5TzjeAAAAAXNSR0IArs4c6QAAAAlwSFlzAAAQEQAAEBEBCs7bNAAAABZJREFUGBljZGBgyAJiASAeBbhDYCEAjlUBHVg\/dsEAAAAASUVORK5CYII=\" alt=\"page25image1380613168\" width=\"73.224000\" height=\"0.480010\" \/><\/td>\n<td>\n<div class=\"layoutArea\">\n<div class=\"column\">\n<p>\u0130syan tertip\u00e7ilerindenolmak ve fiilen isyanakat\u0131lmak<\/p>\n<\/div>\n<\/div>\n<\/td>\n<td>\n<div class=\"layoutArea\">\n<div class=\"column\">\n<p>M\u00fclkiye Ceza kanununun55. Maddesinin \u00fc\u00e7\u00fcnc\u00fc f\u0131kras\u0131na g\u00f6re idam cezas\u0131. G\u0131yaben, daha \u00f6nce bu konuda padi\u015fah\u0131n iradesi \u00e7\u0131km\u0131\u015ft\u0131r.<\/p>\n<\/div>\n<\/div>\n<\/td>\n<\/tr>\n<tr>\n<td>\n<div class=\"layoutArea\">\n<div class=\"column\">\n<p>SofuAbd\u00fcrrahman<\/p>\n<\/div>\n<\/div>\n<\/td>\n<td>\n<div class=\"layoutArea\">\n<div class=\"column\">\n<p>Korcan Karyesinden<\/p>\n<\/div>\n<\/div>\n<p><img decoding=\"async\" src=\"data:image\/png;base64,iVBORw0KGgoAAAANSUhEUgAAAEoAAAABCAYAAAB5TzjeAAAAAXNSR0IArs4c6QAAAAlwSFlzAAAQEQAAEBEBCs7bNAAAABZJREFUGBljZGBgyAJiASAeBbhDYCEAjlUBHVg\/dsEAAAAASUVORK5CYII=\" alt=\"page25image1380644016\" width=\"73.224000\" height=\"0.480010\" \/><\/td>\n<td>\n<div class=\"layoutArea\">\n<div class=\"column\">\n<p>\u0130syan tertip\u00e7ilerindenolmak ve fiilen isyanakat\u0131lmak<\/p>\n<\/div>\n<\/div>\n<\/td>\n<td>\n<div class=\"layoutArea\">\n<div class=\"column\">\n<p>M\u00fclkiye Ceza kanununun 55. Maddesinin \u00fc\u00e7\u00fcnc\u00fc f\u0131kras\u0131na g\u00f6re idam cezas\u0131. G\u0131yaben, daha \u00f6nce bu konuda padi\u015fah\u0131n iradesi \u00e7\u0131km\u0131\u015ft\u0131r.<\/p>\n<\/div>\n<\/div>\n<\/td>\n<\/tr>\n<tr>\n<td>\n<div class=\"layoutArea\">\n<div class=\"column\">\n<p>Yusuf o\u011flu S\u00fcleyman A\u011fa<\/p>\n<\/div>\n<\/div>\n<\/td>\n<td>\n<div class=\"layoutArea\">\n<div class=\"column\">\n<p>Ha\u00e7ukanKaryesi<\/p>\n<\/div>\n<\/div>\n<\/td>\n<td>\n<div class=\"layoutArea\">\n<div class=\"column\">\n<p>\u0130syan\u0131n reislerinden olmak ve halk\u0131 isyana te\u015fvik etmek<\/p>\n<\/div>\n<\/div>\n<p><img decoding=\"async\" src=\"data:image\/png;base64,iVBORw0KGgoAAAANSUhEUgAAAAEAAAABCAYAAAAfFcSJAAAAAXNSR0IArs4c6QAAAAlwSFlzAAAXEgAAFxIBZ5\/SUgAAAA1JREFUCB1jYGBgsAIAAD8AO+2bAfEAAAAASUVORK5CYII=\" alt=\"page25image1380679296\" width=\"0.479980\" height=\"0.479980\" \/><\/td>\n<td>\n<div class=\"layoutArea\">\n<div class=\"column\">\n<p>M\u00fclkiye Ceza kanununun 55. Maddesinin \u00fc\u00e7\u00fcnc\u00fc f\u0131kras\u0131na g\u00f6re idam cezas\u0131. Y\u00fcz\u00fcne okunarak, daha \u00f6nce bu konuda padi\u015fah\u0131n iradesi \u00e7\u0131km\u0131\u015ft\u0131r.<\/p>\n<\/div>\n<\/div>\n<p><img decoding=\"async\" src=\"data:image\/png;base64,iVBORw0KGgoAAAANSUhEUgAAAAEAAAABCAYAAAAfFcSJAAAAAXNSR0IArs4c6QAAAAlwSFlzAAAXEgAAFxIBZ5\/SUgAAAA1JREFUCB1jYGBgSAMAAGsAZ3g+PVkAAAAASUVORK5CYII=\" alt=\"page25image1380692960\" width=\"0.479980\" height=\"0.479980\" \/><\/td>\n<\/tr>\n<\/tbody>\n<\/table>\n<div class=\"layoutArea\">\n<div class=\"column\">\n<p>Tablo 1-e. \u0130dam Cezas\u0131na \u00c7arpt\u0131r\u0131lanlar<\/p>\n<\/div>\n<\/div>\n<table>\n<colgroup>\n<col \/>\n<col \/>\n<col \/>\n<col \/><\/colgroup>\n<tbody>\n<tr>\n<td>\n<div class=\"layoutArea\">\n<div class=\"column\">\n<p>Ki\u015fi ad\u0131<\/p>\n<\/div>\n<\/div>\n<\/td>\n<td>\n<div class=\"layoutArea\">\n<div class=\"column\">\n<p>Nereli oldu\u011fu<\/p>\n<\/div>\n<\/div>\n<\/td>\n<td>\n<div class=\"layoutArea\">\n<div class=\"column\">\n<p>Su\u00e7u (cezan\u0131n gerek\u00e7esi)<\/p>\n<\/div>\n<\/div>\n<\/td>\n<td><img decoding=\"async\" src=\"data:image\/png;base64,iVBORw0KGgoAAAANSUhEUgAAAAEAAAABCAYAAAAfFcSJAAAAAXNSR0IArs4c6QAAAAlwSFlzAAAXEgAAFxIBZ5\/SUgAAAA1JREFUCB1jYGBgSAMAAGsAZ3g+PVkAAAAASUVORK5CYII=\" alt=\"page25image1382699440\" width=\"0.479980\" height=\"0.479980\" \/><\/p>\n<div class=\"layoutArea\">\n<div class=\"column\">\n<p>Verilen Ceza, kanunmaddesi ve tebli\u011f \u015fekli<\/p>\n<\/div>\n<\/div>\n<p><img decoding=\"async\" src=\"data:image\/png;base64,iVBORw0KGgoAAAANSUhEUgAAAAEAAAABCAYAAAAfFcSJAAAAAXNSR0IArs4c6QAAAAlwSFlzAAAXEgAAFxIBZ5\/SUgAAAA1JREFUCB1jYGBgsAIAAD8AO+2bAfEAAAAASUVORK5CYII=\" alt=\"page25image1382659056\" width=\"0.479980\" height=\"0.479980\" \/><\/td>\n<\/tr>\n<tr>\n<td>\n<div class=\"layoutArea\">\n<div class=\"column\">\n<p>Ferho o\u011fluFakih Selim<\/p>\n<\/div>\n<\/div>\n<\/td>\n<td>\n<div class=\"layoutArea\">\n<div class=\"column\">\n<p>Yako Karyesinden MerkezSar\u0131konak Buca\u011f\u0131, \u00dcnald\u0131 K\u00f6y\u00fc<\/p>\n<\/div>\n<\/div>\n<\/td>\n<td>\n<div class=\"layoutArea\">\n<div class=\"column\">\n<p>\u0130syan\u0131n reislerinden olup isyanda do\u011frudanyer almak<\/p>\n<\/div>\n<\/div>\n<\/td>\n<td>\n<div class=\"layoutArea\">\n<div class=\"column\">\n<p>M\u00fclkiye Ceza kanununun 55. Maddesinin \u00fc\u00e7\u00fcnc\u00fc f\u0131kras\u0131na g\u00f6re idam cezas\u0131. Y\u00fcz\u00fcne okunarak, daha \u00f6nce bu konuda padi\u015fah\u0131n iradesi \u00e7\u0131km\u0131\u015ft\u0131r.<\/p>\n<\/div>\n<\/div>\n<p><img decoding=\"async\" src=\"data:image\/png;base64,iVBORw0KGgoAAAANSUhEUgAAAAEAAAABCAYAAAAfFcSJAAAAAXNSR0IArs4c6QAAAAlwSFlzAAAXEgAAFxIBZ5\/SUgAAAA1JREFUCB1jYGBgSAMAAGsAZ3g+PVkAAAAASUVORK5CYII=\" alt=\"page25image1382663088\" width=\"0.479980\" height=\"0.479980\" \/><\/td>\n<\/tr>\n<\/tbody>\n<\/table>\n<div class=\"layoutArea\">\n<div class=\"column\">\n<p>456<\/p>\n<\/div>\n<\/div>\n<\/div>\n<div class=\"page\" title=\"Page 26\">\n<div class=\"layoutArea\">\n<div class=\"column\">\n<p>Demirta\u015f, M. (2018). 1914 Tarihli Bitlis \u0130syan\u0131n\u0131n Osmanl\u0131 Ar\u015fiv Belgelerindeki Yans\u0131malar\u0131-Cezalar, M\u00fck\u00e2fatlar. BE\u00dc SBE Derg.,7(2), 432-492.<\/p>\n<\/div>\n<\/div>\n<p><img decoding=\"async\" src=\"data:image\/png;base64,iVBORw0KGgoAAAANSUhEUgAAAYkAAAABCAYAAAArSVK8AAAAAXNSR0IArs4c6QAAAAlwSFlzAAAP\/gAAD\/4BstaVKgAAACBJREFUOBFjZGBgqALiUTAaAqMhMBoCoyEwGgLoIXAOAPjwAUoFbTrAAAAAAElFTkSuQmCC\" alt=\"page26image1380390672\" width=\"392.590000\" height=\"0.480000\" \/><\/p>\n<table>\n<colgroup>\n<col \/>\n<col \/>\n<col \/>\n<col \/><\/colgroup>\n<tbody>\n<tr>\n<td>\n<div class=\"layoutArea\">\n<div class=\"column\">\n<p>Fakih Halilo\u011flu Hac\u0131Murad<\/p>\n<\/div>\n<\/div>\n<\/td>\n<td>\n<div class=\"layoutArea\">\n<div class=\"column\">\n<p>Horozlu<\/p>\n<\/div>\n<\/div>\n<\/td>\n<td>\n<div class=\"layoutArea\">\n<div class=\"column\">\n<p>\u0130syan tertip\u00e7ilerindenolmak ve fiilen isyana kat\u0131lmak<\/p>\n<\/div>\n<\/div>\n<\/td>\n<td>\n<div class=\"layoutArea\">\n<div class=\"column\">\n<p>M\u00fclkiye Ceza kanununun 55. Maddesinin \u00fc\u00e7\u00fcnc\u00fc f\u0131kras\u0131na g\u00f6re idam cezas\u0131. G\u0131yaben, daha \u00f6nce bu konuda padi\u015fah\u0131n iradesi \u00e7\u0131km\u0131\u015ft\u0131r.<\/p>\n<\/div>\n<\/div>\n<\/td>\n<\/tr>\n<tr>\n<td>\n<div class=\"layoutArea\">\n<div class=\"column\">\n<p>Molla Resul<\/p>\n<\/div>\n<\/div>\n<\/td>\n<td>\n<div class=\"layoutArea\">\n<div class=\"column\">\n<p>\u015eeyhcuman<\/p>\n<\/div>\n<\/div>\n<\/td>\n<td>\n<div class=\"layoutArea\">\n<div class=\"column\">\n<p>\u0130syan tertip\u00e7ilerindenolmak ve fiilen isyana kat\u0131lmak<\/p>\n<\/div>\n<\/div>\n<\/td>\n<td>\n<div class=\"layoutArea\">\n<div class=\"column\">\n<p>M\u00fclkiye Ceza kanununun 55. Maddesinin \u00fc\u00e7\u00fcnc\u00fc f\u0131kras\u0131na g\u00f6re idam cezas\u0131.<\/p>\n<\/div>\n<\/div>\n<\/td>\n<\/tr>\n<tr>\n<td>\n<div class=\"layoutArea\">\n<div class=\"column\">\n<p>Beyazido\u011flu Halil<\/p>\n<\/div>\n<\/div>\n<\/td>\n<td>\n<div class=\"layoutArea\">\n<div class=\"column\">\n<p>Hiritli<\/p>\n<\/div>\n<\/div>\n<\/td>\n<td>\n<div class=\"layoutArea\">\n<div class=\"column\">\n<p>\u0130syan\u0131n alt yap\u0131s\u0131nda haz\u0131r bulunmak vedesteklemek isyana silahl\u0131 bir \u015fekilde kat\u0131lmak<\/p>\n<\/div>\n<\/div>\n<p><img decoding=\"async\" src=\"data:image\/png;base64,iVBORw0KGgoAAAANSUhEUgAAAHQAAAABCAYAAAAPdYpVAAAAAXNSR0IArs4c6QAAAAlwSFlzAAAQAQAAEAEBQ9rL\/gAAABRJREFUGBljZGBgqALiUTA8QuAKAOAoAVCeUt\/HAAAAAElFTkSuQmCC\" alt=\"page26image1382973232\" width=\"115.700010\" height=\"0.480010\" \/><\/td>\n<td>\n<div class=\"layoutArea\">\n<div class=\"column\">\n<p>M\u00fclkiye Ceza kanununun 55. Maddesinin \u00fc\u00e7\u00fcnc\u00fc f\u0131kras\u0131na g\u00f6re idam cezas\u0131.<\/p>\n<\/div>\n<\/div>\n<\/td>\n<\/tr>\n<tr>\n<td>\n<div class=\"layoutArea\">\n<div class=\"column\">\n<p>Hasan o\u011flu \u0130\u015fsiz Ali<\/p>\n<\/div>\n<\/div>\n<\/td>\n<td>\n<div class=\"layoutArea\">\n<div class=\"column\">\n<p>Hivrisk\u00f6y\u00fcnden<\/p>\n<\/div>\n<\/div>\n<\/td>\n<td>\n<div class=\"layoutArea\">\n<div class=\"column\">\n<p>\u0130syan\u0131 desteklemek ve Molla Selim\u2019in g\u00fcvenlik g\u00fc\u00e7lerinin elinden zorla ve silahlaal\u0131nmas\u0131 olay\u0131na i\u015ftirak etmek<\/p>\n<\/div>\n<\/div>\n<\/td>\n<td>\n<div class=\"layoutArea\">\n<div class=\"column\">\n<p>M\u00fclkiye Ceza kanununun 55. Maddesinin \u00fc\u00e7\u00fcnc\u00fc f\u0131kras\u0131na g\u00f6re idam cezas\u0131.<\/p>\n<\/div>\n<\/div>\n<\/td>\n<\/tr>\n<tr>\n<td>\n<div class=\"layoutArea\">\n<div class=\"column\">\n<p>Hac\u0131 Mer\u2018an o\u011flu Kaso<\/p>\n<\/div>\n<\/div>\n<\/td>\n<td>\n<div class=\"layoutArea\">\n<div class=\"column\">\n<p>Huma\u00e7l\u0131<\/p>\n<\/div>\n<\/div>\n<\/td>\n<td><img decoding=\"async\" src=\"data:image\/png;base64,iVBORw0KGgoAAAANSUhEUgAAAHQAAAABCAYAAAAPdYpVAAAAAXNSR0IArs4c6QAAAAlwSFlzAAAQAQAAEAEBQ9rL\/gAAABRJREFUGBljZGBgqALiUTA8QuAKAOAoAVCeUt\/HAAAAAElFTkSuQmCC\" alt=\"page26image1383440112\" width=\"115.700010\" height=\"0.480010\" \/><img decoding=\"async\" src=\"data:image\/png;base64,iVBORw0KGgoAAAANSUhEUgAAAHQAAAAnCAYAAADegGx+AAAAAXNSR0IArs4c6QAAAAlwSFlzAAALLAAACywBrWgDXAAAAKVJREFUeAHt0wEBwDAMhMCsjmpjkqa+1XEjDoD8TCcZ2EuiiWXegmJfUNCCYgYwnBZaUMwAhtNCC4oZwHBaaEExAxhOCy0oZgDDaaEFxQxgOC20oJgBDKeFFhQzgOG00IJiBjCcFlpQzACG00ILihnAcFpoQTEDGE4LLShmAMNpoQXFDGA4LbSgmAEMp4UWFDOA4bTQgmIGMJwWigV9Ls+HMf0a5wBLKQFBZZUvXAAAAABJRU5ErkJggg==\" alt=\"page26image1383438512\" width=\"115.700010\" height=\"38.400000\" \/><\/p>\n<div class=\"layoutArea\">\n<div class=\"column\">\n<p>\u0130syan tertip\u00e7ilerindenolmak ve fiilen isyana kat\u0131lmak<\/p>\n<\/div>\n<\/div>\n<\/td>\n<td>\n<div class=\"layoutArea\">\n<div class=\"column\">\n<p>M\u00fclkiye Ceza kanununun 55. Maddesinin \u00fc\u00e7\u00fcnc\u00fc f\u0131kras\u0131na g\u00f6re idam cezas\u0131.<\/p>\n<\/div>\n<\/div>\n<\/td>\n<\/tr>\n<\/tbody>\n<\/table>\n<div class=\"layoutArea\">\n<div class=\"column\">\n<p>Tablo 2-a. Hapis Cezas\u0131na \u00c7arpt\u0131r\u0131lanlar.<\/p>\n<\/div>\n<\/div>\n<table>\n<colgroup>\n<col \/>\n<col \/>\n<col \/>\n<col \/><\/colgroup>\n<tbody>\n<tr>\n<td>\n<div class=\"layoutArea\">\n<div class=\"column\">\n<p>Ki\u015fi ad\u0131<\/p>\n<\/div>\n<\/div>\n<\/td>\n<td>\n<div class=\"layoutArea\">\n<div class=\"column\">\n<p>Nereli oldu\u011fu<\/p>\n<\/div>\n<\/div>\n<\/td>\n<td><img decoding=\"async\" src=\"data:image\/png;base64,iVBORw0KGgoAAAANSUhEUgAAAAEAAAABCAYAAAAfFcSJAAAAAXNSR0IArs4c6QAAAAlwSFlzAAAXEQAAFxEByibzPwAAAA1JREFUCB1jYGBgsAIAAD8AO+2bAfEAAAAASUVORK5CYII=\" alt=\"page26image1383966128\" width=\"0.480010\" height=\"0.480010\" \/><\/p>\n<div class=\"layoutArea\">\n<div class=\"column\">\n<p>Su\u00e7u (cezan\u0131n gerek\u00e7esi)<\/p>\n<\/div>\n<\/div>\n<p><img decoding=\"async\" src=\"data:image\/png;base64,iVBORw0KGgoAAAANSUhEUgAAAAEAAAABCAYAAAAfFcSJAAAAAXNSR0IArs4c6QAAAAlwSFlzAAAXEQAAFxEByibzPwAAAA1JREFUCB1jYGBgsAIAAD8AO+2bAfEAAAAASUVORK5CYII=\" alt=\"page26image1383969840\" width=\"0.480010\" height=\"0.480010\" \/><\/td>\n<td>\n<div class=\"layoutArea\">\n<div class=\"column\">\n<p>Verilen Ceza, kanunmaddesi ve tebli\u011f \u015fekli<\/p>\n<\/div>\n<\/div>\n<\/td>\n<\/tr>\n<tr>\n<td>\n<div class=\"layoutArea\">\n<div class=\"column\">\n<p>Seyyid AliEfendi o\u011fluSelahaddin<\/p>\n<\/div>\n<\/div>\n<\/td>\n<td><\/td>\n<td>\n<div class=\"layoutArea\">\n<div class=\"column\">\n<p>\u0130syan\u0131n sebeplerini haz\u0131rlamak,<br \/>\n\u0130syana kat\u0131lmak,<\/p>\n<\/div>\n<\/div>\n<\/td>\n<td>\n<div class=\"layoutArea\">\n<div class=\"column\">\n<p>M\u00fclkiye ceza kanunun 57. Maddesine g\u00f6re be\u015f sene s\u00fcreyle hapis cezas\u0131<\/p>\n<\/div>\n<\/div>\n<p><img decoding=\"async\" src=\"data:image\/png;base64,iVBORw0KGgoAAAANSUhEUgAAAAEAAAABCAYAAAAfFcSJAAAAAXNSR0IArs4c6QAAAAlwSFlzAAAXEgAAFxIBZ5\/SUgAAAA1JREFUCB1jYGBgsAIAAD8AO+2bAfEAAAAASUVORK5CYII=\" alt=\"page26image1383996816\" width=\"0.479980\" height=\"0.479980\" \/><\/td>\n<\/tr>\n<tr>\n<td>\n<div class=\"layoutArea\">\n<div class=\"column\">\n<p>Seyyid Alio\u011flu Haydar<\/p>\n<\/div>\n<\/div>\n<\/td>\n<td><\/td>\n<td>\n<div class=\"layoutArea\">\n<div class=\"column\">\n<p>\u0130syan\u0131 tertip ve idare etmek<\/p>\n<\/div>\n<\/div>\n<\/td>\n<td>\n<div class=\"layoutArea\">\n<div class=\"column\">\n<p>M\u00fclkiye Ceza kanununun 40.Maddesine g\u00f6re on sene hapis cezas\u0131. Daha \u00f6nce bu konuda padi\u015fah\u0131n iradesi \u00e7\u0131km\u0131\u015ft\u0131r.<\/p>\n<\/div>\n<\/div>\n<\/td>\n<\/tr>\n<tr>\n<td>\n<div class=\"layoutArea\">\n<div class=\"column\">\n<p>Ali o\u011fluEyub<\/p>\n<\/div>\n<\/div>\n<\/td>\n<td>\n<div class=\"layoutArea\">\n<div class=\"column\">\n<p>Bitlis MerkezB\u00f6l\u00fckyaz\u0131 Buca\u011f\u0131 Arz\u0131v\u0131ngKaryesinden<\/p>\n<\/div>\n<\/div>\n<\/td>\n<td>\n<div class=\"layoutArea\">\n<div class=\"column\">\n<p>\u0130syana dahil olmak<\/p>\n<\/div>\n<\/div>\n<\/td>\n<td>\n<div class=\"layoutArea\">\n<div class=\"column\">\n<p>K\u0131rk\u0131nc\u0131 Maddesine g\u00f6re \u00fc\u00e7 sene adiyyen hapis ve yedi sene s\u00fcreyle zab\u0131ta nezaretinde bulunma cezas\u0131, cezas\u0131 y\u00fcz\u00fcne okunmu\u015ftur.<\/p>\n<\/div>\n<\/div>\n<\/td>\n<\/tr>\n<tr>\n<td>\n<div class=\"layoutArea\">\n<div class=\"column\">\n<p>Aziz O\u011flu \u0130sa<\/p>\n<\/div>\n<\/div>\n<\/td>\n<td>\n<div class=\"layoutArea\">\n<div class=\"column\">\n<p>Hirit Karyesi<\/p>\n<\/div>\n<\/div>\n<\/td>\n<td>\n<div class=\"layoutArea\">\n<div class=\"column\">\n<p>\u0130syan\u0131n tertibinden haberdar oldu\u011fu halde h\u00fck\u00fcmete ihbaretmemek<\/p>\n<\/div>\n<\/div>\n<\/td>\n<td><img decoding=\"async\" src=\"data:image\/png;base64,iVBORw0KGgoAAAANSUhEUgAAAAEAAAABCAYAAAAfFcSJAAAAAXNSR0IArs4c6QAAAAlwSFlzAAAXEgAAFxIBZ5\/SUgAAAA1JREFUCB1jYGBgsAIAAD8AO+2bAfEAAAAASUVORK5CYII=\" alt=\"page26image1384022640\" width=\"0.479980\" height=\"0.479980\" \/><\/p>\n<div class=\"layoutArea\">\n<div class=\"column\">\n<p>Askeri Ceza Kanunu\u2019nun 13. maddesi gere\u011fi 45 g\u00fcn hapis ve be\u015f sene s\u00fcreyle zab\u0131ta nezareti alt\u0131nda bulunma<\/p>\n<\/div>\n<\/div>\n<p><img decoding=\"async\" src=\"data:image\/png;base64,iVBORw0KGgoAAAANSUhEUgAAAAEAAAABCAYAAAAfFcSJAAAAAXNSR0IArs4c6QAAAAlwSFlzAAAXEgAAFxIBZ5\/SUgAAAA1JREFUCB1jYGBgSAMAAGsAZ3g+PVkAAAAASUVORK5CYII=\" alt=\"page26image1384030640\" width=\"0.479980\" height=\"0.479980\" \/><\/td>\n<\/tr>\n<\/tbody>\n<\/table>\n<div class=\"layoutArea\">\n<div class=\"column\">\n<p>457<\/p>\n<\/div>\n<\/div>\n<\/div>\n<div class=\"page\" title=\"Page 27\">\n<div class=\"layoutArea\">\n<div class=\"column\">\n<p>Demirta\u015f, M. (2018). 1914 Tarihli Bitlis \u0130syan\u0131n\u0131n Osmanl\u0131 Ar\u015fiv Belgelerindeki Yans\u0131malar\u0131-Cezalar, M\u00fck\u00e2fatlar. BE\u00dc SBE Derg.,7(2), 432-492.<\/p>\n<\/div>\n<\/div>\n<p><img decoding=\"async\" src=\"data:image\/png;base64,iVBORw0KGgoAAAANSUhEUgAAAYkAAAABCAYAAAArSVK8AAAAAXNSR0IArs4c6QAAAAlwSFlzAAAP\/gAAD\/4BstaVKgAAACBJREFUOBFjZGBgqALiUTAaAqMhMBoCoyEwGgLoIXAOAPjwAUoFbTrAAAAAAElFTkSuQmCC\" alt=\"page27image1384423616\" width=\"392.590000\" height=\"0.480000\" \/><\/p>\n<table>\n<colgroup>\n<col \/>\n<col \/>\n<col \/>\n<col \/><\/colgroup>\n<tbody>\n<tr>\n<td><\/td>\n<td><\/td>\n<td><\/td>\n<td>\n<div class=\"layoutArea\">\n<div class=\"column\">\n<p>cezas\u0131na \u00e7arpt\u0131r\u0131larak karar y\u00fcz\u00fcne okunmu\u015ftur.<\/p>\n<\/div>\n<\/div>\n<\/td>\n<\/tr>\n<tr>\n<td>\n<div class=\"layoutArea\">\n<div class=\"column\">\n<p>Kaso o\u011fluTahir<\/p>\n<\/div>\n<\/div>\n<\/td>\n<td><\/td>\n<td>\n<div class=\"layoutArea\">\n<div class=\"column\">\n<p>Silahs\u0131z olarak isyana kat\u0131lmak<\/p>\n<\/div>\n<\/div>\n<\/td>\n<td>\n<div class=\"layoutArea\">\n<div class=\"column\">\n<p>M\u00fclkiye Ceza kanununun 64. Maddesi ve Askeri ceza kanununun 13. Maddesigere\u011fi 30 g\u00fcn hapis cezas\u0131 karar y\u00fcz\u00fcne okunmu\u015ftur.<\/p>\n<\/div>\n<\/div>\n<\/td>\n<\/tr>\n<\/tbody>\n<\/table>\n<div class=\"layoutArea\">\n<div class=\"column\">\n<p>(BOA. BEO. SYS-4299\/322380, 19 \u015e 1332\/13 Temmuz 1914).Tablo 2-b. Hapis Cezas\u0131na \u00c7arpt\u0131r\u0131lanlar<\/p>\n<\/div>\n<\/div>\n<table>\n<colgroup>\n<col \/>\n<col \/>\n<col \/>\n<col \/><\/colgroup>\n<tbody>\n<tr>\n<td><img decoding=\"async\" src=\"data:image\/png;base64,iVBORw0KGgoAAAANSUhEUgAAAAEAAAABCAYAAAAfFcSJAAAAAXNSR0IArs4c6QAAAAlwSFlzAAAXEQAAFxEByibzPwAAAA1JREFUCB1jYGBgsAIAAD8AO+2bAfEAAAAASUVORK5CYII=\" alt=\"page27image1382879200\" width=\"0.480010\" height=\"0.480010\" \/><\/p>\n<div class=\"layoutArea\">\n<div class=\"column\">\n<p>Ki\u015fi ad\u0131<\/p>\n<\/div>\n<\/div>\n<p><img decoding=\"async\" src=\"data:image\/png;base64,iVBORw0KGgoAAAANSUhEUgAAAAEAAAABCAYAAAAfFcSJAAAAAXNSR0IArs4c6QAAAAlwSFlzAAAXEQAAFxEByibzPwAAAA1JREFUCB1jYGBgsAIAAD8AO+2bAfEAAAAASUVORK5CYII=\" alt=\"page27image1382867168\" width=\"0.480010\" height=\"0.480010\" \/><\/td>\n<td>\n<div class=\"layoutArea\">\n<div class=\"column\">\n<p>Nereli oldu\u011fu<\/p>\n<\/div>\n<\/div>\n<\/td>\n<td><img decoding=\"async\" src=\"data:image\/png;base64,iVBORw0KGgoAAAANSUhEUgAAAAEAAAABCAYAAAAfFcSJAAAAAXNSR0IArs4c6QAAAAlwSFlzAAAXEQAAFxEByibzPwAAAA1JREFUCB1jYGBgsAIAAD8AO+2bAfEAAAAASUVORK5CYII=\" alt=\"page27image1384439136\" width=\"0.480010\" height=\"0.480010\" \/><\/p>\n<div class=\"layoutArea\">\n<div class=\"column\">\n<p>Su\u00e7u (cezan\u0131n gerek\u00e7esi)<\/p>\n<\/div>\n<\/div>\n<p><img decoding=\"async\" src=\"data:image\/png;base64,iVBORw0KGgoAAAANSUhEUgAAAAEAAAABCAYAAAAfFcSJAAAAAXNSR0IArs4c6QAAAAlwSFlzAAAXEQAAFxEByibzPwAAAA1JREFUCB1jYGBgsAIAAD8AO+2bAfEAAAAASUVORK5CYII=\" alt=\"page27image1384441120\" width=\"0.480010\" height=\"0.480010\" \/><\/td>\n<td>\n<div class=\"layoutArea\">\n<div class=\"column\">\n<p>Verilen Ceza, kanunmaddesi ve tebli\u011f \u015fekli<\/p>\n<\/div>\n<\/div>\n<\/td>\n<\/tr>\n<tr>\n<td>\n<div class=\"layoutArea\">\n<div class=\"column\">\n<p>\u0130sa o\u011fluYusuf<\/p>\n<\/div>\n<\/div>\n<\/td>\n<td>\n<div class=\"layoutArea\">\n<div class=\"column\">\n<p>Olek-i \u00dclya (Yukar\u0131 \u00d6lek)Karyesinden<\/p>\n<\/div>\n<\/div>\n<\/td>\n<td>\n<div class=\"layoutArea\">\n<div class=\"column\">\n<p>Silahs\u0131z olarak isyana kat\u0131lmak<\/p>\n<\/div>\n<\/div>\n<\/td>\n<td>\n<div class=\"layoutArea\">\n<div class=\"column\">\n<p>M\u00fclkiye Ceza kanununun 64. Maddesi delaletiyle ve Askeri Ceza Kanununun 13. maddesi gere\u011fi 30 g\u00fcn hapis cezas\u0131.11<\/p>\n<\/div>\n<\/div>\n<\/td>\n<\/tr>\n<tr>\n<td><img decoding=\"async\" src=\"data:image\/png;base64,iVBORw0KGgoAAAANSUhEUgAAAAEAAAABCAYAAAAfFcSJAAAAAXNSR0IArs4c6QAAAAlwSFlzAAAXEQAAFxEByibzPwAAAA1JREFUCB1jYGBgsAIAAD8AO+2bAfEAAAAASUVORK5CYII=\" alt=\"page27image1385318096\" width=\"0.480010\" height=\"0.480010\" \/><\/p>\n<div class=\"layoutArea\">\n<div class=\"column\">\n<p>\u00d6mer o\u011flu Dervi\u015f<\/p>\n<\/div>\n<\/div>\n<p><img decoding=\"async\" src=\"data:image\/png;base64,iVBORw0KGgoAAAANSUhEUgAAAAEAAAABCAYAAAAfFcSJAAAAAXNSR0IArs4c6QAAAAlwSFlzAAAXEQAAFxEByibzPwAAAA1JREFUCB1jYGBgsAIAAD8AO+2bAfEAAAAASUVORK5CYII=\" alt=\"page27image1385330560\" width=\"0.480010\" height=\"0.480010\" \/><\/td>\n<td>\n<div class=\"layoutArea\">\n<div class=\"column\">\n<p>P\u0131nbad A\u015fireti Reisi Panos Karyesi<\/p>\n<\/div>\n<\/div>\n<\/td>\n<td><img decoding=\"async\" src=\"data:image\/png;base64,iVBORw0KGgoAAAANSUhEUgAAAAEAAAABCAYAAAAfFcSJAAAAAXNSR0IArs4c6QAAAAlwSFlzAAAXEQAAFxEByibzPwAAAA1JREFUCB1jYGBgsAIAAD8AO+2bAfEAAAAASUVORK5CYII=\" alt=\"page27image1385342880\" width=\"0.480010\" height=\"0.480010\" \/><\/p>\n<div class=\"layoutArea\">\n<div class=\"column\">\n<p>\u00d6rfi idareye kar\u015f\u0131 gelmek ve sald\u0131r\u0131 ger\u00e7ekle\u015ftirmek<\/p>\n<\/div>\n<\/div>\n<p><img decoding=\"async\" src=\"data:image\/png;base64,iVBORw0KGgoAAAANSUhEUgAAAAEAAAABCAYAAAAfFcSJAAAAAXNSR0IArs4c6QAAAAlwSFlzAAAXEQAAFxEByibzPwAAAA1JREFUCB1jYGBgsAIAAD8AO+2bAfEAAAAASUVORK5CYII=\" alt=\"page27image1385349184\" width=\"0.480010\" height=\"0.480010\" \/><\/td>\n<td>\n<div class=\"layoutArea\">\n<div class=\"column\">\n<p>Askeri Ceza Kanununun 98. Maddesi gere\u011fi bir sene s\u00fcreyle hapis cezas\u0131, g\u0131yaben<\/p>\n<\/div>\n<\/div>\n<\/td>\n<\/tr>\n<tr>\n<td>\n<div class=\"layoutArea\">\n<div class=\"column\">\n<p>Hac\u0131 \u0130smail o\u011flu MollaAli<\/p>\n<\/div>\n<\/div>\n<p><img decoding=\"async\" src=\"data:image\/png;base64,iVBORw0KGgoAAAANSUhEUgAAAAEAAAABCAYAAAAfFcSJAAAAAXNSR0IArs4c6QAAAAlwSFlzAAAXEQAAFxEByibzPwAAAA1JREFUCB1jYGBgsAIAAD8AO+2bAfEAAAAASUVORK5CYII=\" alt=\"page27image1385363024\" width=\"0.480010\" height=\"0.480010\" \/><\/td>\n<td><\/td>\n<td>\n<div class=\"layoutArea\">\n<div class=\"column\">\n<p>Silahs\u0131z olarak isyana kat\u0131lmak<\/p>\n<\/div>\n<\/div>\n<p><img decoding=\"async\" src=\"data:image\/png;base64,iVBORw0KGgoAAAANSUhEUgAAAAEAAAABCAYAAAAfFcSJAAAAAXNSR0IArs4c6QAAAAlwSFlzAAAXEQAAFxEByibzPwAAAA1JREFUCB1jYGBgsAIAAD8AO+2bAfEAAAAASUVORK5CYII=\" alt=\"page27image1385368768\" width=\"0.480010\" height=\"0.480010\" \/><\/td>\n<td>\n<div class=\"layoutArea\">\n<div class=\"column\">\n<p>M\u00fclkiye Ceza kanununun 64. Maddesi ve Askeri ceza kanununun 13. Maddesigere\u011fi 30 g\u00fcn hapis cezas\u0131 karar y\u00fcz\u00fcne okunmu\u015ftur.<\/p>\n<\/div>\n<\/div>\n<\/td>\n<\/tr>\n<tr>\n<td>\n<div class=\"layoutArea\">\n<div class=\"column\">\n<p>Musa o\u011flu Hac\u0131 Piran<\/p>\n<\/div>\n<\/div>\n<\/td>\n<td><\/td>\n<td>\n<div class=\"layoutArea\">\n<div class=\"column\">\n<p>Silahs\u0131z olarak isyana kat\u0131lmak<\/p>\n<\/div>\n<\/div>\n<\/td>\n<td>\n<div class=\"layoutArea\">\n<div class=\"column\">\n<p>M\u00fclkiye Ceza kanununun 64. Maddesi ve Askeri ceza kanununun 13. Maddesigere\u011fi 30 g\u00fcn hapis cezas\u0131 karar y\u00fcz\u00fcne okunmu\u015ftur.<\/p>\n<\/div>\n<\/div>\n<p><img decoding=\"async\" src=\"data:image\/png;base64,iVBORw0KGgoAAAANSUhEUgAAAAEAAAABCAYAAAAfFcSJAAAAAXNSR0IArs4c6QAAAAlwSFlzAAAXEgAAFxIBZ5\/SUgAAAA1JREFUCB1jYGBgsAIAAD8AO+2bAfEAAAAASUVORK5CYII=\" alt=\"page27image1384460544\" width=\"0.479980\" height=\"0.479980\" \/><\/td>\n<\/tr>\n<tr>\n<td>\n<div class=\"layoutArea\">\n<div class=\"column\">\n<p>Osmano\u011flu SofuBedri<\/p>\n<\/div>\n<\/div>\n<\/td>\n<td>\n<div class=\"layoutArea\">\n<div class=\"column\">\n<p>Huma\u00e7l\u0131 olup Ahlat\u2019taikamet eden<\/p>\n<\/div>\n<\/div>\n<\/td>\n<td>\n<div class=\"layoutArea\">\n<div class=\"column\">\n<p>\u015eehit bir askerinmavzerini almak veisyanda bayraktarl\u0131kyapmak<\/p>\n<\/div>\n<\/div>\n<\/td>\n<td>\n<div class=\"layoutArea\">\n<div class=\"column\">\n<p>M\u00fclkiye Ceza kanununun 57. Ve 47. Maddeleri gere\u011fi bir sene s\u00fcreyle hapis cezas\u0131 ve mavzerin kendisindenal\u0131nmas\u0131na karar verilmi\u015f ve ceza y\u00fcz\u00fcne okunmu\u015ftur.<\/p>\n<\/div>\n<\/div>\n<p><img decoding=\"async\" src=\"data:image\/png;base64,iVBORw0KGgoAAAANSUhEUgAAAAEAAAABCAYAAAAfFcSJAAAAAXNSR0IArs4c6QAAAAlwSFlzAAAXEgAAFxIBZ5\/SUgAAAA1JREFUCB1jYGBgSAMAAGsAZ3g+PVkAAAAASUVORK5CYII=\" alt=\"page27image1384493184\" width=\"0.479980\" height=\"0.479980\" \/><\/td>\n<\/tr>\n<\/tbody>\n<\/table>\n<p><img decoding=\"async\" src=\"data:image\/png;base64,iVBORw0KGgoAAAANSUhEUgAAAJEAAAABCAYAAADevkxgAAAAAXNSR0IArs4c6QAAAAlwSFlzAAANGAAADRgB7vT8mAAAABZJREFUKBVjZGBg2AHEo2A0BMgNAW8Ao5wBBcxkhuwAAAAASUVORK5CYII=\" alt=\"page27image1384493744\" width=\"144.020000\" height=\"0.719970\" \/><\/p>\n<div class=\"layoutArea\">\n<div class=\"column\">\n<p>11 BOA. BEO. SYS-4302\/322595, 3 N 1332\/27 Temmuz 1914. 18 \u015eaban 1332\/12 Temmuz 1914 tarihli bir irade-i seniyyede ge\u00e7en bilgilere g\u00f6re ayn\u0131 \u015fah\u0131s i\u00e7in \u0130syan tertip\u00e7ilerinden olmak ve fiilen isyana kat\u0131lmak su\u00e7lamas\u0131 ile M\u00fclkiye Ceza kanununun 55. Maddesinin \u00fc\u00e7\u00fcnc\u00fc f\u0131kras\u0131na g\u00f6re g\u0131yaben idam cezas\u0131 verilmi\u015f ve bu konuda daha \u00f6nce padi\u015fah\u0131n iradesi \u00e7\u0131km\u0131\u015ft\u0131r. Bkz. BOA. BEO. SYS-4299\/322380, 18 \u015e 1332\/12Tmmuz 1914. Bu durumda isim benzerli\u011fi yoksa ceza d\u00fczeltmesi yoluna gidilmi\u015f olmal\u0131d\u0131r. Ki\u015finin kendi isminin yan\u0131 s\u0131ra babas\u0131n\u0131n ve k\u00f6y\u00fcn\u00fcn isminin de ayn\u0131 olmas\u0131 ihtimali d\u00fc\u015f\u00fck kabul edilebilece\u011finden muhtemelen cezas\u0131nda indirime gidilmi\u015ftir.<\/p>\n<p>458<\/p>\n<\/div>\n<\/div>\n<\/div>\n<div class=\"page\" title=\"Page 28\">\n<div class=\"layoutArea\">\n<div class=\"column\">\n<p>Demirta\u015f, M. (2018). 1914 Tarihli Bitlis \u0130syan\u0131n\u0131n Osmanl\u0131 Ar\u015fiv Belgelerindeki Yans\u0131malar\u0131-Cezalar, M\u00fck\u00e2fatlar. BE\u00dc SBE Derg.,7(2), 432-492.<\/p>\n<\/div>\n<\/div>\n<p><img decoding=\"async\" src=\"data:image\/png;base64,iVBORw0KGgoAAAANSUhEUgAAAYkAAAABCAYAAAArSVK8AAAAAXNSR0IArs4c6QAAAAlwSFlzAAAP\/gAAD\/4BstaVKgAAACBJREFUOBFjZGBgqALiUTAaAqMhMBoCoyEwGgLoIXAOAPjwAUoFbTrAAAAAAElFTkSuQmCC\" alt=\"page28image1380739136\" width=\"392.590000\" height=\"0.480000\" \/><\/p>\n<div class=\"layoutArea\">\n<div class=\"column\">\n<p>Tablo 2-c. Hapis Cezas\u0131na \u00c7arpt\u0131r\u0131lanlar<\/p>\n<\/div>\n<\/div>\n<table>\n<colgroup>\n<col \/>\n<col \/>\n<col \/>\n<col \/><\/colgroup>\n<tbody>\n<tr>\n<td>\n<div class=\"layoutArea\">\n<div class=\"column\">\n<p>Ki\u015fi ad\u0131<\/p>\n<\/div>\n<\/div>\n<\/td>\n<td>\n<div class=\"layoutArea\">\n<div class=\"column\">\n<p>Nerelioldu\u011fu<\/p>\n<\/div>\n<\/div>\n<\/td>\n<td>\n<div class=\"layoutArea\">\n<div class=\"column\">\n<p>Su\u00e7u (cezan\u0131n gerek\u00e7esi)<\/p>\n<\/div>\n<\/div>\n<\/td>\n<td>\n<div class=\"layoutArea\">\n<div class=\"column\">\n<p>Verilen Ceza, kanunmaddesi ve tebli\u011f \u015fekli<\/p>\n<\/div>\n<\/div>\n<\/td>\n<\/tr>\n<tr>\n<td>\n<div class=\"layoutArea\">\n<div class=\"column\">\n<p>H\u00fcseyin o\u011flu Bozo<\/p>\n<\/div>\n<\/div>\n<\/td>\n<td>\n<div class=\"layoutArea\">\n<div class=\"column\">\n<p>PervariKazas\u0131n\u0131nHirhor?k\u00f6y\u00fcnden<\/p>\n<\/div>\n<\/div>\n<\/td>\n<td>\n<div class=\"layoutArea\">\n<div class=\"column\">\n<p>Silah ka\u00e7ak\u00e7\u0131l\u0131\u011f\u0131yapmak<\/p>\n<\/div>\n<\/div>\n<\/td>\n<td>\n<div class=\"layoutArea\">\n<div class=\"column\">\n<p>M\u00fclkiye ceza kanununun 166. Maddesinin zeyli gere\u011fi bir sene s\u00fcreyle hapis cezas\u0131, be\u015f mecidiye alt\u0131n\u0131 para cezas\u0131 ve silahlar\u0131n Divan-\u0131 Harp taraf\u0131ndan m\u00fcsadere edilmesi<\/p>\n<\/div>\n<\/div>\n<\/td>\n<\/tr>\n<tr>\n<td>\n<div class=\"layoutArea\">\n<div class=\"column\">\n<p>\u0130brahim o\u011fluMehmed<\/p>\n<\/div>\n<\/div>\n<\/td>\n<td>\n<div class=\"layoutArea\">\n<div class=\"column\">\n<p>Zeydan Mahallesi<\/p>\n<\/div>\n<\/div>\n<\/td>\n<td>\n<div class=\"layoutArea\">\n<div class=\"column\">\n<p>Silah ka\u00e7ak\u00e7\u0131l\u0131\u011f\u0131 i\u015fine arac\u0131l\u0131k etmek<\/p>\n<\/div>\n<\/div>\n<\/td>\n<td>\n<div class=\"layoutArea\">\n<div class=\"column\">\n<p>M\u00fclkiye ceza kanununun 166.Maddesinin zeyli gere\u011fi iki sene s\u00fcreyle hapis cezas\u0131, nakden on mecidiye alt\u0131n\u0131 ceza verilmesi ve karar\u0131n y\u00fcz\u00fcne okunmas\u0131<\/p>\n<\/div>\n<\/div>\n<\/td>\n<\/tr>\n<tr>\n<td>\n<div class=\"layoutArea\">\n<div class=\"column\">\n<p>Oro Halilo\u011fluMehmed<\/p>\n<\/div>\n<\/div>\n<\/td>\n<td><img decoding=\"async\" src=\"data:image\/png;base64,iVBORw0KGgoAAAANSUhEUgAAAAEAAAABCAYAAAAfFcSJAAAAAXNSR0IArs4c6QAAAAlwSFlzAAAXEQAAFxEByibzPwAAAA1JREFUCB1jYGBgsAIAAD8AO+2bAfEAAAAASUVORK5CYII=\" alt=\"page28image1386285872\" width=\"0.480010\" height=\"0.480010\" \/><\/p>\n<div class=\"layoutArea\">\n<div class=\"column\">\n<p>Zeydan Mahallesi<\/p>\n<\/div>\n<\/div>\n<p><img decoding=\"async\" src=\"data:image\/png;base64,iVBORw0KGgoAAAANSUhEUgAAAAEAAAABCAYAAAAfFcSJAAAAAXNSR0IArs4c6QAAAAlwSFlzAAAXEQAAFxEByibzPwAAAA1JREFUCB1jYGBgsAIAAD8AO+2bAfEAAAAASUVORK5CYII=\" alt=\"page28image1386288592\" width=\"0.480010\" height=\"0.480010\" \/><\/td>\n<td>\n<div class=\"layoutArea\">\n<div class=\"column\">\n<p>Silah ka\u00e7ak\u00e7\u0131l\u0131\u011f\u0131 i\u015fine arac\u0131l\u0131k etmek<\/p>\n<\/div>\n<\/div>\n<\/td>\n<td>\n<div class=\"layoutArea\">\n<div class=\"column\">\n<p>M\u00fclkiye ceza kanununun 166.Maddesinin zeyli gere\u011fi iki sene s\u00fcreyle hapis cezas\u0131, nakden on mecidiye alt\u0131n\u0131 ceza verilmesi ve karar\u0131n y\u00fcz\u00fcne okunmas\u0131<\/p>\n<\/div>\n<\/div>\n<\/td>\n<\/tr>\n<tr>\n<td>\n<div class=\"layoutArea\">\n<div class=\"column\">\n<p>H\u00fcseyin o\u011flu Ha\u015fo<\/p>\n<\/div>\n<\/div>\n<\/td>\n<td>\n<div class=\"layoutArea\">\n<div class=\"column\">\n<p>Dirvan Karyesi<\/p>\n<\/div>\n<\/div>\n<\/td>\n<td>\n<div class=\"layoutArea\">\n<div class=\"column\">\n<p>\u0130syana kat\u0131lmak i\u00e7in harekete ge\u00e7mek<\/p>\n<\/div>\n<\/div>\n<\/td>\n<td>\n<div class=\"layoutArea\">\n<div class=\"column\">\n<p>M\u00fclkiye Ceza Kanununun 64. Maddesi ve askeri ceza kanununun 13. Maddesigere\u011fi te\u015fhirden sonra alt\u0131 ay hapis ve be\u015f sene zab\u0131tanezaretinde bulunmak karary\u00fcz\u00fcne okunmu\u015ftur.<\/p>\n<\/div>\n<\/div>\n<\/td>\n<\/tr>\n<tr>\n<td>\n<div class=\"layoutArea\">\n<div class=\"column\">\n<p>Mecid o\u011fluMetlo?<\/p>\n<\/div>\n<\/div>\n<\/td>\n<td><img decoding=\"async\" src=\"data:image\/png;base64,iVBORw0KGgoAAAANSUhEUgAAAAEAAAABCAYAAAAfFcSJAAAAAXNSR0IArs4c6QAAAAlwSFlzAAAXEQAAFxEByibzPwAAAA1JREFUCB1jYGBgsAIAAD8AO+2bAfEAAAAASUVORK5CYII=\" alt=\"page28image1385406240\" width=\"0.480010\" height=\"0.480010\" \/><\/p>\n<div class=\"layoutArea\">\n<div class=\"column\">\n<p>Dirvan Karyesi<\/p>\n<\/div>\n<\/div>\n<\/td>\n<td>\n<div class=\"layoutArea\">\n<div class=\"column\">\n<p>\u0130syana kat\u0131lmak i\u00e7in harekete ge\u00e7mek<\/p>\n<\/div>\n<\/div>\n<\/td>\n<td>\n<div class=\"layoutArea\">\n<div class=\"column\">\n<p>M\u00fclkiye Ceza Kanununun 64. Maddesi ve askeri ceza kanununun 13. Maddesigere\u011fi te\u015fhirden sonra alt\u0131 ay hapis ve be\u015f sene zab\u0131tanezaretinde bulunmak karary\u00fcz\u00fcne okunmu\u015ftur.<\/p>\n<\/div>\n<\/div>\n<\/td>\n<\/tr>\n<\/tbody>\n<\/table>\n<div class=\"layoutArea\">\n<div class=\"column\">\n<p>Tablo 2-d. Hapis Cezas\u0131na \u00c7arpt\u0131r\u0131lanlar<\/p>\n<\/div>\n<\/div>\n<table>\n<colgroup>\n<col \/>\n<col \/>\n<col \/>\n<col \/><\/colgroup>\n<tbody>\n<tr>\n<td>\n<div class=\"layoutArea\">\n<div class=\"column\">\n<p>Ki\u015fi ad\u0131<\/p>\n<\/div>\n<\/div>\n<\/td>\n<td>\n<div class=\"layoutArea\">\n<div class=\"column\">\n<p>Nerelioldu\u011fu<\/p>\n<\/div>\n<\/div>\n<\/td>\n<td>\n<div class=\"layoutArea\">\n<div class=\"column\">\n<p>Su\u00e7u (cezan\u0131n gerek\u00e7esi)<\/p>\n<\/div>\n<\/div>\n<\/td>\n<td><img decoding=\"async\" src=\"data:image\/png;base64,iVBORw0KGgoAAAANSUhEUgAAAAEAAAABCAYAAAAfFcSJAAAAAXNSR0IArs4c6QAAAAlwSFlzAAAXEgAAFxIBZ5\/SUgAAAA1JREFUCB1jYGBgSAMAAGsAZ3g+PVkAAAAASUVORK5CYII=\" alt=\"page28image1386319616\" width=\"0.479980\" height=\"0.479980\" \/><\/p>\n<div class=\"layoutArea\">\n<div class=\"column\">\n<p>Verilen Ceza, kanunmaddesi ve tebli\u011f \u015fekli<\/p>\n<\/div>\n<\/div>\n<\/td>\n<\/tr>\n<tr>\n<td>\n<div class=\"layoutArea\">\n<div class=\"column\">\n<p>Selim o\u011fluAbbas<\/p>\n<\/div>\n<\/div>\n<\/td>\n<td>\n<div class=\"layoutArea\">\n<div class=\"column\">\n<p>Dirvan Karyesi<\/p>\n<\/div>\n<\/div>\n<\/td>\n<td>\n<div class=\"layoutArea\">\n<div class=\"column\">\n<p>\u0130syana kat\u0131lmak i\u00e7in harekete ge\u00e7mek<\/p>\n<\/div>\n<\/div>\n<\/td>\n<td>\n<div class=\"layoutArea\">\n<div class=\"column\">\n<p>M\u00fclkiye Ceza Kanununun64. Maddesi ve askeri ceza kanununun 13. Maddesigere\u011fi te\u015fhirden sonra alt\u0131 ay hapis ve be\u015f sene zab\u0131ta<\/p>\n<\/div>\n<\/div>\n<p><img decoding=\"async\" src=\"data:image\/png;base64,iVBORw0KGgoAAAANSUhEUgAAAAEAAAABCAYAAAAfFcSJAAAAAXNSR0IArs4c6QAAAAlwSFlzAAAXEgAAFxIBZ5\/SUgAAAA1JREFUCB1jYGBgSAMAAGsAZ3g+PVkAAAAASUVORK5CYII=\" alt=\"page28image1386350960\" width=\"0.479980\" height=\"0.479980\" \/><\/td>\n<\/tr>\n<\/tbody>\n<\/table>\n<div class=\"layoutArea\">\n<div class=\"column\">\n<p>459<\/p>\n<\/div>\n<\/div>\n<\/div>\n<div class=\"page\" title=\"Page 29\">\n<div class=\"layoutArea\">\n<div class=\"column\">\n<p>Demirta\u015f, M. (2018). 1914 Tarihli Bitlis \u0130syan\u0131n\u0131n Osmanl\u0131 Ar\u015fiv Belgelerindeki Yans\u0131malar\u0131-Cezalar, M\u00fck\u00e2fatlar. BE\u00dc SBE Derg.,7(2), 432-492.<\/p>\n<\/div>\n<\/div>\n<p><img decoding=\"async\" src=\"data:image\/png;base64,iVBORw0KGgoAAAANSUhEUgAAAYkAAAABCAYAAAArSVK8AAAAAXNSR0IArs4c6QAAAAlwSFlzAAAP\/gAAD\/4BstaVKgAAACBJREFUOBFjZGBgqALiUTAaAqMhMBoCoyEwGgLoIXAOAPjwAUoFbTrAAAAAAElFTkSuQmCC\" alt=\"page29image1380837888\" width=\"392.590000\" height=\"0.480000\" \/><\/p>\n<table>\n<colgroup>\n<col \/>\n<col \/>\n<col \/>\n<col \/><\/colgroup>\n<tbody>\n<tr>\n<td><\/td>\n<td><img decoding=\"async\" src=\"data:image\/png;base64,iVBORw0KGgoAAAANSUhEUgAAAAEAAAABCAYAAAAfFcSJAAAAAXNSR0IArs4c6QAAAAlwSFlzAAAXEQAAFxEByibzPwAAAA1JREFUCB1jYGBgsAIAAD8AO+2bAfEAAAAASUVORK5CYII=\" alt=\"page29image1380844224\" width=\"0.480010\" height=\"0.480010\" \/><\/td>\n<td><img decoding=\"async\" src=\"data:image\/png;base64,iVBORw0KGgoAAAANSUhEUgAAAAEAAAABCAYAAAAfFcSJAAAAAXNSR0IArs4c6QAAAAlwSFlzAAAXEQAAFxEByibzPwAAAA1JREFUCB1jYGBgsAIAAD8AO+2bAfEAAAAASUVORK5CYII=\" alt=\"page29image1385555648\" width=\"0.480010\" height=\"0.480010\" \/><\/td>\n<td>\n<div class=\"layoutArea\">\n<div class=\"column\">\n<p>nezaretinde bulunmakkarar y\u00fcz\u00fcne okunmu\u015ftur.<\/p>\n<\/div>\n<\/div>\n<\/td>\n<\/tr>\n<tr>\n<td>\n<div class=\"layoutArea\">\n<div class=\"column\">\n<p>Faki O\u011flu Ali<\/p>\n<\/div>\n<\/div>\n<\/td>\n<td>\n<div class=\"layoutArea\">\n<div class=\"column\">\n<p>Ma\u011frebiyanKaryesi<\/p>\n<\/div>\n<\/div>\n<\/td>\n<td>\n<div class=\"layoutArea\">\n<div class=\"column\">\n<p>\u0130syana kat\u0131lmak i\u00e7in harekete ge\u00e7mek<\/p>\n<\/div>\n<\/div>\n<\/td>\n<td>\n<div class=\"layoutArea\">\n<div class=\"column\">\n<p>M\u00fclkiye Ceza Kanununun64. Maddesi ve askeri ceza kanununun 13. Maddesigere\u011fi te\u015fhirden sonra iki s\u00fcreyle hapis ve be\u015f senen<\/p>\n<\/div>\n<\/div>\n<div class=\"layoutArea\">\n<div class=\"column\">\n<p>zab\u0131ta<br \/>\nbulunmak \u00e7arpt\u0131r\u0131lm\u0131\u015f<br \/>\ny\u00fcz\u00fcne okunmu\u015ftur.<\/p>\n<\/div>\n<\/div>\n<div class=\"layoutArea\">\n<div class=\"column\">\n<p>nezaretinde cezas\u0131na ve karar<\/p>\n<\/div>\n<\/div>\n<\/td>\n<\/tr>\n<tr>\n<td>\n<div class=\"layoutArea\">\n<div class=\"column\">\n<p>Mer\u2018ano\u011fluMuhtar Halid<\/p>\n<\/div>\n<\/div>\n<\/td>\n<td><img decoding=\"async\" src=\"data:image\/png;base64,iVBORw0KGgoAAAANSUhEUgAAAAEAAAABCAYAAAAfFcSJAAAAAXNSR0IArs4c6QAAAAlwSFlzAAAXEQAAFxEByibzPwAAAA1JREFUCB1jYGBgsAIAAD8AO+2bAfEAAAAASUVORK5CYII=\" alt=\"page29image1386593664\" width=\"0.480010\" height=\"0.480010\" \/><\/p>\n<div class=\"layoutArea\">\n<div class=\"column\">\n<p>Hevroli Karyesi<\/p>\n<\/div>\n<\/div>\n<\/td>\n<td><img decoding=\"async\" src=\"data:image\/png;base64,iVBORw0KGgoAAAANSUhEUgAAAAEAAAABCAYAAAAfFcSJAAAAAXNSR0IArs4c6QAAAAlwSFlzAAAXEQAAFxEByibzPwAAAA1JREFUCB1jYGBgsAIAAD8AO+2bAfEAAAAASUVORK5CYII=\" alt=\"page29image1386595168\" width=\"0.480010\" height=\"0.480010\" \/><\/p>\n<div class=\"layoutArea\">\n<div class=\"column\">\n<p>\u0130syana kat\u0131lmak i\u00e7in harekete ge\u00e7mek<\/p>\n<\/div>\n<\/div>\n<\/td>\n<td>\n<div class=\"layoutArea\">\n<div class=\"column\">\n<p>M\u00fclkiye Ceza Kanununun64. Maddesi ve askeri ceza kanununun 13. Maddesigere\u011fi te\u015fhirden sonra alt\u0131 ay hapis ve be\u015f sene zab\u0131tanezaretinde bulunmakkarar y\u00fcz\u00fcne okunmu\u015ftur.<\/p>\n<\/div>\n<\/div>\n<\/td>\n<\/tr>\n<tr>\n<td>\n<div class=\"layoutArea\">\n<div class=\"column\">\n<p>Sofu Re\u015fid o\u011fluOsman<\/p>\n<\/div>\n<\/div>\n<\/td>\n<td><img decoding=\"async\" src=\"data:image\/png;base64,iVBORw0KGgoAAAANSUhEUgAAAAEAAAABCAYAAAAfFcSJAAAAAXNSR0IArs4c6QAAAAlwSFlzAAAXEQAAFxEByibzPwAAAA1JREFUCB1jYGBgsAIAAD8AO+2bAfEAAAAASUVORK5CYII=\" alt=\"page29image1386628128\" width=\"0.480010\" height=\"0.480010\" \/><\/p>\n<div class=\"layoutArea\">\n<div class=\"column\">\n<p>Hivris Karyesi<\/p>\n<\/div>\n<\/div>\n<\/td>\n<td><img decoding=\"async\" src=\"data:image\/png;base64,iVBORw0KGgoAAAANSUhEUgAAAAEAAAABCAYAAAAfFcSJAAAAAXNSR0IArs4c6QAAAAlwSFlzAAAXEQAAFxEByibzPwAAAA1JREFUCB1jYGBgsAIAAD8AO+2bAfEAAAAASUVORK5CYII=\" alt=\"page29image1386630560\" width=\"0.480010\" height=\"0.480010\" \/><\/p>\n<div class=\"layoutArea\">\n<div class=\"column\">\n<p>\u0130syana kat\u0131lmak i\u00e7in harekete ge\u00e7mek<\/p>\n<\/div>\n<\/div>\n<\/td>\n<td>\n<div class=\"layoutArea\">\n<div class=\"column\">\n<p>M\u00fclkiye Ceza Kanununun64. Maddesi ve askeri ceza kanununun 13. Maddesigere\u011fi te\u015fhirden sonra alt\u0131 ay hapis ve be\u015f sene zab\u0131tanezaretinde bulunmakkarar y\u00fcz\u00fcne okunmu\u015ftur.<\/p>\n<\/div>\n<\/div>\n<p><img decoding=\"async\" src=\"data:image\/png;base64,iVBORw0KGgoAAAANSUhEUgAAAAEAAAABCAYAAAAfFcSJAAAAAXNSR0IArs4c6QAAAAlwSFlzAAAXEgAAFxIBZ5\/SUgAAAA1JREFUCB1jYGBgsAIAAD8AO+2bAfEAAAAASUVORK5CYII=\" alt=\"page29image1380774624\" width=\"0.479980\" height=\"0.479980\" \/><\/td>\n<\/tr>\n<tr>\n<td>\n<div class=\"layoutArea\">\n<div class=\"column\">\n<p>Mehmedo\u011flu Halid Esad<\/p>\n<\/div>\n<\/div>\n<\/td>\n<td>\n<div class=\"layoutArea\">\n<div class=\"column\">\n<p>Korcan Karyesi<\/p>\n<\/div>\n<\/div>\n<\/td>\n<td>\n<div class=\"layoutArea\">\n<div class=\"column\">\n<p>\u0130syana kat\u0131lmak i\u00e7in harekete ge\u00e7mek<\/p>\n<\/div>\n<\/div>\n<\/td>\n<td>\n<div class=\"layoutArea\">\n<div class=\"column\">\n<p>M\u00fclkiye Ceza Kanununun64. Maddesi ve askeri ceza kanununun 13. Maddesigere\u011fi te\u015fhirden sonra alt\u0131 ay hapis ve be\u015f sene zab\u0131tanezaretinde bulunmakkarar y\u00fcz\u00fcne okunmu\u015ftur.<\/p>\n<\/div>\n<\/div>\n<\/td>\n<\/tr>\n<\/tbody>\n<\/table>\n<div class=\"layoutArea\">\n<div class=\"column\">\n<p>Tablo 2-e. Hapis Cezas\u0131na \u00c7arpt\u0131r\u0131lanlar<\/p>\n<\/div>\n<\/div>\n<table>\n<colgroup>\n<col \/>\n<col \/>\n<col \/>\n<col \/><\/colgroup>\n<tbody>\n<tr>\n<td>\n<div class=\"layoutArea\">\n<div class=\"column\">\n<p>Ki\u015fi ad\u0131<\/p>\n<\/div>\n<\/div>\n<\/td>\n<td>\n<div class=\"layoutArea\">\n<div class=\"column\">\n<p>Nerelioldu\u011fu<\/p>\n<\/div>\n<\/div>\n<\/td>\n<td><img decoding=\"async\" src=\"data:image\/png;base64,iVBORw0KGgoAAAANSUhEUgAAAAEAAAABCAYAAAAfFcSJAAAAAXNSR0IArs4c6QAAAAlwSFlzAAAXEgAAFxIBZ5\/SUgAAAA1JREFUCB1jYGBgsAIAAD8AO+2bAfEAAAAASUVORK5CYII=\" alt=\"page29image1385497936\" width=\"0.479980\" height=\"0.479980\" \/><\/p>\n<div class=\"layoutArea\">\n<div class=\"column\">\n<p>Su\u00e7u (cezan\u0131n gerek\u00e7esi)<\/p>\n<\/div>\n<\/div>\n<p><img decoding=\"async\" src=\"data:image\/png;base64,iVBORw0KGgoAAAANSUhEUgAAAAEAAAABCAYAAAAfFcSJAAAAAXNSR0IArs4c6QAAAAlwSFlzAAAXEgAAFxIBZ5\/SUgAAAA1JREFUCB1jYGBgsAIAAD8AO+2bAfEAAAAASUVORK5CYII=\" alt=\"page29image1385453008\" width=\"0.479980\" height=\"0.479980\" \/><\/td>\n<td><img decoding=\"async\" src=\"data:image\/png;base64,iVBORw0KGgoAAAANSUhEUgAAAAEAAAABCAYAAAAfFcSJAAAAAXNSR0IArs4c6QAAAAlwSFlzAAAXEgAAFxIBZ5\/SUgAAAA1JREFUCB1jYGBgSAMAAGsAZ3g+PVkAAAAASUVORK5CYII=\" alt=\"page29image1385289328\" width=\"0.479980\" height=\"0.479980\" \/><\/p>\n<div class=\"layoutArea\">\n<div class=\"column\">\n<p>Verilen Ceza, kanunmaddesi ve tebli\u011f \u015fekli<\/p>\n<\/div>\n<\/div>\n<p><img decoding=\"async\" src=\"data:image\/png;base64,iVBORw0KGgoAAAANSUhEUgAAAAEAAAABCAYAAAAfFcSJAAAAAXNSR0IArs4c6QAAAAlwSFlzAAAXEgAAFxIBZ5\/SUgAAAA1JREFUCB1jYGBgsAIAAD8AO+2bAfEAAAAASUVORK5CYII=\" alt=\"page29image1385296880\" width=\"0.479980\" height=\"0.479980\" \/><\/td>\n<\/tr>\n<tr>\n<td>\n<div class=\"layoutArea\">\n<div class=\"column\">\n<p>Cihangiro\u011flu Piran<\/p>\n<\/div>\n<\/div>\n<\/td>\n<td>\n<div class=\"layoutArea\">\n<div class=\"column\">\n<p>Sorvan<\/p>\n<\/div>\n<\/div>\n<\/td>\n<td>\n<div class=\"layoutArea\">\n<div class=\"column\">\n<p>\u0130syana kat\u0131lmak i\u00e7in harekete ge\u00e7mek<\/p>\n<\/div>\n<\/div>\n<p><img decoding=\"async\" src=\"data:image\/png;base64,iVBORw0KGgoAAAANSUhEUgAAAAEAAAABCAYAAAAfFcSJAAAAAXNSR0IArs4c6QAAAAlwSFlzAAAXEgAAFxIBZ5\/SUgAAAA1JREFUCB1jYGBgsAIAAD8AO+2bAfEAAAAASUVORK5CYII=\" alt=\"page29image1385460208\" width=\"0.479980\" height=\"0.479980\" \/><\/td>\n<td>\n<div class=\"layoutArea\">\n<div class=\"column\">\n<p>M\u00fclkiye Ceza Kanununun 64.Maddesi ve askeri cezakanununun 13. Maddesi gere\u011fi te\u015fhirden sonra alt\u0131 ay hapis ve be\u015f sene zab\u0131ta nezaretinde<\/p>\n<\/div>\n<\/div>\n<p><img decoding=\"async\" src=\"data:image\/png;base64,iVBORw0KGgoAAAANSUhEUgAAAAEAAAABCAYAAAAfFcSJAAAAAXNSR0IArs4c6QAAAAlwSFlzAAAXEgAAFxIBZ5\/SUgAAAA1JREFUCB1jYGBgSAMAAGsAZ3g+PVkAAAAASUVORK5CYII=\" alt=\"page29image1385473728\" width=\"0.479980\" height=\"0.479980\" \/><\/td>\n<\/tr>\n<\/tbody>\n<\/table>\n<div class=\"layoutArea\">\n<div class=\"column\">\n<p>460<\/p>\n<\/div>\n<\/div>\n<\/div>\n<div class=\"page\" title=\"Page 30\">\n<div class=\"layoutArea\">\n<div class=\"column\">\n<p>Demirta\u015f, M. (2018). 1914 Tarihli Bitlis \u0130syan\u0131n\u0131n Osmanl\u0131 Ar\u015fiv Belgelerindeki Yans\u0131malar\u0131-Cezalar, M\u00fck\u00e2fatlar. BE\u00dc SBE Derg.,7(2), 432-492.<\/p>\n<\/div>\n<\/div>\n<p><img decoding=\"async\" src=\"data:image\/png;base64,iVBORw0KGgoAAAANSUhEUgAAAYkAAAABCAYAAAArSVK8AAAAAXNSR0IArs4c6QAAAAlwSFlzAAAP\/gAAD\/4BstaVKgAAACBJREFUOBFjZGBgqALiUTAaAqMhMBoCoyEwGgLoIXAOAPjwAUoFbTrAAAAAAElFTkSuQmCC\" alt=\"page30image1380788080\" width=\"392.590000\" height=\"0.480000\" \/><\/p>\n<table>\n<colgroup>\n<col \/>\n<col \/>\n<col \/>\n<col \/><\/colgroup>\n<tbody>\n<tr>\n<td><\/td>\n<td><\/td>\n<td><\/td>\n<td>\n<div class=\"layoutArea\">\n<div class=\"column\">\n<p>bulunmak, karar y\u00fcz\u00fcne okunmu\u015ftur.<\/p>\n<\/div>\n<\/div>\n<\/td>\n<\/tr>\n<tr>\n<td>\n<div class=\"layoutArea\">\n<div class=\"column\">\n<p>Hamo o\u011flu Hac\u0131 \u0130brahim<\/p>\n<\/div>\n<\/div>\n<\/td>\n<td>\n<div class=\"layoutArea\">\n<div class=\"column\">\n<p>Huma\u00e7Karyesi<\/p>\n<\/div>\n<\/div>\n<\/td>\n<td>\n<div class=\"layoutArea\">\n<div class=\"column\">\n<p>\u0130syana kat\u0131lmak i\u00e7in harekete ge\u00e7mek<\/p>\n<\/div>\n<\/div>\n<\/td>\n<td>\n<div class=\"layoutArea\">\n<div class=\"column\">\n<p>M\u00fclkiye Ceza Kanununun 64. Maddesi ve askeri cezakanununun 13. Maddesi gere\u011fi te\u015fhirden sonra alt\u0131 ay hapis ve be\u015f sene zab\u0131ta nezaretinde bulunmak, karar y\u00fcz\u00fcne okunmu\u015ftur.<\/p>\n<\/div>\n<\/div>\n<\/td>\n<\/tr>\n<tr>\n<td>\n<div class=\"layoutArea\">\n<div class=\"column\">\n<p>Re\u015fid o\u011fluHamza<\/p>\n<\/div>\n<\/div>\n<\/td>\n<td>\n<div class=\"layoutArea\">\n<div class=\"column\">\n<p>Olek-i S\u00fcfla (A\u015fa\u011f\u0131 Olek)Karyesi<\/p>\n<\/div>\n<\/div>\n<\/td>\n<td>\n<div class=\"layoutArea\">\n<div class=\"column\">\n<p>\u0130syana kat\u0131lmak i\u00e7inharekete ge\u00e7mek<\/p>\n<\/div>\n<\/div>\n<\/td>\n<td>\n<div class=\"layoutArea\">\n<div class=\"column\">\n<p>M\u00fclkiye Ceza Kanununun 64. Maddesi ve askeri cezakanununun 13. Maddesi gere\u011fi te\u015fhirden sonra alt\u0131 ay hapis ve be\u015f sene zab\u0131ta nezaretinde bulunmak karar y\u00fcz\u00fcne okunmu\u015ftur.<\/p>\n<\/div>\n<\/div>\n<\/td>\n<\/tr>\n<tr>\n<td>\n<div class=\"layoutArea\">\n<div class=\"column\">\n<p>Kas\u0131m o\u011fluSato<\/p>\n<\/div>\n<\/div>\n<\/td>\n<td>\n<div class=\"layoutArea\">\n<div class=\"column\">\n<p>Olek-i S\u00fcfla (A\u015fa\u011f\u0131 Olek)Karyesi<\/p>\n<\/div>\n<\/div>\n<\/td>\n<td>\n<div class=\"layoutArea\">\n<div class=\"column\">\n<p>\u0130syana kat\u0131lmak i\u00e7inharekete ge\u00e7mek<\/p>\n<\/div>\n<\/div>\n<p><img decoding=\"async\" src=\"data:image\/png;base64,iVBORw0KGgoAAAANSUhEUgAAAAEAAAABCAYAAAAfFcSJAAAAAXNSR0IArs4c6QAAAAlwSFlzAAAXEgAAFxIBZ5\/SUgAAAA1JREFUCB1jYGBgsAIAAD8AO+2bAfEAAAAASUVORK5CYII=\" alt=\"page30image1380942544\" width=\"0.479980\" height=\"0.479980\" \/><\/td>\n<td>\n<div class=\"layoutArea\">\n<div class=\"column\">\n<p>M\u00fclkiye Ceza Kanununun 64. Maddesi ve askeri cezakanununun 13. Maddesi gere\u011fi te\u015fhirden sonra alt\u0131 ay hapis ve be\u015f sene zab\u0131ta nezaretinde bulunmak karar y\u00fcz\u00fcne okunmu\u015ftur.<\/p>\n<\/div>\n<\/div>\n<p><img decoding=\"async\" src=\"data:image\/png;base64,iVBORw0KGgoAAAANSUhEUgAAAAEAAAABCAYAAAAfFcSJAAAAAXNSR0IArs4c6QAAAAlwSFlzAAAXEgAAFxIBZ5\/SUgAAAA1JREFUCB1jYGBgsAIAAD8AO+2bAfEAAAAASUVORK5CYII=\" alt=\"page30image1387267232\" width=\"0.479980\" height=\"0.479980\" \/><\/td>\n<\/tr>\n<tr>\n<td>\n<div class=\"layoutArea\">\n<div class=\"column\">\n<p>Hamid o\u011flu M\u0131sto<\/p>\n<\/div>\n<\/div>\n<\/td>\n<td>\n<div class=\"layoutArea\">\n<div class=\"column\">\n<p>Olek-i S\u00fcfla (A\u015fa\u011f\u0131 Olek)Karyesi<\/p>\n<\/div>\n<\/div>\n<\/td>\n<td>\n<div class=\"layoutArea\">\n<div class=\"column\">\n<p>\u0130syana kat\u0131lmak i\u00e7in harekete ge\u00e7mek<\/p>\n<\/div>\n<\/div>\n<\/td>\n<td>\n<div class=\"layoutArea\">\n<div class=\"column\">\n<p>M\u00fclkiye Ceza Kanununun 64. Maddesi ve askeri cezakanununun 13. Maddesi gere\u011fi te\u015fhirden sonra alt\u0131 ay hapis ve be\u015f sene zab\u0131ta nezaretinde bulunmak karar y\u00fcz\u00fcne okunmu\u015ftur.<\/p>\n<\/div>\n<\/div>\n<\/td>\n<\/tr>\n<\/tbody>\n<\/table>\n<div class=\"layoutArea\">\n<div class=\"column\">\n<p>Tablo 2-f. Hapis Cezas\u0131na \u00c7arpt\u0131r\u0131lanlar<\/p>\n<\/div>\n<\/div>\n<table>\n<colgroup>\n<col \/>\n<col \/>\n<col \/>\n<col \/><\/colgroup>\n<tbody>\n<tr>\n<td>\n<div class=\"layoutArea\">\n<div class=\"column\">\n<p>Ki\u015fi ad\u0131<\/p>\n<\/div>\n<\/div>\n<\/td>\n<td>\n<div class=\"layoutArea\">\n<div class=\"column\">\n<p>Nerelioldu\u011fu<\/p>\n<\/div>\n<\/div>\n<\/td>\n<td>\n<div class=\"layoutArea\">\n<div class=\"column\">\n<p>Su\u00e7u (cezan\u0131n gerek\u00e7esi)<\/p>\n<\/div>\n<\/div>\n<\/td>\n<td><img decoding=\"async\" src=\"data:image\/png;base64,iVBORw0KGgoAAAANSUhEUgAAAAEAAAABCAYAAAAfFcSJAAAAAXNSR0IArs4c6QAAAAlwSFlzAAAXEgAAFxIBZ5\/SUgAAAA1JREFUCB1jYGBgSAMAAGsAZ3g+PVkAAAAASUVORK5CYII=\" alt=\"page30image1387318464\" width=\"0.479980\" height=\"0.479980\" \/><\/p>\n<div class=\"layoutArea\">\n<div class=\"column\">\n<p>Verilen Ceza, kanunmaddesi ve tebli\u011f \u015fekli<\/p>\n<\/div>\n<\/div>\n<p><img decoding=\"async\" src=\"data:image\/png;base64,iVBORw0KGgoAAAANSUhEUgAAAAEAAAABCAYAAAAfFcSJAAAAAXNSR0IArs4c6QAAAAlwSFlzAAAXEgAAFxIBZ5\/SUgAAAA1JREFUCB1jYGBgsAIAAD8AO+2bAfEAAAAASUVORK5CYII=\" alt=\"page30image1387323584\" width=\"0.479980\" height=\"0.479980\" \/><\/td>\n<\/tr>\n<tr>\n<td>\n<div class=\"layoutArea\">\n<div class=\"column\">\n<p>Hasan o\u011fluYunus<\/p>\n<\/div>\n<\/div>\n<\/td>\n<td>\n<div class=\"layoutArea\">\n<div class=\"column\">\n<p>Olek-i S\u00fcfla (A\u015fa\u011f\u0131 Olek)Karyesi<\/p>\n<\/div>\n<\/div>\n<\/td>\n<td>\n<div class=\"layoutArea\">\n<div class=\"column\">\n<p>\u0130syana kat\u0131lmak i\u00e7in harekete ge\u00e7mek<\/p>\n<\/div>\n<\/div>\n<\/td>\n<td>\n<div class=\"layoutArea\">\n<div class=\"column\">\n<p>M\u00fclkiye Ceza Kanununun 64. Maddesi ve askeri ceza kanununun 13. Maddesigere\u011fi te\u015fhirden sonra alt\u0131 ay hapis ve be\u015f sene zab\u0131tanezaretinde bulunmak karary\u00fcz\u00fcne okunmu\u015ftur.<\/p>\n<\/div>\n<\/div>\n<\/td>\n<\/tr>\n<tr>\n<td>\n<div class=\"layoutArea\">\n<div class=\"column\">\n<p>S\u00fcleyman o\u011flu Hamza<\/p>\n<\/div>\n<\/div>\n<\/td>\n<td>\n<div class=\"layoutArea\">\n<div class=\"column\">\n<p>Olek-i S\u00fcfla (A\u015fa\u011f\u0131 Olek)Karyesi<\/p>\n<\/div>\n<\/div>\n<\/td>\n<td>\n<div class=\"layoutArea\">\n<div class=\"column\">\n<p>\u0130syana kat\u0131lmak i\u00e7in harekete ge\u00e7mek<\/p>\n<\/div>\n<\/div>\n<\/td>\n<td><img decoding=\"async\" src=\"data:image\/png;base64,iVBORw0KGgoAAAANSUhEUgAAAAEAAAABCAYAAAAfFcSJAAAAAXNSR0IArs4c6QAAAAlwSFlzAAAXEgAAFxIBZ5\/SUgAAAA1JREFUCB1jYGBgsAIAAD8AO+2bAfEAAAAASUVORK5CYII=\" alt=\"page30image1386704416\" width=\"0.479980\" height=\"0.479980\" \/><\/p>\n<div class=\"layoutArea\">\n<div class=\"column\">\n<p>M\u00fclkiye Ceza Kanununun 64. Maddesi ve askeri ceza kanununun 13. Maddesigere\u011fi te\u015fhirden sonra alt\u0131 ay<\/p>\n<\/div>\n<\/div>\n<p><img decoding=\"async\" src=\"data:image\/png;base64,iVBORw0KGgoAAAANSUhEUgAAAAEAAAABCAYAAAAfFcSJAAAAAXNSR0IArs4c6QAAAAlwSFlzAAAXEgAAFxIBZ5\/SUgAAAA1JREFUCB1jYGBgSAMAAGsAZ3g+PVkAAAAASUVORK5CYII=\" alt=\"page30image1386703920\" width=\"0.479980\" height=\"0.479980\" \/><\/td>\n<\/tr>\n<\/tbody>\n<\/table>\n<div class=\"layoutArea\">\n<div class=\"column\">\n<p>461<\/p>\n<\/div>\n<\/div>\n<\/div>\n<div class=\"page\" title=\"Page 31\">\n<div class=\"layoutArea\">\n<div class=\"column\">\n<p>Demirta\u015f, M. (2018). 1914 Tarihli Bitlis \u0130syan\u0131n\u0131n Osmanl\u0131 Ar\u015fiv Belgelerindeki Yans\u0131malar\u0131-Cezalar, M\u00fck\u00e2fatlar. BE\u00dc SBE Derg.,7(2), 432-492.<\/p>\n<\/div>\n<\/div>\n<p><img decoding=\"async\" src=\"data:image\/png;base64,iVBORw0KGgoAAAANSUhEUgAAAYkAAAABCAYAAAArSVK8AAAAAXNSR0IArs4c6QAAAAlwSFlzAAAP\/gAAD\/4BstaVKgAAACBJREFUOBFjZGBgqALiUTAaAqMhMBoCoyEwGgLoIXAOAPjwAUoFbTrAAAAAAElFTkSuQmCC\" alt=\"page31image1387432032\" width=\"392.590000\" height=\"0.480000\" \/><\/p>\n<table>\n<colgroup>\n<col \/>\n<col \/>\n<col \/>\n<col \/><\/colgroup>\n<tbody>\n<tr>\n<td><\/td>\n<td><\/td>\n<td><\/td>\n<td>\n<div class=\"layoutArea\">\n<div class=\"column\">\n<p>hapis ve be\u015f sene zab\u0131tanezaretinde bulunmak karary\u00fcz\u00fcne okunmu\u015ftur.<\/p>\n<\/div>\n<\/div>\n<\/td>\n<\/tr>\n<tr>\n<td>\n<div class=\"layoutArea\">\n<div class=\"column\">\n<p>Mikdato\u011flu \u015eemsi<\/p>\n<\/div>\n<\/div>\n<\/td>\n<td>\n<div class=\"layoutArea\">\n<div class=\"column\">\n<p>Olek-i S\u00fcfla (A\u015fa\u011f\u0131 Olek)Karyesi<\/p>\n<\/div>\n<\/div>\n<\/td>\n<td>\n<div class=\"layoutArea\">\n<div class=\"column\">\n<p>\u0130syana kat\u0131lmak i\u00e7in harekete ge\u00e7mek<\/p>\n<\/div>\n<\/div>\n<p><img decoding=\"async\" src=\"data:image\/png;base64,iVBORw0KGgoAAAANSUhEUgAAAG8AAAABCAYAAADQO\/BKAAAAAXNSR0IArs4c6QAAAAlwSFlzAAAQBAAAEAQBbmCuCAAAABRJREFUGBljZGBgqALiUTD0QuAoANZpAUEZgbrSAAAAAElFTkSuQmCC\" alt=\"page31image1385790752\" width=\"110.540010\" height=\"0.480010\" \/><\/td>\n<td>\n<div class=\"layoutArea\">\n<div class=\"column\">\n<p>M\u00fclkiye Ceza Kanununun 64. Maddesi ve askeri ceza kanununun 13. Maddesigere\u011fi te\u015fhirden sonra alt\u0131 ay hapis ve be\u015f sene zab\u0131tanezaretinde bulunmak karary\u00fcz\u00fcne okunmu\u015ftur.<\/p>\n<\/div>\n<\/div>\n<\/td>\n<\/tr>\n<tr>\n<td>\n<div class=\"layoutArea\">\n<div class=\"column\">\n<p>Hasan o\u011fluSaid<\/p>\n<\/div>\n<\/div>\n<\/td>\n<td>\n<div class=\"layoutArea\">\n<div class=\"column\">\n<p>Olek-i S\u00fcfla (A\u015fa\u011f\u0131 Olek)Karyesi<\/p>\n<\/div>\n<\/div>\n<\/td>\n<td>\n<div class=\"layoutArea\">\n<div class=\"column\">\n<p>\u0130syana kat\u0131lmak i\u00e7in harekete ge\u00e7mek<\/p>\n<\/div>\n<\/div>\n<\/td>\n<td>\n<div class=\"layoutArea\">\n<div class=\"column\">\n<p>M\u00fclkiye Ceza Kanununun 64. Maddesi ve askeri ceza kanununun 13. Maddesigere\u011fi te\u015fhirden sonra alt\u0131 ay hapis ve be\u015f sene zab\u0131tanezaretinde bulunmak karary\u00fcz\u00fcne okunmu\u015ftur.<\/p>\n<\/div>\n<\/div>\n<p><img decoding=\"async\" src=\"data:image\/png;base64,iVBORw0KGgoAAAANSUhEUgAAAAEAAAABCAYAAAAfFcSJAAAAAXNSR0IArs4c6QAAAAlwSFlzAAAXEgAAFxIBZ5\/SUgAAAA1JREFUCB1jYGBgsAIAAD8AO+2bAfEAAAAASUVORK5CYII=\" alt=\"page31image1386764192\" width=\"0.479980\" height=\"0.479980\" \/><\/td>\n<\/tr>\n<tr>\n<td>\n<div class=\"layoutArea\">\n<div class=\"column\">\n<p>Mehmedo\u011flu Hamza<\/p>\n<\/div>\n<\/div>\n<\/td>\n<td>\n<div class=\"layoutArea\">\n<div class=\"column\">\n<p>Ma\u011frebiyanKaryesi<\/p>\n<\/div>\n<\/div>\n<\/td>\n<td>\n<div class=\"layoutArea\">\n<div class=\"column\">\n<p>\u0130syana kat\u0131lmak i\u00e7in harekete ge\u00e7mek<\/p>\n<\/div>\n<\/div>\n<\/td>\n<td>\n<div class=\"layoutArea\">\n<div class=\"column\">\n<p>M\u00fclkiye Ceza Kanununun 64. Maddesi ve askeri ceza kanununun 13. Maddesi gere\u011fi te\u015fhirden sonra alt\u0131 ay hapis ve be\u015f sene zab\u0131tanezaretinde bulunmak karary\u00fcz\u00fcne okunmu\u015ftur.<\/p>\n<\/div>\n<\/div>\n<p><img decoding=\"async\" src=\"data:image\/png;base64,iVBORw0KGgoAAAANSUhEUgAAAAEAAAABCAYAAAAfFcSJAAAAAXNSR0IArs4c6QAAAAlwSFlzAAAXEgAAFxIBZ5\/SUgAAAA1JREFUCB1jYGBgSAMAAGsAZ3g+PVkAAAAASUVORK5CYII=\" alt=\"page31image1387425296\" width=\"0.479980\" height=\"0.479980\" \/><\/td>\n<\/tr>\n<\/tbody>\n<\/table>\n<div class=\"layoutArea\">\n<div class=\"column\">\n<p>Tablo 2-h. Hapis Cezas\u0131na \u00c7arpt\u0131r\u0131lanlar<\/p>\n<\/div>\n<\/div>\n<table>\n<colgroup>\n<col \/>\n<col \/>\n<col \/>\n<col \/><\/colgroup>\n<tbody>\n<tr>\n<td>\n<div class=\"layoutArea\">\n<div class=\"column\">\n<p>Ki\u015fi ad\u0131<\/p>\n<\/div>\n<\/div>\n<\/td>\n<td>\n<div class=\"layoutArea\">\n<div class=\"column\">\n<p>Nerelioldu\u011fu<\/p>\n<\/div>\n<\/div>\n<\/td>\n<td>\n<div class=\"layoutArea\">\n<div class=\"column\">\n<p>Su\u00e7u (cezan\u0131n gerek\u00e7esi)<\/p>\n<\/div>\n<\/div>\n<p><img decoding=\"async\" src=\"data:image\/png;base64,iVBORw0KGgoAAAANSUhEUgAAAG8AAAABCAYAAADQO\/BKAAAAAXNSR0IArs4c6QAAAAlwSFlzAAAQBAAAEAQBbmCuCAAAABRJREFUGBljZGBgqALiUTD0QuAoANZpAUEZgbrSAAAAAElFTkSuQmCC\" alt=\"page31image1387401504\" width=\"110.540010\" height=\"0.480010\" \/><\/td>\n<td><img decoding=\"async\" src=\"data:image\/png;base64,iVBORw0KGgoAAAANSUhEUgAAAAEAAAABCAYAAAAfFcSJAAAAAXNSR0IArs4c6QAAAAlwSFlzAAAXEgAAFxIBZ5\/SUgAAAA1JREFUCB1jYGBgSAMAAGsAZ3g+PVkAAAAASUVORK5CYII=\" alt=\"page31image1387564064\" width=\"0.479980\" height=\"0.479980\" \/><\/p>\n<div class=\"layoutArea\">\n<div class=\"column\">\n<p>Verilen Ceza, kanunmaddesi ve tebli\u011f \u015fekli<\/p>\n<\/div>\n<\/div>\n<\/td>\n<\/tr>\n<tr>\n<td>\n<div class=\"layoutArea\">\n<div class=\"column\">\n<p>Yunus o\u011fluDelor<\/p>\n<\/div>\n<\/div>\n<\/td>\n<td>\n<div class=\"layoutArea\">\n<div class=\"column\">\n<p>Ma\u011frebiyanKaryesi<\/p>\n<\/div>\n<\/div>\n<\/td>\n<td>\n<div class=\"layoutArea\">\n<div class=\"column\">\n<p>\u0130syana kat\u0131lmak i\u00e7in harekete ge\u00e7mek<\/p>\n<\/div>\n<\/div>\n<\/td>\n<td>\n<div class=\"layoutArea\">\n<div class=\"column\">\n<p>M\u00fclkiye Ceza Kanununun 64. Maddesi ve askeri ceza kanununun 13. Maddesigere\u011fi te\u015fhirden sonra alt\u0131 ay hapis ve be\u015f sene zab\u0131tanezaretinde bulunmak karary\u00fcz\u00fcne okunmu\u015ftur.<\/p>\n<\/div>\n<\/div>\n<p><img decoding=\"async\" src=\"data:image\/png;base64,iVBORw0KGgoAAAANSUhEUgAAAAEAAAABCAYAAAAfFcSJAAAAAXNSR0IArs4c6QAAAAlwSFlzAAAXEgAAFxIBZ5\/SUgAAAA1JREFUCB1jYGBgsAIAAD8AO+2bAfEAAAAASUVORK5CYII=\" alt=\"page31image1385840736\" width=\"0.479980\" height=\"0.479980\" \/><\/td>\n<\/tr>\n<tr>\n<td>\n<div class=\"layoutArea\">\n<div class=\"column\">\n<p>Mehmedo\u011flu Seyfi<\/p>\n<\/div>\n<\/div>\n<\/td>\n<td>\n<div class=\"layoutArea\">\n<div class=\"column\">\n<p>Ma\u011frebiyan Karyesi<\/p>\n<\/div>\n<\/div>\n<\/td>\n<td>\n<div class=\"layoutArea\">\n<div class=\"column\">\n<p>\u0130syana kat\u0131lmak i\u00e7in harekete ge\u00e7mek<\/p>\n<\/div>\n<\/div>\n<\/td>\n<td>\n<div class=\"layoutArea\">\n<div class=\"column\">\n<p>M\u00fclkiye Ceza Kanununun 64. Maddesi ve askeri ceza kanununun 13. Maddesigere\u011fi te\u015fhirden sonra alt\u0131 ay hapis ve be\u015f sene zab\u0131tanezaretinde bulunmak karary\u00fcz\u00fcne okunmu\u015ftur.<\/p>\n<\/div>\n<\/div>\n<\/td>\n<\/tr>\n<tr>\n<td>\n<div class=\"layoutArea\">\n<div class=\"column\">\n<p>S\u00fcleyman o\u011flu \u00d6mer<\/p>\n<\/div>\n<\/div>\n<\/td>\n<td>\n<div class=\"layoutArea\">\n<div class=\"column\">\n<p>Ma\u011frebiyanKaryesi<\/p>\n<\/div>\n<\/div>\n<\/td>\n<td>\n<div class=\"layoutArea\">\n<div class=\"column\">\n<p>\u0130syana kat\u0131lmak i\u00e7in harekete ge\u00e7mek<\/p>\n<\/div>\n<\/div>\n<\/td>\n<td><img decoding=\"async\" src=\"data:image\/png;base64,iVBORw0KGgoAAAANSUhEUgAAAAEAAAABCAYAAAAfFcSJAAAAAXNSR0IArs4c6QAAAAlwSFlzAAAXEgAAFxIBZ5\/SUgAAAA1JREFUCB1jYGBgsAIAAD8AO+2bAfEAAAAASUVORK5CYII=\" alt=\"page31image1387580768\" width=\"0.479980\" height=\"0.479980\" \/><\/p>\n<div class=\"layoutArea\">\n<div class=\"column\">\n<p>M\u00fclkiye Ceza Kanununun 64. Maddesi ve askeri ceza kanununun 13. Maddesi<\/p>\n<\/div>\n<\/div>\n<p><img decoding=\"async\" src=\"data:image\/png;base64,iVBORw0KGgoAAAANSUhEUgAAAAEAAAABCAYAAAAfFcSJAAAAAXNSR0IArs4c6QAAAAlwSFlzAAAXEgAAFxIBZ5\/SUgAAAA1JREFUCB1jYGBgSAMAAGsAZ3g+PVkAAAAASUVORK5CYII=\" alt=\"page31image1387588608\" width=\"0.479980\" height=\"0.479980\" \/><\/td>\n<\/tr>\n<\/tbody>\n<\/table>\n<div class=\"layoutArea\">\n<div class=\"column\">\n<p>462<\/p>\n<\/div>\n<\/div>\n<\/div>\n<div class=\"page\" title=\"Page 32\">\n<div class=\"layoutArea\">\n<div class=\"column\">\n<p>Demirta\u015f, M. (2018). 1914 Tarihli Bitlis \u0130syan\u0131n\u0131n Osmanl\u0131 Ar\u015fiv Belgelerindeki Yans\u0131malar\u0131-Cezalar, M\u00fck\u00e2fatlar. BE\u00dc SBE Derg.,7(2), 432-492.<\/p>\n<\/div>\n<\/div>\n<p><img decoding=\"async\" src=\"data:image\/png;base64,iVBORw0KGgoAAAANSUhEUgAAAYkAAAABCAYAAAArSVK8AAAAAXNSR0IArs4c6QAAAAlwSFlzAAAP\/gAAD\/4BstaVKgAAACBJREFUOBFjZGBgqALiUTAaAqMhMBoCoyEwGgLoIXAOAPjwAUoFbTrAAAAAAElFTkSuQmCC\" alt=\"page32image1386907424\" width=\"392.590000\" height=\"0.480000\" \/><\/p>\n<table>\n<colgroup>\n<col \/>\n<col \/>\n<col \/>\n<col \/><\/colgroup>\n<tbody>\n<tr>\n<td><\/td>\n<td><\/td>\n<td><\/td>\n<td>\n<div class=\"layoutArea\">\n<div class=\"column\">\n<p>gere\u011fi te\u015fhirden sonra alt\u0131 ay hapis ve be\u015f sene zab\u0131tanezaretinde bulunmak karary\u00fcz\u00fcne okunmu\u015ftur.<\/p>\n<\/div>\n<\/div>\n<\/td>\n<\/tr>\n<tr>\n<td>\n<div class=\"layoutArea\">\n<div class=\"column\">\n<p>\u0130smail o\u011fluAhmed<\/p>\n<\/div>\n<\/div>\n<\/td>\n<td>\n<div class=\"layoutArea\">\n<div class=\"column\">\n<p>Ma\u011frebiyanKaryesi<\/p>\n<\/div>\n<\/div>\n<\/td>\n<td>\n<div class=\"layoutArea\">\n<div class=\"column\">\n<p>\u0130syana kat\u0131lmak i\u00e7in harekete ge\u00e7mek<\/p>\n<\/div>\n<\/div>\n<\/td>\n<td>\n<div class=\"layoutArea\">\n<div class=\"column\">\n<p>M\u00fclkiye Ceza Kanununun 64. Maddesi ve askeri ceza kanununun 13. Maddesigere\u011fi te\u015fhirden sonra alt\u0131 ay hapis ve be\u015f sene zab\u0131tanezaretinde bulunmak karary\u00fcz\u00fcne okunmu\u015ftur.<\/p>\n<\/div>\n<\/div>\n<\/td>\n<\/tr>\n<tr>\n<td>\n<div class=\"layoutArea\">\n<div class=\"column\">\n<p>\u0130smail o\u011flu M\u00fccahid<\/p>\n<\/div>\n<\/div>\n<\/td>\n<td>\n<div class=\"layoutArea\">\n<div class=\"column\">\n<p>Ma\u011frebiyanKaryesi<\/p>\n<\/div>\n<\/div>\n<\/td>\n<td>\n<div class=\"layoutArea\">\n<div class=\"column\">\n<p>\u0130syana kat\u0131lmak i\u00e7in harekete ge\u00e7mek<\/p>\n<\/div>\n<\/div>\n<\/td>\n<td>\n<div class=\"layoutArea\">\n<div class=\"column\">\n<p>M\u00fclkiye Ceza Kanununun 64. Maddesi ve askeri ceza kanununun 13. Maddesigere\u011fi te\u015fhirden sonra alt\u0131 ay hapis ve be\u015f sene zab\u0131tanezaretinde bulunmak karary\u00fcz\u00fcne okunmu\u015ftur.<\/p>\n<\/div>\n<\/div>\n<p><img decoding=\"async\" src=\"data:image\/png;base64,iVBORw0KGgoAAAANSUhEUgAAAAEAAAABCAYAAAAfFcSJAAAAAXNSR0IArs4c6QAAAAlwSFlzAAAXEgAAFxIBZ5\/SUgAAAA1JREFUCB1jYGBgSAMAAGsAZ3g+PVkAAAAASUVORK5CYII=\" alt=\"page32image1387479840\" width=\"0.479980\" height=\"0.479980\" \/><\/td>\n<\/tr>\n<\/tbody>\n<\/table>\n<div class=\"layoutArea\">\n<div class=\"column\">\n<p>Tablo 2-\u0131. Hapis Cezas\u0131na \u00c7arpt\u0131r\u0131lanlar<\/p>\n<\/div>\n<\/div>\n<table>\n<colgroup>\n<col \/>\n<col \/>\n<col \/>\n<col \/><\/colgroup>\n<tbody>\n<tr>\n<td>\n<div class=\"layoutArea\">\n<div class=\"column\">\n<p>Ki\u015fi ad\u0131<\/p>\n<\/div>\n<\/div>\n<\/td>\n<td>\n<div class=\"layoutArea\">\n<div class=\"column\">\n<p>Nerelioldu\u011fu<\/p>\n<\/div>\n<\/div>\n<\/td>\n<td>\n<div class=\"layoutArea\">\n<div class=\"column\">\n<p>Su\u00e7u (cezan\u0131n gerek\u00e7esi)<\/p>\n<\/div>\n<\/div>\n<p><img decoding=\"async\" src=\"data:image\/png;base64,iVBORw0KGgoAAAANSUhEUgAAAAEAAAABCAYAAAAfFcSJAAAAAXNSR0IArs4c6QAAAAlwSFlzAAAXEQAAFxEByibzPwAAAA1JREFUCB1jYGBgsAIAAD8AO+2bAfEAAAAASUVORK5CYII=\" alt=\"page32image1387501904\" width=\"0.480010\" height=\"0.480010\" \/><\/td>\n<td><img decoding=\"async\" src=\"data:image\/png;base64,iVBORw0KGgoAAAANSUhEUgAAAAEAAAABCAYAAAAfFcSJAAAAAXNSR0IArs4c6QAAAAlwSFlzAAAXEgAAFxIBZ5\/SUgAAAA1JREFUCB1jYGBgSAMAAGsAZ3g+PVkAAAAASUVORK5CYII=\" alt=\"page32image1387495920\" width=\"0.479980\" height=\"0.479980\" \/><\/p>\n<div class=\"layoutArea\">\n<div class=\"column\">\n<p>Verilen Ceza, kanunmaddesi ve tebli\u011f \u015fekli<\/p>\n<\/div>\n<\/div>\n<\/td>\n<\/tr>\n<tr>\n<td>\n<div class=\"layoutArea\">\n<div class=\"column\">\n<p>H\u00fcseyin o\u011flu S\u00fcleyman<\/p>\n<\/div>\n<\/div>\n<\/td>\n<td>\n<div class=\"layoutArea\">\n<div class=\"column\">\n<p>Sorvan Karyesi<\/p>\n<\/div>\n<\/div>\n<\/td>\n<td>\n<div class=\"layoutArea\">\n<div class=\"column\">\n<p>\u0130syana kat\u0131lmak i\u00e7in harekete ge\u00e7mek<\/p>\n<\/div>\n<\/div>\n<\/td>\n<td>\n<div class=\"layoutArea\">\n<div class=\"column\">\n<p>M\u00fclkiye Ceza Kanununun64. Maddesi ve askeri ceza kanununun 13. Maddesigere\u011fi te\u015fhirden sonra alt\u0131 ay hapis ve be\u015f sene zab\u0131tanezaretinde bulunmak karary\u00fcz\u00fcne okunmu\u015ftur.<\/p>\n<\/div>\n<\/div>\n<\/td>\n<\/tr>\n<tr>\n<td>\n<div class=\"layoutArea\">\n<div class=\"column\">\n<p>Far\u0131s o\u011fluMusa<\/p>\n<\/div>\n<\/div>\n<\/td>\n<td>\n<div class=\"layoutArea\">\n<div class=\"column\">\n<p>Sorvan Karyesi<\/p>\n<\/div>\n<\/div>\n<\/td>\n<td><img decoding=\"async\" src=\"data:image\/png;base64,iVBORw0KGgoAAAANSUhEUgAAAAEAAAABCAYAAAAfFcSJAAAAAXNSR0IArs4c6QAAAAlwSFlzAAAXEQAAFxEByibzPwAAAA1JREFUCB1jYGBgsAIAAD8AO+2bAfEAAAAASUVORK5CYII=\" alt=\"page32image1387689120\" width=\"0.480010\" height=\"0.480010\" \/><\/p>\n<div class=\"layoutArea\">\n<div class=\"column\">\n<p>\u0130syana kat\u0131lmak i\u00e7in harekete ge\u00e7mek<\/p>\n<\/div>\n<\/div>\n<\/td>\n<td>\n<div class=\"layoutArea\">\n<div class=\"column\">\n<p>M\u00fclkiye Ceza Kanununun64. Maddesi ve askeri ceza kanununun 13. Maddesigere\u011fi te\u015fhirden sonra alt\u0131 ay hapis ve be\u015f sene zab\u0131tanezaretinde bulunmak karary\u00fcz\u00fcne okunmu\u015ftur.<\/p>\n<\/div>\n<\/div>\n<p><img decoding=\"async\" src=\"data:image\/png;base64,iVBORw0KGgoAAAANSUhEUgAAAAEAAAABCAYAAAAfFcSJAAAAAXNSR0IArs4c6QAAAAlwSFlzAAAXEgAAFxIBZ5\/SUgAAAA1JREFUCB1jYGBgsAIAAD8AO+2bAfEAAAAASUVORK5CYII=\" alt=\"page32image1387709440\" width=\"0.479980\" height=\"0.479980\" \/><\/td>\n<\/tr>\n<tr>\n<td>\n<div class=\"layoutArea\">\n<div class=\"column\">\n<p>\u015eeyhi o\u011flu Kas\u0131m<\/p>\n<\/div>\n<\/div>\n<\/td>\n<td>\n<div class=\"layoutArea\">\n<div class=\"column\">\n<p>Sorvan Karyesi<\/p>\n<\/div>\n<\/div>\n<\/td>\n<td>\n<div class=\"layoutArea\">\n<div class=\"column\">\n<p>\u0130syana kat\u0131lmak i\u00e7in harekete ge\u00e7mek<\/p>\n<\/div>\n<\/div>\n<\/td>\n<td>\n<div class=\"layoutArea\">\n<div class=\"column\">\n<p>M\u00fclkiye Ceza Kanununun64. Maddesi ve askeri ceza kanununun 13. Maddesigere\u011fi te\u015fhirden sonra alt\u0131 ayhapis ve be\u015f sene zab\u0131tanezaretinde bulunmak karary\u00fcz\u00fcne okunmu\u015ftur.<\/p>\n<\/div>\n<\/div>\n<p><img decoding=\"async\" src=\"data:image\/png;base64,iVBORw0KGgoAAAANSUhEUgAAAAEAAAABCAYAAAAfFcSJAAAAAXNSR0IArs4c6QAAAAlwSFlzAAAXEgAAFxIBZ5\/SUgAAAA1JREFUCB1jYGBgSAMAAGsAZ3g+PVkAAAAASUVORK5CYII=\" alt=\"page32image1387739216\" width=\"0.479980\" height=\"0.479980\" \/><\/td>\n<\/tr>\n<\/tbody>\n<\/table>\n<div class=\"layoutArea\">\n<div class=\"column\">\n<p>463<\/p>\n<\/div>\n<\/div>\n<\/div>\n<div class=\"page\" title=\"Page 33\">\n<div class=\"layoutArea\">\n<div class=\"column\">\n<p>Demirta\u015f, M. (2018). 1914 Tarihli Bitlis \u0130syan\u0131n\u0131n Osmanl\u0131 Ar\u015fiv Belgelerindeki Yans\u0131malar\u0131-Cezalar, M\u00fck\u00e2fatlar. BE\u00dc SBE Derg.,7(2), 432-492.<\/p>\n<\/div>\n<\/div>\n<p><img decoding=\"async\" src=\"data:image\/png;base64,iVBORw0KGgoAAAANSUhEUgAAAYkAAAABCAYAAAArSVK8AAAAAXNSR0IArs4c6QAAAAlwSFlzAAAP\/gAAD\/4BstaVKgAAACBJREFUOBFjZGBgqALiUTAaAqMhMBoCoyEwGgLoIXAOAPjwAUoFbTrAAAAAAElFTkSuQmCC\" alt=\"page33image1387959392\" width=\"392.590000\" height=\"0.480000\" \/><\/p>\n<table>\n<colgroup>\n<col \/>\n<col \/>\n<col \/>\n<col \/><\/colgroup>\n<tbody>\n<tr>\n<td>\n<div class=\"layoutArea\">\n<div class=\"column\">\n<p>Ahmed o\u011flu Abd\u00fcrrahman<\/p>\n<\/div>\n<\/div>\n<\/td>\n<td>\n<div class=\"layoutArea\">\n<div class=\"column\">\n<p>Olek-i S\u00fcfla (A\u015fa\u011f\u0131 Olek)Karyesi<\/p>\n<\/div>\n<\/div>\n<\/td>\n<td>\n<div class=\"layoutArea\">\n<div class=\"column\">\n<p>\u0130syana kat\u0131lmak i\u00e7in harekete ge\u00e7mek<\/p>\n<\/div>\n<\/div>\n<\/td>\n<td>\n<div class=\"layoutArea\">\n<div class=\"column\">\n<p>M\u00fclkiye Ceza Kanununun64. Maddesi ve askeri ceza kanununun 13. Maddesigere\u011fi te\u015fhirden sonra alt\u0131 ayhapis ve be\u015f sene zab\u0131tanezaretinde bulunmak karary\u00fcz\u00fcne okunmu\u015ftur.<\/p>\n<\/div>\n<\/div>\n<\/td>\n<\/tr>\n<tr>\n<td>\n<div class=\"layoutArea\">\n<div class=\"column\">\n<p>\u015eeyh Halid o\u011flu \u015eeyhHaydar<\/p>\n<\/div>\n<\/div>\n<\/td>\n<td>\n<div class=\"layoutArea\">\n<div class=\"column\">\n<p>Ma\u011frebiyanKaryesi<\/p>\n<\/div>\n<\/div>\n<\/td>\n<td>\n<div class=\"layoutArea\">\n<div class=\"column\">\n<p>\u0130syana kat\u0131lmak i\u00e7in harekete ge\u00e7mek<\/p>\n<\/div>\n<\/div>\n<\/td>\n<td>\n<div class=\"layoutArea\">\n<div class=\"column\">\n<p>M\u00fclkiye Ceza Kanununun64. Maddesi ve askeri ceza kanununun 13. Maddesigere\u011fi te\u015fhirden sonra alt\u0131 ay hapis ve be\u015f sene zab\u0131tanezaretinde bulunmak karary\u00fcz\u00fcne okunmu\u015ftur.<\/p>\n<\/div>\n<\/div>\n<\/td>\n<\/tr>\n<\/tbody>\n<\/table>\n<div class=\"layoutArea\">\n<div class=\"column\">\n<p>Tablo 2-j. Hapis Cezas\u0131na \u00c7arpt\u0131r\u0131lanlar<\/p>\n<\/div>\n<\/div>\n<table>\n<colgroup>\n<col \/>\n<col \/>\n<col \/>\n<col \/><\/colgroup>\n<tbody>\n<tr>\n<td>\n<div class=\"layoutArea\">\n<div class=\"column\">\n<p>Ki\u015fi ad\u0131<\/p>\n<\/div>\n<\/div>\n<\/td>\n<td>\n<div class=\"layoutArea\">\n<div class=\"column\">\n<p>Nerelioldu\u011fu<\/p>\n<\/div>\n<\/div>\n<\/td>\n<td>\n<div class=\"layoutArea\">\n<div class=\"column\">\n<p>Su\u00e7u (cezan\u0131n gerek\u00e7esi)<\/p>\n<\/div>\n<\/div>\n<p><img decoding=\"async\" src=\"data:image\/png;base64,iVBORw0KGgoAAAANSUhEUgAAAAEAAAABCAYAAAAfFcSJAAAAAXNSR0IArs4c6QAAAAlwSFlzAAAXEQAAFxEByibzPwAAAA1JREFUCB1jYGBgsAIAAD8AO+2bAfEAAAAASUVORK5CYII=\" alt=\"page33image1387973600\" width=\"0.480010\" height=\"0.480010\" \/><\/td>\n<td><img decoding=\"async\" src=\"data:image\/png;base64,iVBORw0KGgoAAAANSUhEUgAAAAEAAAABCAYAAAAfFcSJAAAAAXNSR0IArs4c6QAAAAlwSFlzAAAXEgAAFxIBZ5\/SUgAAAA1JREFUCB1jYGBgSAMAAGsAZ3g+PVkAAAAASUVORK5CYII=\" alt=\"page33image1387974336\" width=\"0.479980\" height=\"0.479980\" \/><\/p>\n<div class=\"layoutArea\">\n<div class=\"column\">\n<p>Verilen Ceza, kanunmaddesi ve tebli\u011f \u015fekli<\/p>\n<\/div>\n<\/div>\n<\/td>\n<\/tr>\n<tr>\n<td>\n<div class=\"layoutArea\">\n<div class=\"column\">\n<p>\u015eeyh Yusuf o\u011flu \u015eeyh Abd\u00fclhamid<\/p>\n<\/div>\n<\/div>\n<\/td>\n<td>\n<div class=\"layoutArea\">\n<div class=\"column\">\n<p>Ma\u011frebiyanKaryesi<\/p>\n<\/div>\n<\/div>\n<\/td>\n<td>\n<div class=\"layoutArea\">\n<div class=\"column\">\n<p>\u0130syana kat\u0131lmak i\u00e7in harekete ge\u00e7mek<\/p>\n<\/div>\n<\/div>\n<\/td>\n<td>\n<div class=\"layoutArea\">\n<div class=\"column\">\n<p>M\u00fclkiye Ceza Kanununun64. Maddesi ve askeri ceza kanununun 13. Maddesigere\u011fi te\u015fhirden sonra alt\u0131 ay hapis ve be\u015f sene zab\u0131tanezaretinde bulunmak karary\u00fcz\u00fcne okunmu\u015ftur.<\/p>\n<\/div>\n<\/div>\n<p><img decoding=\"async\" src=\"data:image\/png;base64,iVBORw0KGgoAAAANSUhEUgAAAAEAAAABCAYAAAAfFcSJAAAAAXNSR0IArs4c6QAAAAlwSFlzAAAXEgAAFxIBZ5\/SUgAAAA1JREFUCB1jYGBgsAIAAD8AO+2bAfEAAAAASUVORK5CYII=\" alt=\"page33image1387068112\" width=\"0.479980\" height=\"0.479980\" \/><\/td>\n<\/tr>\n<tr>\n<td>\n<div class=\"layoutArea\">\n<div class=\"column\">\n<p>\u0130smail o\u011fluHamid<\/p>\n<\/div>\n<\/div>\n<\/td>\n<td>\n<div class=\"layoutArea\">\n<div class=\"column\">\n<p>Dirvan Karyesi<\/p>\n<\/div>\n<\/div>\n<\/td>\n<td>\n<div class=\"layoutArea\">\n<div class=\"column\">\n<p>\u0130syana kat\u0131lmak i\u00e7in harekete ge\u00e7mek<\/p>\n<\/div>\n<\/div>\n<\/td>\n<td>\n<div class=\"layoutArea\">\n<div class=\"column\">\n<p>M\u00fclkiye Ceza Kanununun64. Maddesi ve askeri ceza kanununun 13. Maddesigere\u011fi te\u015fhirden sonra alt\u0131 ay hapis ve be\u015f sene zab\u0131tanezaretinde bulunmak karary\u00fcz\u00fcne okunmu\u015ftur.<\/p>\n<\/div>\n<\/div>\n<\/td>\n<\/tr>\n<tr>\n<td>\n<div class=\"layoutArea\">\n<div class=\"column\">\n<p>Hac\u0131 Musa o\u011flu G\u00f6\u00e7erBahaeddin<\/p>\n<\/div>\n<\/div>\n<\/td>\n<td>\n<div class=\"layoutArea\">\n<div class=\"column\">\n<p>K\u0131ptiTaifesinden<\/p>\n<\/div>\n<\/div>\n<\/td>\n<td>\n<div class=\"layoutArea\">\n<div class=\"column\">\n<p>Yasak silah ta\u015f\u0131mak<\/p>\n<\/div>\n<\/div>\n<\/td>\n<td><img decoding=\"async\" src=\"data:image\/png;base64,iVBORw0KGgoAAAANSUhEUgAAAAEAAAABCAYAAAAfFcSJAAAAAXNSR0IArs4c6QAAAAlwSFlzAAAXEgAAFxIBZ5\/SUgAAAA1JREFUCB1jYGBgsAIAAD8AO+2bAfEAAAAASUVORK5CYII=\" alt=\"page33image1385885936\" width=\"0.479980\" height=\"0.479980\" \/><\/p>\n<div class=\"layoutArea\">\n<div class=\"column\">\n<p>M\u00fclkiye Ceza Kanununu 166. Maddesinin zeyli gere\u011fi 2 ay s\u00fcreyle hapis cezas\u0131 5 mecidiye alt\u0131n\u0131 para cezas\u0131 nakden al\u0131nmas\u0131 ceza y\u00fcz\u00fcne okunmu\u015ftur.<\/p>\n<\/div>\n<\/div>\n<\/td>\n<\/tr>\n<tr>\n<td>\n<div class=\"layoutArea\">\n<div class=\"column\">\n<p>Hac\u0131 o\u011fluYasin<\/p>\n<\/div>\n<\/div>\n<\/td>\n<td>\n<div class=\"layoutArea\">\n<div class=\"column\">\n<p>M\u00fcknisKaryesi<\/p>\n<\/div>\n<\/div>\n<\/td>\n<td>\n<div class=\"layoutArea\">\n<div class=\"column\">\n<p>Askeri kuvvetlerden firar emek<\/p>\n<\/div>\n<\/div>\n<\/td>\n<td><img decoding=\"async\" src=\"data:image\/png;base64,iVBORw0KGgoAAAANSUhEUgAAAAEAAAABCAYAAAAfFcSJAAAAAXNSR0IArs4c6QAAAAlwSFlzAAAXEgAAFxIBZ5\/SUgAAAA1JREFUCB1jYGBgsAIAAD8AO+2bAfEAAAAASUVORK5CYII=\" alt=\"page33image1385914768\" width=\"0.479980\" height=\"0.479980\" \/><\/p>\n<div class=\"layoutArea\">\n<div class=\"column\">\n<p>Askeri ceza kanununu 13. Maddesi 6 ay s\u00fcreyle hapis g\u0131yaben<\/p>\n<\/div>\n<\/div>\n<p><img decoding=\"async\" src=\"data:image\/png;base64,iVBORw0KGgoAAAANSUhEUgAAAAEAAAABCAYAAAAfFcSJAAAAAXNSR0IArs4c6QAAAAlwSFlzAAAXEgAAFxIBZ5\/SUgAAAA1JREFUCB1jYGBgsAIAAD8AO+2bAfEAAAAASUVORK5CYII=\" alt=\"page33image1385921776\" width=\"0.479980\" height=\"0.479980\" \/><\/td>\n<\/tr>\n<tr>\n<td>\n<div class=\"layoutArea\">\n<div class=\"column\">\n<p>Kad\u0131 o\u011fluAbdullah<\/p>\n<\/div>\n<\/div>\n<\/td>\n<td>\n<div class=\"layoutArea\">\n<div class=\"column\">\n<p>K\u00fclat Karyesi<\/p>\n<\/div>\n<\/div>\n<\/td>\n<td>\n<div class=\"layoutArea\">\n<div class=\"column\">\n<p>\u0130syana kat\u0131lmak<\/p>\n<\/div>\n<\/div>\n<\/td>\n<td>\n<div class=\"layoutArea\">\n<div class=\"column\">\n<p>M\u00fclkiye Ceza Kanununun64. Maddesi ve Askeri CezaKanunun 13. Maddesi gere\u011fi 3 ay s\u00fcreyle hapis ve 5 sene<\/p>\n<\/div>\n<\/div>\n<p><img decoding=\"async\" src=\"data:image\/png;base64,iVBORw0KGgoAAAANSUhEUgAAAAEAAAABCAYAAAAfFcSJAAAAAXNSR0IArs4c6QAAAAlwSFlzAAAXEgAAFxIBZ5\/SUgAAAA1JREFUCB1jYGBgSAMAAGsAZ3g+PVkAAAAASUVORK5CYII=\" alt=\"page33image1384642000\" width=\"0.479980\" height=\"0.479980\" \/><\/td>\n<\/tr>\n<\/tbody>\n<\/table>\n<div class=\"layoutArea\">\n<div class=\"column\">\n<p>464<\/p>\n<\/div>\n<\/div>\n<\/div>\n<div class=\"page\" title=\"Page 34\">\n<div class=\"layoutArea\">\n<div class=\"column\">\n<p>Demirta\u015f, M. (2018). 1914 Tarihli Bitlis \u0130syan\u0131n\u0131n Osmanl\u0131 Ar\u015fiv Belgelerindeki Yans\u0131malar\u0131-Cezalar, M\u00fck\u00e2fatlar. BE\u00dc SBE Derg.,7(2), 432-492.<\/p>\n<\/div>\n<\/div>\n<p><img decoding=\"async\" src=\"data:image\/png;base64,iVBORw0KGgoAAAANSUhEUgAAAYkAAAABCAYAAAArSVK8AAAAAXNSR0IArs4c6QAAAAlwSFlzAAAP\/gAAD\/4BstaVKgAAACBJREFUOBFjZGBgqALiUTAaAqMhMBoCoyEwGgLoIXAOAPjwAUoFbTrAAAAAAElFTkSuQmCC\" alt=\"page34image1384874816\" width=\"392.590000\" height=\"0.480000\" \/><\/p>\n<table>\n<colgroup>\n<col \/>\n<col \/>\n<col \/>\n<col \/><\/colgroup>\n<tbody>\n<tr>\n<td><\/td>\n<td><\/td>\n<td><\/td>\n<td>\n<div class=\"layoutArea\">\n<div class=\"column\">\n<p>zab\u0131ta nezaretinde bulunma(BOA. BEO. SYS- 4301\/322534, 1914).<\/p>\n<\/div>\n<\/div>\n<\/td>\n<\/tr>\n<\/tbody>\n<\/table>\n<div class=\"layoutArea\">\n<div class=\"column\">\n<p>Tablo 2-k. Hapis Cezas\u0131na \u00c7arpt\u0131r\u0131lanlar<\/p>\n<\/div>\n<\/div>\n<table>\n<colgroup>\n<col \/>\n<col \/>\n<col \/>\n<col \/><\/colgroup>\n<tbody>\n<tr>\n<td>\n<div class=\"layoutArea\">\n<div class=\"column\">\n<p>Ki\u015fi ad\u0131<\/p>\n<\/div>\n<\/div>\n<\/td>\n<td>\n<div class=\"layoutArea\">\n<div class=\"column\">\n<p>Nerelioldu\u011fu<\/p>\n<\/div>\n<\/div>\n<\/td>\n<td>\n<div class=\"layoutArea\">\n<div class=\"column\">\n<p>Su\u00e7u (cezan\u0131n gerek\u00e7esi)<\/p>\n<\/div>\n<\/div>\n<\/td>\n<td>\n<div class=\"layoutArea\">\n<div class=\"column\">\n<p>Verilen Ceza, kanunmaddesi ve tebli\u011f \u015fekli<\/p>\n<\/div>\n<\/div>\n<\/td>\n<\/tr>\n<tr>\n<td>\n<div class=\"layoutArea\">\n<div class=\"column\">\n<p>D\u00fckk\u00e2nc\u0131Siirtli Cafer<\/p>\n<\/div>\n<\/div>\n<\/td>\n<td>\n<div class=\"layoutArea\">\n<div class=\"column\">\n<p>Gayda Karyesi<\/p>\n<\/div>\n<\/div>\n<\/td>\n<td>\n<div class=\"layoutArea\">\n<div class=\"column\">\n<p>Yasak silah satmak<\/p>\n<\/div>\n<\/div>\n<\/td>\n<td>\n<div class=\"layoutArea\">\n<div class=\"column\">\n<p>M\u00fclkiye Ceza Kanununun166. Maddesinin zeyli gere\u011fi 1 ay s\u00fcreyle hapis ve 3 mecidiye alt\u0131n\u0131 para cezas\u0131 (BOA. BEO. SYS- 4301\/322534, 03 N 1332\/27 Temmuz 1914).<\/p>\n<\/div>\n<\/div>\n<\/td>\n<\/tr>\n<tr>\n<td><img decoding=\"async\" src=\"data:image\/png;base64,iVBORw0KGgoAAAANSUhEUgAAAAEAAAABCAYAAAAfFcSJAAAAAXNSR0IArs4c6QAAAAlwSFlzAAAXEQAAFxEByibzPwAAAA1JREFUCB1jYGBgsAIAAD8AO+2bAfEAAAAASUVORK5CYII=\" alt=\"page34image1386971120\" width=\"0.480010\" height=\"0.480010\" \/><\/p>\n<div class=\"layoutArea\">\n<div class=\"column\">\n<p>Hoyt Jandarma eri Ahmedo\u011fluMehmed<\/p>\n<\/div>\n<\/div>\n<p><img decoding=\"async\" src=\"data:image\/png;base64,iVBORw0KGgoAAAANSUhEUgAAAAEAAAABCAYAAAAfFcSJAAAAAXNSR0IArs4c6QAAAAlwSFlzAAAXEQAAFxEByibzPwAAAA1JREFUCB1jYGBgsAIAAD8AO+2bAfEAAAAASUVORK5CYII=\" alt=\"page34image1386975376\" width=\"0.480010\" height=\"0.480010\" \/><\/td>\n<td>\n<div class=\"layoutArea\">\n<div class=\"column\">\n<p>Mutki<\/p>\n<\/div>\n<\/div>\n<\/td>\n<td>\n<div class=\"layoutArea\">\n<div class=\"column\">\n<p>\u0130syana i\u015ftirak<\/p>\n<\/div>\n<\/div>\n<\/td>\n<td>\n<div class=\"layoutArea\">\n<div class=\"column\">\n<p>Silah\u0131n\u0131 mukavemet g\u00f6stermeden teslim etti\u011fi i\u00e7in Askeri Ceza Kanununun 164. Maddesine g\u00f6re bir sene hapis cezas\u0131 ve askerlikten \u00e7\u0131karma(BOA. BEO. SYS- 4315\/323602).<\/p>\n<\/div>\n<\/div>\n<\/td>\n<\/tr>\n<tr>\n<td>\n<div class=\"layoutArea\">\n<div class=\"column\">\n<p>Hoyt Jandarma eri Ahmedo\u011flu S\u00fcleyman<\/p>\n<\/div>\n<\/div>\n<p><img decoding=\"async\" src=\"data:image\/png;base64,iVBORw0KGgoAAAANSUhEUgAAAAEAAAABCAYAAAAfFcSJAAAAAXNSR0IArs4c6QAAAAlwSFlzAAAXEQAAFxEByibzPwAAAA1JREFUCB1jYGBgsAIAAD8AO+2bAfEAAAAASUVORK5CYII=\" alt=\"page34image1387076784\" width=\"0.480010\" height=\"0.480010\" \/><\/td>\n<td>\n<div class=\"layoutArea\">\n<div class=\"column\">\n<p>Mutki<\/p>\n<\/div>\n<\/div>\n<\/td>\n<td>\n<div class=\"layoutArea\">\n<div class=\"column\">\n<p>\u0130syana i\u015ftirak<\/p>\n<\/div>\n<\/div>\n<\/td>\n<td>\n<div class=\"layoutArea\">\n<div class=\"column\">\n<p>Silah\u0131n\u0131 mukavemet g\u00f6stermeden teslim etti\u011fi i\u00e7in Askeri Ceza Kanununun 164.Maddesine g\u00f6re bir sene hapis cezas\u0131 ve askerlikten \u00e7\u0131karma(BOA. BEO. SYS- 4315\/323602).<\/p>\n<\/div>\n<\/div>\n<\/td>\n<\/tr>\n<tr>\n<td>\n<div class=\"layoutArea\">\n<div class=\"column\">\n<p>Halid o\u011flu C\u00fcndi<\/p>\n<\/div>\n<\/div>\n<\/td>\n<td>\n<div class=\"layoutArea\">\n<div class=\"column\">\n<p>Zeydan Mahallesi<\/p>\n<\/div>\n<\/div>\n<\/td>\n<td>\n<div class=\"layoutArea\">\n<div class=\"column\">\n<p>\u0130syanc\u0131lara kar\u015f\u0131 m\u00fccadele eden askere, K\u00fcrtlere silah atmamalar\u0131n\u0131 s\u00f6yledi\u011fi i\u00e7in<\/p>\n<\/div>\n<\/div>\n<p><img decoding=\"async\" src=\"data:image\/png;base64,iVBORw0KGgoAAAANSUhEUgAAAAEAAAABCAYAAAAfFcSJAAAAAXNSR0IArs4c6QAAAAlwSFlzAAAXEgAAFxIBZ5\/SUgAAAA1JREFUCB1jYGBgsAIAAD8AO+2bAfEAAAAASUVORK5CYII=\" alt=\"page34image1387097632\" width=\"0.479980\" height=\"0.479980\" \/><\/td>\n<td>\n<div class=\"layoutArea\">\n<div class=\"column\">\n<p>\u00d6nce m\u00fcebbeden s\u00fcrg\u00fcn cezas\u0131na, ancak yapt\u0131\u011f\u0131 tekinlerin sonu\u00e7 vermemesi ve sadece \u00fc\u00e7 ki\u015fiye telkin yapmas\u0131 nedeniyle, cezakanununun 47. Maddesineg\u00f6re bir sene s\u00fcreyle hapis cezas\u0131na \u00e7evrilmesine karar verilmi\u015ftir (BOA. BEO. SYS- 4307\/322978, 1914).<\/p>\n<\/div>\n<\/div>\n<p><img decoding=\"async\" src=\"data:image\/png;base64,iVBORw0KGgoAAAANSUhEUgAAAAEAAAABCAYAAAAfFcSJAAAAAXNSR0IArs4c6QAAAAlwSFlzAAAXEgAAFxIBZ5\/SUgAAAA1JREFUCB1jYGBgSAMAAGsAZ3g+PVkAAAAASUVORK5CYII=\" alt=\"page34image1387120512\" width=\"0.479980\" height=\"0.479980\" \/><\/td>\n<\/tr>\n<\/tbody>\n<\/table>\n<div class=\"layoutArea\">\n<div class=\"column\">\n<p>465<\/p>\n<\/div>\n<\/div>\n<\/div>\n<div class=\"page\" title=\"Page 35\">\n<div class=\"layoutArea\">\n<div class=\"column\">\n<p>Demirta\u015f, M. (2018). 1914 Tarihli Bitlis \u0130syan\u0131n\u0131n Osmanl\u0131 Ar\u015fiv Belgelerindeki Yans\u0131malar\u0131-Cezalar, M\u00fck\u00e2fatlar. BE\u00dc SBE Derg.,7(2), 432-492.<\/p>\n<\/div>\n<\/div>\n<p><img decoding=\"async\" src=\"data:image\/png;base64,iVBORw0KGgoAAAANSUhEUgAAAYkAAAABCAYAAAArSVK8AAAAAXNSR0IArs4c6QAAAAlwSFlzAAAP\/gAAD\/4BstaVKgAAACBJREFUOBFjZGBgqALiUTAaAqMhMBoCoyEwGgLoIXAOAPjwAUoFbTrAAAAAAElFTkSuQmCC\" alt=\"page35image1388383600\" width=\"392.590000\" height=\"0.480000\" \/><\/p>\n<div class=\"layoutArea\">\n<div class=\"column\">\n<p>Tablo 3. Prangabendlik Cezas\u0131na \u00c7arpt\u0131r\u0131lanlar<\/p>\n<\/div>\n<\/div>\n<table>\n<colgroup>\n<col \/>\n<col \/>\n<col \/>\n<col \/><\/colgroup>\n<tbody>\n<tr>\n<td>\n<div class=\"layoutArea\">\n<div class=\"column\">\n<p>Ki\u015fi ad\u0131<\/p>\n<\/div>\n<\/div>\n<\/td>\n<td>\n<div class=\"layoutArea\">\n<div class=\"column\">\n<p>Nereli oldu\u011fu<\/p>\n<\/div>\n<\/div>\n<\/td>\n<td>\n<div class=\"layoutArea\">\n<div class=\"column\">\n<p>Su\u00e7u (cezan\u0131n gerek\u00e7esi)<\/p>\n<\/div>\n<\/div>\n<\/td>\n<td>\n<div class=\"layoutArea\">\n<div class=\"column\">\n<p>Verilen Ceza, kanun maddesi ve tebli\u011f \u015fekli<\/p>\n<\/div>\n<\/div>\n<\/td>\n<\/tr>\n<tr>\n<td>\n<div class=\"layoutArea\">\n<div class=\"column\">\n<p>Erci\u015fliMehmedo\u011flu Said<\/p>\n<\/div>\n<\/div>\n<\/td>\n<td>\n<div class=\"layoutArea\">\n<div class=\"column\">\n<p>Y\u00fcz birinci alay\u0131n birincitaburunun ikincib\u00f6l\u00fc\u011f\u00fcnden<\/p>\n<\/div>\n<\/div>\n<\/td>\n<td>\n<div class=\"layoutArea\">\n<div class=\"column\">\n<p>Cephanesini satmak<\/p>\n<\/div>\n<\/div>\n<\/td>\n<td>\n<div class=\"layoutArea\">\n<div class=\"column\">\n<p>Askeri ceza kanunun 152.Maddesi gere\u011fi Bir sene s\u00fcreyle prangabendlik cezas\u0131, vic\u00e2hen<\/p>\n<\/div>\n<\/div>\n<\/td>\n<\/tr>\n<tr>\n<td>\n<div class=\"layoutArea\">\n<div class=\"column\">\n<p>Karsl\u0131 o\u011fluReceb<\/p>\n<\/div>\n<\/div>\n<\/td>\n<td>\n<div class=\"layoutArea\">\n<div class=\"column\">\n<p>Ta\u015fmahallesinden<\/p>\n<\/div>\n<\/div>\n<\/td>\n<td>\n<div class=\"layoutArea\">\n<div class=\"column\">\n<p>Ad\u0131 ge\u00e7en cephaneyi sat\u0131nalmak<\/p>\n<\/div>\n<\/div>\n<\/td>\n<td>\n<div class=\"layoutArea\">\n<div class=\"column\">\n<p>Askeri ceza kanunun 153.Maddesi gere\u011fi Bir sene s\u00fcreyle prangabendlik cezas\u0131, vic\u00e2hen<\/p>\n<\/div>\n<\/div>\n<\/td>\n<\/tr>\n<tr>\n<td>\n<div class=\"layoutArea\">\n<div class=\"column\">\n<p>Panoti o\u011fluAvadis<\/p>\n<\/div>\n<\/div>\n<\/td>\n<td><\/td>\n<td>\n<div class=\"layoutArea\">\n<div class=\"column\">\n<p>Ad\u0131 ge\u00e7en cephaneyi sat\u0131nalmak<\/p>\n<\/div>\n<\/div>\n<p><img decoding=\"async\" src=\"data:image\/png;base64,iVBORw0KGgoAAAANSUhEUgAAAGAAAAABCAYAAAAhMKvHAAAAAXNSR0IArs4c6QAAAAlwSFlzAAAQBQAAEAUBvCdM7AAAABRJREFUGBljZGBgqALiUTAwIXAUALlZAUF5kPzhAAAAAElFTkSuQmCC\" alt=\"page35image1387224560\" width=\"95.539980\" height=\"0.479980\" \/><\/td>\n<td>\n<div class=\"layoutArea\">\n<div class=\"column\">\n<p>Askeri ceza kanunun 153.Maddesi gere\u011fi Bir sene s\u00fcreyle prangabendlik cezas\u0131, Ba\u2018de\u2019t-te\u015fhir Vic\u00e2hen (te\u015fhir edilerek ve y\u00fcz\u00fcne okunarak)<\/p>\n<\/div>\n<\/div>\n<p><img decoding=\"async\" src=\"data:image\/png;base64,iVBORw0KGgoAAAANSUhEUgAAAAEAAAABCAYAAAAfFcSJAAAAAXNSR0IArs4c6QAAAAlwSFlzAAAXEgAAFxIBZ5\/SUgAAAA1JREFUCB1jYGBgsAIAAD8AO+2bAfEAAAAASUVORK5CYII=\" alt=\"page35image1387239744\" width=\"0.479980\" height=\"0.479980\" \/><\/td>\n<\/tr>\n<tr>\n<td>\n<div class=\"layoutArea\">\n<div class=\"column\">\n<p>S\u00fcvari \u00c7avu\u015f Arif o\u011fluOsman<\/p>\n<\/div>\n<\/div>\n<\/td>\n<td><\/td>\n<td>\n<div class=\"layoutArea\">\n<div class=\"column\">\n<p>\u0130ftira atmak<\/p>\n<\/div>\n<\/div>\n<\/td>\n<td>\n<div class=\"layoutArea\">\n<div class=\"column\">\n<p>Askeri Ceza Kanunun 96.Maddesinin son f\u0131kras\u0131na g\u00f6re Askeri Ceza Kanunun 96.Maddesinin son f\u0131kras\u0131na g\u00f6reMemuriyetten tard ve bir sene s\u00fcreyle prangabendlik cezas\u0131 verilmi\u015f ve karar y\u00fcz\u00fcne okunmu\u015ftur (BOA. BEO. SYS- 4299\/322378).<\/p>\n<\/div>\n<\/div>\n<\/td>\n<\/tr>\n<tr>\n<td>\n<div class=\"layoutArea\">\n<div class=\"column\">\n<p>\u0130shak o\u011flu \u00c7avu\u015f Sad\u0131k<\/p>\n<\/div>\n<\/div>\n<\/td>\n<td>\n<div class=\"layoutArea\">\n<div class=\"column\">\n<p>Bitlis<\/p>\n<\/div>\n<\/div>\n<\/td>\n<td>\n<div class=\"layoutArea\">\n<div class=\"column\">\n<p>\u0130ftira atmak<\/p>\n<\/div>\n<\/div>\n<p><img decoding=\"async\" src=\"data:image\/png;base64,iVBORw0KGgoAAAANSUhEUgAAAGAAAAABCAYAAAAhMKvHAAAAAXNSR0IArs4c6QAAAAlwSFlzAAAQBQAAEAUBvCdM7AAAABRJREFUGBljZGBgqALiUTAwIXAUALlZAUF5kPzhAAAAAElFTkSuQmCC\" alt=\"page35image1389395440\" width=\"95.539980\" height=\"0.479980\" \/><\/td>\n<td>\n<div class=\"layoutArea\">\n<div class=\"column\">\n<p>Askeri Ceza Kanunun 96.Maddesinin son f\u0131kras\u0131na g\u00f6reMemuriyetten tard ve bir sene s\u00fcreyle prangabendlik cezas\u0131 verilmi\u015f ve karar y\u00fcz\u00fcne okunmu\u015ftur (BOA. BEO. SYS- 4299\/322378).<\/p>\n<\/div>\n<\/div>\n<p><img decoding=\"async\" src=\"data:image\/png;base64,iVBORw0KGgoAAAANSUhEUgAAAAEAAAABCAYAAAAfFcSJAAAAAXNSR0IArs4c6QAAAAlwSFlzAAAXEgAAFxIBZ5\/SUgAAAA1JREFUCB1jYGBgsAIAAD8AO+2bAfEAAAAASUVORK5CYII=\" alt=\"page35image1389412944\" width=\"0.479980\" height=\"0.479980\" \/><\/td>\n<\/tr>\n<tr>\n<td>\n<div class=\"layoutArea\">\n<div class=\"column\">\n<p>Hasan o\u011fluNusret<\/p>\n<\/div>\n<\/div>\n<\/td>\n<td>\n<div class=\"layoutArea\">\n<div class=\"column\">\n<p>Tokat<\/p>\n<\/div>\n<\/div>\n<\/td>\n<td>\n<div class=\"layoutArea\">\n<div class=\"column\">\n<p>\u0130ftira atmak<\/p>\n<\/div>\n<\/div>\n<p><img decoding=\"async\" src=\"data:image\/png;base64,iVBORw0KGgoAAAANSUhEUgAAAAEAAAABCAYAAAAfFcSJAAAAAXNSR0IArs4c6QAAAAlwSFlzAAAXEgAAFxIBZ5\/SUgAAAA1JREFUCB1jYGBgsAIAAD8AO+2bAfEAAAAASUVORK5CYII=\" alt=\"page35image1389419552\" width=\"0.479980\" height=\"0.479980\" \/><\/td>\n<td>\n<div class=\"layoutArea\">\n<div class=\"column\">\n<p>Askeri Ceza Kanunun 96.Maddesinin son f\u0131kras\u0131na g\u00f6reMemuriyetten tard ve bir sene s\u00fcreyle prangabendlik cezas\u0131,verilmi\u015f ve karar y\u00fcz\u00fcne okunmu\u015ftur (BOA. BEO. SYS- 4299\/322378).<\/p>\n<\/div>\n<\/div>\n<p><img decoding=\"async\" src=\"data:image\/png;base64,iVBORw0KGgoAAAANSUhEUgAAAAEAAAABCAYAAAAfFcSJAAAAAXNSR0IArs4c6QAAAAlwSFlzAAAXEgAAFxIBZ5\/SUgAAAA1JREFUCB1jYGBgSAMAAGsAZ3g+PVkAAAAASUVORK5CYII=\" alt=\"page35image1388400496\" width=\"0.479980\" height=\"0.479980\" \/><\/td>\n<\/tr>\n<\/tbody>\n<\/table>\n<div class=\"layoutArea\">\n<div class=\"column\">\n<p>(BOA. BEO. SYS-4299\/322380, 1914)<\/p>\n<\/div>\n<\/div>\n<div class=\"layoutArea\">\n<div class=\"column\">\n<p>466<\/p>\n<\/div>\n<\/div>\n<\/div>\n<div class=\"page\" title=\"Page 36\">\n<div class=\"layoutArea\">\n<div class=\"column\">\n<p>Demirta\u015f, M. (2018). 1914 Tarihli Bitlis \u0130syan\u0131n\u0131n Osmanl\u0131 Ar\u015fiv Belgelerindeki Yans\u0131malar\u0131-Cezalar, M\u00fck\u00e2fatlar. BE\u00dc SBE Derg.,7(2), 432-492.<\/p>\n<p>Tablo 4-a. K\u00fcrek Cezas\u0131na \u00c7arpt\u0131r\u0131lanlar<\/p>\n<\/div>\n<\/div>\n<p><img decoding=\"async\" src=\"data:image\/png;base64,iVBORw0KGgoAAAANSUhEUgAAAYkAAAABCAYAAAArSVK8AAAAAXNSR0IArs4c6QAAAAlwSFlzAAAP\/gAAD\/4BstaVKgAAACBJREFUOBFjZGBgqALiUTAaAqMhMBoCoyEwGgLoIXAOAPjwAUoFbTrAAAAAAElFTkSuQmCC\" alt=\"page36image1388139776\" width=\"392.590000\" height=\"0.480000\" \/><\/p>\n<table>\n<colgroup>\n<col \/>\n<col \/>\n<col \/>\n<col \/><\/colgroup>\n<tbody>\n<tr>\n<td>\n<div class=\"layoutArea\">\n<div class=\"column\">\n<p>Ki\u015fi ad\u0131<\/p>\n<\/div>\n<\/div>\n<\/td>\n<td>\n<div class=\"layoutArea\">\n<div class=\"column\">\n<p>Nereli oldu\u011fu<\/p>\n<\/div>\n<\/div>\n<\/td>\n<td>\n<div class=\"layoutArea\">\n<div class=\"column\">\n<p>Su\u00e7u (cezan\u0131n gerek\u00e7esi)<\/p>\n<\/div>\n<\/div>\n<\/td>\n<td>\n<div class=\"layoutArea\">\n<div class=\"column\">\n<p>Verilen Ceza, kanunmaddesi ve tebli\u011f \u015fekli<\/p>\n<\/div>\n<\/div>\n<\/td>\n<\/tr>\n<tr>\n<td>\n<div class=\"layoutArea\">\n<div class=\"column\">\n<p>Mer\u2018an o\u011fluAbdullah<\/p>\n<\/div>\n<\/div>\n<\/td>\n<td>\n<div class=\"layoutArea\">\n<div class=\"column\">\n<p>Korcan12K\u00f6y\u00fcnden<\/p>\n<\/div>\n<\/div>\n<\/td>\n<td>\n<div class=\"layoutArea\">\n<div class=\"column\">\n<p>\u0130syanc\u0131lar\u0131n g\u00f6r\u00fc\u015fmelerinde yer almak ve silahs\u0131z bir surette isyana i\u015ftiraketmek<\/p>\n<\/div>\n<\/div>\n<\/td>\n<td>\n<div class=\"layoutArea\">\n<div class=\"column\">\n<p>M\u00fclkiye ceza kanununun 57. Maddesi gere\u011fi 5 sene k\u00fcrek cezas\u0131, Ba\u2018de\u2019t-te\u015fhir Vic\u00e2hen (te\u015fhir edilerek ve y\u00fcz\u00fcne okunarak)<\/p>\n<\/div>\n<\/div>\n<\/td>\n<\/tr>\n<tr>\n<td>\n<div class=\"layoutArea\">\n<div class=\"column\">\n<p>Hamid o\u011fluMustafa<\/p>\n<\/div>\n<\/div>\n<\/td>\n<td>\n<div class=\"layoutArea\">\n<div class=\"column\">\n<p>Olek-i S\u00fcfla K\u00f6y\u00fcnden<\/p>\n<\/div>\n<\/div>\n<\/td>\n<td>\n<div class=\"layoutArea\">\n<div class=\"column\">\n<p>\u0130syanc\u0131lar\u0131n aras\u0131nda yer almak ve silahs\u0131z bir surette isyanai\u015ftirak etmek<\/p>\n<\/div>\n<\/div>\n<\/td>\n<td>\n<div class=\"layoutArea\">\n<div class=\"column\">\n<p>M\u00fclkiye ceza kanununun 57. Maddesi gere\u011fi On be\u015f sene k\u00fcrek cezas\u0131, y\u00fcz\u00fcneokunarak<\/p>\n<\/div>\n<\/div>\n<\/td>\n<\/tr>\n<tr>\n<td>\n<div class=\"layoutArea\">\n<div class=\"column\">\n<p>Mutkili Zade .. bin Mahmud<\/p>\n<\/div>\n<\/div>\n<\/td>\n<td>\n<div class=\"layoutArea\">\n<div class=\"column\">\n<p>Merkez K\u0131z\u0131lMescit Mahallesinden<\/p>\n<\/div>\n<\/div>\n<\/td>\n<td>\n<div class=\"layoutArea\">\n<div class=\"column\">\n<p>\u0130syana silahl\u0131 bir \u015fekilde kat\u0131lmak<\/p>\n<\/div>\n<\/div>\n<p><img decoding=\"async\" src=\"data:image\/png;base64,iVBORw0KGgoAAAANSUhEUgAAAHIAAAABCAYAAAACa\/oSAAAAAXNSR0IArs4c6QAAAAlwSFlzAAAQCAAAEAgBtRchfwAAABdJREFUGBljZGBgqALiUTB0Q+Ab0OlbAOD2AibLbTsqAAAAAElFTkSuQmCC\" alt=\"page36image1389612736\" width=\"113.300010\" height=\"0.480010\" \/><\/td>\n<td>\n<div class=\"layoutArea\">\n<div class=\"column\">\n<p>M\u00fclkiye ceza kanununun57. Maddesi gere\u011fi \u00d6m\u00fcr boyu k\u00fcrek cezas\u0131, Y\u00fcz\u00fcneokunarak<\/p>\n<\/div>\n<\/div>\n<\/td>\n<\/tr>\n<tr>\n<td>\n<div class=\"layoutArea\">\n<div class=\"column\">\n<p>Hac\u0131Abdulkerim<\/p>\n<\/div>\n<\/div>\n<\/td>\n<td><\/td>\n<td>\n<div class=\"layoutArea\">\n<div class=\"column\">\n<p>Silahs\u0131z olarak isyana kat\u0131lmak<\/p>\n<\/div>\n<\/div>\n<\/td>\n<td>\n<div class=\"layoutArea\">\n<div class=\"column\">\n<p>M\u00fclkiye ceza kanununun 57. Maddesi gere\u011fi Be\u015f sene k\u00fcrek cezas\u0131, te\u015fhir edilerek ve y\u00fcz\u00fcneokunarak<\/p>\n<\/div>\n<\/div>\n<\/td>\n<\/tr>\n<tr>\n<td>\n<div class=\"layoutArea\">\n<div class=\"column\">\n<p>Bedir o\u011fluSadullah<\/p>\n<\/div>\n<\/div>\n<\/td>\n<td><\/td>\n<td><img decoding=\"async\" src=\"data:image\/png;base64,iVBORw0KGgoAAAANSUhEUgAAAHIAAAABCAYAAAACa\/oSAAAAAXNSR0IArs4c6QAAAAlwSFlzAAAQCAAAEAgBtRchfwAAABdJREFUGBljZGBgqALiUTB0Q+Ab0OlbAOD2AibLbTsqAAAAAElFTkSuQmCC\" alt=\"page36image1389596672\" width=\"113.300010\" height=\"0.480010\" \/><\/p>\n<div class=\"layoutArea\">\n<div class=\"column\">\n<p>Silahs\u0131z olarak isyana kat\u0131lmak<\/p>\n<\/div>\n<\/div>\n<p><img decoding=\"async\" src=\"data:image\/png;base64,iVBORw0KGgoAAAANSUhEUgAAAHIAAAABCAYAAAACa\/oSAAAAAXNSR0IArs4c6QAAAAlwSFlzAAAQCAAAEAgBtRchfwAAABdJREFUGBljZGBgqALiUTB0Q+Ab0OlbAOD2AibLbTsqAAAAAElFTkSuQmCC\" alt=\"page36image1389642032\" width=\"113.300010\" height=\"0.480010\" \/><\/td>\n<td>\n<div class=\"layoutArea\">\n<div class=\"column\">\n<p>M\u00fclkiye ceza kanununun 57. Maddesi gere\u011fi Be\u015f sene k\u00fcrek cezas\u0131, te\u015fhir edilerek ve y\u00fcz\u00fcneokunarak<\/p>\n<\/div>\n<\/div>\n<\/td>\n<\/tr>\n<tr>\n<td>\n<div class=\"layoutArea\">\n<div class=\"column\">\n<p>Receb o\u011fluMuhyeddin<\/p>\n<\/div>\n<\/div>\n<\/td>\n<td>\n<div class=\"layoutArea\">\n<div class=\"column\">\n<p>Merkez Hersan Mahallesinden<\/p>\n<\/div>\n<\/div>\n<\/td>\n<td>\n<div class=\"layoutArea\">\n<div class=\"column\">\n<p>\u00c7arp\u0131\u015fma esnas\u0131nda bir ki\u015finin silah\u0131n\u0131 ve fi\u015fe\u011fini zorla alarak devletin askerine kar\u015f\u0131kullanmak<\/p>\n<\/div>\n<\/div>\n<\/td>\n<td>\n<div class=\"layoutArea\">\n<div class=\"column\">\n<p>M\u00fclkiye ceza kanununun 57. Maddesinin son f\u0131kras\u0131 gere\u011fi \u00f6m\u00fcr boyu k\u00fcrek cezas\u0131, te\u015fhir edilerek ve y\u00fcz\u00fcne okunarak<\/p>\n<\/div>\n<\/div>\n<p><img decoding=\"async\" src=\"data:image\/png;base64,iVBORw0KGgoAAAANSUhEUgAAAAEAAAABCAYAAAAfFcSJAAAAAXNSR0IArs4c6QAAAAlwSFlzAAAXEgAAFxIBZ5\/SUgAAAA1JREFUCB1jYGBgsAIAAD8AO+2bAfEAAAAASUVORK5CYII=\" alt=\"page36image1389684640\" width=\"0.479980\" height=\"0.479980\" \/><\/td>\n<\/tr>\n<tr>\n<td>\n<div class=\"layoutArea\">\n<div class=\"column\">\n<p>Ahmed o\u011flu \u00d6mer<\/p>\n<\/div>\n<\/div>\n<\/td>\n<td>\n<div class=\"layoutArea\">\n<div class=\"column\">\n<p>Merkez Hersan Mahallesinden<\/p>\n<\/div>\n<\/div>\n<\/td>\n<td>\n<div class=\"layoutArea\">\n<div class=\"column\">\n<p>Bir ki\u015finin silah\u0131n\u0131zorla almak ve\u00e7arp\u0131\u015fma esnas\u0131nda isyanc\u0131larla birlikte bulunmak<\/p>\n<\/div>\n<\/div>\n<\/td>\n<td>\n<div class=\"layoutArea\">\n<div class=\"column\">\n<p>M\u00fclkiye ceza kanununun 57. Maddesinin son f\u0131kras\u0131 gere\u011fi \u00f6m\u00fcr boyu k\u00fcrek cezas\u0131, te\u015fhir edilerek ve y\u00fcz\u00fcne okunarak<\/p>\n<\/div>\n<\/div>\n<\/td>\n<\/tr>\n<\/tbody>\n<\/table>\n<div class=\"layoutArea\">\n<div class=\"column\">\n<p>(BOA. BEO. SYS-4302\/322595, 05 N 1332\/29 Temmuz 1914, BOA. BEO. SYS-4299\/322380, 18 \u015e 1332\/12 Temmuz 1914).<\/p>\n<\/div>\n<\/div>\n<p><img decoding=\"async\" src=\"data:image\/png;base64,iVBORw0KGgoAAAANSUhEUgAAAJEAAAABCAYAAADevkxgAAAAAXNSR0IArs4c6QAAAAlwSFlzAAANGAAADRgB7vT8mAAAABZJREFUKBVjZGBg2AHEo2A0BMgNAW8Ao5wBBcxkhuwAAAAASUVORK5CYII=\" alt=\"page36image1389724832\" width=\"144.020000\" height=\"0.719970\" \/><\/p>\n<div class=\"layoutArea\">\n<div class=\"column\">\n<p>12 G\u00fcn\u00fcm\u00fczde Bitlis Merkez B\u00f6l\u00fckyaz\u0131 Buca\u011f\u0131na ba\u011fl\u0131 Korcan (Ak\u00e7al\u0131) k\u00f6y\u00fc.<\/p>\n<\/div>\n<\/div>\n<div class=\"layoutArea\">\n<div class=\"column\">\n<p>467<\/p>\n<\/div>\n<\/div>\n<\/div>\n<div class=\"page\" title=\"Page 37\">\n<div class=\"layoutArea\">\n<div class=\"column\">\n<p>Demirta\u015f, M. (2018). 1914 Tarihli Bitlis \u0130syan\u0131n\u0131n Osmanl\u0131 Ar\u015fiv Belgelerindeki Yans\u0131malar\u0131-Cezalar, M\u00fck\u00e2fatlar. BE\u00dc SBE Derg.,7(2), 432-492.<\/p>\n<\/div>\n<\/div>\n<p><img decoding=\"async\" src=\"data:image\/png;base64,iVBORw0KGgoAAAANSUhEUgAAAYkAAAABCAYAAAArSVK8AAAAAXNSR0IArs4c6QAAAAlwSFlzAAAP\/gAAD\/4BstaVKgAAACBJREFUOBFjZGBgqALiUTAaAqMhMBoCoyEwGgLoIXAOAPjwAUoFbTrAAAAAAElFTkSuQmCC\" alt=\"page37image1388498352\" width=\"392.590000\" height=\"0.480000\" \/><\/p>\n<div class=\"layoutArea\">\n<div class=\"column\">\n<p>Tablo 4-b. K\u00fcrek Cezas\u0131na \u00c7arpt\u0131r\u0131lanlar<\/p>\n<\/div>\n<\/div>\n<table>\n<colgroup>\n<col \/>\n<col \/>\n<col \/>\n<col \/><\/colgroup>\n<tbody>\n<tr>\n<td>\n<div class=\"layoutArea\">\n<div class=\"column\">\n<p>Ki\u015fi ad\u0131<\/p>\n<\/div>\n<\/div>\n<\/td>\n<td>\n<div class=\"layoutArea\">\n<div class=\"column\">\n<p>Nereli oldu\u011fu<\/p>\n<\/div>\n<\/div>\n<\/td>\n<td>\n<div class=\"layoutArea\">\n<div class=\"column\">\n<p>Su\u00e7u (cezan\u0131n gerek\u00e7esi)<\/p>\n<\/div>\n<\/div>\n<\/td>\n<td>\n<div class=\"layoutArea\">\n<div class=\"column\">\n<p>Verilen Ceza, kanunmaddesi ve tebli\u011f \u015fekli<\/p>\n<\/div>\n<\/div>\n<\/td>\n<\/tr>\n<tr>\n<td>\n<div class=\"layoutArea\">\n<div class=\"column\">\n<p>Yakub o\u011fluMahmud<\/p>\n<\/div>\n<\/div>\n<\/td>\n<td><\/td>\n<td>\n<div class=\"layoutArea\">\n<div class=\"column\">\n<p>Bayrak alt\u0131nda toplanan \u015fah\u0131slararefakat etmek<\/p>\n<\/div>\n<\/div>\n<\/td>\n<td>\n<div class=\"layoutArea\">\n<div class=\"column\">\n<p>M\u00fclkiye ceza kanununun 57. Maddesinin son f\u0131kras\u0131 gere\u011fi be\u015f sene k\u00fcrek cezas\u0131, te\u015fhir edilerek ve y\u00fcz\u00fcne okunarak<\/p>\n<\/div>\n<\/div>\n<\/td>\n<\/tr>\n<tr>\n<td>\n<div class=\"layoutArea\">\n<div class=\"column\">\n<p>Fethullah<\/p>\n<\/div>\n<\/div>\n<\/td>\n<td><\/td>\n<td>\n<div class=\"layoutArea\">\n<div class=\"column\">\n<p>Ahmed o\u011flu \u00d6mer\u2019in gasp etti\u011fi t\u00fcfe\u011fi alarak firaretmek<\/p>\n<\/div>\n<\/div>\n<\/td>\n<td>\n<div class=\"layoutArea\">\n<div class=\"column\">\n<p>M\u00fclkiye ceza kanununun 57. Maddesinin son f\u0131kras\u0131 gere\u011fi be\u015f sene k\u00fcrek cezas\u0131, te\u015fhir edilerek ve y\u00fcz\u00fcne okunarak<\/p>\n<\/div>\n<\/div>\n<\/td>\n<\/tr>\n<tr>\n<td>\n<div class=\"layoutArea\">\n<div class=\"column\">\n<p>\u0130shak \u00c7avu\u015f o\u011flu MehmedSalih<\/p>\n<\/div>\n<\/div>\n<\/td>\n<td>\n<div class=\"layoutArea\">\n<div class=\"column\">\n<p>Merkez Hersan mahallesinden<\/p>\n<\/div>\n<\/div>\n<\/td>\n<td><img decoding=\"async\" src=\"data:image\/png;base64,iVBORw0KGgoAAAANSUhEUgAAAAEAAAABCAYAAAAfFcSJAAAAAXNSR0IArs4c6QAAAAlwSFlzAAAXEQAAFxEByibzPwAAAA1JREFUCB1jYGBgsAIAAD8AO+2bAfEAAAAASUVORK5CYII=\" alt=\"page37image1384960320\" width=\"0.480010\" height=\"0.480010\" \/><\/p>\n<div class=\"layoutArea\">\n<div class=\"column\">\n<p>K\u0131l\u0131\u00e7 ve t\u00fcfekle \u00e7arp\u0131\u015farak isyana kat\u0131lmak<\/p>\n<\/div>\n<\/div>\n<\/td>\n<td>\n<div class=\"layoutArea\">\n<div class=\"column\">\n<p>M\u00fclkiye ceza kanununun 57. Maddesinin son f\u0131kras\u0131 gere\u011fi on be\u015f sene k\u00fcrek cezas\u0131, te\u015fhir edilerek vey\u00fcz\u00fcne okunarak<\/p>\n<\/div>\n<\/div>\n<\/td>\n<\/tr>\n<tr>\n<td>\n<div class=\"layoutArea\">\n<div class=\"column\">\n<p>Re\u015fid o\u011fluZeynel<\/p>\n<\/div>\n<\/div>\n<\/td>\n<td>\n<div class=\"layoutArea\">\n<div class=\"column\">\n<p>\u0130zKaryesinden<\/p>\n<\/div>\n<\/div>\n<\/td>\n<td><img decoding=\"async\" src=\"data:image\/png;base64,iVBORw0KGgoAAAANSUhEUgAAAAEAAAABCAYAAAAfFcSJAAAAAXNSR0IArs4c6QAAAAlwSFlzAAAXEQAAFxEByibzPwAAAA1JREFUCB1jYGBgsAIAAD8AO+2bAfEAAAAASUVORK5CYII=\" alt=\"page37image1385125984\" width=\"0.480010\" height=\"0.480010\" \/><\/p>\n<div class=\"layoutArea\">\n<div class=\"column\">\n<p>\u00c7arp\u0131\u015fmak suretiyle isyanc\u0131lara kat\u0131lmak<\/p>\n<\/div>\n<\/div>\n<\/td>\n<td>\n<div class=\"layoutArea\">\n<div class=\"column\">\n<p>M\u00fclkiye ceza kanununun 57. Maddesinin son f\u0131kras\u0131 gere\u011fi M\u00fcebbet k\u00fcrek cezas\u0131, te\u015fhir edilerek ve y\u00fcz\u00fcne okunarak<\/p>\n<\/div>\n<\/div>\n<\/td>\n<\/tr>\n<tr>\n<td>\n<div class=\"layoutArea\">\n<div class=\"column\">\n<p>Hasan o\u011flu \u0130sa<\/p>\n<\/div>\n<\/div>\n<\/td>\n<td>\n<div class=\"layoutArea\">\n<div class=\"column\">\n<p>Arpet Karyeli<\/p>\n<\/div>\n<\/div>\n<p><img decoding=\"async\" src=\"data:image\/png;base64,iVBORw0KGgoAAAANSUhEUgAAAAEAAAABCAYAAAAfFcSJAAAAAXNSR0IArs4c6QAAAAlwSFlzAAAXEgAAFxIBZ5\/SUgAAAA1JREFUCB1jYGBgsAIAAD8AO+2bAfEAAAAASUVORK5CYII=\" alt=\"page37image1385151088\" width=\"0.479980\" height=\"0.479980\" \/><\/td>\n<td><img decoding=\"async\" src=\"data:image\/png;base64,iVBORw0KGgoAAAANSUhEUgAAAAEAAAABCAYAAAAfFcSJAAAAAXNSR0IArs4c6QAAAAlwSFlzAAAXEQAAFxEByibzPwAAAA1JREFUCB1jYGBgsAIAAD8AO+2bAfEAAAAASUVORK5CYII=\" alt=\"page37image1384782256\" width=\"0.480010\" height=\"0.480010\" \/><\/p>\n<div class=\"layoutArea\">\n<div class=\"column\">\n<p>Silahs\u0131z olarak isyana kat\u0131lmak<\/p>\n<\/div>\n<\/div>\n<\/td>\n<td>\n<div class=\"layoutArea\">\n<div class=\"column\">\n<p>M\u00fclkiye ceza kanununun 57. Maddesinin gere\u011fi be\u015f sene k\u00fcrek cezas\u0131, te\u015fhiredilerek<\/p>\n<\/div>\n<\/div>\n<p><img decoding=\"async\" src=\"data:image\/png;base64,iVBORw0KGgoAAAANSUhEUgAAAAEAAAABCAYAAAAfFcSJAAAAAXNSR0IArs4c6QAAAAlwSFlzAAAXEgAAFxIBZ5\/SUgAAAA1JREFUCB1jYGBgsAIAAD8AO+2bAfEAAAAASUVORK5CYII=\" alt=\"page37image1389941808\" width=\"0.479980\" height=\"0.479980\" \/><\/td>\n<\/tr>\n<tr>\n<td>\n<div class=\"layoutArea\">\n<div class=\"column\">\n<p>Molla Z\u00e2d o\u011fluAbdulmecid<\/p>\n<\/div>\n<\/div>\n<\/td>\n<td>\n<div class=\"layoutArea\">\n<div class=\"column\">\n<p>Kotum Karyesinden<\/p>\n<\/div>\n<\/div>\n<\/td>\n<td>\n<div class=\"layoutArea\">\n<div class=\"column\">\n<p>Silahs\u0131z olarak isyana kat\u0131lmak<\/p>\n<\/div>\n<\/div>\n<\/td>\n<td>\n<div class=\"layoutArea\">\n<div class=\"column\">\n<p>M\u00fclkiye ceza kanununun 57. Maddesi gere\u011fi be\u015f sene k\u00fcrek cezas\u0131, te\u015fhir edilerek ve y\u00fcz\u00fcneokunarak<\/p>\n<\/div>\n<\/div>\n<\/td>\n<\/tr>\n<tr>\n<td>\n<div class=\"layoutArea\">\n<div class=\"column\">\n<p>Karde\u015fiAbdulhamid(Abdulmecid\u2019in karde\u015fi)<\/p>\n<\/div>\n<\/div>\n<\/td>\n<td><img decoding=\"async\" src=\"data:image\/png;base64,iVBORw0KGgoAAAANSUhEUgAAAAEAAAABCAYAAAAfFcSJAAAAAXNSR0IArs4c6QAAAAlwSFlzAAAXEgAAFxIBZ5\/SUgAAAA1JREFUCB1jYGBgsAIAAD8AO+2bAfEAAAAASUVORK5CYII=\" alt=\"page37image1391493376\" width=\"0.479980\" height=\"0.479980\" \/><\/td>\n<td>\n<div class=\"layoutArea\">\n<div class=\"column\">\n<p>Silahs\u0131z olarak isyana kat\u0131lmak<\/p>\n<\/div>\n<\/div>\n<\/td>\n<td>\n<div class=\"layoutArea\">\n<div class=\"column\">\n<p>M\u00fclkiye ceza kanununun 57. Maddesi gere\u011fi be\u015f sene k\u00fcrek cezas\u0131, te\u015fhir edilerek ve y\u00fcz\u00fcneokunarak<\/p>\n<\/div>\n<\/div>\n<p><img decoding=\"async\" src=\"data:image\/png;base64,iVBORw0KGgoAAAANSUhEUgAAAAEAAAABCAYAAAAfFcSJAAAAAXNSR0IArs4c6QAAAAlwSFlzAAAXEgAAFxIBZ5\/SUgAAAA1JREFUCB1jYGBgSAMAAGsAZ3g+PVkAAAAASUVORK5CYII=\" alt=\"page37image1389953664\" width=\"0.479980\" height=\"0.479980\" \/><\/td>\n<\/tr>\n<\/tbody>\n<\/table>\n<div class=\"layoutArea\">\n<div class=\"column\">\n<p>Tablo 4-c. K\u00fcrek Cezas\u0131na \u00c7arpt\u0131r\u0131lanlar<\/p>\n<\/div>\n<\/div>\n<table>\n<colgroup>\n<col \/>\n<col \/>\n<col \/>\n<col \/><\/colgroup>\n<tbody>\n<tr>\n<td>\n<div class=\"layoutArea\">\n<div class=\"column\">\n<p>Ki\u015fi ad\u0131<\/p>\n<\/div>\n<\/div>\n<\/td>\n<td>\n<div class=\"layoutArea\">\n<div class=\"column\">\n<p>Nereli oldu\u011fu<\/p>\n<\/div>\n<\/div>\n<\/td>\n<td><img decoding=\"async\" src=\"data:image\/png;base64,iVBORw0KGgoAAAANSUhEUgAAAAEAAAABCAYAAAAfFcSJAAAAAXNSR0IArs4c6QAAAAlwSFlzAAAXEgAAFxIBZ5\/SUgAAAA1JREFUCB1jYGBgsAIAAD8AO+2bAfEAAAAASUVORK5CYII=\" alt=\"page37image1389967488\" width=\"0.479980\" height=\"0.479980\" \/><\/p>\n<div class=\"layoutArea\">\n<div class=\"column\">\n<p>Su\u00e7u (cezan\u0131n gerek\u00e7esi)<\/p>\n<\/div>\n<\/div>\n<\/td>\n<td><img decoding=\"async\" src=\"data:image\/png;base64,iVBORw0KGgoAAAANSUhEUgAAAAEAAAABCAYAAAAfFcSJAAAAAXNSR0IArs4c6QAAAAlwSFlzAAAXEgAAFxIBZ5\/SUgAAAA1JREFUCB1jYGBgSAMAAGsAZ3g+PVkAAAAASUVORK5CYII=\" alt=\"page37image1389973008\" width=\"0.479980\" height=\"0.479980\" \/><\/p>\n<div class=\"layoutArea\">\n<div class=\"column\">\n<p>Verilen Ceza, kanunmaddesi ve tebli\u011f \u015fekli<\/p>\n<\/div>\n<\/div>\n<\/td>\n<\/tr>\n<tr>\n<td>\n<div class=\"layoutArea\">\n<div class=\"column\">\n<p>Mustafa o\u011fluMuhtar\u00c7erkes<\/p>\n<\/div>\n<\/div>\n<\/td>\n<td><\/td>\n<td>\n<div class=\"layoutArea\">\n<div class=\"column\">\n<p>Silahs\u0131z olarak isyana kat\u0131lmak<\/p>\n<\/div>\n<\/div>\n<p><img decoding=\"async\" src=\"data:image\/png;base64,iVBORw0KGgoAAAANSUhEUgAAAAEAAAABCAYAAAAfFcSJAAAAAXNSR0IArs4c6QAAAAlwSFlzAAAXEgAAFxIBZ5\/SUgAAAA1JREFUCB1jYGBgsAIAAD8AO+2bAfEAAAAASUVORK5CYII=\" alt=\"page37image1389989888\" width=\"0.479980\" height=\"0.479980\" \/><\/td>\n<td>\n<div class=\"layoutArea\">\n<div class=\"column\">\n<p>M\u00fclkiye ceza kanununun 57. Maddesi gere\u011fi be\u015f sene k\u00fcrek cezas\u0131, te\u015fhir<\/p>\n<\/div>\n<\/div>\n<p><img decoding=\"async\" src=\"data:image\/png;base64,iVBORw0KGgoAAAANSUhEUgAAAAEAAAABCAYAAAAfFcSJAAAAAXNSR0IArs4c6QAAAAlwSFlzAAAXEgAAFxIBZ5\/SUgAAAA1JREFUCB1jYGBgSAMAAGsAZ3g+PVkAAAAASUVORK5CYII=\" alt=\"page37image1389998016\" width=\"0.479980\" height=\"0.479980\" \/><\/td>\n<\/tr>\n<\/tbody>\n<\/table>\n<div class=\"layoutArea\">\n<div class=\"column\">\n<p>468<\/p>\n<\/div>\n<\/div>\n<\/div>\n<div class=\"page\" title=\"Page 38\">\n<div class=\"layoutArea\">\n<div class=\"column\">\n<p>Demirta\u015f, M. (2018). 1914 Tarihli Bitlis \u0130syan\u0131n\u0131n Osmanl\u0131 Ar\u015fiv Belgelerindeki Yans\u0131malar\u0131-Cezalar, M\u00fck\u00e2fatlar. BE\u00dc SBE Derg.,7(2), 432-492.<\/p>\n<\/div>\n<\/div>\n<p><img decoding=\"async\" src=\"data:image\/png;base64,iVBORw0KGgoAAAANSUhEUgAAAYkAAAABCAYAAAArSVK8AAAAAXNSR0IArs4c6QAAAAlwSFlzAAAP\/gAAD\/4BstaVKgAAACBJREFUOBFjZGBgqALiUTAaAqMhMBoCoyEwGgLoIXAOAPjwAUoFbTrAAAAAAElFTkSuQmCC\" alt=\"page38image1390415744\" width=\"392.590000\" height=\"0.480000\" \/><\/p>\n<table>\n<colgroup>\n<col \/>\n<col \/>\n<col \/>\n<col \/><\/colgroup>\n<tbody>\n<tr>\n<td><\/td>\n<td><\/td>\n<td><\/td>\n<td>\n<div class=\"layoutArea\">\n<div class=\"column\">\n<p>edilerek ve y\u00fcz\u00fcneokunarak<\/p>\n<\/div>\n<\/div>\n<\/td>\n<\/tr>\n<tr>\n<td>\n<div class=\"layoutArea\">\n<div class=\"column\">\n<p>Musa o\u011flu Salih<\/p>\n<\/div>\n<\/div>\n<\/td>\n<td><\/td>\n<td>\n<div class=\"layoutArea\">\n<div class=\"column\">\n<p>Silahs\u0131z olarak isyana kat\u0131lmak<\/p>\n<\/div>\n<\/div>\n<\/td>\n<td>\n<div class=\"layoutArea\">\n<div class=\"column\">\n<p>M\u00fclkiye ceza kanununun 57. Maddesi gere\u011fi be\u015f sene k\u00fcrek cezas\u0131, te\u015fhir edilerek ve y\u00fcz\u00fcneokunarak<\/p>\n<\/div>\n<\/div>\n<\/td>\n<\/tr>\n<tr>\n<td>\n<div class=\"layoutArea\">\n<div class=\"column\">\n<p>Yusuf o\u011fluBakkal Fethullah<\/p>\n<\/div>\n<\/div>\n<\/td>\n<td>\n<div class=\"layoutArea\">\n<div class=\"column\">\n<p>Kurubulak Mahallesinden<\/p>\n<\/div>\n<\/div>\n<p><img decoding=\"async\" src=\"data:image\/png;base64,iVBORw0KGgoAAAANSUhEUgAAAAEAAAABCAYAAAAfFcSJAAAAAXNSR0IArs4c6QAAAAlwSFlzAAAXEQAAFxEByibzPwAAAA1JREFUCB1jYGBgsAIAAD8AO+2bAfEAAAAASUVORK5CYII=\" alt=\"page38image1388263984\" width=\"0.480010\" height=\"0.480010\" \/><\/td>\n<td>\n<div class=\"layoutArea\">\n<div class=\"column\">\n<p>As\u0131ls\u0131z ihbardabulunmak<\/p>\n<\/div>\n<\/div>\n<\/td>\n<td>\n<div class=\"layoutArea\">\n<div class=\"column\">\n<p>213. maddenin 2. F\u0131kras\u0131na g\u00f6re \u00fc\u00e7 sene k\u00fcrek cezas\u0131. Te\u015fhir edilerek ve y\u00fcz\u00fcneokunarak<\/p>\n<\/div>\n<\/div>\n<\/td>\n<\/tr>\n<tr>\n<td>\n<div class=\"layoutArea\">\n<div class=\"column\">\n<p>RencberMurad o\u011fluGencer<\/p>\n<\/div>\n<\/div>\n<\/td>\n<td>\n<div class=\"layoutArea\">\n<div class=\"column\">\n<p>Hivr\u0131sKaryesinden<\/p>\n<\/div>\n<\/div>\n<\/td>\n<td>\n<div class=\"layoutArea\">\n<div class=\"column\">\n<p>\u0130syana silahl\u0131 olarak kat\u0131lmak<\/p>\n<\/div>\n<\/div>\n<\/td>\n<td>\n<div class=\"layoutArea\">\n<div class=\"column\">\n<p>M\u00fclkiye ceza kanununun 57. Maddesi gere\u011fi on sene k\u00fcrek cezas\u0131. Te\u015fhir edilerek ve y\u00fcz\u00fcneokunarak<\/p>\n<\/div>\n<\/div>\n<\/td>\n<\/tr>\n<tr>\n<td>\n<div class=\"layoutArea\">\n<div class=\"column\">\n<p>Demirci Ohannes<\/p>\n<\/div>\n<\/div>\n<\/td>\n<td>\n<div class=\"layoutArea\">\n<div class=\"column\">\n<p>Kultik (MerkezB\u00f6l\u00fckyaz\u0131 Buca\u011f\u0131 Ar\u0131da\u011f)karyesinden<\/p>\n<\/div>\n<\/div>\n<\/td>\n<td>\n<div class=\"layoutArea\">\n<div class=\"column\">\n<p>\u0130syanc\u0131lar i\u00e7in silahimal etmek<\/p>\n<\/div>\n<\/div>\n<\/td>\n<td>\n<div class=\"layoutArea\">\n<div class=\"column\">\n<p>M\u00fclkiye ceza kanununun 47. Maddesi gere\u011fi be\u015f sene k\u00fcrek cezas\u0131. Te\u015fhir edilerek ve y\u00fcz\u00fcneokunarak<\/p>\n<\/div>\n<\/div>\n<\/td>\n<\/tr>\n<tr>\n<td>\n<div class=\"layoutArea\">\n<div class=\"column\">\n<p>Resul o\u011flu Sofu Mehmed<\/p>\n<\/div>\n<\/div>\n<\/td>\n<td>\n<div class=\"layoutArea\">\n<div class=\"column\">\n<p>\u00c7erik?Mahallesinden<\/p>\n<\/div>\n<\/div>\n<\/td>\n<td><img decoding=\"async\" src=\"data:image\/png;base64,iVBORw0KGgoAAAANSUhEUgAAAAEAAAABCAYAAAAfFcSJAAAAAXNSR0IArs4c6QAAAAlwSFlzAAAXEgAAFxIBZ5\/SUgAAAA1JREFUCB1jYGBgsAIAAD8AO+2bAfEAAAAASUVORK5CYII=\" alt=\"page38image1388412832\" width=\"0.479980\" height=\"0.479980\" \/><\/p>\n<div class=\"layoutArea\">\n<div class=\"column\">\n<p>\u0130syanc\u0131lar\u0131n maksatlar\u0131na ula\u015fmalar\u0131 i\u00e7in yard\u0131mda bulunmak<\/p>\n<\/div>\n<\/div>\n<\/td>\n<td><img decoding=\"async\" src=\"data:image\/png;base64,iVBORw0KGgoAAAANSUhEUgAAAAEAAAABCAYAAAAfFcSJAAAAAXNSR0IArs4c6QAAAAlwSFlzAAAXEgAAFxIBZ5\/SUgAAAA1JREFUCB1jYGBgsAIAAD8AO+2bAfEAAAAASUVORK5CYII=\" alt=\"page38image1388564048\" width=\"0.479980\" height=\"0.479980\" \/><\/p>\n<div class=\"layoutArea\">\n<div class=\"column\">\n<p>M\u00fclkiye ceza kanununun 57. Maddesi gere\u011fi be\u015f sene k\u00fcrek cezas\u0131. Te\u015fhir edilerek ve y\u00fcz\u00fcneokunarak<\/p>\n<\/div>\n<\/div>\n<\/td>\n<\/tr>\n<tr>\n<td>\n<div class=\"layoutArea\">\n<div class=\"column\">\n<p>Abdulazizo\u011flu SofuAbdullah<\/p>\n<\/div>\n<\/div>\n<\/td>\n<td><img decoding=\"async\" src=\"data:image\/png;base64,iVBORw0KGgoAAAANSUhEUgAAAAEAAAA0CAYAAABLolKXAAAAAXNSR0IArs4c6QAAAAlwSFlzAAAQHgAAEB4BfAB1LgAAABZJREFUGBljYGBgEGQCEpkggmEkEh8ArbMB0Y6B34EAAAAASUVORK5CYII=\" alt=\"page38image1388578592\" width=\"0.480010\" height=\"51.144000\" \/><\/p>\n<div class=\"layoutArea\">\n<div class=\"column\">\n<p>A\u015fa\u011f\u0131 OlekKaryesinden<\/p>\n<\/div>\n<\/div>\n<\/td>\n<td><img decoding=\"async\" src=\"data:image\/png;base64,iVBORw0KGgoAAAANSUhEUgAAAAEAAAABCAYAAAAfFcSJAAAAAXNSR0IArs4c6QAAAAlwSFlzAAAXEgAAFxIBZ5\/SUgAAAA1JREFUCB1jYGBgsAIAAD8AO+2bAfEAAAAASUVORK5CYII=\" alt=\"page38image1390457712\" width=\"0.479980\" height=\"0.479980\" \/><\/p>\n<div class=\"layoutArea\">\n<div class=\"column\">\n<p>\u0130syan esnas\u0131ndayaralanan birjandarman\u0131n silah\u0131n\u0131almak<\/p>\n<\/div>\n<\/div>\n<\/td>\n<td><img decoding=\"async\" src=\"data:image\/png;base64,iVBORw0KGgoAAAANSUhEUgAAAAEAAAABCAYAAAAfFcSJAAAAAXNSR0IArs4c6QAAAAlwSFlzAAAXEgAAFxIBZ5\/SUgAAAA1JREFUCB1jYGBgsAIAAD8AO+2bAfEAAAAASUVORK5CYII=\" alt=\"page38image1390462976\" width=\"0.479980\" height=\"0.479980\" \/><\/p>\n<div class=\"layoutArea\">\n<div class=\"column\">\n<p>62. Maddeye g\u00f6re \u00f6m\u00fcr boyu k\u00fcrek cezas\u0131, g\u0131yaben<\/p>\n<\/div>\n<\/div>\n<\/td>\n<\/tr>\n<\/tbody>\n<\/table>\n<div class=\"layoutArea\">\n<div class=\"column\">\n<p>Tablo 4-d. K\u00fcrek Cezas\u0131na \u00c7arpt\u0131r\u0131lanlar<\/p>\n<\/div>\n<\/div>\n<table>\n<colgroup>\n<col \/>\n<col \/>\n<col \/>\n<col \/><\/colgroup>\n<tbody>\n<tr>\n<td>\n<div class=\"layoutArea\">\n<div class=\"column\">\n<p>Ki\u015fi ad\u0131<\/p>\n<\/div>\n<\/div>\n<\/td>\n<td>\n<div class=\"layoutArea\">\n<div class=\"column\">\n<p>Nereli oldu\u011fu<\/p>\n<\/div>\n<\/div>\n<\/td>\n<td>\n<div class=\"layoutArea\">\n<div class=\"column\">\n<p>Su\u00e7u (cezan\u0131n gerek\u00e7esi)<\/p>\n<\/div>\n<\/div>\n<\/td>\n<td><img decoding=\"async\" src=\"data:image\/png;base64,iVBORw0KGgoAAAANSUhEUgAAAAEAAAABCAYAAAAfFcSJAAAAAXNSR0IArs4c6QAAAAlwSFlzAAAXEgAAFxIBZ5\/SUgAAAA1JREFUCB1jYGBgSAMAAGsAZ3g+PVkAAAAASUVORK5CYII=\" alt=\"page38image1390445280\" width=\"0.479980\" height=\"0.479980\" \/><\/p>\n<div class=\"layoutArea\">\n<div class=\"column\">\n<p>Verilen Ceza, kanunmaddesi ve tebli\u011f \u015fekli<\/p>\n<\/div>\n<\/div>\n<\/td>\n<\/tr>\n<tr>\n<td>\n<div class=\"layoutArea\">\n<div class=\"column\">\n<p>Sofu \u00d6mer o\u011fluAbdurrezak<\/p>\n<\/div>\n<\/div>\n<\/td>\n<td>\n<div class=\"layoutArea\">\n<div class=\"column\">\n<p>S\u00fcr\u00fcmKaryesinden<\/p>\n<\/div>\n<\/div>\n<\/td>\n<td>\n<div class=\"layoutArea\">\n<div class=\"column\">\n<p>Silahl\u0131 olarak isyana kat\u0131lmak<\/p>\n<\/div>\n<\/div>\n<\/td>\n<td>\n<div class=\"layoutArea\">\n<div class=\"column\">\n<p>M\u00fclkiye ceza kanununun 57. Maddesi gere\u011fi on sene k\u00fcrek cezas\u0131. Te\u015fhir edilerek ve y\u00fcz\u00fcne okunarak, daha \u00f6nce bu konuda padi\u015fah\u0131n iradesi \u00e7\u0131km\u0131\u015ft\u0131r.<\/p>\n<\/div>\n<\/div>\n<\/td>\n<\/tr>\n<tr>\n<td>\n<div class=\"layoutArea\">\n<div class=\"column\">\n<p>Yakub o\u011fluHaydar<\/p>\n<\/div>\n<\/div>\n<\/td>\n<td>\n<div class=\"layoutArea\">\n<div class=\"column\">\n<p>Hersan Mahallesinden<\/p>\n<\/div>\n<\/div>\n<\/td>\n<td>\n<div class=\"layoutArea\">\n<div class=\"column\">\n<p>\u0130syanc\u0131lar\u0131n amac\u0131n\u0131benimseyip yard\u0131mdabulunmak<\/p>\n<\/div>\n<\/div>\n<\/td>\n<td>\n<div class=\"layoutArea\">\n<div class=\"column\">\n<p>M\u00fclkiye ceza kanununun 57. Maddesi gere\u011fi be\u015f sene k\u00fcrek cezas\u0131. Te\u015fhir edilerek ve y\u00fcz\u00fcne okunarak<\/p>\n<\/div>\n<\/div>\n<\/td>\n<\/tr>\n<\/tbody>\n<\/table>\n<div class=\"layoutArea\">\n<div class=\"column\">\n<p>469<\/p>\n<\/div>\n<\/div>\n<\/div>\n<div class=\"page\" title=\"Page 39\">\n<div class=\"layoutArea\">\n<div class=\"column\">\n<p>Demirta\u015f, M. (2018). 1914 Tarihli Bitlis \u0130syan\u0131n\u0131n Osmanl\u0131 Ar\u015fiv Belgelerindeki Yans\u0131malar\u0131-Cezalar, M\u00fck\u00e2fatlar. BE\u00dc SBE Derg.,7(2), 432-492.<\/p>\n<\/div>\n<\/div>\n<p><img decoding=\"async\" src=\"data:image\/png;base64,iVBORw0KGgoAAAANSUhEUgAAAYkAAAABCAYAAAArSVK8AAAAAXNSR0IArs4c6QAAAAlwSFlzAAAP\/gAAD\/4BstaVKgAAACBJREFUOBFjZGBgqALiUTAaAqMhMBoCoyEwGgLoIXAOAPjwAUoFbTrAAAAAAElFTkSuQmCC\" alt=\"page39image1391597680\" width=\"392.590000\" height=\"0.480000\" \/><\/p>\n<table>\n<colgroup>\n<col \/>\n<col \/>\n<col \/>\n<col \/><\/colgroup>\n<tbody>\n<tr>\n<td>\n<div class=\"layoutArea\">\n<div class=\"column\">\n<p>Hasan o\u011flu \u015eevi\u015f<\/p>\n<\/div>\n<\/div>\n<\/td>\n<td>\n<div class=\"layoutArea\">\n<div class=\"column\">\n<p>Hersan Mahallesinden<\/p>\n<\/div>\n<\/div>\n<\/td>\n<td>\n<div class=\"layoutArea\">\n<div class=\"column\">\n<p>\u0130syanc\u0131lar\u0131n amac\u0131n\u0131 benimseyip yard\u0131mdabulunmak<\/p>\n<\/div>\n<\/div>\n<\/td>\n<td>\n<div class=\"layoutArea\">\n<div class=\"column\">\n<p>M\u00fclkiye ceza kanununun 57. Maddesi gere\u011fi be\u015f sene k\u00fcrek cezas\u0131. Te\u015fhir edilerek ve y\u00fcz\u00fcne okunarak,<\/p>\n<\/div>\n<\/div>\n<\/td>\n<\/tr>\n<tr>\n<td>\n<div class=\"layoutArea\">\n<div class=\"column\">\n<p>\u00d6mer o\u011fluYakub<\/p>\n<\/div>\n<\/div>\n<\/td>\n<td>\n<div class=\"layoutArea\">\n<div class=\"column\">\n<p>Hersan Mahallesinden<\/p>\n<\/div>\n<\/div>\n<\/td>\n<td>\n<div class=\"layoutArea\">\n<div class=\"column\">\n<p>\u0130syanc\u0131lar\u0131n amac\u0131n\u0131 benimseyip yard\u0131mdabulunmak<\/p>\n<\/div>\n<\/div>\n<\/td>\n<td>\n<div class=\"layoutArea\">\n<div class=\"column\">\n<p>M\u00fclkiye ceza kanununun 57. Maddesi gere\u011fi be\u015f sene k\u00fcrek cezas\u0131. Te\u015fhir edilerek ve y\u00fcz\u00fcne okunarak,<\/p>\n<\/div>\n<\/div>\n<\/td>\n<\/tr>\n<tr>\n<td>\n<div class=\"layoutArea\">\n<div class=\"column\">\n<p>MollaReceb o\u011fluMusa<\/p>\n<\/div>\n<\/div>\n<\/td>\n<td>\n<div class=\"layoutArea\">\n<div class=\"column\">\n<p>Hersan Mahallesinden<\/p>\n<\/div>\n<\/div>\n<\/td>\n<td>\n<div class=\"layoutArea\">\n<div class=\"column\">\n<p>\u0130syanc\u0131lar\u0131n amac\u0131n\u0131 benimseyip yard\u0131mdabulunmak<\/p>\n<\/div>\n<\/div>\n<p><img decoding=\"async\" src=\"data:image\/png;base64,iVBORw0KGgoAAAANSUhEUgAAAAEAAAABCAYAAAAfFcSJAAAAAXNSR0IArs4c6QAAAAlwSFlzAAAXEQAAFxEByibzPwAAAA1JREFUCB1jYGBgsAIAAD8AO+2bAfEAAAAASUVORK5CYII=\" alt=\"page39image1388644720\" width=\"0.480010\" height=\"0.480010\" \/><\/td>\n<td>\n<div class=\"layoutArea\">\n<div class=\"column\">\n<p>M\u00fclkiye ceza kanununun 57. Maddesi gere\u011fi be\u015f sene k\u00fcrek cezas\u0131. Te\u015fhir edilerek ve y\u00fcz\u00fcne okunarak,<\/p>\n<\/div>\n<\/div>\n<\/td>\n<\/tr>\n<tr>\n<td>\n<div class=\"layoutArea\">\n<div class=\"column\">\n<p>\u0130brahim o\u011flu T\u00fct\u00fcnc\u00fcMustafa<\/p>\n<\/div>\n<\/div>\n<\/td>\n<td>\n<div class=\"layoutArea\">\n<div class=\"column\">\n<p>Hersan Mahallesinden<\/p>\n<\/div>\n<\/div>\n<\/td>\n<td>\n<div class=\"layoutArea\">\n<div class=\"column\">\n<p>\u0130syanc\u0131lar\u0131n amac\u0131n\u0131 benimseyip yard\u0131mdabulunmak<\/p>\n<\/div>\n<\/div>\n<\/td>\n<td>\n<div class=\"layoutArea\">\n<div class=\"column\">\n<p>M\u00fclkiye ceza kanununun 57. Maddesi gere\u011fi be\u015f sene k\u00fcrek cezas\u0131. Te\u015fhir edilerek ve y\u00fcz\u00fcne okunarak,<\/p>\n<\/div>\n<\/div>\n<\/td>\n<\/tr>\n<tr>\n<td>\n<div class=\"layoutArea\">\n<div class=\"column\">\n<p>\u0130skan o\u011fluFaris<\/p>\n<\/div>\n<\/div>\n<\/td>\n<td>\n<div class=\"layoutArea\">\n<div class=\"column\">\n<p>Hersan Mahallesinden<\/p>\n<\/div>\n<\/div>\n<\/td>\n<td>\n<div class=\"layoutArea\">\n<div class=\"column\">\n<p>\u0130syanc\u0131lar\u0131n amac\u0131n\u0131 benimseyip yard\u0131mdabulunmak<\/p>\n<\/div>\n<\/div>\n<\/td>\n<td>\n<div class=\"layoutArea\">\n<div class=\"column\">\n<p>M\u00fclkiye ceza kanununun57. Maddesi gere\u011fi be\u015f sene k\u00fcrek cezas\u0131. Te\u015fhir edilerek ve y\u00fcz\u00fcne okunarak,<\/p>\n<\/div>\n<\/div>\n<p><img decoding=\"async\" src=\"data:image\/png;base64,iVBORw0KGgoAAAANSUhEUgAAAAEAAAABCAYAAAAfFcSJAAAAAXNSR0IArs4c6QAAAAlwSFlzAAAXEgAAFxIBZ5\/SUgAAAA1JREFUCB1jYGBgSAMAAGsAZ3g+PVkAAAAASUVORK5CYII=\" alt=\"page39image1392542384\" width=\"0.479980\" height=\"0.479980\" \/><\/td>\n<\/tr>\n<\/tbody>\n<\/table>\n<div class=\"layoutArea\">\n<div class=\"column\">\n<p>Tablo 4-e. K\u00fcrek Cezas\u0131na \u00c7arpt\u0131r\u0131lanlar<\/p>\n<\/div>\n<\/div>\n<table>\n<colgroup>\n<col \/>\n<col \/>\n<col \/>\n<col \/><\/colgroup>\n<tbody>\n<tr>\n<td>\n<div class=\"layoutArea\">\n<div class=\"column\">\n<p>Ki\u015fi ad\u0131<\/p>\n<\/div>\n<\/div>\n<p><img decoding=\"async\" src=\"data:image\/png;base64,iVBORw0KGgoAAAANSUhEUgAAAEQAAAABCAYAAABnhghtAAAAAXNSR0IArs4c6QAAAAlwSFlzAAAQDAAAEAwBSuqmbQAAABZJREFUGBljZGBgqALiUcDA8BcYCPsAiAMCN40\/rPAAAAAASUVORK5CYII=\" alt=\"page39image1392549584\" width=\"67.440010\" height=\"0.480010\" \/><\/td>\n<td>\n<div class=\"layoutArea\">\n<div class=\"column\">\n<p>Nereli oldu\u011fu<\/p>\n<\/div>\n<\/div>\n<\/td>\n<td>\n<div class=\"layoutArea\">\n<div class=\"column\">\n<p>Su\u00e7u (cezan\u0131n gerek\u00e7esi)<\/p>\n<\/div>\n<\/div>\n<\/td>\n<td><img decoding=\"async\" src=\"data:image\/png;base64,iVBORw0KGgoAAAANSUhEUgAAAAEAAAABCAYAAAAfFcSJAAAAAXNSR0IArs4c6QAAAAlwSFlzAAAXEgAAFxIBZ5\/SUgAAAA1JREFUCB1jYGBgsAIAAD8AO+2bAfEAAAAASUVORK5CYII=\" alt=\"page39image1392559792\" width=\"0.479980\" height=\"0.479980\" \/><\/p>\n<div class=\"layoutArea\">\n<div class=\"column\">\n<p>Verilen Ceza, kanunmaddesi ve tebli\u011f \u015fekli<\/p>\n<\/div>\n<\/div>\n<p><img decoding=\"async\" src=\"data:image\/png;base64,iVBORw0KGgoAAAANSUhEUgAAAAEAAAABCAYAAAAfFcSJAAAAAXNSR0IArs4c6QAAAAlwSFlzAAAXEQAAFxEByibzPwAAAA1JREFUCB1jYGBgsAIAAD8AO+2bAfEAAAAASUVORK5CYII=\" alt=\"page39image1392566720\" width=\"0.480010\" height=\"0.480010\" \/><\/td>\n<\/tr>\n<tr>\n<td>\n<div class=\"layoutArea\">\n<div class=\"column\">\n<p>Tahir o\u011fluEsad<\/p>\n<\/div>\n<\/div>\n<\/td>\n<td>\n<div class=\"layoutArea\">\n<div class=\"column\">\n<p>Hersan Mahallesinden<\/p>\n<\/div>\n<\/div>\n<\/td>\n<td>\n<div class=\"layoutArea\">\n<div class=\"column\">\n<p>\u0130syanc\u0131lar\u0131n amac\u0131n\u0131 benimseyip yard\u0131mdabulunmak<\/p>\n<\/div>\n<\/div>\n<\/td>\n<td>\n<div class=\"layoutArea\">\n<div class=\"column\">\n<p>M\u00fclkiye cezakanununun 57.Maddesi gere\u011fi be\u015f sene k\u00fcrek cezas\u0131. Te\u015fhir edilerek ve y\u00fcz\u00fcne okunarak,<\/p>\n<\/div>\n<\/div>\n<\/td>\n<\/tr>\n<tr>\n<td>\n<div class=\"layoutArea\">\n<div class=\"column\">\n<p>MutkiliAngo o\u011flu \u0130smail<\/p>\n<\/div>\n<\/div>\n<\/td>\n<td>\n<div class=\"layoutArea\">\n<div class=\"column\">\n<p>Hersan Mahallesinden<\/p>\n<\/div>\n<\/div>\n<\/td>\n<td>\n<div class=\"layoutArea\">\n<div class=\"column\">\n<p>\u0130syanc\u0131lar\u0131n amac\u0131n\u0131 benimseyip yard\u0131mdabulunmak<\/p>\n<\/div>\n<\/div>\n<\/td>\n<td>\n<div class=\"layoutArea\">\n<div class=\"column\">\n<p>M\u00fclkiye ceza kanununun 57.Maddesi gere\u011fi be\u015f sene k\u00fcrek cezas\u0131. Te\u015fhir edilerek ve y\u00fcz\u00fcne okunarak,<\/p>\n<\/div>\n<\/div>\n<p><img decoding=\"async\" src=\"data:image\/png;base64,iVBORw0KGgoAAAANSUhEUgAAAAEAAAABCAYAAAAfFcSJAAAAAXNSR0IArs4c6QAAAAlwSFlzAAAXEgAAFxIBZ5\/SUgAAAA1JREFUCB1jYGBgsAIAAD8AO+2bAfEAAAAASUVORK5CYII=\" alt=\"page39image1391667408\" width=\"0.479980\" height=\"0.479980\" \/><\/td>\n<\/tr>\n<tr>\n<td>\n<div class=\"layoutArea\">\n<div class=\"column\">\n<p>Tahir o\u011fluFakih Arif<\/p>\n<\/div>\n<\/div>\n<\/td>\n<td>\n<div class=\"layoutArea\">\n<div class=\"column\">\n<p>Hersan Mahallesinden<\/p>\n<\/div>\n<\/div>\n<\/td>\n<td>\n<div class=\"layoutArea\">\n<div class=\"column\">\n<p>\u0130syanc\u0131lar\u0131n amac\u0131n\u0131 benimseyip yard\u0131mdabulunmak<\/p>\n<\/div>\n<\/div>\n<\/td>\n<td>\n<div class=\"layoutArea\">\n<div class=\"column\">\n<p>M\u00fclkiye cezakanununun 57.Maddesi gere\u011fi be\u015f sene k\u00fcrek cezas\u0131. Te\u015fhir edilerek ve y\u00fcz\u00fcne okunarak<\/p>\n<\/div>\n<\/div>\n<\/td>\n<\/tr>\n<\/tbody>\n<\/table>\n<div class=\"layoutArea\">\n<div class=\"column\">\n<p>470<\/p>\n<\/div>\n<\/div>\n<\/div>\n<div class=\"page\" title=\"Page 40\">\n<div class=\"layoutArea\">\n<div class=\"column\">\n<p>Demirta\u015f, M. (2018). 1914 Tarihli Bitlis \u0130syan\u0131n\u0131n Osmanl\u0131 Ar\u015fiv Belgelerindeki Yans\u0131malar\u0131-Cezalar, M\u00fck\u00e2fatlar. BE\u00dc SBE Derg.,7(2), 432-492.<\/p>\n<\/div>\n<\/div>\n<p><img decoding=\"async\" src=\"data:image\/png;base64,iVBORw0KGgoAAAANSUhEUgAAAYkAAAABCAYAAAArSVK8AAAAAXNSR0IArs4c6QAAAAlwSFlzAAAP\/gAAD\/4BstaVKgAAACBJREFUOBFjZGBgqALiUTAaAqMhMBoCoyEwGgLoIXAOAPjwAUoFbTrAAAAAAElFTkSuQmCC\" alt=\"page40image1388874816\" width=\"392.590000\" height=\"0.480000\" \/><\/p>\n<table>\n<colgroup>\n<col \/>\n<col \/>\n<col \/>\n<col \/><\/colgroup>\n<tbody>\n<tr>\n<td>\n<div class=\"layoutArea\">\n<div class=\"column\">\n<p>Pori o\u011fluOlekizadeRe\u015fid<\/p>\n<\/div>\n<\/div>\n<\/td>\n<td>\n<div class=\"layoutArea\">\n<div class=\"column\">\n<p>Hersan Mahallesinden<\/p>\n<\/div>\n<\/div>\n<\/td>\n<td>\n<div class=\"layoutArea\">\n<div class=\"column\">\n<p>\u0130syanc\u0131lar\u0131n amac\u0131n\u0131 benimseyip yard\u0131mdabulunmak<\/p>\n<\/div>\n<\/div>\n<\/td>\n<td>\n<div class=\"layoutArea\">\n<div class=\"column\">\n<p>M\u00fclkiye cezakanununun 57.Maddesi gere\u011fi be\u015f sene k\u00fcrek cezas\u0131. Te\u015fhir edilerek, g\u0131yaben<\/p>\n<\/div>\n<\/div>\n<\/td>\n<\/tr>\n<tr>\n<td>\n<div class=\"layoutArea\">\n<div class=\"column\">\n<p>Mutkili Yusuf<\/p>\n<\/div>\n<\/div>\n<p><img decoding=\"async\" src=\"data:image\/png;base64,iVBORw0KGgoAAAANSUhEUgAAAEQAAAABCAYAAABnhghtAAAAAXNSR0IArs4c6QAAAAlwSFlzAAAQDAAAEAwBSuqmbQAAABZJREFUGBljZGBgqALiUcDA8BcYCPsAiAMCN40\/rPAAAAAASUVORK5CYII=\" alt=\"page40image1390198880\" width=\"67.440010\" height=\"0.480010\" \/><\/td>\n<td>\n<div class=\"layoutArea\">\n<div class=\"column\">\n<p>Hersan Mahallesinden<\/p>\n<\/div>\n<\/div>\n<\/td>\n<td>\n<div class=\"layoutArea\">\n<div class=\"column\">\n<p>\u0130syanc\u0131lar\u0131n amac\u0131n\u0131 benimseyip yard\u0131mdabulunmak<\/p>\n<\/div>\n<\/div>\n<\/td>\n<td>\n<div class=\"layoutArea\">\n<div class=\"column\">\n<p>M\u00fclkiye cezakanununun 57.Maddesi gere\u011fi be\u015f sene k\u00fcrek cezas\u0131. Te\u015fhir edilerek, g\u0131yaben<\/p>\n<\/div>\n<\/div>\n<p><img decoding=\"async\" src=\"data:image\/png;base64,iVBORw0KGgoAAAANSUhEUgAAAAEAAAABCAYAAAAfFcSJAAAAAXNSR0IArs4c6QAAAAlwSFlzAAAXEQAAFxEByibzPwAAAA1JREFUCB1jYGBgsAIAAD8AO+2bAfEAAAAASUVORK5CYII=\" alt=\"page40image1392636272\" width=\"0.480010\" height=\"0.480010\" \/><\/td>\n<\/tr>\n<tr>\n<td>\n<div class=\"layoutArea\">\n<div class=\"column\">\n<p>Dervi\u015f o\u011fluFelemez<\/p>\n<\/div>\n<\/div>\n<\/td>\n<td>\n<div class=\"layoutArea\">\n<div class=\"column\">\n<p>Hersan Mahallesinden<\/p>\n<\/div>\n<\/div>\n<\/td>\n<td>\n<div class=\"layoutArea\">\n<div class=\"column\">\n<p>\u0130syanc\u0131lar\u0131n amac\u0131n\u0131 benimseyip yard\u0131mdabulunmak<\/p>\n<\/div>\n<\/div>\n<\/td>\n<td>\n<div class=\"layoutArea\">\n<div class=\"column\">\n<p>M\u00fclkiye cezakanununun 57.Maddesi gere\u011fi be\u015f sene k\u00fcrek cezas\u0131. Te\u015fhir edilerek, g\u0131yaben<\/p>\n<\/div>\n<\/div>\n<\/td>\n<\/tr>\n<tr>\n<td>\n<div class=\"layoutArea\">\n<div class=\"column\">\n<p>Tahir o\u011fluTerzi Hayri<\/p>\n<\/div>\n<\/div>\n<\/td>\n<td>\n<div class=\"layoutArea\">\n<div class=\"column\">\n<p>Hersan Mahallesinden<\/p>\n<\/div>\n<\/div>\n<\/td>\n<td>\n<div class=\"layoutArea\">\n<div class=\"column\">\n<p>\u0130syana silahl\u0131 olarak kat\u0131lmak ve askere kar\u015f\u0131 silah kullanmak<\/p>\n<\/div>\n<\/div>\n<\/td>\n<td><img decoding=\"async\" src=\"data:image\/png;base64,iVBORw0KGgoAAAANSUhEUgAAAAEAAAABCAYAAAAfFcSJAAAAAXNSR0IArs4c6QAAAAlwSFlzAAAXEgAAFxIBZ5\/SUgAAAA1JREFUCB1jYGBgsAIAAD8AO+2bAfEAAAAASUVORK5CYII=\" alt=\"page40image1390784976\" width=\"0.479980\" height=\"0.479980\" \/><\/p>\n<div class=\"layoutArea\">\n<div class=\"column\">\n<p>M\u00fclkiye cezakanununun 57.Maddesi gere\u011fi \u00f6m\u00fcr boyu k\u00fcrek cezas\u0131. Te\u015fhir edilerek,g\u0131yaben<\/p>\n<\/div>\n<\/div>\n<p><img decoding=\"async\" src=\"data:image\/png;base64,iVBORw0KGgoAAAANSUhEUgAAAAEAAAABCAYAAAAfFcSJAAAAAXNSR0IArs4c6QAAAAlwSFlzAAAXEgAAFxIBZ5\/SUgAAAA1JREFUCB1jYGBgsAIAAD8AO+2bAfEAAAAASUVORK5CYII=\" alt=\"page40image1390788720\" width=\"0.479980\" height=\"0.479980\" \/><\/td>\n<\/tr>\n<\/tbody>\n<\/table>\n<div class=\"layoutArea\">\n<div class=\"column\">\n<p>Tablo 4-f. K\u00fcrek Cezas\u0131na \u00c7arpt\u0131r\u0131lanlar<\/p>\n<\/div>\n<\/div>\n<table>\n<colgroup>\n<col \/>\n<col \/>\n<col \/>\n<col \/><\/colgroup>\n<tbody>\n<tr>\n<td><img decoding=\"async\" src=\"data:image\/png;base64,iVBORw0KGgoAAAANSUhEUgAAAAEAAAABCAYAAAAfFcSJAAAAAXNSR0IArs4c6QAAAAlwSFlzAAAXEQAAFxEByibzPwAAAA1JREFUCB1jYGBgsAIAAD8AO+2bAfEAAAAASUVORK5CYII=\" alt=\"page40image1390591712\" width=\"0.480010\" height=\"0.480010\" \/><\/p>\n<div class=\"layoutArea\">\n<div class=\"column\">\n<p>Ki\u015fi ad\u0131<\/p>\n<\/div>\n<\/div>\n<\/td>\n<td>\n<div class=\"layoutArea\">\n<div class=\"column\">\n<p>Nereli oldu\u011fu<\/p>\n<\/div>\n<\/div>\n<\/td>\n<td><img decoding=\"async\" src=\"data:image\/png;base64,iVBORw0KGgoAAAANSUhEUgAAAAEAAAABCAYAAAAfFcSJAAAAAXNSR0IArs4c6QAAAAlwSFlzAAAXEQAAFxEByibzPwAAAA1JREFUCB1jYGBgsAIAAD8AO+2bAfEAAAAASUVORK5CYII=\" alt=\"page40image1388817168\" width=\"0.480010\" height=\"0.480010\" \/><\/p>\n<div class=\"layoutArea\">\n<div class=\"column\">\n<p>Su\u00e7u (cezan\u0131n gerek\u00e7esi)<\/p>\n<\/div>\n<\/div>\n<\/td>\n<td>\n<div class=\"layoutArea\">\n<div class=\"column\">\n<p>Verilen Ceza, kanunmaddesi ve tebli\u011f \u015fekli<\/p>\n<\/div>\n<\/div>\n<p><img decoding=\"async\" src=\"data:image\/png;base64,iVBORw0KGgoAAAANSUhEUgAAAAEAAAABCAYAAAAfFcSJAAAAAXNSR0IArs4c6QAAAAlwSFlzAAAXEgAAFxIBZ5\/SUgAAAA1JREFUCB1jYGBgsAIAAD8AO+2bAfEAAAAASUVORK5CYII=\" alt=\"page40image1388827264\" width=\"0.479980\" height=\"0.479980\" \/><\/td>\n<\/tr>\n<tr>\n<td>\n<div class=\"layoutArea\">\n<div class=\"column\">\n<p>Mutkili Osmano\u011fluUmeka?<\/p>\n<\/div>\n<\/div>\n<\/td>\n<td>\n<div class=\"layoutArea\">\n<div class=\"column\">\n<p>Hersan Mahallesinden<\/p>\n<\/div>\n<\/div>\n<\/td>\n<td>\n<div class=\"layoutArea\">\n<div class=\"column\">\n<p>\u0130syanc\u0131lar\u0131n amac\u0131n\u0131 benimseyip yard\u0131mdabulunmak<\/p>\n<\/div>\n<\/div>\n<\/td>\n<td>\n<div class=\"layoutArea\">\n<div class=\"column\">\n<p>M\u00fclkiye ceza kanununun 57. Maddesi gere\u011fi be\u015f sene k\u00fcrek cezas\u0131. Te\u015fhir edilerek, g\u0131yaben<\/p>\n<\/div>\n<\/div>\n<\/td>\n<\/tr>\n<tr>\n<td>\n<div class=\"layoutArea\">\n<div class=\"column\">\n<p>Keykano\u011flu Yusuf<\/p>\n<\/div>\n<\/div>\n<\/td>\n<td>\n<div class=\"layoutArea\">\n<div class=\"column\">\n<p>Hersan Mahallesinden<\/p>\n<\/div>\n<\/div>\n<\/td>\n<td>\n<div class=\"layoutArea\">\n<div class=\"column\">\n<p>\u0130syanc\u0131lar\u0131n amac\u0131n\u0131 benimseyip yard\u0131mdabulunmak<\/p>\n<\/div>\n<\/div>\n<\/td>\n<td>\n<div class=\"layoutArea\">\n<div class=\"column\">\n<p>M\u00fclkiye ceza kanununun 57. Maddesi gere\u011fi be\u015f sene k\u00fcrek cezas\u0131. Te\u015fhiredilerek, g\u0131yaben<\/p>\n<\/div>\n<\/div>\n<\/td>\n<\/tr>\n<tr>\n<td>\n<div class=\"layoutArea\">\n<div class=\"column\">\n<p>H\u00fcndzade \u015eaban<\/p>\n<\/div>\n<\/div>\n<\/td>\n<td>\n<div class=\"layoutArea\">\n<div class=\"column\">\n<p>Hersan Mahallesinden<\/p>\n<\/div>\n<\/div>\n<\/td>\n<td>\n<div class=\"layoutArea\">\n<div class=\"column\">\n<p>\u0130syanc\u0131lar\u0131n amac\u0131n\u0131 benimseyip yard\u0131mdabulunmak<\/p>\n<\/div>\n<\/div>\n<\/td>\n<td><img decoding=\"async\" src=\"data:image\/png;base64,iVBORw0KGgoAAAANSUhEUgAAAAEAAAABCAYAAAAfFcSJAAAAAXNSR0IArs4c6QAAAAlwSFlzAAAXEgAAFxIBZ5\/SUgAAAA1JREFUCB1jYGBgsAIAAD8AO+2bAfEAAAAASUVORK5CYII=\" alt=\"page40image1392668544\" width=\"0.479980\" height=\"0.479980\" \/><\/p>\n<div class=\"layoutArea\">\n<div class=\"column\">\n<p>M\u00fclkiye ceza kanununun 57. Maddesi gere\u011fi be\u015f sene k\u00fcrek cezas\u0131. Te\u015fhir edilerek, g\u0131yaben<\/p>\n<\/div>\n<\/div>\n<p><img decoding=\"async\" src=\"data:image\/png;base64,iVBORw0KGgoAAAANSUhEUgAAAAEAAAABCAYAAAAfFcSJAAAAAXNSR0IArs4c6QAAAAlwSFlzAAAXEgAAFxIBZ5\/SUgAAAA1JREFUCB1jYGBgsAIAAD8AO+2bAfEAAAAASUVORK5CYII=\" alt=\"page40image1391733744\" width=\"0.479980\" height=\"0.479980\" \/><\/td>\n<\/tr>\n<tr>\n<td>\n<div class=\"layoutArea\">\n<div class=\"column\">\n<p>H\u00fcndzade Faris \u00c7avu\u015f<\/p>\n<\/div>\n<\/div>\n<\/td>\n<td>\n<div class=\"layoutArea\">\n<div class=\"column\">\n<p>Hersan Mahallesinden<\/p>\n<\/div>\n<\/div>\n<\/td>\n<td>\n<div class=\"layoutArea\">\n<div class=\"column\">\n<p>\u0130syanc\u0131lar\u0131n amac\u0131n\u0131benimseyip yard\u0131mdabulunmak<\/p>\n<\/div>\n<\/div>\n<\/td>\n<td>\n<div class=\"layoutArea\">\n<div class=\"column\">\n<p>M\u00fclkiye ceza kanununun 57. Maddesi gere\u011fi be\u015f sene k\u00fcrek cezas\u0131. Te\u015fhir edilerek, g\u0131yaben<\/p>\n<\/div>\n<\/div>\n<p><img decoding=\"async\" src=\"data:image\/png;base64,iVBORw0KGgoAAAANSUhEUgAAAAEAAAABCAYAAAAfFcSJAAAAAXNSR0IArs4c6QAAAAlwSFlzAAAXEgAAFxIBZ5\/SUgAAAA1JREFUCB1jYGBgSAMAAGsAZ3g+PVkAAAAASUVORK5CYII=\" alt=\"page40image1391757984\" width=\"0.479980\" height=\"0.479980\" \/><\/td>\n<\/tr>\n<\/tbody>\n<\/table>\n<div class=\"layoutArea\">\n<div class=\"column\">\n<p>471<\/p>\n<\/div>\n<\/div>\n<\/div>\n<div class=\"page\" title=\"Page 41\">\n<div class=\"layoutArea\">\n<div class=\"column\">\n<p>Demirta\u015f, M. (2018). 1914 Tarihli Bitlis \u0130syan\u0131n\u0131n Osmanl\u0131 Ar\u015fiv Belgelerindeki Yans\u0131malar\u0131-Cezalar, M\u00fck\u00e2fatlar. BE\u00dc SBE Derg.,7(2), 432-492.<\/p>\n<\/div>\n<\/div>\n<p><img decoding=\"async\" src=\"data:image\/png;base64,iVBORw0KGgoAAAANSUhEUgAAAYkAAAABCAYAAAArSVK8AAAAAXNSR0IArs4c6QAAAAlwSFlzAAAP\/gAAD\/4BstaVKgAAACBJREFUOBFjZGBgqALiUTAaAqMhMBoCoyEwGgLoIXAOAPjwAUoFbTrAAAAAAElFTkSuQmCC\" alt=\"page41image1392815280\" width=\"392.590000\" height=\"0.480000\" \/><\/p>\n<table>\n<colgroup>\n<col \/>\n<col \/>\n<col \/>\n<col \/><\/colgroup>\n<tbody>\n<tr>\n<td>\n<div class=\"layoutArea\">\n<div class=\"column\">\n<p>Molla\u00d6mer o\u011fluPolad<\/p>\n<\/div>\n<\/div>\n<\/td>\n<td>\n<div class=\"layoutArea\">\n<div class=\"column\">\n<p>Hersan Mahallesinden<\/p>\n<\/div>\n<\/div>\n<\/td>\n<td>\n<div class=\"layoutArea\">\n<div class=\"column\">\n<p>\u0130syanc\u0131lar\u0131n amac\u0131n\u0131 benimseyip yard\u0131mdabulunmak<\/p>\n<\/div>\n<\/div>\n<\/td>\n<td>\n<div class=\"layoutArea\">\n<div class=\"column\">\n<p>M\u00fclkiye ceza kanununun 57. Maddesi gere\u011fi be\u015f sene k\u00fcrek cezas\u0131. Te\u015fhir edilerek, g\u0131yaben<\/p>\n<\/div>\n<\/div>\n<\/td>\n<\/tr>\n<tr>\n<td>\n<div class=\"layoutArea\">\n<div class=\"column\">\n<p>Mozik o\u011fluTaceddin<\/p>\n<\/div>\n<\/div>\n<\/td>\n<td>\n<div class=\"layoutArea\">\n<div class=\"column\">\n<p>Hersan Mahallesinden<\/p>\n<\/div>\n<\/div>\n<\/td>\n<td>\n<div class=\"layoutArea\">\n<div class=\"column\">\n<p>\u0130syanc\u0131lar\u0131n amac\u0131n\u0131 benimseyip yard\u0131mdabulunmak<\/p>\n<\/div>\n<\/div>\n<\/td>\n<td>\n<div class=\"layoutArea\">\n<div class=\"column\">\n<p>M\u00fclkiye ceza kanununun 57. Maddesi gere\u011fi be\u015f sene k\u00fcrek cezas\u0131. Te\u015fhir edilerek, g\u0131yaben<\/p>\n<\/div>\n<\/div>\n<\/td>\n<\/tr>\n<tr>\n<td><img decoding=\"async\" src=\"data:image\/png;base64,iVBORw0KGgoAAAANSUhEUgAAAAEAAAA0CAYAAABLolKXAAAAAXNSR0IArs4c6QAAAAlwSFlzAAAQHgAAEB4BfAB1LgAAABZJREFUGBljYGBg4GMCEjkggmEkEh8AraQB0feEj5sAAAAASUVORK5CYII=\" alt=\"page41image1392757312\" width=\"0.480010\" height=\"51.120000\" \/><\/p>\n<div class=\"layoutArea\">\n<div class=\"column\">\n<p>Biraderi Ahmed<\/p>\n<\/div>\n<\/div>\n<\/td>\n<td>\n<div class=\"layoutArea\">\n<div class=\"column\">\n<p>Hersan Mahallesinden<\/p>\n<\/div>\n<\/div>\n<\/td>\n<td><img decoding=\"async\" src=\"data:image\/png;base64,iVBORw0KGgoAAAANSUhEUgAAAAEAAAA0CAYAAABLolKXAAAAAXNSR0IArs4c6QAAAAlwSFlzAAAQHgAAEB4BfAB1LgAAABZJREFUGBljYGBg4GMCEjkggmEkEh8AraQB0feEj5sAAAAASUVORK5CYII=\" alt=\"page41image1392747776\" width=\"0.480010\" height=\"51.120000\" \/><\/p>\n<div class=\"layoutArea\">\n<div class=\"column\">\n<p>\u0130syanc\u0131lar\u0131n amac\u0131n\u0131 benimseyip yard\u0131mdabulunmak<\/p>\n<\/div>\n<\/div>\n<\/td>\n<td>\n<div class=\"layoutArea\">\n<div class=\"column\">\n<p>M\u00fclkiye ceza kanununun 57. Maddesi gere\u011fi be\u015f sene k\u00fcrek cezas\u0131. Te\u015fhir edilerek, g\u0131yaben<\/p>\n<\/div>\n<\/div>\n<\/td>\n<\/tr>\n<\/tbody>\n<\/table>\n<div class=\"layoutArea\">\n<div class=\"column\">\n<p>Tablo 4-g. K\u00fcrek Cezas\u0131na \u00c7arpt\u0131r\u0131lanlar<\/p>\n<\/div>\n<\/div>\n<table>\n<colgroup>\n<col \/>\n<col \/>\n<col \/>\n<col \/><\/colgroup>\n<tbody>\n<tr>\n<td><img decoding=\"async\" src=\"data:image\/png;base64,iVBORw0KGgoAAAANSUhEUgAAAAEAAAABCAYAAAAfFcSJAAAAAXNSR0IArs4c6QAAAAlwSFlzAAAXEQAAFxEByibzPwAAAA1JREFUCB1jYGBgsAIAAD8AO+2bAfEAAAAASUVORK5CYII=\" alt=\"page41image1388961776\" width=\"0.480010\" height=\"0.480010\" \/><\/p>\n<div class=\"layoutArea\">\n<div class=\"column\">\n<p>Ki\u015fi ad\u0131<\/p>\n<\/div>\n<\/div>\n<p><img decoding=\"async\" src=\"data:image\/png;base64,iVBORw0KGgoAAAANSUhEUgAAAAEAAAABCAYAAAAfFcSJAAAAAXNSR0IArs4c6QAAAAlwSFlzAAAXEQAAFxEByibzPwAAAA1JREFUCB1jYGBgsAIAAD8AO+2bAfEAAAAASUVORK5CYII=\" alt=\"page41image1388965600\" width=\"0.480010\" height=\"0.480010\" \/><\/td>\n<td>\n<div class=\"layoutArea\">\n<div class=\"column\">\n<p>Nereli oldu\u011fu<\/p>\n<\/div>\n<\/div>\n<\/td>\n<td>\n<div class=\"layoutArea\">\n<div class=\"column\">\n<p>Su\u00e7u (cezan\u0131n gerek\u00e7esi)<\/p>\n<\/div>\n<\/div>\n<\/td>\n<td>\n<div class=\"layoutArea\">\n<div class=\"column\">\n<p>Verilen Ceza, kanunmaddesi ve tebli\u011f \u015fekli<\/p>\n<\/div>\n<\/div>\n<\/td>\n<\/tr>\n<tr>\n<td>\n<div class=\"layoutArea\">\n<div class=\"column\">\n<p>Xal\u00ea Ali o\u011flu R\u00fcstem<\/p>\n<\/div>\n<\/div>\n<\/td>\n<td>\n<div class=\"layoutArea\">\n<div class=\"column\">\n<p>Hersan Mahallesinden<\/p>\n<\/div>\n<\/div>\n<\/td>\n<td>\n<div class=\"layoutArea\">\n<div class=\"column\">\n<p>\u0130syanc\u0131lar\u0131n amac\u0131n\u0131 benimseyip yard\u0131mdabulunmak<\/p>\n<\/div>\n<\/div>\n<\/td>\n<td>\n<div class=\"layoutArea\">\n<div class=\"column\">\n<p>M\u00fclkiye ceza kanununun 57. Maddesi gere\u011fi be\u015f sene k\u00fcrek cezas\u0131. Te\u015fhir edilerek, g\u0131yaben<\/p>\n<\/div>\n<\/div>\n<\/td>\n<\/tr>\n<tr>\n<td><img decoding=\"async\" src=\"data:image\/png;base64,iVBORw0KGgoAAAANSUhEUgAAAAEAAAABCAYAAAAfFcSJAAAAAXNSR0IArs4c6QAAAAlwSFlzAAAXEQAAFxEByibzPwAAAA1JREFUCB1jYGBgsAIAAD8AO+2bAfEAAAAASUVORK5CYII=\" alt=\"page41image1391539648\" width=\"0.480010\" height=\"0.480010\" \/><\/p>\n<div class=\"layoutArea\">\n<div class=\"column\">\n<p>Haydo o\u011fluMustafa<\/p>\n<\/div>\n<\/div>\n<\/td>\n<td>\n<div class=\"layoutArea\">\n<div class=\"column\">\n<p>Hersan Mahallesinden<\/p>\n<\/div>\n<\/div>\n<\/td>\n<td>\n<div class=\"layoutArea\">\n<div class=\"column\">\n<p>\u0130syanc\u0131lar\u0131n amac\u0131n\u0131 benimseyip yard\u0131mdabulunmak<\/p>\n<\/div>\n<\/div>\n<p><img decoding=\"async\" src=\"data:image\/png;base64,iVBORw0KGgoAAAANSUhEUgAAAAEAAAABCAYAAAAfFcSJAAAAAXNSR0IArs4c6QAAAAlwSFlzAAAXEgAAFxIBZ5\/SUgAAAA1JREFUCB1jYGBgsAIAAD8AO+2bAfEAAAAASUVORK5CYII=\" alt=\"page41image1392793568\" width=\"0.479980\" height=\"0.479980\" \/><\/td>\n<td>\n<div class=\"layoutArea\">\n<div class=\"column\">\n<p>M\u00fclkiye ceza kanununun 57. Maddesi gere\u011fi be\u015f sene k\u00fcrek cezas\u0131. Te\u015fhir edilerek, g\u0131yaben<\/p>\n<\/div>\n<\/div>\n<p><img decoding=\"async\" src=\"data:image\/png;base64,iVBORw0KGgoAAAANSUhEUgAAAAEAAAABCAYAAAAfFcSJAAAAAXNSR0IArs4c6QAAAAlwSFlzAAAXEgAAFxIBZ5\/SUgAAAA1JREFUCB1jYGBgsAIAAD8AO+2bAfEAAAAASUVORK5CYII=\" alt=\"page41image1392790384\" width=\"0.479980\" height=\"0.479980\" \/><\/td>\n<\/tr>\n<tr>\n<td>\n<div class=\"layoutArea\">\n<div class=\"column\">\n<p>Kutb Kas\u0131m o\u011flu Ali<\/p>\n<\/div>\n<\/div>\n<\/td>\n<td>\n<div class=\"layoutArea\">\n<div class=\"column\">\n<p>Hersan Mahallesinden<\/p>\n<\/div>\n<\/div>\n<\/td>\n<td>\n<div class=\"layoutArea\">\n<div class=\"column\">\n<p>\u0130syanc\u0131lar\u0131n amac\u0131n\u0131 benimseyip yard\u0131mdabulunmak<\/p>\n<\/div>\n<\/div>\n<\/td>\n<td>\n<div class=\"layoutArea\">\n<div class=\"column\">\n<p>M\u00fclkiye ceza kanununun 57.Maddesi gere\u011fi be\u015f sene k\u00fcrek cezas\u0131. Te\u015fhir edilerek, g\u0131yaben<\/p>\n<\/div>\n<\/div>\n<\/td>\n<\/tr>\n<tr>\n<td><img decoding=\"async\" src=\"data:image\/png;base64,iVBORw0KGgoAAAANSUhEUgAAAAEAAAABCAYAAAAfFcSJAAAAAXNSR0IArs4c6QAAAAlwSFlzAAAXEQAAFxEByibzPwAAAA1JREFUCB1jYGBgsAIAAD8AO+2bAfEAAAAASUVORK5CYII=\" alt=\"page41image1392866528\" width=\"0.480010\" height=\"0.480010\" \/><\/p>\n<div class=\"layoutArea\">\n<div class=\"column\">\n<p>Mozik o\u011flu Etmek\u00e7i (Ekmek\u00e7i)Abdullah<\/p>\n<\/div>\n<\/div>\n<\/td>\n<td>\n<div class=\"layoutArea\">\n<div class=\"column\">\n<p>Hersan Mahallesinden<\/p>\n<\/div>\n<\/div>\n<\/td>\n<td>\n<div class=\"layoutArea\">\n<div class=\"column\">\n<p>\u0130syanc\u0131lar\u0131n amac\u0131n\u0131 benimseyip yard\u0131mdabulunmak<\/p>\n<\/div>\n<\/div>\n<\/td>\n<td>\n<div class=\"layoutArea\">\n<div class=\"column\">\n<p>M\u00fclkiye ceza kanununun 57. Maddesi gere\u011fi be\u015f sene k\u00fcrek cezas\u0131. Te\u015fhiredilerek, g\u0131yaben<\/p>\n<\/div>\n<\/div>\n<\/td>\n<\/tr>\n<tr>\n<td>\n<div class=\"layoutArea\">\n<div class=\"column\">\n<p>Biraderi Nimet<\/p>\n<\/div>\n<\/div>\n<\/td>\n<td>\n<div class=\"layoutArea\">\n<div class=\"column\">\n<p>Hersan Mahallesinden<\/p>\n<\/div>\n<\/div>\n<\/td>\n<td>\n<div class=\"layoutArea\">\n<div class=\"column\">\n<p>\u0130syanc\u0131lar\u0131n amac\u0131n\u0131 benimseyip yard\u0131mdabulunmak<\/p>\n<\/div>\n<\/div>\n<\/td>\n<td>\n<div class=\"layoutArea\">\n<div class=\"column\">\n<p>M\u00fclkiye ceza kanununun 57. Maddesi gere\u011fi be\u015f sene k\u00fcrek cezas\u0131. Te\u015fhir edilerek, g\u0131yaben<\/p>\n<\/div>\n<\/div>\n<\/td>\n<\/tr>\n<tr>\n<td>\n<div class=\"layoutArea\">\n<div class=\"column\">\n<p>Yusuf o\u011fluSinco<\/p>\n<\/div>\n<\/div>\n<\/td>\n<td>\n<div class=\"layoutArea\">\n<div class=\"column\">\n<p>Ha\u00e7ukanKaryesinden<\/p>\n<\/div>\n<\/div>\n<\/td>\n<td>\n<div class=\"layoutArea\">\n<div class=\"column\">\n<p>\u0130syanc\u0131lara kat\u0131lmak<\/p>\n<\/div>\n<\/div>\n<\/td>\n<td>\n<div class=\"layoutArea\">\n<div class=\"column\">\n<p>M\u00fclkiye ceza kanununun 57.Maddesi gere\u011fi \u00f6m\u00fcr boyu k\u00fcrek cezas\u0131. Te\u015fhir edilerek, g\u0131yaben, daha \u00f6nce bu konuda padi\u015fah\u0131n iradesi \u00e7\u0131km\u0131\u015ft\u0131r.<\/p>\n<\/div>\n<\/div>\n<\/td>\n<\/tr>\n<tr>\n<td>\n<div class=\"layoutArea\">\n<div class=\"column\">\n<p>Yusuf o\u011fluHasan<\/p>\n<\/div>\n<\/div>\n<\/td>\n<td>\n<div class=\"layoutArea\">\n<div class=\"column\">\n<p>Ha\u00e7ukanKaryesinden<\/p>\n<\/div>\n<\/div>\n<\/td>\n<td>\n<div class=\"layoutArea\">\n<div class=\"column\">\n<p>\u0130syanc\u0131lara kat\u0131lmak<\/p>\n<\/div>\n<\/div>\n<p><img decoding=\"async\" src=\"data:image\/png;base64,iVBORw0KGgoAAAANSUhEUgAAAAEAAAABCAYAAAAfFcSJAAAAAXNSR0IArs4c6QAAAAlwSFlzAAAXEgAAFxIBZ5\/SUgAAAA1JREFUCB1jYGBgsAIAAD8AO+2bAfEAAAAASUVORK5CYII=\" alt=\"page41image1388989776\" width=\"0.479980\" height=\"0.479980\" \/><\/td>\n<td>\n<div class=\"layoutArea\">\n<div class=\"column\">\n<p>M\u00fclkiye ceza kanununun 57. Maddesi gere\u011fi \u00f6m\u00fcr boyu k\u00fcrek cezas\u0131. Te\u015fhir<\/p>\n<\/div>\n<\/div>\n<p><img decoding=\"async\" src=\"data:image\/png;base64,iVBORw0KGgoAAAANSUhEUgAAAAEAAAABCAYAAAAfFcSJAAAAAXNSR0IArs4c6QAAAAlwSFlzAAAXEgAAFxIBZ5\/SUgAAAA1JREFUCB1jYGBgSAMAAGsAZ3g+PVkAAAAASUVORK5CYII=\" alt=\"page41image1388998496\" width=\"0.479980\" height=\"0.479980\" \/><\/td>\n<\/tr>\n<\/tbody>\n<\/table>\n<div class=\"layoutArea\">\n<div class=\"column\">\n<p>472<\/p>\n<\/div>\n<\/div>\n<\/div>\n<div class=\"page\" title=\"Page 42\">\n<div class=\"layoutArea\">\n<div class=\"column\">\n<p>Demirta\u015f, M. (2018). 1914 Tarihli Bitlis \u0130syan\u0131n\u0131n Osmanl\u0131 Ar\u015fiv Belgelerindeki Yans\u0131malar\u0131-Cezalar, M\u00fck\u00e2fatlar. BE\u00dc SBE Derg.,7(2), 432-492.<\/p>\n<\/div>\n<\/div>\n<p><img decoding=\"async\" src=\"data:image\/png;base64,iVBORw0KGgoAAAANSUhEUgAAAYkAAAABCAYAAAArSVK8AAAAAXNSR0IArs4c6QAAAAlwSFlzAAAP\/gAAD\/4BstaVKgAAACBJREFUOBFjZGBgqALiUTAaAqMhMBoCoyEwGgLoIXAOAPjwAUoFbTrAAAAAAElFTkSuQmCC\" alt=\"page42image1392032240\" width=\"392.590000\" height=\"0.480000\" \/><\/p>\n<table>\n<colgroup>\n<col \/>\n<col \/>\n<col \/>\n<col \/><\/colgroup>\n<tbody>\n<tr>\n<td><\/td>\n<td><\/td>\n<td><\/td>\n<td>\n<div class=\"layoutArea\">\n<div class=\"column\">\n<p>edilerek, g\u0131yaben, daha \u00f6nce bu konuda padi\u015fah\u0131n iradesi \u00e7\u0131km\u0131\u015ft\u0131r.<\/p>\n<\/div>\n<\/div>\n<\/td>\n<\/tr>\n<\/tbody>\n<\/table>\n<div class=\"layoutArea\">\n<div class=\"column\">\n<p>Tablo 4-h. K\u00fcrek Cezas\u0131na \u00c7arpt\u0131r\u0131lanlar<\/p>\n<\/div>\n<\/div>\n<table>\n<colgroup>\n<col \/>\n<col \/>\n<col \/>\n<col \/><\/colgroup>\n<tbody>\n<tr>\n<td>\n<div class=\"layoutArea\">\n<div class=\"column\">\n<p>Ki\u015fi ad\u0131<\/p>\n<\/div>\n<\/div>\n<\/td>\n<td>\n<div class=\"layoutArea\">\n<div class=\"column\">\n<p>Nereli oldu\u011fu<\/p>\n<\/div>\n<\/div>\n<\/td>\n<td>\n<div class=\"layoutArea\">\n<div class=\"column\">\n<p>Su\u00e7u (cezan\u0131n gerek\u00e7esi)<\/p>\n<\/div>\n<\/div>\n<p><img decoding=\"async\" src=\"data:image\/png;base64,iVBORw0KGgoAAAANSUhEUgAAAAEAAAABCAYAAAAfFcSJAAAAAXNSR0IArs4c6QAAAAlwSFlzAAAXEQAAFxEByibzPwAAAA1JREFUCB1jYGBgsAIAAD8AO+2bAfEAAAAASUVORK5CYII=\" alt=\"page42image1392068512\" width=\"0.480010\" height=\"0.480010\" \/><\/td>\n<td>\n<div class=\"layoutArea\">\n<div class=\"column\">\n<p>Verilen Ceza, kanunmaddesi ve tebli\u011f \u015fekli<\/p>\n<\/div>\n<\/div>\n<\/td>\n<\/tr>\n<tr>\n<td>\n<div class=\"layoutArea\">\n<div class=\"column\">\n<p>Yusuf o\u011fluFethullah<\/p>\n<\/div>\n<\/div>\n<\/td>\n<td>\n<div class=\"layoutArea\">\n<div class=\"column\">\n<p>Ha\u00e7ukanKaryesinden<\/p>\n<\/div>\n<\/div>\n<\/td>\n<td>\n<div class=\"layoutArea\">\n<div class=\"column\">\n<p>\u0130syanc\u0131lara kat\u0131lmak<\/p>\n<\/div>\n<\/div>\n<\/td>\n<td>\n<div class=\"layoutArea\">\n<div class=\"column\">\n<p>M\u00fclkiye ceza kanununun 57. Maddesi gere\u011fi \u00f6m\u00fcr boyu k\u00fcrek cezas\u0131. Te\u015fhir edilerek, g\u0131yaben, daha \u00f6nce bu konuda padi\u015fah\u0131n iradesi \u00e7\u0131km\u0131\u015ft\u0131r.<\/p>\n<\/div>\n<\/div>\n<\/td>\n<\/tr>\n<tr>\n<td>\n<div class=\"layoutArea\">\n<div class=\"column\">\n<p>Said o\u011fluMehmed<\/p>\n<\/div>\n<\/div>\n<\/td>\n<td>\n<div class=\"layoutArea\">\n<div class=\"column\">\n<p>Ha\u00e7ukanKaryesinden<\/p>\n<\/div>\n<\/div>\n<\/td>\n<td><img decoding=\"async\" src=\"data:image\/png;base64,iVBORw0KGgoAAAANSUhEUgAAAAEAAAABCAYAAAAfFcSJAAAAAXNSR0IArs4c6QAAAAlwSFlzAAAXEQAAFxEByibzPwAAAA1JREFUCB1jYGBgsAIAAD8AO+2bAfEAAAAASUVORK5CYII=\" alt=\"page42image1392959536\" width=\"0.480010\" height=\"0.480010\" \/><\/p>\n<div class=\"layoutArea\">\n<div class=\"column\">\n<p>\u0130syanc\u0131lara kat\u0131lmak<\/p>\n<\/div>\n<\/div>\n<\/td>\n<td>\n<div class=\"layoutArea\">\n<div class=\"column\">\n<p>M\u00fclkiye ceza kanununun57. Maddesi gere\u011fi \u00f6m\u00fcr boyu k\u00fcrek cezas\u0131. Te\u015fhir edilerek, g\u0131yaben, daha \u00f6nce bu konuda padi\u015fah\u0131n iradesi \u00e7\u0131km\u0131\u015ft\u0131r.<\/p>\n<\/div>\n<\/div>\n<\/td>\n<\/tr>\n<tr>\n<td>\n<div class=\"layoutArea\">\n<div class=\"column\">\n<p>Ahmed o\u011fluMolla Mehmed<\/p>\n<\/div>\n<\/div>\n<\/td>\n<td>\n<div class=\"layoutArea\">\n<div class=\"column\">\n<p>Kulpik (Gulpik) Karyesinden<\/p>\n<\/div>\n<\/div>\n<\/td>\n<td><img decoding=\"async\" src=\"data:image\/png;base64,iVBORw0KGgoAAAANSUhEUgAAAAEAAAABCAYAAAAfFcSJAAAAAXNSR0IArs4c6QAAAAlwSFlzAAAXEQAAFxEByibzPwAAAA1JREFUCB1jYGBgsAIAAD8AO+2bAfEAAAAASUVORK5CYII=\" alt=\"page42image1392936368\" width=\"0.480010\" height=\"0.480010\" \/><\/p>\n<div class=\"layoutArea\">\n<div class=\"column\">\n<p>\u0130syana i\u015ftirak etmek<\/p>\n<\/div>\n<\/div>\n<p><img decoding=\"async\" src=\"data:image\/png;base64,iVBORw0KGgoAAAANSUhEUgAAAAEAAAABCAYAAAAfFcSJAAAAAXNSR0IArs4c6QAAAAlwSFlzAAAXEQAAFxEByibzPwAAAA1JREFUCB1jYGBgsAIAAD8AO+2bAfEAAAAASUVORK5CYII=\" alt=\"page42image1392885904\" width=\"0.480010\" height=\"0.480010\" \/><\/td>\n<td>\n<div class=\"layoutArea\">\n<div class=\"column\">\n<p>M\u00fclkiye ceza kanununun 57. Maddesi gere\u011fi be\u015f sene s\u00fcreyle k\u00fcrek cezas\u0131. Te\u015fhir edilerek, g\u0131yaben,<\/p>\n<\/div>\n<\/div>\n<\/td>\n<\/tr>\n<tr>\n<td>\n<div class=\"layoutArea\">\n<div class=\"column\">\n<p>Mahmudo\u011flu \u0130smail<\/p>\n<\/div>\n<\/div>\n<\/td>\n<td>\n<div class=\"layoutArea\">\n<div class=\"column\">\n<p>Hersan Mahallesinden<\/p>\n<\/div>\n<\/div>\n<\/td>\n<td>\n<div class=\"layoutArea\">\n<div class=\"column\">\n<p>\u0130syanc\u0131lara silahl\u0131 olarak i\u015ftirak etmek<\/p>\n<\/div>\n<\/div>\n<\/td>\n<td>\n<div class=\"layoutArea\">\n<div class=\"column\">\n<p>M\u00fclkiye ceza kanununun 57. Maddesi gere\u011fi on sene s\u00fcreyle k\u00fcrek cezas\u0131. Te\u015fhir edilerek, g\u0131yaben<\/p>\n<\/div>\n<\/div>\n<\/td>\n<\/tr>\n<tr>\n<td>\n<div class=\"layoutArea\">\n<div class=\"column\">\n<p>H\u00fcseyin o\u011fluEsad<\/p>\n<\/div>\n<\/div>\n<\/td>\n<td>\n<div class=\"layoutArea\">\n<div class=\"column\">\n<p>Horm\u0131zKaryesinden<\/p>\n<\/div>\n<\/div>\n<\/td>\n<td>\n<div class=\"layoutArea\">\n<div class=\"column\">\n<p>\u0130syanc\u0131lara silahl\u0131 olarak i\u015ftirak etmek<\/p>\n<\/div>\n<\/div>\n<\/td>\n<td><img decoding=\"async\" src=\"data:image\/png;base64,iVBORw0KGgoAAAANSUhEUgAAAAEAAAABCAYAAAAfFcSJAAAAAXNSR0IArs4c6QAAAAlwSFlzAAAXEgAAFxIBZ5\/SUgAAAA1JREFUCB1jYGBgsAIAAD8AO+2bAfEAAAAASUVORK5CYII=\" alt=\"page42image1392999696\" width=\"0.479980\" height=\"0.479980\" \/><\/p>\n<div class=\"layoutArea\">\n<div class=\"column\">\n<p>M\u00fclkiye ceza kanununun 57. Maddesi gere\u011fi on sene s\u00fcreyle k\u00fcrek cezas\u0131. Te\u015fhir edilerek, y\u00fcz\u00fcne okunarak<\/p>\n<\/div>\n<\/div>\n<\/td>\n<\/tr>\n<tr>\n<td>\n<div class=\"layoutArea\">\n<div class=\"column\">\n<p>Murad o\u011fluTello<\/p>\n<\/div>\n<\/div>\n<\/td>\n<td>\n<div class=\"layoutArea\">\n<div class=\"column\">\n<p>Horoz Karyesinden<\/p>\n<\/div>\n<\/div>\n<\/td>\n<td>\n<div class=\"layoutArea\">\n<div class=\"column\">\n<p>\u0130syanc\u0131lara silahl\u0131 olarak i\u015ftirak etmek<\/p>\n<\/div>\n<\/div>\n<\/td>\n<td>\n<div class=\"layoutArea\">\n<div class=\"column\">\n<p>M\u00fclkiye ceza kanununun 57. Maddesi gere\u011fi on senes\u00fcreyle k\u00fcrek cezas\u0131. Te\u015fhir edilerek, y\u00fcz\u00fcne okunarak<\/p>\n<\/div>\n<\/div>\n<\/td>\n<\/tr>\n<tr>\n<td>\n<div class=\"layoutArea\">\n<div class=\"column\">\n<p>Molla Muhyeddino\u011flu Molla Abd\u00fcrrahman<\/p>\n<\/div>\n<\/div>\n<\/td>\n<td>\n<div class=\"layoutArea\">\n<div class=\"column\">\n<p>Karkar Karyesi<\/p>\n<\/div>\n<\/div>\n<\/td>\n<td>\n<div class=\"layoutArea\">\n<div class=\"column\">\n<p>\u0130syana kat\u0131lmak ve halk\u0131 isyana te\u015fviketmek<\/p>\n<\/div>\n<\/div>\n<\/td>\n<td>\n<div class=\"layoutArea\">\n<div class=\"column\">\n<p>M\u00fclkiye ceza kanununun 57. Maddesi gere\u011fi \u00fc\u00e7 sene s\u00fcreyle k\u00fcrek cezas\u0131. Te\u015fhir edilerek, g\u0131yaben<\/p>\n<\/div>\n<\/div>\n<p><img decoding=\"async\" src=\"data:image\/png;base64,iVBORw0KGgoAAAANSUhEUgAAAAEAAAABCAYAAAAfFcSJAAAAAXNSR0IArs4c6QAAAAlwSFlzAAAXEgAAFxIBZ5\/SUgAAAA1JREFUCB1jYGBgSAMAAGsAZ3g+PVkAAAAASUVORK5CYII=\" alt=\"page42image1392129040\" width=\"0.479980\" height=\"0.479980\" \/><\/td>\n<\/tr>\n<\/tbody>\n<\/table>\n<div class=\"layoutArea\">\n<div class=\"column\">\n<p>Tablo 4-i. K\u00fcrek Cezas\u0131na \u00c7arpt\u0131r\u0131lanlar<\/p>\n<\/div>\n<\/div>\n<table>\n<colgroup>\n<col \/>\n<col \/>\n<col \/>\n<col \/><\/colgroup>\n<tbody>\n<tr>\n<td>\n<div class=\"layoutArea\">\n<div class=\"column\">\n<p>Ki\u015fi ad\u0131<\/p>\n<\/div>\n<\/div>\n<\/td>\n<td>\n<div class=\"layoutArea\">\n<div class=\"column\">\n<p>Nerelioldu\u011fu<\/p>\n<\/div>\n<\/div>\n<\/td>\n<td>\n<div class=\"layoutArea\">\n<div class=\"column\">\n<p>Su\u00e7u (cezan\u0131n gerek\u00e7esi)<\/p>\n<\/div>\n<\/div>\n<\/td>\n<td>\n<div class=\"layoutArea\">\n<div class=\"column\">\n<p>Verilen Ceza, kanunmaddesi ve tebli\u011f \u015fekli<\/p>\n<\/div>\n<\/div>\n<p><img decoding=\"async\" src=\"data:image\/png;base64,iVBORw0KGgoAAAANSUhEUgAAAAEAAAABCAYAAAAfFcSJAAAAAXNSR0IArs4c6QAAAAlwSFlzAAAXEgAAFxIBZ5\/SUgAAAA1JREFUCB1jYGBgSAMAAGsAZ3g+PVkAAAAASUVORK5CYII=\" alt=\"page42image1392154128\" width=\"0.479980\" height=\"0.479980\" \/><\/td>\n<\/tr>\n<\/tbody>\n<\/table>\n<div class=\"layoutArea\">\n<div class=\"column\">\n<p>473<\/p>\n<\/div>\n<\/div>\n<\/div>\n<div class=\"page\" title=\"Page 43\">\n<div class=\"layoutArea\">\n<div class=\"column\">\n<p>Demirta\u015f, M. (2018). 1914 Tarihli Bitlis \u0130syan\u0131n\u0131n Osmanl\u0131 Ar\u015fiv Belgelerindeki Yans\u0131malar\u0131-Cezalar, M\u00fck\u00e2fatlar. BE\u00dc SBE Derg.,7(2), 432-492.<\/p>\n<\/div>\n<\/div>\n<p><img decoding=\"async\" src=\"data:image\/png;base64,iVBORw0KGgoAAAANSUhEUgAAAYkAAAABCAYAAAArSVK8AAAAAXNSR0IArs4c6QAAAAlwSFlzAAAP\/gAAD\/4BstaVKgAAACBJREFUOBFjZGBgqALiUTAaAqMhMBoCoyEwGgLoIXAOAPjwAUoFbTrAAAAAAElFTkSuQmCC\" alt=\"page43image1393057104\" width=\"392.590000\" height=\"0.480000\" \/><\/p>\n<table>\n<colgroup>\n<col \/>\n<col \/>\n<col \/>\n<col \/><\/colgroup>\n<tbody>\n<tr>\n<td>\n<div class=\"layoutArea\">\n<div class=\"column\">\n<p>Demir o\u011fluFakih Mikdat<\/p>\n<\/div>\n<\/div>\n<\/td>\n<td>\n<div class=\"layoutArea\">\n<div class=\"column\">\n<p>Karkar Karyesi<\/p>\n<\/div>\n<\/div>\n<\/td>\n<td>\n<div class=\"layoutArea\">\n<div class=\"column\">\n<p>\u0130syana kat\u0131lmak ve halk\u0131 isyana te\u015fvik etmek<\/p>\n<\/div>\n<\/div>\n<\/td>\n<td>\n<div class=\"layoutArea\">\n<div class=\"column\">\n<p>M\u00fclkiye ceza kanununun 57. Maddesi gere\u011fi \u00fc\u00e7 sene s\u00fcreyle k\u00fcrek cezas\u0131. Te\u015fhir edilerek, y\u00fcz\u00fcne okunarak<\/p>\n<\/div>\n<\/div>\n<\/td>\n<\/tr>\n<tr>\n<td>\n<div class=\"layoutArea\">\n<div class=\"column\">\n<p>Hac\u0131 o\u011fluSofu Ahmed<\/p>\n<\/div>\n<\/div>\n<\/td>\n<td>\n<div class=\"layoutArea\">\n<div class=\"column\">\n<p>Karkar Karyesi<\/p>\n<\/div>\n<\/div>\n<\/td>\n<td>\n<div class=\"layoutArea\">\n<div class=\"column\">\n<p>\u0130syana kat\u0131lmak ve halk\u0131 isyana te\u015fvik etmek<\/p>\n<\/div>\n<\/div>\n<\/td>\n<td>\n<div class=\"layoutArea\">\n<div class=\"column\">\n<p>M\u00fclkiye ceza kanununun 57. Maddesi gere\u011fi \u00fc\u00e7 sene s\u00fcreyle k\u00fcrek cezas\u0131. Te\u015fhir edilerek, y\u00fcz\u00fcne okunarak<\/p>\n<\/div>\n<\/div>\n<\/td>\n<\/tr>\n<tr>\n<td>\n<div class=\"layoutArea\">\n<div class=\"column\">\n<p>Fakih o\u011flu \u0130mamMollaAs\u0131m<\/p>\n<\/div>\n<\/div>\n<\/td>\n<td>\n<div class=\"layoutArea\">\n<div class=\"column\">\n<p>Terteris Karyesi<\/p>\n<\/div>\n<\/div>\n<\/td>\n<td>\n<div class=\"layoutArea\">\n<div class=\"column\">\n<p>\u0130syana kat\u0131lmak ve halk\u0131 isyana te\u015fvik etmek<\/p>\n<\/div>\n<\/div>\n<p><img decoding=\"async\" src=\"data:image\/png;base64,iVBORw0KGgoAAAANSUhEUgAAAAEAAAABCAYAAAAfFcSJAAAAAXNSR0IArs4c6QAAAAlwSFlzAAAXEQAAFxEByibzPwAAAA1JREFUCB1jYGBgsAIAAD8AO+2bAfEAAAAASUVORK5CYII=\" alt=\"page43image1391911616\" width=\"0.480010\" height=\"0.480010\" \/><\/td>\n<td>\n<div class=\"layoutArea\">\n<div class=\"column\">\n<p>M\u00fclkiye ceza kanununun 57. Maddesi gere\u011fi \u00fc\u00e7 sene s\u00fcreyle k\u00fcrek cezas\u0131. Te\u015fhir edilerek, y\u00fcz\u00fcne okunarak<\/p>\n<\/div>\n<\/div>\n<\/td>\n<\/tr>\n<tr>\n<td>\n<div class=\"layoutArea\">\n<div class=\"column\">\n<p>Abdullaho\u011flu K\u00f6rMolla Said<\/p>\n<\/div>\n<\/div>\n<\/td>\n<td>\n<div class=\"layoutArea\">\n<div class=\"column\">\n<p>Serseran Karyesi<\/p>\n<\/div>\n<\/div>\n<\/td>\n<td>\n<div class=\"layoutArea\">\n<div class=\"column\">\n<p>\u0130syana kat\u0131lmak ve halk\u0131 isyana te\u015fvik etmek<\/p>\n<\/div>\n<\/div>\n<\/td>\n<td>\n<div class=\"layoutArea\">\n<div class=\"column\">\n<p>M\u00fclkiye ceza kanununun 57. Maddesi gere\u011fi \u00fc\u00e7 sene s\u00fcreyle k\u00fcrek cezas\u0131. Te\u015fhir edilerek, y\u00fcz\u00fcne okunarak<\/p>\n<\/div>\n<\/div>\n<\/td>\n<\/tr>\n<tr>\n<td>\n<div class=\"layoutArea\">\n<div class=\"column\">\n<p>Gemici\u00d6merYusuf<\/p>\n<\/div>\n<\/div>\n<\/td>\n<td>\n<div class=\"layoutArea\">\n<div class=\"column\">\n<p>Geva\u015f\u2019\u0131n \u0130nKaryesi<\/p>\n<\/div>\n<\/div>\n<\/td>\n<td>\n<div class=\"layoutArea\">\n<div class=\"column\">\n<p>\u0130syan\u0131 tertip etmek ve \u015eeyh \u015eahabeddin\u2019in ka\u00e7mas\u0131na yard\u0131m etmek<\/p>\n<\/div>\n<\/div>\n<\/td>\n<td>\n<div class=\"layoutArea\">\n<div class=\"column\">\n<p>M\u00fclkiye ceza kanununun 58.Maddesinin \u00fc\u00e7\u00fcnc\u00fc zeyline g\u00f6re \u00fc\u00e7 sene s\u00fcreyle k\u00fcrek cezas\u0131. Te\u015fhir edilerek, y\u00fcz\u00fcne okunarak<\/p>\n<\/div>\n<\/div>\n<p><img decoding=\"async\" src=\"data:image\/png;base64,iVBORw0KGgoAAAANSUhEUgAAAAEAAAABCAYAAAAfFcSJAAAAAXNSR0IArs4c6QAAAAlwSFlzAAAXEgAAFxIBZ5\/SUgAAAA1JREFUCB1jYGBgsAIAAD8AO+2bAfEAAAAASUVORK5CYII=\" alt=\"page43image1392291056\" width=\"0.479980\" height=\"0.479980\" \/><\/td>\n<\/tr>\n<tr>\n<td>\n<div class=\"layoutArea\">\n<div class=\"column\">\n<p>MehmedO\u011flu Musa<\/p>\n<\/div>\n<\/div>\n<\/td>\n<td>\n<div class=\"layoutArea\">\n<div class=\"column\">\n<p>Geva\u015f\u2019\u0131n \u0130nKaryesi<\/p>\n<\/div>\n<\/div>\n<\/td>\n<td>\n<div class=\"layoutArea\">\n<div class=\"column\">\n<p>\u0130syan\u0131 tertip etmek ve \u015eeyh \u015eahabeddin\u2019in ka\u00e7mas\u0131na yard\u0131m etmek<\/p>\n<\/div>\n<\/div>\n<\/td>\n<td>\n<div class=\"layoutArea\">\n<div class=\"column\">\n<p>M\u00fclkiye ceza kanununun 58.Maddesinin \u00fc\u00e7\u00fcnc\u00fc zeyline g\u00f6re \u00fc\u00e7 sene s\u00fcreyle k\u00fcrek cezas\u0131. Te\u015fhir edilerek, y\u00fcz\u00fcne okunarak<\/p>\n<\/div>\n<\/div>\n<\/td>\n<\/tr>\n<tr>\n<td>\n<div class=\"layoutArea\">\n<div class=\"column\">\n<p>Hamo o\u011flu \u0130smail<\/p>\n<\/div>\n<\/div>\n<\/td>\n<td>\n<div class=\"layoutArea\">\n<div class=\"column\">\n<p>Geva\u015f\u2019\u0131n \u0130nKaryesi<\/p>\n<\/div>\n<\/div>\n<\/td>\n<td><img decoding=\"async\" src=\"data:image\/png;base64,iVBORw0KGgoAAAANSUhEUgAAAAEAAABACAYAAADbER1AAAAAAXNSR0IArs4c6QAAAAlwSFlzAAAQBAAAEAQBbmCuCAAAABlJREFUGBljYGBgiGICEgoggmGUIC0MPgAA5ugB6QeEWlAAAAAASUVORK5CYII=\" alt=\"page43image1393083760\" width=\"0.480010\" height=\"63.744000\" \/><\/p>\n<div class=\"layoutArea\">\n<div class=\"column\">\n<p>\u0130syan\u0131 tertip etmek ve \u015eeyh \u015eahabeddin\u2019in ka\u00e7mas\u0131na yard\u0131m etmek<\/p>\n<\/div>\n<\/div>\n<\/td>\n<td><img decoding=\"async\" src=\"data:image\/png;base64,iVBORw0KGgoAAAANSUhEUgAAAAEAAAABCAYAAAAfFcSJAAAAAXNSR0IArs4c6QAAAAlwSFlzAAAXEgAAFxIBZ5\/SUgAAAA1JREFUCB1jYGBgsAIAAD8AO+2bAfEAAAAASUVORK5CYII=\" alt=\"page43image1393088944\" width=\"0.479980\" height=\"0.479980\" \/><\/p>\n<div class=\"layoutArea\">\n<div class=\"column\">\n<p>M\u00fclkiye ceza kanununun 58. Maddesinin \u00fc\u00e7\u00fcnc\u00fc zeyline g\u00f6re \u00fc\u00e7 sene s\u00fcreyle k\u00fcrek cezas\u0131. Te\u015fhir edilerek, y\u00fcz\u00fcne okunarak<\/p>\n<\/div>\n<\/div>\n<\/td>\n<\/tr>\n<\/tbody>\n<\/table>\n<div class=\"layoutArea\">\n<div class=\"column\">\n<p>Tablo 4-j. K\u00fcrek Cezas\u0131na \u00c7arpt\u0131r\u0131lanlar<\/p>\n<\/div>\n<\/div>\n<table>\n<colgroup>\n<col \/>\n<col \/>\n<col \/>\n<col \/><\/colgroup>\n<tbody>\n<tr>\n<td>\n<div class=\"layoutArea\">\n<div class=\"column\">\n<p>Ki\u015fi ad\u0131<\/p>\n<\/div>\n<\/div>\n<\/td>\n<td>\n<div class=\"layoutArea\">\n<div class=\"column\">\n<p>Nerelioldu\u011fu<\/p>\n<\/div>\n<\/div>\n<\/td>\n<td>\n<div class=\"layoutArea\">\n<div class=\"column\">\n<p>Su\u00e7u (cezan\u0131n gerek\u00e7esi)<\/p>\n<\/div>\n<\/div>\n<\/td>\n<td>\n<div class=\"layoutArea\">\n<div class=\"column\">\n<p>Verilen Ceza, kanunmaddesi ve tebli\u011f \u015fekli<\/p>\n<\/div>\n<\/div>\n<\/td>\n<\/tr>\n<tr>\n<td>\n<div class=\"layoutArea\">\n<div class=\"column\">\n<p>R\u00fcstem o\u011flu Ali<\/p>\n<\/div>\n<\/div>\n<\/td>\n<td>\n<div class=\"layoutArea\">\n<div class=\"column\">\n<p>Geva\u015f\u2019\u0131n \u0130nKaryesi<\/p>\n<\/div>\n<\/div>\n<\/td>\n<td>\n<div class=\"layoutArea\">\n<div class=\"column\">\n<p>\u0130syan\u0131 tertip etmek ve \u015eeyh \u015eahabeddin\u2019in ka\u00e7mas\u0131na yard\u0131m etmek<\/p>\n<\/div>\n<\/div>\n<p><img decoding=\"async\" src=\"data:image\/png;base64,iVBORw0KGgoAAAANSUhEUgAAAAEAAAABCAYAAAAfFcSJAAAAAXNSR0IArs4c6QAAAAlwSFlzAAAXEgAAFxIBZ5\/SUgAAAA1JREFUCB1jYGBgsAIAAD8AO+2bAfEAAAAASUVORK5CYII=\" alt=\"page43image1393142304\" width=\"0.479980\" height=\"0.479980\" \/><\/td>\n<td>\n<div class=\"layoutArea\">\n<div class=\"column\">\n<p>M\u00fclkiye ceza kanununun 58. Maddesinin \u00fc\u00e7\u00fcnc\u00fc zeyline g\u00f6re \u00fc\u00e7 sene s\u00fcreyle k\u00fcrek cezas\u0131. Te\u015fhir edilerek, y\u00fcz\u00fcne okunarak<\/p>\n<\/div>\n<\/div>\n<p><img decoding=\"async\" src=\"data:image\/png;base64,iVBORw0KGgoAAAANSUhEUgAAAAEAAAABCAYAAAAfFcSJAAAAAXNSR0IArs4c6QAAAAlwSFlzAAAXEgAAFxIBZ5\/SUgAAAA1JREFUCB1jYGBgsAIAAD8AO+2bAfEAAAAASUVORK5CYII=\" alt=\"page43image1393154848\" width=\"0.479980\" height=\"0.479980\" \/><\/td>\n<\/tr>\n<tr>\n<td>\n<div class=\"layoutArea\">\n<div class=\"column\">\n<p>Ali O\u011flu Kas\u0131m<\/p>\n<\/div>\n<\/div>\n<\/td>\n<td>\n<div class=\"layoutArea\">\n<div class=\"column\">\n<p>Geva\u015f\u2019\u0131n \u0130nKaryesi<\/p>\n<\/div>\n<\/div>\n<\/td>\n<td>\n<div class=\"layoutArea\">\n<div class=\"column\">\n<p>\u0130syan\u0131 tertip etmek ve \u015eeyh \u015eahabeddin\u2019in ka\u00e7mas\u0131na yard\u0131m etmek<\/p>\n<\/div>\n<\/div>\n<p><img decoding=\"async\" src=\"data:image\/png;base64,iVBORw0KGgoAAAANSUhEUgAAAAEAAAABCAYAAAAfFcSJAAAAAXNSR0IArs4c6QAAAAlwSFlzAAAXEgAAFxIBZ5\/SUgAAAA1JREFUCB1jYGBgsAIAAD8AO+2bAfEAAAAASUVORK5CYII=\" alt=\"page43image1393170960\" width=\"0.479980\" height=\"0.479980\" \/><\/td>\n<td>\n<div class=\"layoutArea\">\n<div class=\"column\">\n<p>M\u00fclkiye ceza kanununun 58. Maddesinin \u00fc\u00e7\u00fcnc\u00fc zeyline g\u00f6re \u00fc\u00e7 sene s\u00fcreyle k\u00fcrek cezas\u0131. Te\u015fhir edilerek, y\u00fcz\u00fcne okunarak<\/p>\n<\/div>\n<\/div>\n<p><img decoding=\"async\" src=\"data:image\/png;base64,iVBORw0KGgoAAAANSUhEUgAAAAEAAAABCAYAAAAfFcSJAAAAAXNSR0IArs4c6QAAAAlwSFlzAAAXEgAAFxIBZ5\/SUgAAAA1JREFUCB1jYGBgSAMAAGsAZ3g+PVkAAAAASUVORK5CYII=\" alt=\"page43image1393183520\" width=\"0.479980\" height=\"0.479980\" \/><\/td>\n<\/tr>\n<\/tbody>\n<\/table>\n<div class=\"layoutArea\">\n<div class=\"column\">\n<p>474<\/p>\n<\/div>\n<\/div>\n<\/div>\n<div class=\"page\" title=\"Page 44\">\n<div class=\"layoutArea\">\n<div class=\"column\">\n<p>Demirta\u015f, M. (2018). 1914 Tarihli Bitlis \u0130syan\u0131n\u0131n Osmanl\u0131 Ar\u015fiv Belgelerindeki Yans\u0131malar\u0131-Cezalar, M\u00fck\u00e2fatlar. BE\u00dc SBE Derg.,7(2), 432-492.<\/p>\n<\/div>\n<\/div>\n<p><img decoding=\"async\" src=\"data:image\/png;base64,iVBORw0KGgoAAAANSUhEUgAAAYkAAAABCAYAAAArSVK8AAAAAXNSR0IArs4c6QAAAAlwSFlzAAAP\/gAAD\/4BstaVKgAAACBJREFUOBFjZGBgqALiUTAaAqMhMBoCoyEwGgLoIXAOAPjwAUoFbTrAAAAAAElFTkSuQmCC\" alt=\"page44image1393328896\" width=\"392.590000\" height=\"0.480000\" \/><\/p>\n<table>\n<colgroup>\n<col \/>\n<col \/>\n<col \/>\n<col \/><\/colgroup>\n<tbody>\n<tr>\n<td>\n<div class=\"layoutArea\">\n<div class=\"column\">\n<p>Mehmedo\u011flu Fakih<\/p>\n<\/div>\n<\/div>\n<\/td>\n<td>\n<div class=\"layoutArea\">\n<div class=\"column\">\n<p>Geva\u015f\u2019\u0131n \u0130nKaryesi<\/p>\n<\/div>\n<\/div>\n<\/td>\n<td>\n<div class=\"layoutArea\">\n<div class=\"column\">\n<p>\u0130syan\u0131 tertip etmek ve \u015eeyh \u015eahabeddin\u2019in ka\u00e7mas\u0131na yard\u0131m etmek<\/p>\n<\/div>\n<\/div>\n<\/td>\n<td>\n<div class=\"layoutArea\">\n<div class=\"column\">\n<p>M\u00fclkiye ceza kanununun 58. Maddesinin \u00fc\u00e7\u00fcnc\u00fc zeyline g\u00f6re \u00fc\u00e7 sene s\u00fcreyle k\u00fcrek cezas\u0131. Te\u015fhir edilerek, y\u00fcz\u00fcne okunarak<\/p>\n<\/div>\n<\/div>\n<\/td>\n<\/tr>\n<tr>\n<td><img decoding=\"async\" src=\"data:image\/png;base64,iVBORw0KGgoAAAANSUhEUgAAAAEAAAABCAYAAAAfFcSJAAAAAXNSR0IArs4c6QAAAAlwSFlzAAAXEQAAFxEByibzPwAAAA1JREFUCB1jYGBgsAIAAD8AO+2bAfEAAAAASUVORK5CYII=\" alt=\"page44image1393358352\" width=\"0.480010\" height=\"0.480010\" \/><\/p>\n<div class=\"layoutArea\">\n<div class=\"column\">\n<p>Osmano\u011flu Emin<\/p>\n<\/div>\n<\/div>\n<p><img decoding=\"async\" src=\"data:image\/png;base64,iVBORw0KGgoAAAANSUhEUgAAAAEAAAABCAYAAAAfFcSJAAAAAXNSR0IArs4c6QAAAAlwSFlzAAAXEQAAFxEByibzPwAAAA1JREFUCB1jYGBgsAIAAD8AO+2bAfEAAAAASUVORK5CYII=\" alt=\"page44image1393362432\" width=\"0.480010\" height=\"0.480010\" \/><\/td>\n<td>\n<div class=\"layoutArea\">\n<div class=\"column\">\n<p>Geva\u015f\u2019\u0131n \u0130nKaryesi<\/p>\n<\/div>\n<\/div>\n<\/td>\n<td>\n<div class=\"layoutArea\">\n<div class=\"column\">\n<p>\u0130syan\u0131 tertip etmek ve \u015eeyh \u015eahabeddin\u2019in ka\u00e7mas\u0131na yard\u0131m etmek<\/p>\n<\/div>\n<\/div>\n<\/td>\n<td>\n<div class=\"layoutArea\">\n<div class=\"column\">\n<p>M\u00fclkiye ceza kanununun 58. Maddesinin \u00fc\u00e7\u00fcnc\u00fc zeyline g\u00f6re \u00fc\u00e7 sene s\u00fcreyle k\u00fcrek cezas\u0131. Te\u015fhir edilerek, y\u00fcz\u00fcne okunarak<\/p>\n<\/div>\n<\/div>\n<\/td>\n<\/tr>\n<tr>\n<td>\n<div class=\"layoutArea\">\n<div class=\"column\">\n<p>Haso o\u011fluBekir<\/p>\n<\/div>\n<\/div>\n<\/td>\n<td>\n<div class=\"layoutArea\">\n<div class=\"column\">\n<p>Geva\u015f\u2019\u0131n \u0130nKaryesi<\/p>\n<\/div>\n<\/div>\n<\/td>\n<td>\n<div class=\"layoutArea\">\n<div class=\"column\">\n<p>\u0130syan\u0131 tertip etmek ve \u015eeyh \u015eahabeddin\u2019in ka\u00e7mas\u0131na yard\u0131m etmek<\/p>\n<\/div>\n<\/div>\n<\/td>\n<td>\n<div class=\"layoutArea\">\n<div class=\"column\">\n<p>M\u00fclkiye ceza kanununun 58. Maddesinin \u00fc\u00e7\u00fcnc\u00fc zeyline g\u00f6re \u00fc\u00e7 sene s\u00fcreyle k\u00fcrek cezas\u0131. Te\u015fhir edilerek, y\u00fcz\u00fcne okunarak<\/p>\n<\/div>\n<\/div>\n<\/td>\n<\/tr>\n<tr>\n<td><img decoding=\"async\" src=\"data:image\/png;base64,iVBORw0KGgoAAAANSUhEUgAAAAEAAAABCAYAAAAfFcSJAAAAAXNSR0IArs4c6QAAAAlwSFlzAAAXEQAAFxEByibzPwAAAA1JREFUCB1jYGBgsAIAAD8AO+2bAfEAAAAASUVORK5CYII=\" alt=\"page44image1389317280\" width=\"0.480010\" height=\"0.480010\" \/><\/p>\n<div class=\"layoutArea\">\n<div class=\"column\">\n<p>\u0130brahim o\u011flu Zibo<\/p>\n<\/div>\n<\/div>\n<\/td>\n<td>\n<div class=\"layoutArea\">\n<div class=\"column\">\n<p>Geva\u015f\u2019\u0131n \u0130nKaryesi<\/p>\n<\/div>\n<\/div>\n<\/td>\n<td>\n<div class=\"layoutArea\">\n<div class=\"column\">\n<p>\u0130syan\u0131 tertip etmek ve \u015eeyh \u015eahabeddin\u2019in ka\u00e7mas\u0131na yard\u0131m etmek<\/p>\n<\/div>\n<\/div>\n<\/td>\n<td>\n<div class=\"layoutArea\">\n<div class=\"column\">\n<p>M\u00fclkiye ceza kanununun 58. Maddesinin \u00fc\u00e7\u00fcnc\u00fc zeyline g\u00f6re \u00fc\u00e7 sene s\u00fcreyle k\u00fcrek cezas\u0131. Te\u015fhir edilerek, y\u00fcz\u00fcne okunarak<\/p>\n<\/div>\n<\/div>\n<\/td>\n<\/tr>\n<tr>\n<td><img decoding=\"async\" src=\"data:image\/png;base64,iVBORw0KGgoAAAANSUhEUgAAAAEAAAABCAYAAAAfFcSJAAAAAXNSR0IArs4c6QAAAAlwSFlzAAAXEQAAFxEByibzPwAAAA1JREFUCB1jYGBgsAIAAD8AO+2bAfEAAAAASUVORK5CYII=\" alt=\"page44image1394606432\" width=\"0.480010\" height=\"0.480010\" \/>\u00a0<img decoding=\"async\" src=\"data:image\/png;base64,iVBORw0KGgoAAAANSUhEUgAAAAEAAAA0CAYAAABLolKXAAAAAXNSR0IArs4c6QAAAAlwSFlzAAAQHgAAEB4BfAB1LgAAABZJREFUGBljYGBg4GMCEjkggmEkEh8AraQB0feEj5sAAAAASUVORK5CYII=\" alt=\"page44image1394607776\" width=\"0.480010\" height=\"51.120000\" \/><\/p>\n<div class=\"layoutArea\">\n<div class=\"column\">\n<p>Halid o\u011flu R\u00fcstem<\/p>\n<\/div>\n<\/div>\n<\/td>\n<td><\/td>\n<td>\n<div class=\"layoutArea\">\n<div class=\"column\">\n<p>Silahl\u0131 olarak Molla Selim\u2019e refakat etmek<\/p>\n<\/div>\n<\/div>\n<\/td>\n<td>\n<div class=\"layoutArea\">\n<div class=\"column\">\n<p>M\u00fclkiye ceza kanununun 58. Maddesine g\u00f6re \u00fc\u00e7 sene s\u00fcreyle k\u00fcrek cezas\u0131, te\u015fhir edilerek ve y\u00fcz\u00fcne okunarak<\/p>\n<\/div>\n<\/div>\n<\/td>\n<\/tr>\n<\/tbody>\n<\/table>\n<div class=\"layoutArea\">\n<div class=\"column\">\n<p>Tablo 4-k. K\u00fcrek Cezas\u0131na \u00c7arpt\u0131r\u0131lanlar<\/p>\n<\/div>\n<\/div>\n<table>\n<colgroup>\n<col \/>\n<col \/>\n<col \/>\n<col \/><\/colgroup>\n<tbody>\n<tr>\n<td>\n<div class=\"layoutArea\">\n<div class=\"column\">\n<p>Ki\u015fi ad\u0131<\/p>\n<\/div>\n<\/div>\n<\/td>\n<td>\n<div class=\"layoutArea\">\n<div class=\"column\">\n<p>Nerelioldu\u011fu<\/p>\n<\/div>\n<\/div>\n<\/td>\n<td>\n<div class=\"layoutArea\">\n<div class=\"column\">\n<p>Su\u00e7u (cezan\u0131n gerek\u00e7esi)<\/p>\n<\/div>\n<\/div>\n<\/td>\n<td><img decoding=\"async\" src=\"data:image\/png;base64,iVBORw0KGgoAAAANSUhEUgAAAAEAAAABCAYAAAAfFcSJAAAAAXNSR0IArs4c6QAAAAlwSFlzAAAXEgAAFxIBZ5\/SUgAAAA1JREFUCB1jYGBgSAMAAGsAZ3g+PVkAAAAASUVORK5CYII=\" alt=\"page44image1391106384\" width=\"0.479980\" height=\"0.479980\" \/><\/p>\n<div class=\"layoutArea\">\n<div class=\"column\">\n<p>Verilen Ceza, kanunmaddesi ve tebli\u011f \u015fekli<\/p>\n<\/div>\n<\/div>\n<p><img decoding=\"async\" src=\"data:image\/png;base64,iVBORw0KGgoAAAANSUhEUgAAAAEAAAABCAYAAAAfFcSJAAAAAXNSR0IArs4c6QAAAAlwSFlzAAAXEgAAFxIBZ5\/SUgAAAA1JREFUCB1jYGBgsAIAAD8AO+2bAfEAAAAASUVORK5CYII=\" alt=\"page44image1391112176\" width=\"0.479980\" height=\"0.479980\" \/><\/td>\n<\/tr>\n<tr>\n<td>\n<div class=\"layoutArea\">\n<div class=\"column\">\n<p>Far\u0131s o\u011fluOsman<\/p>\n<\/div>\n<\/div>\n<\/td>\n<td>\n<div class=\"layoutArea\">\n<div class=\"column\">\n<p>Hersan Mahallesi<\/p>\n<\/div>\n<\/div>\n<\/td>\n<td>\n<div class=\"layoutArea\">\n<div class=\"column\">\n<p>\u0130syanla irtibat\u0131n\u0131n olmas\u0131 ve silah ka\u00e7ak\u00e7\u0131l\u0131\u011f\u0131 yapmas\u0131<\/p>\n<\/div>\n<\/div>\n<\/td>\n<td>\n<div class=\"layoutArea\">\n<div class=\"column\">\n<p>M\u00fclkiye Ceza Kanununun 58.Maddesinin birinci zeyline g\u00f6re on sene s\u00fcreyle k\u00fcrek cezas\u0131 verilmi\u015f te\u015fhir edilerekkarar y\u00fcz\u00fcne okunmu\u015ftur.<\/p>\n<\/div>\n<\/div>\n<\/td>\n<\/tr>\n<tr>\n<td>\n<div class=\"layoutArea\">\n<div class=\"column\">\n<p>Mirza o\u011fluNureddin<\/p>\n<\/div>\n<\/div>\n<\/td>\n<td>\n<div class=\"layoutArea\">\n<div class=\"column\">\n<p>Dirvan Karyesi<\/p>\n<\/div>\n<\/div>\n<\/td>\n<td>\n<div class=\"layoutArea\">\n<div class=\"column\">\n<p>\u0130syana kat\u0131lmak i\u00e7in harekete ge\u00e7mek<\/p>\n<\/div>\n<\/div>\n<\/td>\n<td>\n<div class=\"layoutArea\">\n<div class=\"column\">\n<p>M\u00fclkiye Ceza Kanununun 57. Maddesi ve askeri ceza kanununun 13. Maddesigere\u011fi te\u015fhirden sonra \u00fc\u00e7 sene k\u00fcrek cezas\u0131 verilmi\u015f ve ceza y\u00fcz\u00fcne okunmu\u015ftur.<\/p>\n<\/div>\n<\/div>\n<p><img decoding=\"async\" src=\"data:image\/png;base64,iVBORw0KGgoAAAANSUhEUgAAAAEAAAABCAYAAAAfFcSJAAAAAXNSR0IArs4c6QAAAAlwSFlzAAAXEgAAFxIBZ5\/SUgAAAA1JREFUCB1jYGBgsAIAAD8AO+2bAfEAAAAASUVORK5CYII=\" alt=\"page44image1393386272\" width=\"0.479980\" height=\"0.479980\" \/><\/td>\n<\/tr>\n<tr>\n<td>\n<div class=\"layoutArea\">\n<div class=\"column\">\n<p>Hamzao\u011flu Hasan<\/p>\n<\/div>\n<\/div>\n<\/td>\n<td>\n<div class=\"layoutArea\">\n<div class=\"column\">\n<p>Dirvan Karyesi<\/p>\n<\/div>\n<\/div>\n<\/td>\n<td>\n<div class=\"layoutArea\">\n<div class=\"column\">\n<p>\u0130syana kat\u0131lmak i\u00e7in harekete ge\u00e7mek<\/p>\n<\/div>\n<\/div>\n<\/td>\n<td>\n<div class=\"layoutArea\">\n<div class=\"column\">\n<p>M\u00fclkiye Ceza Kanununun 57. Maddesi ve askeri ceza kanununun 13. Maddesigere\u011fi te\u015fhirden sonra g\u0131yaben \u00fc\u00e7 sene k\u00fcrek cezas\u0131 verilmi\u015ftir.<\/p>\n<\/div>\n<\/div>\n<\/td>\n<\/tr>\n<\/tbody>\n<\/table>\n<div class=\"layoutArea\">\n<div class=\"column\">\n<p>475<\/p>\n<\/div>\n<\/div>\n<\/div>\n<div class=\"page\" title=\"Page 45\">\n<div class=\"layoutArea\">\n<div class=\"column\">\n<p>Demirta\u015f, M. (2018). 1914 Tarihli Bitlis \u0130syan\u0131n\u0131n Osmanl\u0131 Ar\u015fiv Belgelerindeki Yans\u0131malar\u0131-Cezalar, M\u00fck\u00e2fatlar. BE\u00dc SBE Derg.,7(2), 432-492.<\/p>\n<\/div>\n<\/div>\n<p><img decoding=\"async\" src=\"data:image\/png;base64,iVBORw0KGgoAAAANSUhEUgAAAYkAAAABCAYAAAArSVK8AAAAAXNSR0IArs4c6QAAAAlwSFlzAAAP\/gAAD\/4BstaVKgAAACBJREFUOBFjZGBgqALiUTAaAqMhMBoCoyEwGgLoIXAOAPjwAUoFbTrAAAAAAElFTkSuQmCC\" alt=\"page45image1395797216\" width=\"392.590000\" height=\"0.480000\" \/><\/p>\n<table>\n<colgroup>\n<col \/>\n<col \/>\n<col \/>\n<col \/><\/colgroup>\n<tbody>\n<tr>\n<td>\n<div class=\"layoutArea\">\n<div class=\"column\">\n<p>Yasin o\u011flu Kas\u0131m<\/p>\n<\/div>\n<\/div>\n<\/td>\n<td>\n<div class=\"layoutArea\">\n<div class=\"column\">\n<p>Dirvan Karyesi<\/p>\n<\/div>\n<\/div>\n<\/td>\n<td>\n<div class=\"layoutArea\">\n<div class=\"column\">\n<p>\u0130syana kat\u0131lmak i\u00e7in harekete ge\u00e7mek<\/p>\n<\/div>\n<\/div>\n<\/td>\n<td>\n<div class=\"layoutArea\">\n<div class=\"column\">\n<p>M\u00fclkiye Ceza Kanununun 57. Maddesi ve askeri ceza kanununun 13. Maddesigere\u011fi te\u015fhirden sonra \u00fc\u00e7 sene k\u00fcrek cezas\u0131 verilmi\u015ftir. Karar y\u00fcz\u00fcne okunmu\u015ftur.<\/p>\n<\/div>\n<\/div>\n<\/td>\n<\/tr>\n<tr>\n<td>\n<div class=\"layoutArea\">\n<div class=\"column\">\n<p>Kas\u0131m o\u011flu \u0130smail<\/p>\n<\/div>\n<\/div>\n<\/td>\n<td>\n<div class=\"layoutArea\">\n<div class=\"column\">\n<p>Dirvan Karyesi<\/p>\n<\/div>\n<\/div>\n<\/td>\n<td>\n<div class=\"layoutArea\">\n<div class=\"column\">\n<p>\u0130syana kat\u0131lmak i\u00e7in harekete ge\u00e7mek<\/p>\n<\/div>\n<\/div>\n<p><img decoding=\"async\" src=\"data:image\/png;base64,iVBORw0KGgoAAAANSUhEUgAAAAEAAAABCAYAAAAfFcSJAAAAAXNSR0IArs4c6QAAAAlwSFlzAAAXEQAAFxEByibzPwAAAA1JREFUCB1jYGBgsAIAAD8AO+2bAfEAAAAASUVORK5CYII=\" alt=\"page45image1389265184\" width=\"0.480010\" height=\"0.480010\" \/><\/td>\n<td>\n<div class=\"layoutArea\">\n<div class=\"column\">\n<p>M\u00fclkiye Ceza Kanununun 57. Maddesi ve askeri ceza kanununun 13. Maddesigere\u011fi te\u015fhirden sonra \u00fc\u00e7 sene k\u00fcrek cezas\u0131 verilmi\u015ftir. Karar y\u00fcz\u00fcne okunmu\u015ftur.<\/p>\n<\/div>\n<\/div>\n<\/td>\n<\/tr>\n<tr>\n<td>\n<div class=\"layoutArea\">\n<div class=\"column\">\n<p>Yasin o\u011fluYusuf<\/p>\n<\/div>\n<\/div>\n<\/td>\n<td>\n<div class=\"layoutArea\">\n<div class=\"column\">\n<p>Dirvan Karyesi<\/p>\n<\/div>\n<\/div>\n<\/td>\n<td>\n<div class=\"layoutArea\">\n<div class=\"column\">\n<p>\u0130syana kat\u0131lmak i\u00e7in harekete ge\u00e7mek<\/p>\n<\/div>\n<\/div>\n<\/td>\n<td>\n<div class=\"layoutArea\">\n<div class=\"column\">\n<p>M\u00fclkiye Ceza Kanununun 57. Maddesi ve askeri ceza kanununun 13. Maddesigere\u011fi te\u015fhirden sonra \u00fc\u00e7 sene k\u00fcrek cezas\u0131 verilmi\u015ftir. Karar y\u00fcz\u00fcne okunmu\u015ftur.<\/p>\n<\/div>\n<\/div>\n<\/td>\n<\/tr>\n<tr>\n<td>\n<div class=\"layoutArea\">\n<div class=\"column\">\n<p>\u015eemsi o\u011fluArif<\/p>\n<\/div>\n<\/div>\n<\/td>\n<td>\n<div class=\"layoutArea\">\n<div class=\"column\">\n<p>Dirvan Karyesi<\/p>\n<\/div>\n<\/div>\n<\/td>\n<td>\n<div class=\"layoutArea\">\n<div class=\"column\">\n<p>\u0130syana kat\u0131lmak i\u00e7in harekete ge\u00e7mek<\/p>\n<\/div>\n<\/div>\n<\/td>\n<td><img decoding=\"async\" src=\"data:image\/png;base64,iVBORw0KGgoAAAANSUhEUgAAAAEAAAABCAYAAAAfFcSJAAAAAXNSR0IArs4c6QAAAAlwSFlzAAAXEgAAFxIBZ5\/SUgAAAA1JREFUCB1jYGBgsAIAAD8AO+2bAfEAAAAASUVORK5CYII=\" alt=\"page45image1391284416\" width=\"0.479980\" height=\"0.479980\" \/><\/p>\n<div class=\"layoutArea\">\n<div class=\"column\">\n<p>M\u00fclkiye Ceza Kanununun 57. Maddesi ve askeri ceza kanununun 13. Maddesigere\u011fi te\u015fhirden sonra \u00fc\u00e7 sene k\u00fcrek cezas\u0131 verilmi\u015ftir. Karar y\u00fcz\u00fcne okunmu\u015ftur.<\/p>\n<\/div>\n<\/div>\n<p><img decoding=\"async\" src=\"data:image\/png;base64,iVBORw0KGgoAAAANSUhEUgAAAAEAAAABCAYAAAAfFcSJAAAAAXNSR0IArs4c6QAAAAlwSFlzAAAXEgAAFxIBZ5\/SUgAAAA1JREFUCB1jYGBgSAMAAGsAZ3g+PVkAAAAASUVORK5CYII=\" alt=\"page45image1391339840\" width=\"0.479980\" height=\"0.479980\" \/><\/td>\n<\/tr>\n<\/tbody>\n<\/table>\n<div class=\"layoutArea\">\n<div class=\"column\">\n<p>Tablo 4-l. K\u00fcrek Cezas\u0131na \u00c7arpt\u0131r\u0131lanlar<\/p>\n<\/div>\n<\/div>\n<table>\n<colgroup>\n<col \/>\n<col \/>\n<col \/>\n<col \/><\/colgroup>\n<tbody>\n<tr>\n<td>\n<div class=\"layoutArea\">\n<div class=\"column\">\n<p>Ki\u015fi ad\u0131<\/p>\n<\/div>\n<\/div>\n<\/td>\n<td>\n<div class=\"layoutArea\">\n<div class=\"column\">\n<p>Nereli oldu\u011fu<\/p>\n<\/div>\n<\/div>\n<\/td>\n<td><img decoding=\"async\" src=\"data:image\/png;base64,iVBORw0KGgoAAAANSUhEUgAAAAEAAAABCAYAAAAfFcSJAAAAAXNSR0IArs4c6QAAAAlwSFlzAAAXEQAAFxEByibzPwAAAA1JREFUCB1jYGBgsAIAAD8AO+2bAfEAAAAASUVORK5CYII=\" alt=\"page45image1391248976\" width=\"0.480010\" height=\"0.480010\" \/><\/p>\n<div class=\"layoutArea\">\n<div class=\"column\">\n<p>Su\u00e7u (cezan\u0131n gerek\u00e7esi)<\/p>\n<\/div>\n<\/div>\n<\/td>\n<td>\n<div class=\"layoutArea\">\n<div class=\"column\">\n<p>Verilen Ceza, kanunmaddesi ve tebli\u011f \u015fekli<\/p>\n<\/div>\n<\/div>\n<p><img decoding=\"async\" src=\"data:image\/png;base64,iVBORw0KGgoAAAANSUhEUgAAAAEAAAABCAYAAAAfFcSJAAAAAXNSR0IArs4c6QAAAAlwSFlzAAAXEgAAFxIBZ5\/SUgAAAA1JREFUCB1jYGBgsAIAAD8AO+2bAfEAAAAASUVORK5CYII=\" alt=\"page45image1391322496\" width=\"0.479980\" height=\"0.479980\" \/><\/td>\n<\/tr>\n<tr>\n<td>\n<div class=\"layoutArea\">\n<div class=\"column\">\n<p>Mezo o\u011fluBero<\/p>\n<\/div>\n<\/div>\n<\/td>\n<td>\n<div class=\"layoutArea\">\n<div class=\"column\">\n<p>Van VilayetiBa\u015fkale Sanca\u011f\u0131 VizeKaryesi<\/p>\n<\/div>\n<\/div>\n<\/td>\n<td>\n<div class=\"layoutArea\">\n<div class=\"column\">\n<p>Osmanl\u0131 Devleti\u2019nin m\u00fclki ve askeri durumu hakk\u0131nda Rusaskerlerine casusluk etmek<\/p>\n<\/div>\n<\/div>\n<\/td>\n<td>\n<div class=\"layoutArea\">\n<div class=\"column\">\n<p>M\u00fclkiye Ceza Kanununun 51. Maddesinin ikinci f\u0131kras\u0131 gere\u011fi te\u015fhirden sonra on sene k\u00fcrek cezas\u0131, y\u00fcz\u00fcneokundu.<\/p>\n<\/div>\n<\/div>\n<\/td>\n<\/tr>\n<tr>\n<td>\n<div class=\"layoutArea\">\n<div class=\"column\">\n<p>M\u00fclhim o\u011flu Yako<\/p>\n<\/div>\n<\/div>\n<\/td>\n<td>\n<div class=\"layoutArea\">\n<div class=\"column\">\n<p>\u015earkNahiyelerinin Erzin Karyesinden<\/p>\n<\/div>\n<\/div>\n<\/td>\n<td>\n<div class=\"layoutArea\">\n<div class=\"column\">\n<p>Osmanl\u0131 Devleti\u2019nin m\u00fclki ve askeri durumu hakk\u0131nda Rusaskerlerine casusluk etmek<\/p>\n<\/div>\n<\/div>\n<\/td>\n<td><img decoding=\"async\" src=\"data:image\/png;base64,iVBORw0KGgoAAAANSUhEUgAAAAEAAAABCAYAAAAfFcSJAAAAAXNSR0IArs4c6QAAAAlwSFlzAAAXEgAAFxIBZ5\/SUgAAAA1JREFUCB1jYGBgsAIAAD8AO+2bAfEAAAAASUVORK5CYII=\" alt=\"page45image1395845552\" width=\"0.479980\" height=\"0.479980\" \/><\/p>\n<div class=\"layoutArea\">\n<div class=\"column\">\n<p>M\u00fclkiye Ceza Kanununun 51. Maddesinin ikinci f\u0131kras\u0131 gere\u011fi te\u015fhirden sonra on sene k\u00fcrek cezas\u0131, y\u00fcz\u00fcneokundu.<\/p>\n<\/div>\n<\/div>\n<\/td>\n<\/tr>\n<tr>\n<td>\n<div class=\"layoutArea\">\n<div class=\"column\">\n<p>MehmedA\u011fa o\u011fluFerhad A\u011fa<\/p>\n<\/div>\n<\/div>\n<\/td>\n<td>\n<div class=\"layoutArea\">\n<div class=\"column\">\n<p>Erci\u015f\u2019in Er\u015fad K\u00f6y\u00fc<\/p>\n<\/div>\n<\/div>\n<\/td>\n<td>\n<div class=\"layoutArea\">\n<div class=\"column\">\n<p>Baz\u0131 isyan reislerinin ka\u00e7mas\u0131 i\u00e7in yatakl\u0131ketmek<\/p>\n<\/div>\n<\/div>\n<\/td>\n<td>\n<div class=\"layoutArea\">\n<div class=\"column\">\n<p>Ceza Kanununun 85.Maddesinin 3. Zeyli gere\u011fi 10 sene k\u00fcrek cezas\u0131, te\u015fhiredilerek<\/p>\n<\/div>\n<\/div>\n<\/td>\n<\/tr>\n<tr>\n<td>\n<div class=\"layoutArea\">\n<div class=\"column\">\n<p>Sofu O\u011fluAbdan<\/p>\n<\/div>\n<\/div>\n<\/td>\n<td>\n<div class=\"layoutArea\">\n<div class=\"column\">\n<p>Sek\u00fcdl\u00fc K\u00f6y\u00fc<\/p>\n<\/div>\n<\/div>\n<\/td>\n<td>\n<div class=\"layoutArea\">\n<div class=\"column\">\n<p>Baz\u0131 isyan reislerinin ka\u00e7mas\u0131 i\u00e7in yatakl\u0131ketmek<\/p>\n<\/div>\n<\/div>\n<\/td>\n<td><img decoding=\"async\" src=\"data:image\/png;base64,iVBORw0KGgoAAAANSUhEUgAAAAEAAAABCAYAAAAfFcSJAAAAAXNSR0IArs4c6QAAAAlwSFlzAAAXEgAAFxIBZ5\/SUgAAAA1JREFUCB1jYGBgsAIAAD8AO+2bAfEAAAAASUVORK5CYII=\" alt=\"page45image1392461600\" width=\"0.479980\" height=\"0.479980\" \/><\/p>\n<div class=\"layoutArea\">\n<div class=\"column\">\n<p>Ceza Kanununun 85.Maddesinin 3. Zeyli gere\u011fi 10 sene k\u00fcrek cezas\u0131, te\u015fhiredilerek<\/p>\n<\/div>\n<\/div>\n<p><img decoding=\"async\" src=\"data:image\/png;base64,iVBORw0KGgoAAAANSUhEUgAAAAEAAAABCAYAAAAfFcSJAAAAAXNSR0IArs4c6QAAAAlwSFlzAAAXEgAAFxIBZ5\/SUgAAAA1JREFUCB1jYGBgSAMAAGsAZ3g+PVkAAAAASUVORK5CYII=\" alt=\"page45image1389186000\" width=\"0.479980\" height=\"0.479980\" \/><\/td>\n<\/tr>\n<\/tbody>\n<\/table>\n<div class=\"layoutArea\">\n<div class=\"column\">\n<p>476<\/p>\n<\/div>\n<\/div>\n<\/div>\n<div class=\"page\" title=\"Page 46\">\n<div class=\"layoutArea\">\n<div class=\"column\">\n<p>Demirta\u015f, M. (2018). 1914 Tarihli Bitlis \u0130syan\u0131n\u0131n Osmanl\u0131 Ar\u015fiv Belgelerindeki Yans\u0131malar\u0131-Cezalar, M\u00fck\u00e2fatlar. BE\u00dc SBE Derg.,7(2), 432-492.<\/p>\n<\/div>\n<\/div>\n<p><img decoding=\"async\" src=\"data:image\/png;base64,iVBORw0KGgoAAAANSUhEUgAAAYkAAAABCAYAAAArSVK8AAAAAXNSR0IArs4c6QAAAAlwSFlzAAAP\/gAAD\/4BstaVKgAAACBJREFUOBFjZGBgqALiUTAaAqMhMBoCoyEwGgLoIXAOAPjwAUoFbTrAAAAAAElFTkSuQmCC\" alt=\"page46image1393052720\" width=\"392.590000\" height=\"0.480000\" \/><\/p>\n<table>\n<colgroup>\n<col \/>\n<col \/>\n<col \/>\n<col \/><\/colgroup>\n<tbody>\n<tr>\n<td>\n<div class=\"layoutArea\">\n<div class=\"column\">\n<p>Ali o\u011fluHasan<\/p>\n<\/div>\n<\/div>\n<\/td>\n<td>\n<div class=\"layoutArea\">\n<div class=\"column\">\n<p>A\u015fa\u011f\u0131 Olek K\u00f6y\u00fc<\/p>\n<\/div>\n<\/div>\n<\/td>\n<td>\n<div class=\"layoutArea\">\n<div class=\"column\">\n<p>\u0130syana \u015fahsen i\u015ftiraketmek<\/p>\n<\/div>\n<\/div>\n<\/td>\n<td>\n<div class=\"layoutArea\">\n<div class=\"column\">\n<p>M\u00fclkiye Ceza Kanununun 57. Maddesi gere\u011fi te\u015fhirden sonra 10 sene k\u00fcrek cezas\u0131, y\u00fcz\u00fcne okundu.<\/p>\n<\/div>\n<\/div>\n<\/td>\n<\/tr>\n<tr>\n<td>\n<div class=\"layoutArea\">\n<div class=\"column\">\n<p>Hac\u0131 Receb o\u011flu \u0130brahim<\/p>\n<\/div>\n<\/div>\n<\/td>\n<td>\n<div class=\"layoutArea\">\n<div class=\"column\">\n<p>A\u015fa\u011f\u0131 Olek K\u00f6y\u00fc<\/p>\n<\/div>\n<\/div>\n<\/td>\n<td>\n<div class=\"layoutArea\">\n<div class=\"column\">\n<p>\u0130syana \u015fahsen i\u015ftiraketmek<\/p>\n<\/div>\n<\/div>\n<\/td>\n<td>\n<div class=\"layoutArea\">\n<div class=\"column\">\n<p>M\u00fclkiye Ceza Kanununun 57. Maddesi gere\u011fi te\u015fhirden sonra 10 sene k\u00fcrek cezas\u0131, y\u00fcz\u00fcne okundu.<\/p>\n<\/div>\n<\/div>\n<\/td>\n<\/tr>\n<tr>\n<td>\n<div class=\"layoutArea\">\n<div class=\"column\">\n<p>Resul o\u011flu Hac\u0131Mehmed<\/p>\n<\/div>\n<\/div>\n<\/td>\n<td>\n<div class=\"layoutArea\">\n<div class=\"column\">\n<p>A\u015fa\u011f\u0131 Olek K\u00f6y\u00fc<\/p>\n<\/div>\n<\/div>\n<\/td>\n<td><img decoding=\"async\" src=\"data:image\/png;base64,iVBORw0KGgoAAAANSUhEUgAAAAEAAAA0CAYAAABLolKXAAAAAXNSR0IArs4c6QAAAAlwSFlzAAAQHgAAEB4BfAB1LgAAABZJREFUGBljYGBg4GMCEjkggmEkEh8AraQB0feEj5sAAAAASUVORK5CYII=\" alt=\"page46image1395913248\" width=\"0.480010\" height=\"51.120000\" \/><\/p>\n<div class=\"layoutArea\">\n<div class=\"column\">\n<p>\u0130syana \u015fahsen i\u015ftiraketmek<\/p>\n<\/div>\n<\/div>\n<\/td>\n<td>\n<div class=\"layoutArea\">\n<div class=\"column\">\n<p>M\u00fclkiye Ceza Kanununun57. Maddesi gere\u011fi te\u015fhirden sonra 10 sene k\u00fcrek cezas\u0131, y\u00fcz\u00fcne okundu.<\/p>\n<\/div>\n<\/div>\n<\/td>\n<\/tr>\n<\/tbody>\n<\/table>\n<div class=\"layoutArea\">\n<div class=\"column\">\n<p>Tablo 4-m. K\u00fcrek Cezas\u0131na \u00c7arpt\u0131r\u0131lanlar<\/p>\n<\/div>\n<\/div>\n<table>\n<colgroup>\n<col \/>\n<col \/>\n<col \/>\n<col \/><\/colgroup>\n<tbody>\n<tr>\n<td><img decoding=\"async\" src=\"data:image\/png;base64,iVBORw0KGgoAAAANSUhEUgAAAAEAAAABCAYAAAAfFcSJAAAAAXNSR0IArs4c6QAAAAlwSFlzAAAXEQAAFxEByibzPwAAAA1JREFUCB1jYGBgsAIAAD8AO+2bAfEAAAAASUVORK5CYII=\" alt=\"page46image1395933760\" width=\"0.480010\" height=\"0.480010\" \/><\/p>\n<div class=\"layoutArea\">\n<div class=\"column\">\n<p>Ki\u015fi ad\u0131<\/p>\n<\/div>\n<\/div>\n<p><img decoding=\"async\" src=\"data:image\/png;base64,iVBORw0KGgoAAAANSUhEUgAAAAEAAAABCAYAAAAfFcSJAAAAAXNSR0IArs4c6QAAAAlwSFlzAAAXEQAAFxEByibzPwAAAA1JREFUCB1jYGBgsAIAAD8AO+2bAfEAAAAASUVORK5CYII=\" alt=\"page46image1395935232\" width=\"0.480010\" height=\"0.480010\" \/><\/td>\n<td>\n<div class=\"layoutArea\">\n<div class=\"column\">\n<p>Nerelioldu\u011fu<\/p>\n<\/div>\n<\/div>\n<\/td>\n<td><img decoding=\"async\" src=\"data:image\/png;base64,iVBORw0KGgoAAAANSUhEUgAAAHIAAAABCAYAAAACa\/oSAAAAAXNSR0IArs4c6QAAAAlwSFlzAAAQAgAAEAIB7mPqkwAAABRJREFUGBljZGBgqALiUTC0Q+ACANxEAUyMF9ZxAAAAAElFTkSuQmCC\" alt=\"page46image1395944032\" width=\"113.660010\" height=\"0.480010\" \/><\/p>\n<div class=\"layoutArea\">\n<div class=\"column\">\n<p>Su\u00e7u (cezan\u0131n gerek\u00e7esi)<\/p>\n<\/div>\n<\/div>\n<p><img decoding=\"async\" src=\"data:image\/png;base64,iVBORw0KGgoAAAANSUhEUgAAAHIAAAABCAYAAAACa\/oSAAAAAXNSR0IArs4c6QAAAAlwSFlzAAAQAgAAEAIB7mPqkwAAABRJREFUGBljZGBgqALiUTC0Q+ACANxEAUyMF9ZxAAAAAElFTkSuQmCC\" alt=\"page46image1395945152\" width=\"113.660010\" height=\"0.480010\" \/><\/td>\n<td>\n<div class=\"layoutArea\">\n<div class=\"column\">\n<p>Verilen Ceza, kanunmaddesi ve tebli\u011f \u015fekli<\/p>\n<\/div>\n<\/div>\n<\/td>\n<\/tr>\n<tr>\n<td>\n<div class=\"layoutArea\">\n<div class=\"column\">\n<p>Fakih Ali o\u011fluAbdullah<\/p>\n<\/div>\n<\/div>\n<p><img decoding=\"async\" src=\"data:image\/png;base64,iVBORw0KGgoAAAANSUhEUgAAAAEAAAABCAYAAAAfFcSJAAAAAXNSR0IArs4c6QAAAAlwSFlzAAAXEQAAFxEByibzPwAAAA1JREFUCB1jYGBgsAIAAD8AO+2bAfEAAAAASUVORK5CYII=\" alt=\"page46image1394797936\" width=\"0.480010\" height=\"0.480010\" \/><\/td>\n<td>\n<div class=\"layoutArea\">\n<div class=\"column\">\n<p>A\u015fa\u011f\u0131 Olek K\u00f6y\u00fc<\/p>\n<\/div>\n<\/div>\n<\/td>\n<td>\n<div class=\"layoutArea\">\n<div class=\"column\">\n<p>\u0130syana \u015fahsen i\u015ftirak etmek<\/p>\n<\/div>\n<\/div>\n<p><img decoding=\"async\" src=\"data:image\/png;base64,iVBORw0KGgoAAAANSUhEUgAAAHIAAAABCAYAAAACa\/oSAAAAAXNSR0IArs4c6QAAAAlwSFlzAAAQAgAAEAIB7mPqkwAAABRJREFUGBljZGBgqALiUTC0Q+ACANxEAUyMF9ZxAAAAAElFTkSuQmCC\" alt=\"page46image1394816448\" width=\"113.660010\" height=\"0.480010\" \/><\/td>\n<td>\n<div class=\"layoutArea\">\n<div class=\"column\">\n<p>M\u00fclkiye Ceza Kanununun 57. Maddesi gere\u011fi te\u015fhirden sonra 10 sene k\u00fcrek cezas\u0131, y\u00fcz\u00fcne okundu.<\/p>\n<\/div>\n<\/div>\n<\/td>\n<\/tr>\n<tr>\n<td>\n<div class=\"layoutArea\">\n<div class=\"column\">\n<p>\u0130brahim o\u011fluAbdullah<\/p>\n<\/div>\n<\/div>\n<p><img decoding=\"async\" src=\"data:image\/png;base64,iVBORw0KGgoAAAANSUhEUgAAAAEAAAABCAYAAAAfFcSJAAAAAXNSR0IArs4c6QAAAAlwSFlzAAAXEQAAFxEByibzPwAAAA1JREFUCB1jYGBgsAIAAD8AO+2bAfEAAAAASUVORK5CYII=\" alt=\"page46image1394783104\" width=\"0.480010\" height=\"0.480010\" \/><\/td>\n<td>\n<div class=\"layoutArea\">\n<div class=\"column\">\n<p>\u015eirvan\u2019\u0131n Soris K\u00f6y\u00fc<\/p>\n<\/div>\n<\/div>\n<\/td>\n<td>\n<div class=\"layoutArea\">\n<div class=\"column\">\n<p>E\u015fk\u0131ya Mehmed Emin\u2019nin avanesinden olup isyanda haz\u0131rbulunmak<\/p>\n<\/div>\n<\/div>\n<p><img decoding=\"async\" src=\"data:image\/png;base64,iVBORw0KGgoAAAANSUhEUgAAAHIAAAABCAYAAAACa\/oSAAAAAXNSR0IArs4c6QAAAAlwSFlzAAAQAgAAEAIB7mPqkwAAABRJREFUGBljZGBgqALiUTC0Q+ACANxEAUyMF9ZxAAAAAElFTkSuQmCC\" alt=\"page46image1394786992\" width=\"113.660010\" height=\"0.480010\" \/><\/td>\n<td>\n<div class=\"layoutArea\">\n<div class=\"column\">\n<p>M\u00fclkiye Ceza Kanununun 57. Maddesi gere\u011fi te\u015fhirden sonra 10 sene k\u00fcrek cezas\u0131 ve silahlar\u0131n m\u00fcsaderesi, karar y\u00fcz\u00fcne okundu.<\/p>\n<\/div>\n<\/div>\n<\/td>\n<\/tr>\n<tr>\n<td>\n<div class=\"layoutArea\">\n<div class=\"column\">\n<p>Abdullaho\u011fluAhmed<\/p>\n<\/div>\n<\/div>\n<p><img decoding=\"async\" src=\"data:image\/png;base64,iVBORw0KGgoAAAANSUhEUgAAAAEAAAABCAYAAAAfFcSJAAAAAXNSR0IArs4c6QAAAAlwSFlzAAAXEQAAFxEByibzPwAAAA1JREFUCB1jYGBgsAIAAD8AO+2bAfEAAAAASUVORK5CYII=\" alt=\"page46image1394826992\" width=\"0.480010\" height=\"0.480010\" \/><\/td>\n<td>\n<div class=\"layoutArea\">\n<div class=\"column\">\n<p>\u015eirvan\u2019\u0131n Soris K\u00f6y\u00fc<\/p>\n<\/div>\n<\/div>\n<\/td>\n<td>\n<div class=\"layoutArea\">\n<div class=\"column\">\n<p>E\u015fk\u0131ya Mehmed Emin\u2019nin avanesinden olup isyanda haz\u0131rbulunmak<\/p>\n<\/div>\n<\/div>\n<p><img decoding=\"async\" src=\"data:image\/png;base64,iVBORw0KGgoAAAANSUhEUgAAAHIAAAABCAYAAAACa\/oSAAAAAXNSR0IArs4c6QAAAAlwSFlzAAAQAgAAEAIB7mPqkwAAABRJREFUGBljZGBgqALiUTC0Q+ACANxEAUyMF9ZxAAAAAElFTkSuQmCC\" alt=\"page46image1394774624\" width=\"113.660010\" height=\"0.480010\" \/><\/td>\n<td>\n<div class=\"layoutArea\">\n<div class=\"column\">\n<p>M\u00fclkiye Ceza Kanununun 57.Maddesi gere\u011fi te\u015fhirden sonra 10 sene k\u00fcrek cezas\u0131 ve silahlar\u0131n m\u00fcsaderesi, karar y\u00fcz\u00fcne okundu.<\/p>\n<\/div>\n<\/div>\n<\/td>\n<\/tr>\n<tr>\n<td>\n<div class=\"layoutArea\">\n<div class=\"column\">\n<p>\u015eevi\u015f o\u011fluCemal<\/p>\n<\/div>\n<\/div>\n<\/td>\n<td>\n<div class=\"layoutArea\">\n<div class=\"column\">\n<p>Hivris K\u00f6y\u00fc<\/p>\n<\/div>\n<\/div>\n<\/td>\n<td>\n<div class=\"layoutArea\">\n<div class=\"column\">\n<p>\u0130syan s\u0131ras\u0131nda cebir ve \u015fiddet kullanarak iki jandarman\u0131n silah ve cephanesini gasp etmek<\/p>\n<\/div>\n<\/div>\n<\/td>\n<td>\n<div class=\"layoutArea\">\n<div class=\"column\">\n<p>M\u00fclkiye Ceza Kanununun 57. Maddesi gere\u011fi te\u015fhirden sonra 10 sene k\u00fcrek cezas\u0131 ve silahlar\u0131n m\u00fcsaderesi, karar y\u00fcz\u00fcne okundu. Silahlar mevcut ise geri almak kay\u0131p ise bedellerini almak<\/p>\n<\/div>\n<\/div>\n<\/td>\n<\/tr>\n<tr>\n<td>\n<div class=\"layoutArea\">\n<div class=\"column\">\n<p>S\u0131l\u00fcs Erdo o\u011fluMustafa<\/p>\n<\/div>\n<\/div>\n<\/td>\n<td>\n<div class=\"layoutArea\">\n<div class=\"column\">\n<p>Hivris K\u00f6y\u00fc<\/p>\n<\/div>\n<\/div>\n<\/td>\n<td>\n<div class=\"layoutArea\">\n<div class=\"column\">\n<p>\u0130syan s\u0131ras\u0131nda cebir ve \u015fiddet kullanarak iki jandarman\u0131n silah ve cephanesini gasp etmek<\/p>\n<\/div>\n<\/div>\n<\/td>\n<td>\n<div class=\"layoutArea\">\n<div class=\"column\">\n<p>M\u00fclkiye Ceza Kanununun 57. Maddesi gere\u011fi te\u015fhirden sonra 10 sene k\u00fcrek cezas\u0131 ve silahlar\u0131n m\u00fcsaderesi, karar y\u00fcz\u00fcne okundu. Silahlar mevcut ise geri almak kay\u0131p ise bedellerini almak<\/p>\n<\/div>\n<\/div>\n<\/td>\n<\/tr>\n<tr>\n<td>\n<div class=\"layoutArea\">\n<div class=\"column\">\n<p>HivrisliHac\u0131 Papir<\/p>\n<\/div>\n<\/div>\n<\/td>\n<td>\n<div class=\"layoutArea\">\n<div class=\"column\">\n<p>Hivris K\u00f6y\u00fc<\/p>\n<\/div>\n<\/div>\n<\/td>\n<td>\n<div class=\"layoutArea\">\n<div class=\"column\">\n<p>\u0130syan s\u0131ras\u0131nda cebir ve \u015fiddet kullanarak iki<\/p>\n<\/div>\n<\/div>\n<\/td>\n<td><img decoding=\"async\" src=\"data:image\/png;base64,iVBORw0KGgoAAAANSUhEUgAAAAEAAAABCAYAAAAfFcSJAAAAAXNSR0IArs4c6QAAAAlwSFlzAAAXEgAAFxIBZ5\/SUgAAAA1JREFUCB1jYGBgsAIAAD8AO+2bAfEAAAAASUVORK5CYII=\" alt=\"page46image1394929616\" width=\"0.479980\" height=\"0.479980\" \/><\/p>\n<div class=\"layoutArea\">\n<div class=\"column\">\n<p>M\u00fclkiye Ceza Kanununun 57. Maddesi gere\u011fi te\u015fhirden<\/p>\n<\/div>\n<\/div>\n<p><img decoding=\"async\" src=\"data:image\/png;base64,iVBORw0KGgoAAAANSUhEUgAAAAEAAAABCAYAAAAfFcSJAAAAAXNSR0IArs4c6QAAAAlwSFlzAAAXEgAAFxIBZ5\/SUgAAAA1JREFUCB1jYGBgSAMAAGsAZ3g+PVkAAAAASUVORK5CYII=\" alt=\"page46image1394935808\" width=\"0.479980\" height=\"0.479980\" \/><\/td>\n<\/tr>\n<\/tbody>\n<\/table>\n<div class=\"layoutArea\">\n<div class=\"column\">\n<p>477<\/p>\n<\/div>\n<\/div>\n<\/div>\n<div class=\"page\" title=\"Page 47\">\n<div class=\"layoutArea\">\n<div class=\"column\">\n<p>Demirta\u015f, M. (2018). 1914 Tarihli Bitlis \u0130syan\u0131n\u0131n Osmanl\u0131 Ar\u015fiv Belgelerindeki Yans\u0131malar\u0131-Cezalar, M\u00fck\u00e2fatlar. BE\u00dc SBE Derg.,7(2), 432-492.<\/p>\n<\/div>\n<\/div>\n<p><img decoding=\"async\" src=\"data:image\/png;base64,iVBORw0KGgoAAAANSUhEUgAAAYkAAAABCAYAAAArSVK8AAAAAXNSR0IArs4c6QAAAAlwSFlzAAAP\/gAAD\/4BstaVKgAAACBJREFUOBFjZGBgqALiUTAaAqMhMBoCoyEwGgLoIXAOAPjwAUoFbTrAAAAAAElFTkSuQmCC\" alt=\"page47image1391422304\" width=\"392.590000\" height=\"0.480000\" \/><\/p>\n<table>\n<colgroup>\n<col \/>\n<col \/>\n<col \/>\n<col \/><\/colgroup>\n<tbody>\n<tr>\n<td>\n<div class=\"layoutArea\">\n<div class=\"column\">\n<p>(Bapir)\u2019in yi\u011feni Kaso<\/p>\n<\/div>\n<\/div>\n<p><img decoding=\"async\" src=\"data:image\/png;base64,iVBORw0KGgoAAAANSUhEUgAAAAEAAAABCAYAAAAfFcSJAAAAAXNSR0IArs4c6QAAAAlwSFlzAAAXEQAAFxEByibzPwAAAA1JREFUCB1jYGBgsAIAAD8AO+2bAfEAAAAASUVORK5CYII=\" alt=\"page47image1391428480\" width=\"0.480010\" height=\"0.480010\" \/><\/td>\n<td><\/td>\n<td>\n<div class=\"layoutArea\">\n<div class=\"column\">\n<p>jandarman\u0131n silah ve cephanesini gasp etmek<\/p>\n<\/div>\n<\/div>\n<p><img decoding=\"async\" src=\"data:image\/png;base64,iVBORw0KGgoAAAANSUhEUgAAAHIAAAABCAYAAAACa\/oSAAAAAXNSR0IArs4c6QAAAAlwSFlzAAAQAgAAEAIB7mPqkwAAABRJREFUGBljZGBgqALiUTC0Q+ACANxEAUyMF9ZxAAAAAElFTkSuQmCC\" alt=\"page47image1391436752\" width=\"113.660010\" height=\"0.480010\" \/><\/td>\n<td>\n<div class=\"layoutArea\">\n<div class=\"column\">\n<p>sonra 10 sene k\u00fcrek cezas\u0131 ve silahlar\u0131n m\u00fcsaderesi, karar y\u00fcz\u00fcne okundu. Silahlarmevcut ise geri almak kay\u0131p ise bedellerini almak<\/p>\n<\/div>\n<\/div>\n<\/td>\n<\/tr>\n<tr>\n<td><img decoding=\"async\" src=\"data:image\/png;base64,iVBORw0KGgoAAAANSUhEUgAAAAEAAABaCAYAAAB5XDy9AAAAAXNSR0IArs4c6QAAAAlwSFlzAAAQEQAAEBEBCs7bNAAAABlJREFUGBljYGBgYGECEmUggmGUGGph8AEAcXECHZ1nTxoAAAAASUVORK5CYII=\" alt=\"page47image1396710944\" width=\"0.480010\" height=\"89.040000\" \/><\/p>\n<div class=\"layoutArea\">\n<div class=\"column\">\n<p>Osman o\u011flu Nas<\/p>\n<\/div>\n<\/div>\n<\/td>\n<td>\n<div class=\"layoutArea\">\n<div class=\"column\">\n<p>Hivris K\u00f6y\u00fc<\/p>\n<\/div>\n<\/div>\n<\/td>\n<td><img decoding=\"async\" src=\"data:image\/png;base64,iVBORw0KGgoAAAANSUhEUgAAAHIAAABaCAYAAABkIgImAAAAAXNSR0IArs4c6QAAAAlwSFlzAAALJgAACyYB9hzIsAAAAU9JREFUeAHt08ENgDAMxdAUMXMP7I5U5ng4G9jOn+kEA\/clUMQwu5DIFxSykIgBBKNFFhIxgGC0yEIiBhCMFllIxACC0SILiRhAMFpkIREDCEaLLCRiAMFokYVEDCAYLbKQiAEEo0UWEjGAYLTIQiIGEIwWWUjEAILRIguJGEAwWmQhEQMIRossJGIAwWiRhUQMIBgtspCIAQSjRRYSMYBgtMhCIgYQjBZZSMQAgtEiC4kYQDBaZCERAwhGiywkYgDBaJGFRAwgGC2ykIgBBKNFFhIxgGC0yEIiBhCMFllIxACC0SILiRhAMFpkIREDCEaLLCRiAMFokYVEDCAYLbKQiAEEo0UWEjGAYLTIQiIGEIwWWUjEAILRIguJGEAwWmQhEQMIRossJGIAwWiRhUQMIBgtspCIAQSjRRYSMYBgtMhCIgYQjPVxPAjLnzHeAz+kAqMXIRWEAAAAAElFTkSuQmCC\" alt=\"page47image1396720784\" width=\"113.660010\" height=\"89.040000\" \/><\/p>\n<div class=\"layoutArea\">\n<div class=\"column\">\n<p>\u0130syan s\u0131ras\u0131nda cebir ve \u015fiddet kullanarak iki jandarman\u0131n silah ve cephanesini gasp etmek<\/p>\n<\/div>\n<\/div>\n<\/td>\n<td>\n<div class=\"layoutArea\">\n<div class=\"column\">\n<p>M\u00fclkiye Ceza Kanununun 57. Maddesi gere\u011fi te\u015fhirden sonra 10 sene k\u00fcrek cezas\u0131 vesilahlar\u0131n m\u00fcsaderesi, karar g\u0131yaben verildi. Silahlar mevcut ise geri almak kay\u0131p ise bedellerini almak<\/p>\n<\/div>\n<\/div>\n<\/td>\n<\/tr>\n<\/tbody>\n<\/table>\n<div class=\"layoutArea\">\n<div class=\"column\">\n<p>Tablo 4-n. K\u00fcrek Cezas\u0131na \u00c7arpt\u0131r\u0131lanlar<\/p>\n<\/div>\n<\/div>\n<table>\n<colgroup>\n<col \/>\n<col \/>\n<col \/>\n<col \/><\/colgroup>\n<tbody>\n<tr>\n<td>\n<div class=\"layoutArea\">\n<div class=\"column\">\n<p>Ki\u015fi ad\u0131<\/p>\n<\/div>\n<\/div>\n<\/td>\n<td>\n<div class=\"layoutArea\">\n<div class=\"column\">\n<p>Nerelioldu\u011fu<\/p>\n<\/div>\n<\/div>\n<\/td>\n<td>\n<div class=\"layoutArea\">\n<div class=\"column\">\n<p>Su\u00e7u (cezan\u0131n gerek\u00e7esi)<\/p>\n<\/div>\n<\/div>\n<p><img decoding=\"async\" src=\"data:image\/png;base64,iVBORw0KGgoAAAANSUhEUgAAAAEAAAABCAYAAAAfFcSJAAAAAXNSR0IArs4c6QAAAAlwSFlzAAAXEgAAFxIBZ5\/SUgAAAA1JREFUCB1jYGBgsAIAAD8AO+2bAfEAAAAASUVORK5CYII=\" alt=\"page47image1395683008\" width=\"0.479980\" height=\"0.479980\" \/><\/td>\n<td>\n<div class=\"layoutArea\">\n<div class=\"column\">\n<p>Verilen Ceza, kanun maddesi ve tebli\u011f \u015fekli<\/p>\n<\/div>\n<\/div>\n<p><img decoding=\"async\" src=\"data:image\/png;base64,iVBORw0KGgoAAAANSUhEUgAAAAEAAAABCAYAAAAfFcSJAAAAAXNSR0IArs4c6QAAAAlwSFlzAAAXEgAAFxIBZ5\/SUgAAAA1JREFUCB1jYGBgsAIAAD8AO+2bAfEAAAAASUVORK5CYII=\" alt=\"page47image1393034016\" width=\"0.479980\" height=\"0.479980\" \/><\/td>\n<\/tr>\n<tr>\n<td>\n<div class=\"layoutArea\">\n<div class=\"column\">\n<p>Devi\u015f o\u011fluMehmed<\/p>\n<\/div>\n<\/div>\n<\/td>\n<td>\n<div class=\"layoutArea\">\n<div class=\"column\">\n<p>Hivris K\u00f6y\u00fc<\/p>\n<\/div>\n<\/div>\n<\/td>\n<td>\n<div class=\"layoutArea\">\n<div class=\"column\">\n<p>\u0130syan s\u0131ras\u0131nda cebir ve \u015fiddet kullanarak iki jandarman\u0131n silah vecephanesini gasp etmek<\/p>\n<\/div>\n<\/div>\n<\/td>\n<td>\n<div class=\"layoutArea\">\n<div class=\"column\">\n<p>M\u00fclkiye Ceza Kanununun 57. Maddesi gere\u011fi te\u015fhirden sonra 10 sene k\u00fcrek cezas\u0131 ve silahlar\u0131n m\u00fcsaderesi, karar g\u0131yaben verildi. Silahlarmevcut ise geri almak kay\u0131p isebedellerini almak<\/p>\n<\/div>\n<\/div>\n<\/td>\n<\/tr>\n<tr>\n<td>\n<div class=\"layoutArea\">\n<div class=\"column\">\n<p>\u015eeyhMurad<\/p>\n<\/div>\n<\/div>\n<\/td>\n<td>\n<div class=\"layoutArea\">\n<div class=\"column\">\n<p>Hivris K\u00f6y\u00fc<\/p>\n<\/div>\n<\/div>\n<\/td>\n<td>\n<div class=\"layoutArea\">\n<div class=\"column\">\n<p>\u0130syan s\u0131ras\u0131nda cebir ve \u015fiddet kullanarak iki jandarman\u0131n silah vecephanesini gasp etmek<\/p>\n<\/div>\n<\/div>\n<\/td>\n<td>\n<div class=\"layoutArea\">\n<div class=\"column\">\n<p>M\u00fclkiye Ceza Kanununun 57. Maddesi gere\u011fi te\u015fhirden sonra 10 sene k\u00fcrek cezas\u0131 ve silahlar\u0131n m\u00fcsaderesi, karar g\u0131yaben verildi. Silahlar mevcut ise geri almak kay\u0131p isebedellerini almak<\/p>\n<\/div>\n<\/div>\n<\/td>\n<\/tr>\n<tr>\n<td>\n<div class=\"layoutArea\">\n<div class=\"column\">\n<p>\u015eeyh Musa<\/p>\n<\/div>\n<\/div>\n<\/td>\n<td>\n<div class=\"layoutArea\">\n<div class=\"column\">\n<p>Hivris K\u00f6y\u00fc<\/p>\n<\/div>\n<\/div>\n<\/td>\n<td><img decoding=\"async\" src=\"data:image\/png;base64,iVBORw0KGgoAAAANSUhEUgAAAAEAAAABCAYAAAAfFcSJAAAAAXNSR0IArs4c6QAAAAlwSFlzAAAXEgAAFxIBZ5\/SUgAAAA1JREFUCB1jYGBgsAIAAD8AO+2bAfEAAAAASUVORK5CYII=\" alt=\"page47image1395965808\" width=\"0.479980\" height=\"0.479980\" \/><\/p>\n<div class=\"layoutArea\">\n<div class=\"column\">\n<p>\u0130syan s\u0131ras\u0131nda cebir ve \u015fiddet kullanarak iki jandarman\u0131n silah vecephanesini gasp etmek<\/p>\n<\/div>\n<\/div>\n<p><img decoding=\"async\" src=\"data:image\/png;base64,iVBORw0KGgoAAAANSUhEUgAAAAEAAAABCAYAAAAfFcSJAAAAAXNSR0IArs4c6QAAAAlwSFlzAAAXEgAAFxIBZ5\/SUgAAAA1JREFUCB1jYGBgsAIAAD8AO+2bAfEAAAAASUVORK5CYII=\" alt=\"page47image1395977264\" width=\"0.479980\" height=\"0.479980\" \/><\/td>\n<td><img decoding=\"async\" src=\"data:image\/png;base64,iVBORw0KGgoAAAANSUhEUgAAAAEAAAABCAYAAAAfFcSJAAAAAXNSR0IArs4c6QAAAAlwSFlzAAAXEgAAFxIBZ5\/SUgAAAA1JREFUCB1jYGBgsAIAAD8AO+2bAfEAAAAASUVORK5CYII=\" alt=\"page47image1395977840\" width=\"0.479980\" height=\"0.479980\" \/><\/p>\n<div class=\"layoutArea\">\n<div class=\"column\">\n<p>M\u00fclkiye Ceza Kanununun 57. Maddesi gere\u011fi te\u015fhirden sonra 10 sene k\u00fcrek cezas\u0131 ve silahlar\u0131n m\u00fcsaderesi, karar g\u0131yaben verildi. Silahlar mevcut ise geri almak kay\u0131p isebedellerini almak<\/p>\n<\/div>\n<\/div>\n<p><img decoding=\"async\" src=\"data:image\/png;base64,iVBORw0KGgoAAAANSUhEUgAAAAEAAAABCAYAAAAfFcSJAAAAAXNSR0IArs4c6QAAAAlwSFlzAAAXEgAAFxIBZ5\/SUgAAAA1JREFUCB1jYGBgsAIAAD8AO+2bAfEAAAAASUVORK5CYII=\" alt=\"page47image1395994704\" width=\"0.479980\" height=\"0.479980\" \/><\/td>\n<\/tr>\n<tr>\n<td>\n<div class=\"layoutArea\">\n<div class=\"column\">\n<p>\u015eey Ali<\/p>\n<\/div>\n<\/div>\n<\/td>\n<td>\n<div class=\"layoutArea\">\n<div class=\"column\">\n<p>Hivris K\u00f6y\u00fc<\/p>\n<\/div>\n<\/div>\n<\/td>\n<td>\n<div class=\"layoutArea\">\n<div class=\"column\">\n<p>\u0130syan s\u0131ras\u0131nda cebir ve \u015fiddet kullanarak iki jandarman\u0131n silah vecephanesini gasp etmek<\/p>\n<\/div>\n<\/div>\n<p><img decoding=\"async\" src=\"data:image\/png;base64,iVBORw0KGgoAAAANSUhEUgAAAAEAAAABCAYAAAAfFcSJAAAAAXNSR0IArs4c6QAAAAlwSFlzAAAXEgAAFxIBZ5\/SUgAAAA1JREFUCB1jYGBgsAIAAD8AO+2bAfEAAAAASUVORK5CYII=\" alt=\"page47image1396010928\" width=\"0.479980\" height=\"0.479980\" \/><\/td>\n<td>\n<div class=\"layoutArea\">\n<div class=\"column\">\n<p>M\u00fclkiye Ceza Kanununun 57. Maddesi gere\u011fi te\u015fhirden sonra 10 sene k\u00fcrek cezas\u0131 ve silahlar\u0131n m\u00fcsaderesi, karar g\u0131yaben verildi. Silahlar mevcut ise geri almak kay\u0131p isebedellerini almak<\/p>\n<\/div>\n<\/div>\n<p><img decoding=\"async\" src=\"data:image\/png;base64,iVBORw0KGgoAAAANSUhEUgAAAAEAAAABCAYAAAAfFcSJAAAAAXNSR0IArs4c6QAAAAlwSFlzAAAXEgAAFxIBZ5\/SUgAAAA1JREFUCB1jYGBgSAMAAGsAZ3g+PVkAAAAASUVORK5CYII=\" alt=\"page47image1393783200\" width=\"0.479980\" height=\"0.479980\" \/><\/td>\n<\/tr>\n<\/tbody>\n<\/table>\n<div class=\"layoutArea\">\n<div class=\"column\">\n<p>478<\/p>\n<\/div>\n<\/div>\n<\/div>\n<div class=\"page\" title=\"Page 48\">\n<div class=\"layoutArea\">\n<div class=\"column\">\n<p>Demirta\u015f, M. (2018). 1914 Tarihli Bitlis \u0130syan\u0131n\u0131n Osmanl\u0131 Ar\u015fiv Belgelerindeki Yans\u0131malar\u0131-Cezalar, M\u00fck\u00e2fatlar. BE\u00dc SBE Derg.,7(2), 432-492.<\/p>\n<\/div>\n<\/div>\n<p><img decoding=\"async\" src=\"data:image\/png;base64,iVBORw0KGgoAAAANSUhEUgAAAYkAAAABCAYAAAArSVK8AAAAAXNSR0IArs4c6QAAAAlwSFlzAAAP\/gAAD\/4BstaVKgAAACBJREFUOBFjZGBgqALiUTAaAqMhMBoCoyEwGgLoIXAOAPjwAUoFbTrAAAAAAElFTkSuQmCC\" alt=\"page48image1393743232\" width=\"392.590000\" height=\"0.480000\" \/><\/p>\n<table>\n<colgroup>\n<col \/>\n<col \/>\n<col \/>\n<col \/><\/colgroup>\n<tbody>\n<tr>\n<td>\n<div class=\"layoutArea\">\n<div class=\"column\">\n<p>H\u00fcseyin o\u011fluMustafa<\/p>\n<\/div>\n<\/div>\n<\/td>\n<td>\n<div class=\"layoutArea\">\n<div class=\"column\">\n<p>Hivris K\u00f6y\u00fc<\/p>\n<\/div>\n<\/div>\n<\/td>\n<td>\n<div class=\"layoutArea\">\n<div class=\"column\">\n<p>\u0130syan s\u0131ras\u0131nda cebir ve \u015fiddet kullanarak iki jandarman\u0131n silah vecephanesini gasp etmek<\/p>\n<\/div>\n<\/div>\n<\/td>\n<td>\n<div class=\"layoutArea\">\n<div class=\"column\">\n<p>Di\u011fer Fezlekede k\u00fcrek cezas\u0131na \u00e7arpt\u0131r\u0131lm\u0131\u015ft\u0131r. (S\u00fcre Belirtilmemi\u015f)<\/p>\n<\/div>\n<\/div>\n<\/td>\n<\/tr>\n<tr>\n<td>\n<div class=\"layoutArea\">\n<div class=\"column\">\n<p>Bekir o\u011fluPiran<\/p>\n<\/div>\n<\/div>\n<\/td>\n<td>\n<div class=\"layoutArea\">\n<div class=\"column\">\n<p>K\u00fctal K\u00f6y\u00fc<\/p>\n<\/div>\n<\/div>\n<\/td>\n<td>\n<div class=\"layoutArea\">\n<div class=\"column\">\n<p>\u0130syana kat\u0131lmak<\/p>\n<\/div>\n<\/div>\n<\/td>\n<td>\n<div class=\"layoutArea\">\n<div class=\"column\">\n<p>M\u00fclkiye Ceza Kanununun 57. Maddesi gere\u011fi 3 sene s\u00fcreyle k\u00fcrek cezas\u0131 (BOA. BEO. SYS-4301\/322534).<\/p>\n<\/div>\n<\/div>\n<\/td>\n<\/tr>\n<tr>\n<td>\n<div class=\"layoutArea\">\n<div class=\"column\">\n<p>H\u00fcso o\u011flu \u00d6mer<\/p>\n<\/div>\n<\/div>\n<\/td>\n<td>\n<div class=\"layoutArea\">\n<div class=\"column\">\n<p>\u0130ron<\/p>\n<\/div>\n<\/div>\n<\/td>\n<td>\n<div class=\"layoutArea\">\n<div class=\"column\">\n<p>\u0130ftira atmak<\/p>\n<\/div>\n<\/div>\n<\/td>\n<td>\n<div class=\"layoutArea\">\n<div class=\"column\">\n<p>M\u00fclkiye CezaKanunnamesinin 213. Maddesinin 2. F\u0131kras\u0131na g\u00f6re 3 sene s\u00fcreyle k\u00fcrek cezas\u0131, g\u0131yaben (BOA. BEO. SYS- 4299\/322378).<\/p>\n<\/div>\n<\/div>\n<\/td>\n<\/tr>\n<\/tbody>\n<\/table>\n<div class=\"layoutArea\">\n<div class=\"column\">\n<p>Tablo 4-o. K\u00fcrek Cezas\u0131na \u00c7arpt\u0131r\u0131lanlar<\/p>\n<\/div>\n<\/div>\n<table>\n<colgroup>\n<col \/>\n<col \/>\n<col \/>\n<col \/><\/colgroup>\n<tbody>\n<tr>\n<td>\n<div class=\"layoutArea\">\n<div class=\"column\">\n<p>Ki\u015fi ad\u0131<\/p>\n<\/div>\n<\/div>\n<\/td>\n<td>\n<div class=\"layoutArea\">\n<div class=\"column\">\n<p>Nerelioldu\u011fu<\/p>\n<\/div>\n<\/div>\n<\/td>\n<td><img decoding=\"async\" src=\"data:image\/png;base64,iVBORw0KGgoAAAANSUhEUgAAAAEAAAABCAYAAAAfFcSJAAAAAXNSR0IArs4c6QAAAAlwSFlzAAAXEgAAFxIBZ5\/SUgAAAA1JREFUCB1jYGBgsAIAAD8AO+2bAfEAAAAASUVORK5CYII=\" alt=\"page48image1393965888\" width=\"0.479980\" height=\"0.479980\" \/><\/p>\n<div class=\"layoutArea\">\n<div class=\"column\">\n<p>Su\u00e7u (cezan\u0131n gerek\u00e7esi)<\/p>\n<\/div>\n<\/div>\n<\/td>\n<td><img decoding=\"async\" src=\"data:image\/png;base64,iVBORw0KGgoAAAANSUhEUgAAAAEAAAABCAYAAAAfFcSJAAAAAXNSR0IArs4c6QAAAAlwSFlzAAAXEgAAFxIBZ5\/SUgAAAA1JREFUCB1jYGBgSAMAAGsAZ3g+PVkAAAAASUVORK5CYII=\" alt=\"page48image1393970320\" width=\"0.479980\" height=\"0.479980\" \/><\/p>\n<div class=\"layoutArea\">\n<div class=\"column\">\n<p>Verilen Ceza, kanun maddesi ve tebli\u011f \u015fekli<\/p>\n<\/div>\n<\/div>\n<\/td>\n<\/tr>\n<tr>\n<td>\n<div class=\"layoutArea\">\n<div class=\"column\">\n<p>H\u00fcseyin o\u011flu H\u00fcso<\/p>\n<\/div>\n<\/div>\n<\/td>\n<td>\n<div class=\"layoutArea\">\n<div class=\"column\">\n<p>\u0130ron<\/p>\n<\/div>\n<\/div>\n<\/td>\n<td>\n<div class=\"layoutArea\">\n<div class=\"column\">\n<p>\u0130ftira atmak<\/p>\n<\/div>\n<\/div>\n<\/td>\n<td>\n<div class=\"layoutArea\">\n<div class=\"column\">\n<p>M\u00fclkiye CezaKanunnamesinin 213. Maddesinin 2. F\u0131kras\u0131na g\u00f6re 3 sene s\u00fcreyle k\u00fcrek cezas\u0131, karar y\u00fcz\u00fcne okunmu\u015ftur(BOA. BEO. SYS- 4299\/322378).<\/p>\n<\/div>\n<\/div>\n<\/td>\n<\/tr>\n<tr>\n<td>\n<div class=\"layoutArea\">\n<div class=\"column\">\n<p>\u2018Ami o\u011flu Hac\u0131<\/p>\n<\/div>\n<\/div>\n<\/td>\n<td>\n<div class=\"layoutArea\">\n<div class=\"column\">\n<p>P\u0131rna\u015fin K\u00f6y\u00fc<\/p>\n<\/div>\n<\/div>\n<\/td>\n<td><img decoding=\"async\" src=\"data:image\/png;base64,iVBORw0KGgoAAAANSUhEUgAAAAEAAAABCAYAAAAfFcSJAAAAAXNSR0IArs4c6QAAAAlwSFlzAAAXEgAAFxIBZ5\/SUgAAAA1JREFUCB1jYGBgsAIAAD8AO+2bAfEAAAAASUVORK5CYII=\" alt=\"page48image1394007920\" width=\"0.479980\" height=\"0.479980\" \/><\/p>\n<div class=\"layoutArea\">\n<div class=\"column\">\n<p>Silahl\u0131 bir \u015fekilde isyana kat\u0131lmak<\/p>\n<\/div>\n<\/div>\n<\/td>\n<td><img decoding=\"async\" src=\"data:image\/png;base64,iVBORw0KGgoAAAANSUhEUgAAAAEAAAABCAYAAAAfFcSJAAAAAXNSR0IArs4c6QAAAAlwSFlzAAAXEgAAFxIBZ5\/SUgAAAA1JREFUCB1jYGBgsAIAAD8AO+2bAfEAAAAASUVORK5CYII=\" alt=\"page48image1394012240\" width=\"0.479980\" height=\"0.479980\" \/><\/p>\n<div class=\"layoutArea\">\n<div class=\"column\">\n<p>M\u00fclkiye CezaKanunnamesinin 57. Maddesine g\u00f6re 10 sene s\u00fcreyle k\u00fcrek cezas\u0131 te\u015fhirdensonra (BOA. BEO. SYS- 4299\/322374).<\/p>\n<\/div>\n<\/div>\n<\/td>\n<\/tr>\n<tr>\n<td>\n<div class=\"layoutArea\">\n<div class=\"column\">\n<p>Melek o\u011fluTeno<\/p>\n<\/div>\n<\/div>\n<\/td>\n<td>\n<div class=\"layoutArea\">\n<div class=\"column\">\n<p>Mutki\u2019in Mirkoh K\u00f6y\u00fc<\/p>\n<\/div>\n<\/div>\n<\/td>\n<td>\n<div class=\"layoutArea\">\n<div class=\"column\">\n<p>\u0130syan s\u0131ras\u0131nda silahl\u0131olarak Mutki kaza<\/p>\n<\/div>\n<\/div>\n<div class=\"layoutArea\">\n<div class=\"column\">\n<p>merkezineetmek vememurlar\u0131 etmek,<br \/>\nda\u011f\u0131lmas\u0131 kendisi da\u011f\u0131lmak<\/p>\n<\/div>\n<\/div>\n<div class=\"layoutArea\">\n<div class=\"column\">\n<p>h\u00fccummevcuttehdit isyanc\u0131lar\u0131n \u00fczerine<\/p>\n<\/div>\n<\/div>\n<\/td>\n<td>\n<div class=\"layoutArea\">\n<div class=\"column\">\n<p>M\u00fclkiye CezaKanunnamesinin 57. Maddesine g\u00f6re 15 sene s\u00fcreyle k\u00fcrek cezas\u0131 (BOA. BEO. SYS-4315\/323602).<\/p>\n<\/div>\n<\/div>\n<\/td>\n<\/tr>\n<tr>\n<td>\n<div class=\"layoutArea\">\n<div class=\"column\">\n<p>\u0130sa o\u011fluMolla Ahmed<\/p>\n<\/div>\n<\/div>\n<\/td>\n<td>\n<div class=\"layoutArea\">\n<div class=\"column\">\n<p>Mutki\u2019inMirkoh K\u00f6y\u00fc<\/p>\n<\/div>\n<\/div>\n<\/td>\n<td>\n<div class=\"layoutArea\">\n<div class=\"column\">\n<p>\u0130syan s\u0131ras\u0131nda silahl\u0131olarak Mutki kaza<\/p>\n<\/div>\n<\/div>\n<div class=\"layoutArea\">\n<div class=\"column\">\n<p>merkezine<br \/>\netmek vememurlar\u0131<br \/>\netmek, isyanc\u0131lar\u0131n<\/p>\n<\/div>\n<\/div>\n<div class=\"layoutArea\">\n<div class=\"column\">\n<p>h\u00fccummevcuttehdit<\/p>\n<\/div>\n<\/div>\n<\/td>\n<td>\n<div class=\"layoutArea\">\n<div class=\"column\">\n<p>M\u00fclkiye CezaKanunnamesinin 57. Maddesine g\u00f6re 15 sene s\u00fcreyle k\u00fcrek cezas\u0131 (BOA. BEO. SYS-4315\/323602).<\/p>\n<\/div>\n<\/div>\n<\/td>\n<\/tr>\n<\/tbody>\n<\/table>\n<div class=\"layoutArea\">\n<div class=\"column\">\n<p>479<\/p>\n<\/div>\n<\/div>\n<\/div>\n<div class=\"page\" title=\"Page 49\">\n<div class=\"layoutArea\">\n<div class=\"column\">\n<p>Demirta\u015f, M. (2018). 1914 Tarihli Bitlis \u0130syan\u0131n\u0131n Osmanl\u0131 Ar\u015fiv Belgelerindeki Yans\u0131malar\u0131-Cezalar, M\u00fck\u00e2fatlar. BE\u00dc SBE Derg.,7(2), 432-492.<\/p>\n<\/div>\n<\/div>\n<p><img decoding=\"async\" src=\"data:image\/png;base64,iVBORw0KGgoAAAANSUhEUgAAAYkAAAABCAYAAAArSVK8AAAAAXNSR0IArs4c6QAAAAlwSFlzAAAP\/gAAD\/4BstaVKgAAACBJREFUOBFjZGBgqALiUTAaAqMhMBoCoyEwGgLoIXAOAPjwAUoFbTrAAAAAAElFTkSuQmCC\" alt=\"page49image1394161712\" width=\"392.590000\" height=\"0.480000\" \/><\/p>\n<table>\n<colgroup>\n<col \/>\n<col \/>\n<col \/>\n<col \/><\/colgroup>\n<tbody>\n<tr>\n<td><\/td>\n<td><\/td>\n<td>\n<div class=\"layoutArea\">\n<div class=\"column\">\n<p>da\u011f\u0131lmas\u0131 \u00fczerine kendisi da\u011f\u0131lmak<\/p>\n<\/div>\n<\/div>\n<\/td>\n<td><\/td>\n<\/tr>\n<tr>\n<td>\n<div class=\"layoutArea\">\n<div class=\"column\">\n<p>Teno o\u011fluMirzo<\/p>\n<\/div>\n<\/div>\n<\/td>\n<td>\n<div class=\"layoutArea\">\n<div class=\"column\">\n<p>Mutki\u2019in Mirkoh K\u00f6y\u00fc<\/p>\n<\/div>\n<\/div>\n<\/td>\n<td>\n<div class=\"layoutArea\">\n<div class=\"column\">\n<p>\u0130syan s\u0131ras\u0131nda silahl\u0131olarak Mutki kaza<\/p>\n<\/div>\n<\/div>\n<div class=\"layoutArea\">\n<div class=\"column\">\n<p>merkezineetmek vememurlar\u0131 etmek,<br \/>\nda\u011f\u0131lmas\u0131 kendisi da\u011f\u0131lmak<\/p>\n<\/div>\n<\/div>\n<div class=\"layoutArea\">\n<div class=\"column\">\n<p>h\u00fccummevcuttehdit isyanc\u0131lar\u0131n \u00fczerine<\/p>\n<\/div>\n<\/div>\n<\/td>\n<td>\n<div class=\"layoutArea\">\n<div class=\"column\">\n<p>M\u00fclkiye CezaKanunnamesinin 57. Maddesine g\u00f6re 15 sene s\u00fcreyle k\u00fcrek cezas\u0131 (BOA. BEO. SYS-4315\/323602).<\/p>\n<\/div>\n<\/div>\n<\/td>\n<\/tr>\n<tr>\n<td>\n<div class=\"layoutArea\">\n<div class=\"column\">\n<p>\u0130so o\u011fluHasan<\/p>\n<\/div>\n<\/div>\n<\/td>\n<td>\n<div class=\"layoutArea\">\n<div class=\"column\">\n<p>Mutki\u2019ninHoban- Humban (Moban)<\/p>\n<\/div>\n<\/div>\n<\/td>\n<td>\n<div class=\"layoutArea\">\n<div class=\"column\">\n<p>\u0130syan s\u0131ras\u0131nda silahl\u0131olarak Mutki kaza<\/p>\n<\/div>\n<\/div>\n<div class=\"layoutArea\">\n<div class=\"column\">\n<p>merkezineetmek vememurlar\u0131 etmek,<br \/>\nda\u011f\u0131lmas\u0131 kendisi da\u011f\u0131lmak<\/p>\n<\/div>\n<\/div>\n<div class=\"layoutArea\">\n<div class=\"column\">\n<p>h\u00fccummevcuttehdit isyanc\u0131lar\u0131n \u00fczerine<\/p>\n<\/div>\n<\/div>\n<p><img decoding=\"async\" src=\"data:image\/png;base64,iVBORw0KGgoAAAANSUhEUgAAAAEAAAABCAYAAAAfFcSJAAAAAXNSR0IArs4c6QAAAAlwSFlzAAAXEgAAFxIBZ5\/SUgAAAA1JREFUCB1jYGBgsAIAAD8AO+2bAfEAAAAASUVORK5CYII=\" alt=\"page49image1395379216\" width=\"0.479980\" height=\"0.479980\" \/><\/td>\n<td>\n<div class=\"layoutArea\">\n<div class=\"column\">\n<p>M\u00fclkiye CezaKanunnamesinin 57. Maddesine g\u00f6re 15 sene s\u00fcreyle k\u00fcrek cezas\u0131 (BOA. BEO. SYS-4315\/323602).<\/p>\n<\/div>\n<\/div>\n<p><img decoding=\"async\" src=\"data:image\/png;base64,iVBORw0KGgoAAAANSUhEUgAAAAEAAAABCAYAAAAfFcSJAAAAAXNSR0IArs4c6QAAAAlwSFlzAAAXEgAAFxIBZ5\/SUgAAAA1JREFUCB1jYGBgSAMAAGsAZ3g+PVkAAAAASUVORK5CYII=\" alt=\"page49image1396183984\" width=\"0.479980\" height=\"0.479980\" \/><\/td>\n<\/tr>\n<\/tbody>\n<\/table>\n<div class=\"layoutArea\">\n<div class=\"column\">\n<p>Tablo 4-\u00f6. K\u00fcrek Cezas\u0131na \u00c7arpt\u0131r\u0131lanlar<\/p>\n<\/div>\n<\/div>\n<table>\n<colgroup>\n<col \/>\n<col \/>\n<col \/>\n<col \/><\/colgroup>\n<tbody>\n<tr>\n<td>\n<div class=\"layoutArea\">\n<div class=\"column\">\n<p>Ki\u015fi ad\u0131<\/p>\n<\/div>\n<\/div>\n<\/td>\n<td>\n<div class=\"layoutArea\">\n<div class=\"column\">\n<p>Nerelioldu\u011fu<\/p>\n<\/div>\n<\/div>\n<\/td>\n<td><img decoding=\"async\" src=\"data:image\/png;base64,iVBORw0KGgoAAAANSUhEUgAAAAEAAAABCAYAAAAfFcSJAAAAAXNSR0IArs4c6QAAAAlwSFlzAAAXEQAAFxEByibzPwAAAA1JREFUCB1jYGBgsAIAAD8AO+2bAfEAAAAASUVORK5CYII=\" alt=\"page49image1391317840\" width=\"0.480010\" height=\"0.480010\" \/><\/p>\n<div class=\"layoutArea\">\n<div class=\"column\">\n<p>Su\u00e7u (cezan\u0131n gerek\u00e7esi)<\/p>\n<\/div>\n<\/div>\n<\/td>\n<td>\n<div class=\"layoutArea\">\n<div class=\"column\">\n<p>Verilen Ceza, kanun maddesive tebli\u011f \u015fekli<\/p>\n<\/div>\n<\/div>\n<p><img decoding=\"async\" src=\"data:image\/png;base64,iVBORw0KGgoAAAANSUhEUgAAAAEAAAABCAYAAAAfFcSJAAAAAXNSR0IArs4c6QAAAAlwSFlzAAAXEgAAFxIBZ5\/SUgAAAA1JREFUCB1jYGBgsAIAAD8AO+2bAfEAAAAASUVORK5CYII=\" alt=\"page49image1396194160\" width=\"0.479980\" height=\"0.479980\" \/><\/td>\n<\/tr>\n<tr>\n<td>\n<div class=\"layoutArea\">\n<div class=\"column\">\n<p>Nuri o\u011flu Sa\u2018ido<\/p>\n<\/div>\n<\/div>\n<\/td>\n<td>\n<div class=\"layoutArea\">\n<div class=\"column\">\n<p>Mutki\u2019inHoban- Humban (Moban)K\u00f6y\u00fc<\/p>\n<\/div>\n<\/div>\n<\/td>\n<td>\n<div class=\"layoutArea\">\n<div class=\"column\">\n<p>\u0130syan s\u0131ras\u0131nda silahl\u0131olarak Mutki kaza<\/p>\n<\/div>\n<\/div>\n<div class=\"layoutArea\">\n<div class=\"column\">\n<p>merkezineetmek vememurlar\u0131 etmek,<br \/>\nda\u011f\u0131lmas\u0131 kendisi da\u011f\u0131lmak<\/p>\n<\/div>\n<\/div>\n<div class=\"layoutArea\">\n<div class=\"column\">\n<p>h\u00fccummevcuttehdit isyanc\u0131lar\u0131n \u00fczerine<\/p>\n<\/div>\n<\/div>\n<\/td>\n<td>\n<div class=\"layoutArea\">\n<div class=\"column\">\n<p>M\u00fclkiye CezaKanunnamesinin 57. Maddesine g\u00f6re 15 sene s\u00fcreyle k\u00fcrek cezas\u0131 (BOA. BEO. SYS-4315\/323602).<\/p>\n<\/div>\n<\/div>\n<p><img decoding=\"async\" src=\"data:image\/png;base64,iVBORw0KGgoAAAANSUhEUgAAAAEAAAABCAYAAAAfFcSJAAAAAXNSR0IArs4c6QAAAAlwSFlzAAAXEgAAFxIBZ5\/SUgAAAA1JREFUCB1jYGBgsAIAAD8AO+2bAfEAAAAASUVORK5CYII=\" alt=\"page49image1396230096\" width=\"0.479980\" height=\"0.479980\" \/><\/td>\n<\/tr>\n<tr>\n<td>\n<div class=\"layoutArea\">\n<div class=\"column\">\n<p>Mozi o\u011fluAzizo<\/p>\n<\/div>\n<\/div>\n<\/td>\n<td>\n<div class=\"layoutArea\">\n<div class=\"column\">\n<p>Hoban- Humban (Moban)<\/p>\n<\/div>\n<\/div>\n<\/td>\n<td>\n<div class=\"layoutArea\">\n<div class=\"column\">\n<p>\u0130syan s\u0131ras\u0131nda silahl\u0131olarak Mutki kaza<\/p>\n<\/div>\n<\/div>\n<div class=\"layoutArea\">\n<div class=\"column\">\n<p>merkezineetmek vememurlar\u0131 etmek,<br \/>\nda\u011f\u0131lmas\u0131 kendisi da\u011f\u0131lmak<\/p>\n<\/div>\n<\/div>\n<div class=\"layoutArea\">\n<div class=\"column\">\n<p>h\u00fccummevcuttehdit isyanc\u0131lar\u0131n \u00fczerine<\/p>\n<\/div>\n<\/div>\n<\/td>\n<td>\n<div class=\"layoutArea\">\n<div class=\"column\">\n<p>M\u00fclkiye CezaKanunnamesinin 57. Maddesine g\u00f6re 15 sene s\u00fcreyle k\u00fcrek cezas\u0131 (BOA. BEO. SYS-4315\/323602).<\/p>\n<\/div>\n<\/div>\n<\/td>\n<\/tr>\n<tr>\n<td>\n<div class=\"layoutArea\">\n<div class=\"column\">\n<p>\u0130sa Lavo\u015f<\/p>\n<\/div>\n<\/div>\n<\/td>\n<td>\n<div class=\"layoutArea\">\n<div class=\"column\">\n<p>Mutki\u2019ninHoban- Humban (Moban)K\u00f6y\u00fc<\/p>\n<\/div>\n<\/div>\n<\/td>\n<td>\n<div class=\"layoutArea\">\n<div class=\"column\">\n<p>\u0130syan s\u0131ras\u0131nda silahl\u0131olarak Mutki kaza<\/p>\n<\/div>\n<\/div>\n<div class=\"layoutArea\">\n<div class=\"column\">\n<p>merkezineetmek vememurlar\u0131 etmek,<br \/>\nda\u011f\u0131lmas\u0131 kendisi da\u011f\u0131lmak<\/p>\n<\/div>\n<\/div>\n<div class=\"layoutArea\">\n<div class=\"column\">\n<p>h\u00fccummevcuttehdit isyanc\u0131lar\u0131n \u00fczerine<\/p>\n<\/div>\n<\/div>\n<\/td>\n<td><img decoding=\"async\" src=\"data:image\/png;base64,iVBORw0KGgoAAAANSUhEUgAAAAEAAAABCAYAAAAfFcSJAAAAAXNSR0IArs4c6QAAAAlwSFlzAAAXEgAAFxIBZ5\/SUgAAAA1JREFUCB1jYGBgsAIAAD8AO+2bAfEAAAAASUVORK5CYII=\" alt=\"page49image1396908816\" width=\"0.479980\" height=\"0.479980\" \/><\/p>\n<div class=\"layoutArea\">\n<div class=\"column\">\n<p>M\u00fclkiye CezaKanunnamesinin 57. Maddesine g\u00f6re 15 sene s\u00fcreyle k\u00fcrek cezas\u0131 (BOA. BEO. SYS-4315\/323602).<\/p>\n<\/div>\n<\/div>\n<p><img decoding=\"async\" src=\"data:image\/png;base64,iVBORw0KGgoAAAANSUhEUgAAAAEAAAABCAYAAAAfFcSJAAAAAXNSR0IArs4c6QAAAAlwSFlzAAAXEgAAFxIBZ5\/SUgAAAA1JREFUCB1jYGBgSAMAAGsAZ3g+PVkAAAAASUVORK5CYII=\" alt=\"page49image1396919408\" width=\"0.479980\" height=\"0.479980\" \/><\/td>\n<\/tr>\n<\/tbody>\n<\/table>\n<div class=\"layoutArea\">\n<div class=\"column\">\n<p>480<\/p>\n<\/div>\n<\/div>\n<\/div>\n<div class=\"page\" title=\"Page 50\">\n<div class=\"layoutArea\">\n<div class=\"column\">\n<p>Demirta\u015f, M. (2018). 1914 Tarihli Bitlis \u0130syan\u0131n\u0131n Osmanl\u0131 Ar\u015fiv Belgelerindeki Yans\u0131malar\u0131-Cezalar, M\u00fck\u00e2fatlar. BE\u00dc SBE Derg.,7(2), 432-492.<\/p>\n<\/div>\n<\/div>\n<p><img decoding=\"async\" src=\"data:image\/png;base64,iVBORw0KGgoAAAANSUhEUgAAAYkAAAABCAYAAAArSVK8AAAAAXNSR0IArs4c6QAAAAlwSFlzAAAP\/gAAD\/4BstaVKgAAACBJREFUOBFjZGBgqALiUTAaAqMhMBoCoyEwGgLoIXAOAPjwAUoFbTrAAAAAAElFTkSuQmCC\" alt=\"page50image1395414224\" width=\"392.590000\" height=\"0.480000\" \/><\/p>\n<table>\n<colgroup>\n<col \/>\n<col \/>\n<col \/>\n<col \/><\/colgroup>\n<tbody>\n<tr>\n<td>\n<div class=\"layoutArea\">\n<div class=\"column\">\n<p>\u0130so o\u011fluNamo<\/p>\n<\/div>\n<\/div>\n<\/td>\n<td>\n<div class=\"layoutArea\">\n<div class=\"column\">\n<p>Mutki\u2019ninHoban- Humban (Moban)K\u00f6y\u00fc<\/p>\n<\/div>\n<\/div>\n<\/td>\n<td>\n<div class=\"layoutArea\">\n<div class=\"column\">\n<p>\u0130syan s\u0131ras\u0131nda silahl\u0131olarak Mutki kaza<\/p>\n<\/div>\n<\/div>\n<div class=\"layoutArea\">\n<div class=\"column\">\n<p>merkezineetmek vememurlar\u0131 etmek,<br \/>\nda\u011f\u0131lmas\u0131 kendisi da\u011f\u0131lmak<\/p>\n<\/div>\n<\/div>\n<div class=\"layoutArea\">\n<div class=\"column\">\n<p>h\u00fccummevcuttehdit isyanc\u0131lar\u0131n \u00fczerine<\/p>\n<\/div>\n<\/div>\n<p><img decoding=\"async\" src=\"data:image\/png;base64,iVBORw0KGgoAAAANSUhEUgAAAAEAAAABCAYAAAAfFcSJAAAAAXNSR0IArs4c6QAAAAlwSFlzAAAXEQAAFxEByibzPwAAAA1JREFUCB1jYGBgsAIAAD8AO+2bAfEAAAAASUVORK5CYII=\" alt=\"page50image1396786784\" width=\"0.480010\" height=\"0.480010\" \/><\/td>\n<td>\n<div class=\"layoutArea\">\n<div class=\"column\">\n<p>M\u00fclkiye CezaKanunnamesinin 57. Maddesine g\u00f6re 15 sene s\u00fcreyle k\u00fcrek cezas\u0131 (BOA. BEO. SYS-4315\/323602).<\/p>\n<\/div>\n<\/div>\n<\/td>\n<\/tr>\n<tr>\n<td>\n<div class=\"layoutArea\">\n<div class=\"column\">\n<p>Nadir o\u011fluAli<\/p>\n<\/div>\n<\/div>\n<\/td>\n<td>\n<div class=\"layoutArea\">\n<div class=\"column\">\n<p>Mutki\u2019ninHoban- Humban (Moban)K\u00f6y\u00fc<\/p>\n<\/div>\n<\/div>\n<\/td>\n<td>\n<div class=\"layoutArea\">\n<div class=\"column\">\n<p>\u0130syan s\u0131ras\u0131nda silahl\u0131olarak Mutki kaza<\/p>\n<\/div>\n<\/div>\n<div class=\"layoutArea\">\n<div class=\"column\">\n<p>merkezineetmek vememurlar\u0131 etmek,<br \/>\nda\u011f\u0131lmas\u0131 kendisi da\u011f\u0131lmak<\/p>\n<\/div>\n<\/div>\n<div class=\"layoutArea\">\n<div class=\"column\">\n<p>h\u00fccummevcuttehdit isyanc\u0131lar\u0131n \u00fczerine<\/p>\n<\/div>\n<\/div>\n<\/td>\n<td>\n<div class=\"layoutArea\">\n<div class=\"column\">\n<p>M\u00fclkiye CezaKanunnamesinin 57. Maddesine g\u00f6re 15 sene s\u00fcreyle k\u00fcrek cezas\u0131 (BOA. BEO. SYS-4315\/323602).<\/p>\n<\/div>\n<\/div>\n<\/td>\n<\/tr>\n<tr>\n<td>\n<div class=\"layoutArea\">\n<div class=\"column\">\n<p>Ali\u2019nin babas\u0131Nadir<\/p>\n<\/div>\n<\/div>\n<\/td>\n<td>\n<div class=\"layoutArea\">\n<div class=\"column\">\n<p>Mutki\u2019ninHoban- Humban (Moban)K\u00f6y\u00fc<\/p>\n<\/div>\n<\/div>\n<\/td>\n<td><img decoding=\"async\" src=\"data:image\/png;base64,iVBORw0KGgoAAAANSUhEUgAAAAEAAAABCAYAAAAfFcSJAAAAAXNSR0IArs4c6QAAAAlwSFlzAAAXEQAAFxEByibzPwAAAA1JREFUCB1jYGBgsAIAAD8AO+2bAfEAAAAASUVORK5CYII=\" alt=\"page50image1396287504\" width=\"0.480010\" height=\"0.480010\" \/>\u00a0<img decoding=\"async\" src=\"data:image\/png;base64,iVBORw0KGgoAAAANSUhEUgAAAAEAAABmCAYAAAAK5PtrAAAAAXNSR0IArs4c6QAAAAlwSFlzAAAQAwAAEAMBPCQIdwAAABlJREFUGBljYGBg8GUCEroggmGUGElh8AEAvHYCNYSrmpAAAAAASUVORK5CYII=\" alt=\"page50image1396287696\" width=\"0.480010\" height=\"101.640000\" \/><\/p>\n<div class=\"layoutArea\">\n<div class=\"column\">\n<p>\u0130syan s\u0131ras\u0131nda silahl\u0131olarak Mutki kaza<\/p>\n<\/div>\n<\/div>\n<div class=\"layoutArea\">\n<div class=\"column\">\n<p>merkezineetmek vememurlar\u0131 etmek,<br \/>\nda\u011f\u0131lmas\u0131 kendisi da\u011f\u0131lmak<\/p>\n<\/div>\n<\/div>\n<div class=\"layoutArea\">\n<div class=\"column\">\n<p>h\u00fccummevcuttehdit isyanc\u0131lar\u0131n \u00fczerine<\/p>\n<\/div>\n<\/div>\n<\/td>\n<td>\n<div class=\"layoutArea\">\n<div class=\"column\">\n<p>M\u00fclkiye CezaKanunnamesinin 57. Maddesine g\u00f6re 15 sene s\u00fcreyle k\u00fcrek cezas\u0131 (BOA. BEO. SYS-4315\/323602).<\/p>\n<\/div>\n<\/div>\n<\/td>\n<\/tr>\n<\/tbody>\n<\/table>\n<div class=\"layoutArea\">\n<div class=\"column\">\n<p>Tablo 4-p. K\u00fcrek Cezas\u0131na \u00c7arpt\u0131r\u0131lanlar<\/p>\n<\/div>\n<\/div>\n<table>\n<colgroup>\n<col \/>\n<col \/>\n<col \/>\n<col \/><\/colgroup>\n<tbody>\n<tr>\n<td>\n<div class=\"layoutArea\">\n<div class=\"column\">\n<p>Ki\u015fi ad\u0131<\/p>\n<\/div>\n<\/div>\n<\/td>\n<td>\n<div class=\"layoutArea\">\n<div class=\"column\">\n<p>Nerelioldu\u011fu<\/p>\n<\/div>\n<\/div>\n<\/td>\n<td><img decoding=\"async\" src=\"data:image\/png;base64,iVBORw0KGgoAAAANSUhEUgAAAAEAAAABCAYAAAAfFcSJAAAAAXNSR0IArs4c6QAAAAlwSFlzAAAXEQAAFxEByibzPwAAAA1JREFUCB1jYGBgsAIAAD8AO+2bAfEAAAAASUVORK5CYII=\" alt=\"page50image1395447680\" width=\"0.480010\" height=\"0.480010\" \/><\/p>\n<div class=\"layoutArea\">\n<div class=\"column\">\n<p>Su\u00e7u (cezan\u0131n gerek\u00e7esi)<\/p>\n<\/div>\n<\/div>\n<p><img decoding=\"async\" src=\"data:image\/png;base64,iVBORw0KGgoAAAANSUhEUgAAAAEAAAABCAYAAAAfFcSJAAAAAXNSR0IArs4c6QAAAAlwSFlzAAAXEQAAFxEByibzPwAAAA1JREFUCB1jYGBgsAIAAD8AO+2bAfEAAAAASUVORK5CYII=\" alt=\"page50image1395453360\" width=\"0.480010\" height=\"0.480010\" \/><\/td>\n<td>\n<div class=\"layoutArea\">\n<div class=\"column\">\n<p>Verilen Ceza, kanun maddesive tebli\u011f \u015fekli<\/p>\n<\/div>\n<\/div>\n<\/td>\n<\/tr>\n<tr>\n<td>\n<div class=\"layoutArea\">\n<div class=\"column\">\n<p>Mozi o\u011fluAzizo<\/p>\n<\/div>\n<\/div>\n<\/td>\n<td>\n<div class=\"layoutArea\">\n<div class=\"column\">\n<p>Hoban- Humban (Moban)K\u00f6y\u00fc<\/p>\n<\/div>\n<\/div>\n<\/td>\n<td>\n<div class=\"layoutArea\">\n<div class=\"column\">\n<p>\u0130syan s\u0131ras\u0131nda silahl\u0131olarak Mutki kaza<\/p>\n<\/div>\n<\/div>\n<div class=\"layoutArea\">\n<div class=\"column\">\n<p>merkezineetmek vememurlar\u0131 etmek,<br \/>\nda\u011f\u0131lmas\u0131 kendisi da\u011f\u0131lmak<\/p>\n<\/div>\n<\/div>\n<div class=\"layoutArea\">\n<div class=\"column\">\n<p>h\u00fccummevcuttehdit isyanc\u0131lar\u0131n \u00fczerine<\/p>\n<\/div>\n<\/div>\n<\/td>\n<td>\n<div class=\"layoutArea\">\n<div class=\"column\">\n<p>M\u00fclkiye CezaKanunnamesinin 57. Maddesine g\u00f6re 15 sene s\u00fcreyle k\u00fcrek cezas\u0131 (BOA. BEO. SYS-4315\/323602).<\/p>\n<\/div>\n<\/div>\n<\/td>\n<\/tr>\n<tr>\n<td>\n<div class=\"layoutArea\">\n<div class=\"column\">\n<p>\u0130sa Lavo\u015f<\/p>\n<\/div>\n<\/div>\n<\/td>\n<td>\n<div class=\"layoutArea\">\n<div class=\"column\">\n<p>Mutki\u2019ninHoban- Humban (Moban)K\u00f6y\u00fc<\/p>\n<\/div>\n<\/div>\n<\/td>\n<td>\n<div class=\"layoutArea\">\n<div class=\"column\">\n<p>\u0130syan s\u0131ras\u0131nda silahl\u0131olarak Mutki kaza<\/p>\n<\/div>\n<\/div>\n<div class=\"layoutArea\">\n<div class=\"column\">\n<p>merkezineetmek vememurlar\u0131 etmek,<br \/>\nda\u011f\u0131lmas\u0131 kendisi da\u011f\u0131lmak<\/p>\n<\/div>\n<\/div>\n<div class=\"layoutArea\">\n<div class=\"column\">\n<p>h\u00fccummevcuttehdit isyanc\u0131lar\u0131n \u00fczerine<\/p>\n<\/div>\n<\/div>\n<\/td>\n<td><img decoding=\"async\" src=\"data:image\/png;base64,iVBORw0KGgoAAAANSUhEUgAAAAEAAAABCAYAAAAfFcSJAAAAAXNSR0IArs4c6QAAAAlwSFlzAAAXEgAAFxIBZ5\/SUgAAAA1JREFUCB1jYGBgsAIAAD8AO+2bAfEAAAAASUVORK5CYII=\" alt=\"page50image1395519136\" width=\"0.479980\" height=\"0.479980\" \/><\/p>\n<div class=\"layoutArea\">\n<div class=\"column\">\n<p>M\u00fclkiye CezaKanunnamesinin 57. Maddesine g\u00f6re 15 sene s\u00fcreyle k\u00fcrek cezas\u0131 (BOA. BEO. SYS-4315\/323602).<\/p>\n<\/div>\n<\/div>\n<\/td>\n<\/tr>\n<tr>\n<td>\n<div class=\"layoutArea\">\n<div class=\"column\">\n<p>\u0130so o\u011fluNamo<\/p>\n<\/div>\n<\/div>\n<\/td>\n<td>\n<div class=\"layoutArea\">\n<div class=\"column\">\n<p>Mutki\u2019ninHoban-<\/p>\n<\/div>\n<\/div>\n<\/td>\n<td>\n<div class=\"layoutArea\">\n<div class=\"column\">\n<p>\u0130syan s\u0131ras\u0131nda silahl\u0131olarak Mutki kaza<\/p>\n<\/div>\n<\/div>\n<\/td>\n<td><img decoding=\"async\" src=\"data:image\/png;base64,iVBORw0KGgoAAAANSUhEUgAAAAEAAAABCAYAAAAfFcSJAAAAAXNSR0IArs4c6QAAAAlwSFlzAAAXEgAAFxIBZ5\/SUgAAAA1JREFUCB1jYGBgsAIAAD8AO+2bAfEAAAAASUVORK5CYII=\" alt=\"page50image1395545440\" width=\"0.479980\" height=\"0.479980\" \/><\/p>\n<div class=\"layoutArea\">\n<div class=\"column\">\n<p>M\u00fclkiye CezaKanunnamesinin 57.<\/p>\n<\/div>\n<\/div>\n<p><img decoding=\"async\" src=\"data:image\/png;base64,iVBORw0KGgoAAAANSUhEUgAAAAEAAAABCAYAAAAfFcSJAAAAAXNSR0IArs4c6QAAAAlwSFlzAAAXEgAAFxIBZ5\/SUgAAAA1JREFUCB1jYGBgSAMAAGsAZ3g+PVkAAAAASUVORK5CYII=\" alt=\"page50image1395550032\" width=\"0.479980\" height=\"0.479980\" \/><\/td>\n<\/tr>\n<\/tbody>\n<\/table>\n<div class=\"layoutArea\">\n<div class=\"column\">\n<p>481<\/p>\n<\/div>\n<\/div>\n<\/div>\n<div class=\"page\" title=\"Page 51\">\n<div class=\"layoutArea\">\n<div class=\"column\">\n<p>Demirta\u015f, M. (2018). 1914 Tarihli Bitlis \u0130syan\u0131n\u0131n Osmanl\u0131 Ar\u015fiv Belgelerindeki Yans\u0131malar\u0131-Cezalar, M\u00fck\u00e2fatlar. BE\u00dc SBE Derg.,7(2), 432-492.<\/p>\n<\/div>\n<\/div>\n<p><img decoding=\"async\" src=\"data:image\/png;base64,iVBORw0KGgoAAAANSUhEUgAAAYkAAAABCAYAAAArSVK8AAAAAXNSR0IArs4c6QAAAAlwSFlzAAAP\/gAAD\/4BstaVKgAAACBJREFUOBFjZGBgqALiUTAaAqMhMBoCoyEwGgLoIXAOAPjwAUoFbTrAAAAAAElFTkSuQmCC\" alt=\"page51image1397008000\" width=\"392.590000\" height=\"0.480000\" \/><\/p>\n<table>\n<colgroup>\n<col \/>\n<col \/>\n<col \/>\n<col \/><\/colgroup>\n<tbody>\n<tr>\n<td><\/td>\n<td>\n<div class=\"layoutArea\">\n<div class=\"column\">\n<p>Humban (Moban)K\u00f6y\u00fc<\/p>\n<\/div>\n<\/div>\n<\/td>\n<td>\n<div class=\"layoutArea\">\n<div class=\"column\">\n<p>merkezineetmek vememurlar\u0131 etmek,<br \/>\nda\u011f\u0131lmas\u0131 kendisi da\u011f\u0131lmak<\/p>\n<\/div>\n<\/div>\n<div class=\"layoutArea\">\n<div class=\"column\">\n<p>h\u00fccummevcuttehdit isyanc\u0131lar\u0131n \u00fczerine<\/p>\n<\/div>\n<\/div>\n<\/td>\n<td>\n<div class=\"layoutArea\">\n<div class=\"column\">\n<p>Maddesine g\u00f6re 15 sene s\u00fcreyle k\u00fcrek cezas\u0131 (BOA. BEO. SYS-4315\/323602).<\/p>\n<\/div>\n<\/div>\n<\/td>\n<\/tr>\n<tr>\n<td>\n<div class=\"layoutArea\">\n<div class=\"column\">\n<p>Nadir o\u011fluAli<\/p>\n<\/div>\n<\/div>\n<\/td>\n<td>\n<div class=\"layoutArea\">\n<div class=\"column\">\n<p>Mutki\u2019ninHoban- Humban (Moban)K\u00f6y\u00fc<\/p>\n<\/div>\n<\/div>\n<\/td>\n<td>\n<div class=\"layoutArea\">\n<div class=\"column\">\n<p>\u0130syan s\u0131ras\u0131nda silahl\u0131olarak Mutki kaza<\/p>\n<\/div>\n<\/div>\n<div class=\"layoutArea\">\n<div class=\"column\">\n<p>merkezineetmek vememurlar\u0131etmek,<br \/>\nda\u011f\u0131lmas\u0131 kendisi da\u011f\u0131lmak<\/p>\n<\/div>\n<\/div>\n<div class=\"layoutArea\">\n<div class=\"column\">\n<p>h\u00fccummevcuttehdit isyanc\u0131lar\u0131n \u00fczerine<\/p>\n<\/div>\n<\/div>\n<\/td>\n<td>\n<div class=\"layoutArea\">\n<div class=\"column\">\n<p>M\u00fclkiye CezaKanunnamesinin 57. Maddesine g\u00f6re 15 sene s\u00fcreyle k\u00fcrek cezas\u0131 (BOA. BEO. SYS-4315\/323602).<\/p>\n<\/div>\n<\/div>\n<\/td>\n<\/tr>\n<tr>\n<td>\n<div class=\"layoutArea\">\n<div class=\"column\">\n<p>Ali\u2019nin babas\u0131Nadir<\/p>\n<\/div>\n<\/div>\n<\/td>\n<td>\n<div class=\"layoutArea\">\n<div class=\"column\">\n<p>Mutki\u2019ninHoban- Humban (Moban)K\u00f6y\u00fc<\/p>\n<\/div>\n<\/div>\n<\/td>\n<td><img decoding=\"async\" src=\"data:image\/png;base64,iVBORw0KGgoAAAANSUhEUgAAAAEAAABmCAYAAAAK5PtrAAAAAXNSR0IArs4c6QAAAAlwSFlzAAAQAAAAEAABkZ0pGgAAABlJREFUGBljYGBgiGECEnIggmGUGElh8AEAvMECNXWIXvEAAAAASUVORK5CYII=\" alt=\"page51image1396344672\" width=\"0.480010\" height=\"101.760000\" \/><\/p>\n<div class=\"layoutArea\">\n<div class=\"column\">\n<p>\u0130syan s\u0131ras\u0131nda silahl\u0131olarak Mutki kaza<\/p>\n<\/div>\n<\/div>\n<div class=\"layoutArea\">\n<div class=\"column\">\n<p>merkezineetmek vememurlar\u0131 etmek,<br \/>\nda\u011f\u0131lmas\u0131 kendisi da\u011f\u0131lmak<\/p>\n<\/div>\n<\/div>\n<div class=\"layoutArea\">\n<div class=\"column\">\n<p>h\u00fccummevcuttehdit isyanc\u0131lar\u0131n \u00fczerine<\/p>\n<\/div>\n<\/div>\n<\/td>\n<td>\n<div class=\"layoutArea\">\n<div class=\"column\">\n<p>M\u00fclkiye CezaKanunnamesinin 57. Maddesine g\u00f6re 15 sene s\u00fcreyle k\u00fcrek cezas\u0131 (BOA. BEO. SYS-4315\/323602).<\/p>\n<\/div>\n<\/div>\n<\/td>\n<\/tr>\n<\/tbody>\n<\/table>\n<div class=\"layoutArea\">\n<div class=\"column\">\n<p>Tablo 4-r. K\u00fcrek Cezas\u0131na \u00c7arpt\u0131r\u0131lanlar<\/p>\n<\/div>\n<\/div>\n<table>\n<colgroup>\n<col \/>\n<col \/>\n<col \/>\n<col \/><\/colgroup>\n<tbody>\n<tr>\n<td>\n<div class=\"layoutArea\">\n<div class=\"column\">\n<p>Ki\u015fi ad\u0131<\/p>\n<\/div>\n<\/div>\n<\/td>\n<td>\n<div class=\"layoutArea\">\n<div class=\"column\">\n<p>Nerelioldu\u011fu<\/p>\n<\/div>\n<\/div>\n<p><img decoding=\"async\" src=\"data:image\/png;base64,iVBORw0KGgoAAAANSUhEUgAAAAEAAAABCAYAAAAfFcSJAAAAAXNSR0IArs4c6QAAAAlwSFlzAAAXEQAAFxEByibzPwAAAA1JREFUCB1jYGBgsAIAAD8AO+2bAfEAAAAASUVORK5CYII=\" alt=\"page51image1396377488\" width=\"0.480010\" height=\"0.480010\" \/><\/td>\n<td><img decoding=\"async\" src=\"data:image\/png;base64,iVBORw0KGgoAAAANSUhEUgAAAAEAAAABCAYAAAAfFcSJAAAAAXNSR0IArs4c6QAAAAlwSFlzAAAXEgAAFxIBZ5\/SUgAAAA1JREFUCB1jYGBgsAIAAD8AO+2bAfEAAAAASUVORK5CYII=\" alt=\"page51image1396378096\" width=\"0.479980\" height=\"0.479980\" \/><\/p>\n<div class=\"layoutArea\">\n<div class=\"column\">\n<p>Su\u00e7u (cezan\u0131n gerek\u00e7esi)<\/p>\n<\/div>\n<\/div>\n<\/td>\n<td><img decoding=\"async\" src=\"data:image\/png;base64,iVBORw0KGgoAAAANSUhEUgAAAAEAAAABCAYAAAAfFcSJAAAAAXNSR0IArs4c6QAAAAlwSFlzAAAXEgAAFxIBZ5\/SUgAAAA1JREFUCB1jYGBgSAMAAGsAZ3g+PVkAAAAASUVORK5CYII=\" alt=\"page51image1397039424\" width=\"0.479980\" height=\"0.479980\" \/><\/p>\n<div class=\"layoutArea\">\n<div class=\"column\">\n<p>Verilen Ceza, kanun maddesi ve tebli\u011f \u015fekli<\/p>\n<\/div>\n<\/div>\n<\/td>\n<\/tr>\n<tr>\n<td>\n<div class=\"layoutArea\">\n<div class=\"column\">\n<p>\u015e\u0131blo o\u011fluHamdo<\/p>\n<\/div>\n<\/div>\n<\/td>\n<td>\n<div class=\"layoutArea\">\n<div class=\"column\">\n<p>Mutki\u2019ninHoban- Humban (Moban)K\u00f6y\u00fc<\/p>\n<\/div>\n<\/div>\n<\/td>\n<td>\n<div class=\"layoutArea\">\n<div class=\"column\">\n<p>\u0130syan s\u0131ras\u0131nda silahl\u0131olarak Mutki kazamerkezine h\u00fccumetmek ve mevcut<\/p>\n<\/div>\n<\/div>\n<div class=\"layoutArea\">\n<div class=\"column\">\n<p>memurlar\u0131 etmek,<br \/>\nda\u011f\u0131lmas\u0131 kendisi da\u011f\u0131lmak<\/p>\n<\/div>\n<\/div>\n<div class=\"layoutArea\">\n<div class=\"column\">\n<p>tehdit isyanc\u0131lar\u0131n \u00fczerine<\/p>\n<\/div>\n<\/div>\n<\/td>\n<td>\n<div class=\"layoutArea\">\n<div class=\"column\">\n<p>M\u00fclkiye CezaKanunnamesinin 57. Maddesine g\u00f6re 15 sene s\u00fcreyle k\u00fcrek cezas\u0131 (BOA. BEO. SYS-4315\/323602).<\/p>\n<\/div>\n<\/div>\n<\/td>\n<\/tr>\n<tr>\n<td>\n<div class=\"layoutArea\">\n<div class=\"column\">\n<p>Mehmedo\u011flu Ali<\/p>\n<\/div>\n<\/div>\n<\/td>\n<td>\n<div class=\"layoutArea\">\n<div class=\"column\">\n<p>Mutki\u2019ninHoban- Humban (Moban)K\u00f6y\u00fc<\/p>\n<\/div>\n<\/div>\n<\/td>\n<td>\n<div class=\"layoutArea\">\n<div class=\"column\">\n<p>\u0130syan s\u0131ras\u0131nda silahl\u0131olarak Mutki kazamerkezine h\u00fccumetmek ve mevcut<\/p>\n<\/div>\n<\/div>\n<div class=\"layoutArea\">\n<div class=\"column\">\n<p>memurlar\u0131 etmek,<br \/>\nda\u011f\u0131lmas\u0131 kendisi da\u011f\u0131lmak<\/p>\n<\/div>\n<\/div>\n<div class=\"layoutArea\">\n<div class=\"column\">\n<p>tehdit isyanc\u0131lar\u0131n \u00fczerine<\/p>\n<\/div>\n<\/div>\n<\/td>\n<td>\n<div class=\"layoutArea\">\n<div class=\"column\">\n<p>M\u00fclkiye CezaKanunnamesinin 57. Maddesine g\u00f6re 15 sene s\u00fcreyle k\u00fcrek cezas\u0131 (BOA. BEO. SYS-4315\/323602).<\/p>\n<\/div>\n<\/div>\n<\/td>\n<\/tr>\n<tr>\n<td>\n<div class=\"layoutArea\">\n<div class=\"column\">\n<p>Kalem o\u011flu \u015eakir<\/p>\n<\/div>\n<\/div>\n<\/td>\n<td>\n<div class=\"layoutArea\">\n<div class=\"column\">\n<p>Mutki\u2019ninHoban- Humban<\/p>\n<\/div>\n<\/div>\n<\/td>\n<td><img decoding=\"async\" src=\"data:image\/png;base64,iVBORw0KGgoAAAANSUhEUgAAAAEAAAABCAYAAAAfFcSJAAAAAXNSR0IArs4c6QAAAAlwSFlzAAAXEgAAFxIBZ5\/SUgAAAA1JREFUCB1jYGBgsAIAAD8AO+2bAfEAAAAASUVORK5CYII=\" alt=\"page51image1397124896\" width=\"0.479980\" height=\"0.479980\" \/><\/p>\n<div class=\"layoutArea\">\n<div class=\"column\">\n<p>\u0130syan s\u0131ras\u0131nda silahl\u0131olarak Mutki kazamerkezine h\u00fccum<\/p>\n<\/div>\n<\/div>\n<p><img decoding=\"async\" src=\"data:image\/png;base64,iVBORw0KGgoAAAANSUhEUgAAAAEAAAABCAYAAAAfFcSJAAAAAXNSR0IArs4c6QAAAAlwSFlzAAAXEgAAFxIBZ5\/SUgAAAA1JREFUCB1jYGBgsAIAAD8AO+2bAfEAAAAASUVORK5CYII=\" alt=\"page51image1397131872\" width=\"0.479980\" height=\"0.479980\" \/><\/td>\n<td><img decoding=\"async\" src=\"data:image\/png;base64,iVBORw0KGgoAAAANSUhEUgAAAAEAAAABCAYAAAAfFcSJAAAAAXNSR0IArs4c6QAAAAlwSFlzAAAXEgAAFxIBZ5\/SUgAAAA1JREFUCB1jYGBgsAIAAD8AO+2bAfEAAAAASUVORK5CYII=\" alt=\"page51image1397132448\" width=\"0.479980\" height=\"0.479980\" \/><\/p>\n<div class=\"layoutArea\">\n<div class=\"column\">\n<p>M\u00fclkiye CezaKanunnamesinin 57. Maddesine g\u00f6re 15 sene<\/p>\n<\/div>\n<\/div>\n<p><img decoding=\"async\" src=\"data:image\/png;base64,iVBORw0KGgoAAAANSUhEUgAAAAEAAAABCAYAAAAfFcSJAAAAAXNSR0IArs4c6QAAAAlwSFlzAAAXEgAAFxIBZ5\/SUgAAAA1JREFUCB1jYGBgSAMAAGsAZ3g+PVkAAAAASUVORK5CYII=\" alt=\"page51image1397139040\" width=\"0.479980\" height=\"0.479980\" \/><\/td>\n<\/tr>\n<\/tbody>\n<\/table>\n<div class=\"layoutArea\">\n<div class=\"column\">\n<p>482<\/p>\n<\/div>\n<\/div>\n<\/div>\n<div class=\"page\" title=\"Page 52\">\n<div class=\"layoutArea\">\n<div class=\"column\">\n<p>Demirta\u015f, M. (2018). 1914 Tarihli Bitlis \u0130syan\u0131n\u0131n Osmanl\u0131 Ar\u015fiv Belgelerindeki Yans\u0131malar\u0131-Cezalar, M\u00fck\u00e2fatlar. BE\u00dc SBE Derg.,7(2), 432-492.<\/p>\n<\/div>\n<\/div>\n<p><img decoding=\"async\" src=\"data:image\/png;base64,iVBORw0KGgoAAAANSUhEUgAAAYkAAAABCAYAAAArSVK8AAAAAXNSR0IArs4c6QAAAAlwSFlzAAAP\/gAAD\/4BstaVKgAAACBJREFUOBFjZGBgqALiUTAaAqMhMBoCoyEwGgLoIXAOAPjwAUoFbTrAAAAAAElFTkSuQmCC\" alt=\"page52image1397346064\" width=\"392.590000\" height=\"0.480000\" \/><\/p>\n<table>\n<colgroup>\n<col \/>\n<col \/>\n<col \/>\n<col \/><\/colgroup>\n<tbody>\n<tr>\n<td><\/td>\n<td>\n<div class=\"layoutArea\">\n<div class=\"column\">\n<p>(Moban)K\u00f6y\u00fc<\/p>\n<\/div>\n<\/div>\n<p><img decoding=\"async\" src=\"data:image\/png;base64,iVBORw0KGgoAAAANSUhEUgAAAAEAAAABCAYAAAAfFcSJAAAAAXNSR0IArs4c6QAAAAlwSFlzAAAXEQAAFxEByibzPwAAAA1JREFUCB1jYGBgsAIAAD8AO+2bAfEAAAAASUVORK5CYII=\" alt=\"page52image1397354064\" width=\"0.480010\" height=\"0.480010\" \/><\/td>\n<td>\n<div class=\"layoutArea\">\n<div class=\"column\">\n<p>etmek ve mevcut<\/p>\n<\/div>\n<\/div>\n<div class=\"layoutArea\">\n<div class=\"column\">\n<p>memurlar\u0131 etmek,<br \/>\nda\u011f\u0131lmas\u0131 kendisi da\u011f\u0131lmak<\/p>\n<\/div>\n<\/div>\n<div class=\"layoutArea\">\n<div class=\"column\">\n<p>tehdit isyanc\u0131lar\u0131n \u00fczerine<\/p>\n<\/div>\n<\/div>\n<\/td>\n<td>\n<div class=\"layoutArea\">\n<div class=\"column\">\n<p>s\u00fcreyle k\u00fcrek cezas\u0131 (BOA. BEO. SYS-4315\/323602).<\/p>\n<\/div>\n<\/div>\n<\/td>\n<\/tr>\n<tr>\n<td>\n<div class=\"layoutArea\">\n<div class=\"column\">\n<p>Ebuzir o\u011fluKodlad<\/p>\n<\/div>\n<\/div>\n<\/td>\n<td>\n<div class=\"layoutArea\">\n<div class=\"column\">\n<p>Mutki\u2019ninHoban- Humban (Moban)K\u00f6y\u00fc<\/p>\n<\/div>\n<\/div>\n<\/td>\n<td>\n<div class=\"layoutArea\">\n<div class=\"column\">\n<p>\u0130syan s\u0131ras\u0131nda silahl\u0131olarak Mutki kazamerkezine h\u00fccumetmek ve mevcut<\/p>\n<\/div>\n<\/div>\n<div class=\"layoutArea\">\n<div class=\"column\">\n<p>memurlar\u0131 etmek,<br \/>\nda\u011f\u0131lmas\u0131 kendisi da\u011f\u0131lmak<\/p>\n<\/div>\n<\/div>\n<div class=\"layoutArea\">\n<div class=\"column\">\n<p>tehdit isyanc\u0131lar\u0131n \u00fczerine<\/p>\n<\/div>\n<\/div>\n<\/td>\n<td>\n<div class=\"layoutArea\">\n<div class=\"column\">\n<p>M\u00fclkiye CezaKanunnamesinin 57. Maddesine g\u00f6re 15 sene s\u00fcreyle k\u00fcrek cezas\u0131 (BOA. BEO. SYS-4315\/323602).<\/p>\n<\/div>\n<\/div>\n<\/td>\n<\/tr>\n<tr>\n<td>\n<div class=\"layoutArea\">\n<div class=\"column\">\n<p>ve Aliko bin Namo ve<\/p>\n<\/div>\n<\/div>\n<\/td>\n<td>\n<div class=\"layoutArea\">\n<div class=\"column\">\n<p>Mutki\u2019ninHoban- Humban (Moban)K\u00f6y\u00fc<\/p>\n<\/div>\n<\/div>\n<p><img decoding=\"async\" src=\"data:image\/png;base64,iVBORw0KGgoAAAANSUhEUgAAAAEAAAABCAYAAAAfFcSJAAAAAXNSR0IArs4c6QAAAAlwSFlzAAAXEQAAFxEByibzPwAAAA1JREFUCB1jYGBgsAIAAD8AO+2bAfEAAAAASUVORK5CYII=\" alt=\"page52image1397417968\" width=\"0.480010\" height=\"0.480010\" \/><\/td>\n<td>\n<div class=\"layoutArea\">\n<div class=\"column\">\n<p>\u0130syan s\u0131ras\u0131nda silahl\u0131olarak Mutki kazamerkezine h\u00fccumetmek ve mevcut<\/p>\n<\/div>\n<\/div>\n<div class=\"layoutArea\">\n<div class=\"column\">\n<p>memurlar\u0131 etmek,<br \/>\nda\u011f\u0131lmas\u0131 kendisi da\u011f\u0131lmak<\/p>\n<\/div>\n<\/div>\n<div class=\"layoutArea\">\n<div class=\"column\">\n<p>tehdit isyanc\u0131lar\u0131n \u00fczerine<\/p>\n<\/div>\n<\/div>\n<\/td>\n<td>\n<div class=\"layoutArea\">\n<div class=\"column\">\n<p>M\u00fclkiye Ceza Kanunnamesinin 57. Maddesine g\u00f6re 15 sene s\u00fcreyle k\u00fcrek cezas\u0131 (BOA. BEO. SYS-4315\/323602).<\/p>\n<\/div>\n<\/div>\n<\/td>\n<\/tr>\n<tr>\n<td>\n<div class=\"layoutArea\">\n<div class=\"column\">\n<p>\u00d6mer<\/p>\n<\/div>\n<\/div>\n<\/td>\n<td><img decoding=\"async\" src=\"data:image\/png;base64,iVBORw0KGgoAAAANSUhEUgAAAAEAAABmCAYAAAAK5PtrAAAAAXNSR0IArs4c6QAAAAlwSFlzAAAQAAAAEAABkZ0pGgAAABlJREFUGBljYGBgiGcCEtIggmGUGElh8AEAvNACNaBS5RYAAAAASUVORK5CYII=\" alt=\"page52image1396391104\" width=\"0.480010\" height=\"101.780000\" \/><\/p>\n<div class=\"layoutArea\">\n<div class=\"column\">\n<p>\u015ein K\u00f6y\u00fcnden<\/p>\n<\/div>\n<\/div>\n<\/td>\n<td>\n<div class=\"layoutArea\">\n<div class=\"column\">\n<p>\u0130syan s\u0131ras\u0131nda silahl\u0131olarak Mutki kazamerkezine h\u00fccumetmek ve mevcut<\/p>\n<\/div>\n<\/div>\n<div class=\"layoutArea\">\n<div class=\"column\">\n<p>memurlar\u0131 etmek,<br \/>\nda\u011f\u0131lmas\u0131kendisi da\u011f\u0131lmak<\/p>\n<\/div>\n<\/div>\n<div class=\"layoutArea\">\n<div class=\"column\">\n<p>tehdit isyanc\u0131lar\u0131n \u00fczerine<\/p>\n<\/div>\n<\/div>\n<\/td>\n<td>\n<div class=\"layoutArea\">\n<div class=\"column\">\n<p>M\u00fclkiye CezaKanunnamesinin 57. Maddesine g\u00f6re 15 sene s\u00fcreyle k\u00fcrek cezas\u0131 (BOA. BEO. SYS-4315\/323602).<\/p>\n<\/div>\n<\/div>\n<\/td>\n<\/tr>\n<\/tbody>\n<\/table>\n<div class=\"layoutArea\">\n<div class=\"column\">\n<p>Tablo 4-s. K\u00fcrek Cezas\u0131na \u00c7arpt\u0131r\u0131lanlar<\/p>\n<\/div>\n<\/div>\n<table>\n<colgroup>\n<col \/>\n<col \/>\n<col \/>\n<col \/><\/colgroup>\n<tbody>\n<tr>\n<td>\n<div class=\"layoutArea\">\n<div class=\"column\">\n<p>Ki\u015fi ad\u0131<\/p>\n<\/div>\n<\/div>\n<\/td>\n<td>\n<div class=\"layoutArea\">\n<div class=\"column\">\n<p>Nerelioldu\u011fu<\/p>\n<\/div>\n<\/div>\n<\/td>\n<td>\n<div class=\"layoutArea\">\n<div class=\"column\">\n<p>Su\u00e7u (cezan\u0131n gerek\u00e7esi)<\/p>\n<\/div>\n<\/div>\n<\/td>\n<td><img decoding=\"async\" src=\"data:image\/png;base64,iVBORw0KGgoAAAANSUhEUgAAAAEAAAABCAYAAAAfFcSJAAAAAXNSR0IArs4c6QAAAAlwSFlzAAAXEgAAFxIBZ5\/SUgAAAA1JREFUCB1jYGBgSAMAAGsAZ3g+PVkAAAAASUVORK5CYII=\" alt=\"page52image1396440624\" width=\"0.479980\" height=\"0.479980\" \/><\/p>\n<div class=\"layoutArea\">\n<div class=\"column\">\n<p>Verilen Ceza, kanun maddesi ve tebli\u011f \u015fekli<\/p>\n<\/div>\n<\/div>\n<p><img decoding=\"async\" src=\"data:image\/png;base64,iVBORw0KGgoAAAANSUhEUgAAAAEAAAABCAYAAAAfFcSJAAAAAXNSR0IArs4c6QAAAAlwSFlzAAAXEgAAFxIBZ5\/SUgAAAA1JREFUCB1jYGBgsAIAAD8AO+2bAfEAAAAASUVORK5CYII=\" alt=\"page52image1396445712\" width=\"0.479980\" height=\"0.479980\" \/><\/td>\n<\/tr>\n<tr>\n<td>\n<div class=\"layoutArea\">\n<div class=\"column\">\n<p>S\u00fcvari o\u011flu \u0130so<\/p>\n<\/div>\n<\/div>\n<\/td>\n<td>\n<div class=\"layoutArea\">\n<div class=\"column\">\n<p>MerziaK\u00f6y\u00fcnden<\/p>\n<\/div>\n<\/div>\n<\/td>\n<td>\n<div class=\"layoutArea\">\n<div class=\"column\">\n<p>\u0130syan s\u0131ras\u0131nda silahl\u0131olarak Mutki kazamerkezine h\u00fccumetmek ve mevcut<\/p>\n<\/div>\n<\/div>\n<div class=\"layoutArea\">\n<div class=\"column\">\n<p>memurlar\u0131 etmek,<br \/>\nda\u011f\u0131lmas\u0131 kendisi da\u011f\u0131lmak<\/p>\n<\/div>\n<\/div>\n<div class=\"layoutArea\">\n<div class=\"column\">\n<p>tehdit isyanc\u0131lar\u0131n \u00fczerine<\/p>\n<\/div>\n<\/div>\n<\/td>\n<td>\n<div class=\"layoutArea\">\n<div class=\"column\">\n<p>M\u00fclkiye CezaKanunnamesinin 57. Maddesine g\u00f6re 15 sene s\u00fcreyle k\u00fcrek cezas\u0131 (BOA. BEO. SYS-4315\/323602).<\/p>\n<\/div>\n<\/div>\n<\/td>\n<\/tr>\n<tr>\n<td>\n<div class=\"layoutArea\">\n<div class=\"column\">\n<p>\u0130so o\u011fluMazo<\/p>\n<\/div>\n<\/div>\n<\/td>\n<td>\n<div class=\"layoutArea\">\n<div class=\"column\">\n<p>MerziaK\u00f6y\u00fcnden<\/p>\n<\/div>\n<\/div>\n<\/td>\n<td>\n<div class=\"layoutArea\">\n<div class=\"column\">\n<p>\u0130syan s\u0131ras\u0131nda silahl\u0131olarak Mutki kazamerkezine h\u00fccumetmek ve mevcut<\/p>\n<\/div>\n<\/div>\n<\/td>\n<td><img decoding=\"async\" src=\"data:image\/png;base64,iVBORw0KGgoAAAANSUhEUgAAAAEAAAABCAYAAAAfFcSJAAAAAXNSR0IArs4c6QAAAAlwSFlzAAAXEgAAFxIBZ5\/SUgAAAA1JREFUCB1jYGBgsAIAAD8AO+2bAfEAAAAASUVORK5CYII=\" alt=\"page52image1397494432\" width=\"0.479980\" height=\"0.479980\" \/><\/p>\n<div class=\"layoutArea\">\n<div class=\"column\">\n<p>M\u00fclkiye CezaKanunnamesinin 57. Maddesine g\u00f6re 15 sene<\/p>\n<\/div>\n<\/div>\n<p><img decoding=\"async\" src=\"data:image\/png;base64,iVBORw0KGgoAAAANSUhEUgAAAAEAAAABCAYAAAAfFcSJAAAAAXNSR0IArs4c6QAAAAlwSFlzAAAXEgAAFxIBZ5\/SUgAAAA1JREFUCB1jYGBgSAMAAGsAZ3g+PVkAAAAASUVORK5CYII=\" alt=\"page52image1397501024\" width=\"0.479980\" height=\"0.479980\" \/><\/td>\n<\/tr>\n<\/tbody>\n<\/table>\n<div class=\"layoutArea\">\n<div class=\"column\">\n<p>483<\/p>\n<\/div>\n<\/div>\n<\/div>\n<div class=\"page\" title=\"Page 53\">\n<div class=\"layoutArea\">\n<div class=\"column\">\n<p>Demirta\u015f, M. (2018). 1914 Tarihli Bitlis \u0130syan\u0131n\u0131n Osmanl\u0131 Ar\u015fiv Belgelerindeki Yans\u0131malar\u0131-Cezalar, M\u00fck\u00e2fatlar. BE\u00dc SBE Derg.,7(2), 432-492.<\/p>\n<\/div>\n<\/div>\n<p><img decoding=\"async\" src=\"data:image\/png;base64,iVBORw0KGgoAAAANSUhEUgAAAYkAAAABCAYAAAArSVK8AAAAAXNSR0IArs4c6QAAAAlwSFlzAAAP\/gAAD\/4BstaVKgAAACBJREFUOBFjZGBgqALiUTAaAqMhMBoCoyEwGgLoIXAOAPjwAUoFbTrAAAAAAElFTkSuQmCC\" alt=\"page53image1397692576\" width=\"392.590000\" height=\"0.480000\" \/><\/p>\n<table>\n<colgroup>\n<col \/>\n<col \/>\n<col \/>\n<col \/><\/colgroup>\n<tbody>\n<tr>\n<td><\/td>\n<td><\/td>\n<td>\n<div class=\"layoutArea\">\n<div class=\"column\">\n<p>memurlar\u0131 etmek,<br \/>\nda\u011f\u0131lmas\u0131 kendisi da\u011f\u0131lmak<\/p>\n<\/div>\n<\/div>\n<div class=\"layoutArea\">\n<div class=\"column\">\n<p>tehdit isyanc\u0131lar\u0131n \u00fczerine<\/p>\n<\/div>\n<\/div>\n<\/td>\n<td>\n<div class=\"layoutArea\">\n<div class=\"column\">\n<p>s\u00fcreyle k\u00fcrek cezas\u0131 (BOA. BEO. SYS-4315\/323602).<\/p>\n<\/div>\n<\/div>\n<\/td>\n<\/tr>\n<tr>\n<td>\n<div class=\"layoutArea\">\n<div class=\"column\">\n<p>Nuri o\u011fl\u0131 \u0130sa<\/p>\n<\/div>\n<\/div>\n<p><img decoding=\"async\" src=\"data:image\/png;base64,iVBORw0KGgoAAAANSUhEUgAAAAEAAAABCAYAAAAfFcSJAAAAAXNSR0IArs4c6QAAAAlwSFlzAAAXEQAAFxEByibzPwAAAA1JREFUCB1jYGBgsAIAAD8AO+2bAfEAAAAASUVORK5CYII=\" alt=\"page53image1397898880\" width=\"0.480010\" height=\"0.480010\" \/><\/td>\n<td>\n<div class=\"layoutArea\">\n<div class=\"column\">\n<p>Salnasor(S\u0131lkasor) K\u00f6y\u00fcnden<\/p>\n<\/div>\n<\/div>\n<\/td>\n<td>\n<div class=\"layoutArea\">\n<div class=\"column\">\n<p>\u0130syan s\u0131ras\u0131nda silahl\u0131olarak Mutki kazamerkezine h\u00fccumetmek ve mevcut<\/p>\n<\/div>\n<\/div>\n<div class=\"layoutArea\">\n<div class=\"column\">\n<p>memurlar\u0131 etmek,<br \/>\nda\u011f\u0131lmas\u0131 kendisi da\u011f\u0131lmak<\/p>\n<\/div>\n<\/div>\n<div class=\"layoutArea\">\n<div class=\"column\">\n<p>tehdit isyanc\u0131lar\u0131n \u00fczerine<\/p>\n<\/div>\n<\/div>\n<p><img decoding=\"async\" src=\"data:image\/png;base64,iVBORw0KGgoAAAANSUhEUgAAAAEAAAABCAYAAAAfFcSJAAAAAXNSR0IArs4c6QAAAAlwSFlzAAAXEQAAFxEByibzPwAAAA1JREFUCB1jYGBgsAIAAD8AO+2bAfEAAAAASUVORK5CYII=\" alt=\"page53image1396456656\" width=\"0.480010\" height=\"0.480010\" \/><\/td>\n<td>\n<div class=\"layoutArea\">\n<div class=\"column\">\n<p>M\u00fclkiye CezaKanunnamesinin 57. Maddesine g\u00f6re 15 sene s\u00fcreyle k\u00fcrek cezas\u0131 (BOA. BEO. SYS-4315\/323602).<\/p>\n<\/div>\n<\/div>\n<\/td>\n<\/tr>\n<tr>\n<td>\n<div class=\"layoutArea\">\n<div class=\"column\">\n<p>Nuri o\u011fluHasan<\/p>\n<\/div>\n<\/div>\n<\/td>\n<td>\n<div class=\"layoutArea\">\n<div class=\"column\">\n<p>Salmasor(S\u0131lkasor) K\u00f6y\u00fcnden<\/p>\n<\/div>\n<\/div>\n<\/td>\n<td>\n<div class=\"layoutArea\">\n<div class=\"column\">\n<p>\u0130syan s\u0131ras\u0131nda silahl\u0131olarak Mutki kazamerkezine h\u00fccumetmek ve mevcut<\/p>\n<\/div>\n<\/div>\n<div class=\"layoutArea\">\n<div class=\"column\">\n<p>memurlar\u0131 etmek,<br \/>\nda\u011f\u0131lmas\u0131 kendisi da\u011f\u0131lmak<\/p>\n<\/div>\n<\/div>\n<div class=\"layoutArea\">\n<div class=\"column\">\n<p>tehdit isyanc\u0131lar\u0131n \u00fczerine<\/p>\n<\/div>\n<\/div>\n<\/td>\n<td>\n<div class=\"layoutArea\">\n<div class=\"column\">\n<p>M\u00fclkiye CezaKanunnamesinin 57. Maddesine g\u00f6re 15 sene s\u00fcreyle k\u00fcrek cezas\u0131 (BOA. BEO. SYS-4315\/323602).<\/p>\n<\/div>\n<\/div>\n<\/td>\n<\/tr>\n<tr>\n<td>\n<div class=\"layoutArea\">\n<div class=\"column\">\n<p>Haso o\u011flu \u00c7erkezo<\/p>\n<\/div>\n<\/div>\n<\/td>\n<td>\n<div class=\"layoutArea\">\n<div class=\"column\">\n<p>Salmasor(S\u0131lkasor) K\u00f6y\u00fcnden<\/p>\n<\/div>\n<\/div>\n<\/td>\n<td>\n<div class=\"layoutArea\">\n<div class=\"column\">\n<p>\u0130syan s\u0131ras\u0131nda silahl\u0131olarak Mutki kazamerkezine h\u00fccumetmek ve mevcut<\/p>\n<\/div>\n<\/div>\n<div class=\"layoutArea\">\n<div class=\"column\">\n<p>memurlar\u0131 etmek,<br \/>\nda\u011f\u0131lmas\u0131 kendisi da\u011f\u0131lmak<\/p>\n<\/div>\n<\/div>\n<div class=\"layoutArea\">\n<div class=\"column\">\n<p>tehdit isyanc\u0131lar\u0131n \u00fczerine<\/p>\n<\/div>\n<\/div>\n<\/td>\n<td><img decoding=\"async\" src=\"data:image\/png;base64,iVBORw0KGgoAAAANSUhEUgAAAAEAAAABCAYAAAAfFcSJAAAAAXNSR0IArs4c6QAAAAlwSFlzAAAXEgAAFxIBZ5\/SUgAAAA1JREFUCB1jYGBgsAIAAD8AO+2bAfEAAAAASUVORK5CYII=\" alt=\"page53image1396521312\" width=\"0.479980\" height=\"0.479980\" \/><\/p>\n<div class=\"layoutArea\">\n<div class=\"column\">\n<p>M\u00fclkiye CezaKanunnamesinin 57. Maddesine g\u00f6re 15 sene s\u00fcreyle k\u00fcrek cezas\u0131 (BOA. BEO. SYS-4315\/323602).<\/p>\n<\/div>\n<\/div>\n<p><img decoding=\"async\" src=\"data:image\/png;base64,iVBORw0KGgoAAAANSUhEUgAAAAEAAAABCAYAAAAfFcSJAAAAAXNSR0IArs4c6QAAAAlwSFlzAAAXEgAAFxIBZ5\/SUgAAAA1JREFUCB1jYGBgSAMAAGsAZ3g+PVkAAAAASUVORK5CYII=\" alt=\"page53image1396531968\" width=\"0.479980\" height=\"0.479980\" \/><\/td>\n<\/tr>\n<\/tbody>\n<\/table>\n<div class=\"layoutArea\">\n<div class=\"column\">\n<p>Tablo 5. Kalebendlik Cezas\u0131na \u00c7arpt\u0131r\u0131lanlar<\/p>\n<\/div>\n<\/div>\n<table>\n<colgroup>\n<col \/>\n<col \/>\n<col \/>\n<col \/><\/colgroup>\n<tbody>\n<tr>\n<td>\n<div class=\"layoutArea\">\n<div class=\"column\">\n<p>Ki\u015fi ad\u0131<\/p>\n<\/div>\n<\/div>\n<\/td>\n<td>\n<div class=\"layoutArea\">\n<div class=\"column\">\n<p>Nerelioldu\u011fu<\/p>\n<\/div>\n<\/div>\n<\/td>\n<td>\n<div class=\"layoutArea\">\n<div class=\"column\">\n<p>Su\u00e7u (cezan\u0131n gerek\u00e7esi)<\/p>\n<\/div>\n<\/div>\n<p><img decoding=\"async\" src=\"data:image\/png;base64,iVBORw0KGgoAAAANSUhEUgAAAAEAAAABCAYAAAAfFcSJAAAAAXNSR0IArs4c6QAAAAlwSFlzAAAXEgAAFxIBZ5\/SUgAAAA1JREFUCB1jYGBgsAIAAD8AO+2bAfEAAAAASUVORK5CYII=\" alt=\"page53image1394123584\" width=\"0.479980\" height=\"0.479980\" \/><\/td>\n<td>\n<div class=\"layoutArea\">\n<div class=\"column\">\n<p>Verilen Ceza, kanunmaddesi ve tebli\u011f \u015fekli<\/p>\n<\/div>\n<\/div>\n<p><img decoding=\"async\" src=\"data:image\/png;base64,iVBORw0KGgoAAAANSUhEUgAAAAEAAAABCAYAAAAfFcSJAAAAAXNSR0IArs4c6QAAAAlwSFlzAAAXEgAAFxIBZ5\/SUgAAAA1JREFUCB1jYGBgsAIAAD8AO+2bAfEAAAAASUVORK5CYII=\" alt=\"page53image1394278640\" width=\"0.479980\" height=\"0.479980\" \/><\/td>\n<\/tr>\n<tr>\n<td>\n<div class=\"layoutArea\">\n<div class=\"column\">\n<p>H\u00fcseyin o\u011fluMustafa\u00c7avu\u015f<\/p>\n<\/div>\n<\/div>\n<\/td>\n<td>\n<div class=\"layoutArea\">\n<div class=\"column\">\n<p>HorozK\u00f6y\u00fcnden<\/p>\n<\/div>\n<\/div>\n<\/td>\n<td>\n<div class=\"layoutArea\">\n<div class=\"column\">\n<p>\u0130syan\u0131n \u00e7\u0131kmas\u0131na yard\u0131m etmek ve isyanc\u0131lar\u0131n ba\u011flant\u0131 kurmas\u0131na arac\u0131l\u0131ketmek<\/p>\n<\/div>\n<\/div>\n<p><img decoding=\"async\" src=\"data:image\/png;base64,iVBORw0KGgoAAAANSUhEUgAAAAEAAAABCAYAAAAfFcSJAAAAAXNSR0IArs4c6QAAAAlwSFlzAAAXEgAAFxIBZ5\/SUgAAAA1JREFUCB1jYGBgsAIAAD8AO+2bAfEAAAAASUVORK5CYII=\" alt=\"page53image1394330592\" width=\"0.479980\" height=\"0.479980\" \/><\/td>\n<td>\n<div class=\"layoutArea\">\n<div class=\"column\">\n<p>M\u00fclkiye Ceza Kanununun 58. Maddesinin ikinci f\u0131kras\u0131 gere\u011fi be\u015f sene s\u00fcreyle kalebendlik cezas\u0131, vic\u00e2hen<\/p>\n<\/div>\n<\/div>\n<p><img decoding=\"async\" src=\"data:image\/png;base64,iVBORw0KGgoAAAANSUhEUgAAAAEAAAABCAYAAAAfFcSJAAAAAXNSR0IArs4c6QAAAAlwSFlzAAAXEgAAFxIBZ5\/SUgAAAA1JREFUCB1jYGBgsAIAAD8AO+2bAfEAAAAASUVORK5CYII=\" alt=\"page53image1394341136\" width=\"0.479980\" height=\"0.479980\" \/><\/td>\n<\/tr>\n<tr>\n<td>\n<div class=\"layoutArea\">\n<div class=\"column\">\n<p>\u0130sa o\u011fluYusuf<\/p>\n<\/div>\n<\/div>\n<\/td>\n<td>\n<div class=\"layoutArea\">\n<div class=\"column\">\n<p>Enib(\u00c7al\u0131d\u00fcz\u00fc) K\u00f6y\u00fcnden<\/p>\n<\/div>\n<\/div>\n<\/td>\n<td>\n<div class=\"layoutArea\">\n<div class=\"column\">\n<p>Silahs\u0131z olarak isyana i\u015ftirak etmek<\/p>\n<\/div>\n<\/div>\n<\/td>\n<td>\n<div class=\"layoutArea\">\n<div class=\"column\">\n<p>M\u00fclkiye Ceza Kanununun 57. Maddesi gere\u011fi \u00fc\u00e7 sene s\u00fcreyle kalebendlik cezas\u0131, y\u00fcz\u00fcne okunarak, Daha \u00f6nce bu konuda padi\u015fah\u0131n iradesi \u00e7\u0131km\u0131\u015ft\u0131r.<\/p>\n<\/div>\n<\/div>\n<\/td>\n<\/tr>\n<tr>\n<td>\n<div class=\"layoutArea\">\n<div class=\"column\">\n<p>C\u00fcndi o\u011flu Ali<\/p>\n<\/div>\n<\/div>\n<\/td>\n<td>\n<div class=\"layoutArea\">\n<div class=\"column\">\n<p>EnibK\u00f6y\u00fcnden<\/p>\n<\/div>\n<\/div>\n<\/td>\n<td>\n<div class=\"layoutArea\">\n<div class=\"column\">\n<p>Silahs\u0131z olarak isyana i\u015ftirak etmek<\/p>\n<\/div>\n<\/div>\n<\/td>\n<td>\n<div class=\"layoutArea\">\n<div class=\"column\">\n<p>M\u00fclkiye Ceza Kanununun 57. Maddesi gere\u011fi \u00fc\u00e7 sene<\/p>\n<\/div>\n<\/div>\n<\/td>\n<\/tr>\n<\/tbody>\n<\/table>\n<div class=\"layoutArea\">\n<div class=\"column\">\n<p>484<\/p>\n<\/div>\n<\/div>\n<\/div>\n<div class=\"page\" title=\"Page 54\">\n<div class=\"layoutArea\">\n<div class=\"column\">\n<p>Demirta\u015f, M. (2018). 1914 Tarihli Bitlis \u0130syan\u0131n\u0131n Osmanl\u0131 Ar\u015fiv Belgelerindeki Yans\u0131malar\u0131-Cezalar, M\u00fck\u00e2fatlar. BE\u00dc SBE Derg.,7(2), 432-492.<\/p>\n<\/div>\n<\/div>\n<p><img decoding=\"async\" src=\"data:image\/png;base64,iVBORw0KGgoAAAANSUhEUgAAAYkAAAABCAYAAAArSVK8AAAAAXNSR0IArs4c6QAAAAlwSFlzAAAP\/gAAD\/4BstaVKgAAACBJREFUOBFjZGBgqALiUTAaAqMhMBoCoyEwGgLoIXAOAPjwAUoFbTrAAAAAAElFTkSuQmCC\" alt=\"page54image1398846624\" width=\"392.590000\" height=\"0.480000\" \/><\/p>\n<table>\n<colgroup>\n<col \/>\n<col \/>\n<col \/>\n<col \/><\/colgroup>\n<tbody>\n<tr>\n<td><\/td>\n<td><\/td>\n<td><\/td>\n<td>\n<div class=\"layoutArea\">\n<div class=\"column\">\n<p>s\u00fcreyle kalebendlik cezas\u0131, y\u00fcz\u00fcne okunarak, Daha \u00f6nce bu konuda padi\u015fah\u0131n iradesi \u00e7\u0131km\u0131\u015ft\u0131r.<\/p>\n<\/div>\n<\/div>\n<\/td>\n<\/tr>\n<tr>\n<td>\n<div class=\"layoutArea\">\n<div class=\"column\">\n<p>Sefatil o\u011fluKanci<\/p>\n<\/div>\n<\/div>\n<\/td>\n<td>\n<div class=\"layoutArea\">\n<div class=\"column\">\n<p>Bitlis\u2019in Ta\u015fMahallesi<\/p>\n<\/div>\n<\/div>\n<\/td>\n<td>\n<div class=\"layoutArea\">\n<div class=\"column\">\n<p>Halka da\u011f\u0131t\u0131lan fi\u015feklerden altm\u0131\u015f tanesini \u00e7ald\u0131\u011f\u0131 i\u00e7in<\/p>\n<\/div>\n<\/div>\n<\/td>\n<td>\n<div class=\"layoutArea\">\n<div class=\"column\">\n<p>M\u00fclkiye ceza kanununun 82. Maddesine g\u00f6re be\u015f sene s\u00fcreyle kalebendlik cezas\u0131na \u00e7arpt\u0131r\u0131lmas\u0131 ve \u00e7ald\u0131\u011f\u0131 fi\u015feklerin resmi fiyat\u0131n\u0131n ikimislinin devlete \u00f6demesine karar verilmi\u015ftir (BOA. BEO. SYS-4306\/322885, 1914).<\/p>\n<\/div>\n<\/div>\n<\/td>\n<\/tr>\n<tr>\n<td>\n<div class=\"layoutArea\">\n<div class=\"column\">\n<p>OsmanO\u011flu Aziz<\/p>\n<\/div>\n<\/div>\n<\/td>\n<td>\n<div class=\"layoutArea\">\n<div class=\"column\">\n<p>\u015eirvan\u2019\u0131nPorsinc KaryesiMuhtar\u0131<\/p>\n<\/div>\n<\/div>\n<\/td>\n<td>\n<div class=\"layoutArea\">\n<div class=\"column\">\n<p>\u0130syan\u0131n liderleri ile haberle\u015fmek ve isyana silahs\u0131z kat\u0131lmak<\/p>\n<\/div>\n<\/div>\n<p><img decoding=\"async\" src=\"data:image\/png;base64,iVBORw0KGgoAAAANSUhEUgAAAAEAAAABCAYAAAAfFcSJAAAAAXNSR0IArs4c6QAAAAlwSFlzAAAXEgAAFxIBZ5\/SUgAAAA1JREFUCB1jYGBgsAIAAD8AO+2bAfEAAAAASUVORK5CYII=\" alt=\"page54image1397251936\" width=\"0.479980\" height=\"0.479980\" \/><\/td>\n<td>\n<div class=\"layoutArea\">\n<div class=\"column\">\n<p>M\u00fclkiye ceza kanununun 57. ve 47. Maddeleri gere\u011fi g\u0131yaben iki sene s\u00fcreyle kalebendlik cezas\u0131na \u00e7arpt\u0131r\u0131lm\u0131\u015ft\u0131r.<\/p>\n<\/div>\n<\/div>\n<p><img decoding=\"async\" src=\"data:image\/png;base64,iVBORw0KGgoAAAANSUhEUgAAAAEAAAABCAYAAAAfFcSJAAAAAXNSR0IArs4c6QAAAAlwSFlzAAAXEgAAFxIBZ5\/SUgAAAA1JREFUCB1jYGBgsAIAAD8AO+2bAfEAAAAASUVORK5CYII=\" alt=\"page54image1397263792\" width=\"0.479980\" height=\"0.479980\" \/><\/td>\n<\/tr>\n<tr>\n<td>\n<div class=\"layoutArea\">\n<div class=\"column\">\n<p>Kaso o\u011fluHaso<\/p>\n<\/div>\n<\/div>\n<\/td>\n<td>\n<div class=\"layoutArea\">\n<div class=\"column\">\n<p>\u015eirvan\u2019\u0131nGernik Karyesi<\/p>\n<\/div>\n<\/div>\n<\/td>\n<td>\n<div class=\"layoutArea\">\n<div class=\"column\">\n<p>\u0130syan\u0131n reislerinden<\/p>\n<\/div>\n<\/div>\n<div class=\"layoutArea\">\n<div class=\"column\">\n<p>Mehmed yatakl\u0131k etmek<\/p>\n<\/div>\n<div class=\"column\">\n<p>Emin\u2019e<\/p>\n<\/div>\n<\/div>\n<p><img decoding=\"async\" src=\"data:image\/png;base64,iVBORw0KGgoAAAANSUhEUgAAAAEAAAABCAYAAAAfFcSJAAAAAXNSR0IArs4c6QAAAAlwSFlzAAAXEgAAFxIBZ5\/SUgAAAA1JREFUCB1jYGBgsAIAAD8AO+2bAfEAAAAASUVORK5CYII=\" alt=\"page54image1397328832\" width=\"0.479980\" height=\"0.479980\" \/><\/td>\n<td>\n<div class=\"layoutArea\">\n<div class=\"column\">\n<p>M\u00fclkiye Ceza Kanununun 47. Maddesi delaletiyle 57.Madde gere\u011fi \u00fc\u00e7 sene s\u00fcreylekalebendlik cezas\u0131na \u00e7arpt\u0131r\u0131lm\u0131\u015f ve karar y\u00fcz\u00fcne okunmu\u015ftur.<\/p>\n<\/div>\n<\/div>\n<p><img decoding=\"async\" src=\"data:image\/png;base64,iVBORw0KGgoAAAANSUhEUgAAAAEAAAABCAYAAAAfFcSJAAAAAXNSR0IArs4c6QAAAAlwSFlzAAAXEgAAFxIBZ5\/SUgAAAA1JREFUCB1jYGBgsAIAAD8AO+2bAfEAAAAASUVORK5CYII=\" alt=\"page54image1397316560\" width=\"0.479980\" height=\"0.479980\" \/><\/td>\n<\/tr>\n<tr>\n<td>\n<div class=\"layoutArea\">\n<div class=\"column\">\n<p>Haso o\u011fluKaso<\/p>\n<\/div>\n<\/div>\n<\/td>\n<td>\n<div class=\"layoutArea\">\n<div class=\"column\">\n<p>\u015eirvan\u2019\u0131nGernik Karyesi<\/p>\n<\/div>\n<\/div>\n<\/td>\n<td>\n<div class=\"layoutArea\">\n<div class=\"column\">\n<p>\u0130syan\u0131n reislerinden<\/p>\n<\/div>\n<\/div>\n<div class=\"layoutArea\">\n<div class=\"column\">\n<p>Mehmed yatakl\u0131k etmek<\/p>\n<\/div>\n<div class=\"column\">\n<p>Emin\u2019e<\/p>\n<\/div>\n<\/div>\n<\/td>\n<td>\n<div class=\"layoutArea\">\n<div class=\"column\">\n<p>M\u00fclkiye Ceza Kanununun 47. Maddesi delaletiyle 57.Madde gere\u011fi \u00fc\u00e7 sene s\u00fcreyle kalebendlik cezas\u0131na \u00e7arpt\u0131r\u0131lm\u0131\u015f ve karar y\u00fcz\u00fcne okunmu\u015ftur.<\/p>\n<\/div>\n<\/div>\n<\/td>\n<\/tr>\n<\/tbody>\n<\/table>\n<div class=\"layoutArea\">\n<div class=\"column\">\n<p>Tablo 6. S\u00fcrg\u00fcn Cezas\u0131na \u00c7arpt\u0131r\u0131lanlar<\/p>\n<\/div>\n<\/div>\n<table>\n<colgroup>\n<col \/>\n<col \/>\n<col \/>\n<col \/><\/colgroup>\n<tbody>\n<tr>\n<td>\n<div class=\"layoutArea\">\n<div class=\"column\">\n<p>Ki\u015fi ad\u0131<\/p>\n<\/div>\n<\/div>\n<\/td>\n<td>\n<div class=\"layoutArea\">\n<div class=\"column\">\n<p>Nerelioldu\u011fu<\/p>\n<\/div>\n<\/div>\n<\/td>\n<td>\n<div class=\"layoutArea\">\n<div class=\"column\">\n<p>Su\u00e7u (cezan\u0131n gerek\u00e7esi)<\/p>\n<\/div>\n<\/div>\n<\/td>\n<td><img decoding=\"async\" src=\"data:image\/png;base64,iVBORw0KGgoAAAANSUhEUgAAAAEAAAABCAYAAAAfFcSJAAAAAXNSR0IArs4c6QAAAAlwSFlzAAAXEgAAFxIBZ5\/SUgAAAA1JREFUCB1jYGBgSAMAAGsAZ3g+PVkAAAAASUVORK5CYII=\" alt=\"page54image1396639088\" width=\"0.479980\" height=\"0.479980\" \/><\/p>\n<div class=\"layoutArea\">\n<div class=\"column\">\n<p>Verilen Ceza, kanunmaddesi ve tebli\u011f \u015fekli<\/p>\n<\/div>\n<\/div>\n<p><img decoding=\"async\" src=\"data:image\/png;base64,iVBORw0KGgoAAAANSUhEUgAAAAEAAAABCAYAAAAfFcSJAAAAAXNSR0IArs4c6QAAAAlwSFlzAAAXEgAAFxIBZ5\/SUgAAAA1JREFUCB1jYGBgsAIAAD8AO+2bAfEAAAAASUVORK5CYII=\" alt=\"page54image1396624880\" width=\"0.479980\" height=\"0.479980\" \/><\/td>\n<\/tr>\n<tr>\n<td>\n<div class=\"layoutArea\">\n<div class=\"column\">\n<p>Eski Bitlis Mebusu Sadullah<\/p>\n<\/div>\n<\/div>\n<\/td>\n<td>\n<div class=\"layoutArea\">\n<div class=\"column\">\n<p>Bitlis<\/p>\n<\/div>\n<\/div>\n<\/td>\n<td>\n<div class=\"layoutArea\">\n<div class=\"column\">\n<p>\u0130syan\u0131n tertip ve haz\u0131rl\u0131\u011f\u0131nda bulunmak Seyyit Ali\u2019ye hizmetetmek<\/p>\n<\/div>\n<\/div>\n<\/td>\n<td>\n<div class=\"layoutArea\">\n<div class=\"column\">\n<p>M\u00fclkiye Ceza kanununun58. Maddesi ve 66.Maddesinin son f\u0131kras\u0131na g\u00f6re ailesi ile birlikte \u00f6m\u00fcr boyun s\u00fcrg\u00fcn<\/p>\n<\/div>\n<\/div>\n<\/td>\n<\/tr>\n<tr>\n<td>\n<div class=\"layoutArea\">\n<div class=\"column\">\n<p>\u015eeyhAbdullaho\u011flu \u015eeyhNasreddin<\/p>\n<\/div>\n<\/div>\n<\/td>\n<td>\n<div class=\"layoutArea\">\n<div class=\"column\">\n<p>Bitlis<\/p>\n<\/div>\n<\/div>\n<\/td>\n<td>\n<div class=\"layoutArea\">\n<div class=\"column\">\n<p>\u0130syan\u0131n tertip ve haz\u0131rl\u0131\u011f\u0131nda bulunmakSeyyit Ali\u2019ye hizmetetmek<\/p>\n<\/div>\n<\/div>\n<\/td>\n<td>\n<div class=\"layoutArea\">\n<div class=\"column\">\n<p>M\u00fclkiye Ceza kanununun58. Maddesi ve 66.Maddesinin son f\u0131kras\u0131na g\u00f6re ailesi ile birlikte \u00f6m\u00fcr boyun s\u00fcrg\u00fcn<\/p>\n<\/div>\n<\/div>\n<\/td>\n<\/tr>\n<tr>\n<td>\n<div class=\"layoutArea\">\n<div class=\"column\">\n<p>\u015eeyh Abd\u00fcrrezak Efendi\u2019nin<\/p>\n<\/div>\n<\/div>\n<\/td>\n<td>\n<div class=\"layoutArea\">\n<div class=\"column\">\n<p>Bitlis<\/p>\n<\/div>\n<\/div>\n<\/td>\n<td>\n<div class=\"layoutArea\">\n<div class=\"column\">\n<p>\u0130syan\u0131n tertip ve haz\u0131rl\u0131\u011f\u0131nda bulunmak<\/p>\n<\/div>\n<\/div>\n<\/td>\n<td><img decoding=\"async\" src=\"data:image\/png;base64,iVBORw0KGgoAAAANSUhEUgAAAAEAAAABCAYAAAAfFcSJAAAAAXNSR0IArs4c6QAAAAlwSFlzAAAXEgAAFxIBZ5\/SUgAAAA1JREFUCB1jYGBgsAIAAD8AO+2bAfEAAAAASUVORK5CYII=\" alt=\"page54image1398025152\" width=\"0.479980\" height=\"0.479980\" \/><\/p>\n<div class=\"layoutArea\">\n<div class=\"column\">\n<p>M\u00fclkiye Ceza kanununun58. Maddesi ve 66.Maddesinin son f\u0131kras\u0131na<\/p>\n<\/div>\n<\/div>\n<p><img decoding=\"async\" src=\"data:image\/png;base64,iVBORw0KGgoAAAANSUhEUgAAAAEAAAABCAYAAAAfFcSJAAAAAXNSR0IArs4c6QAAAAlwSFlzAAAXEgAAFxIBZ5\/SUgAAAA1JREFUCB1jYGBgSAMAAGsAZ3g+PVkAAAAASUVORK5CYII=\" alt=\"page54image1398032672\" width=\"0.479980\" height=\"0.479980\" \/><\/td>\n<\/tr>\n<\/tbody>\n<\/table>\n<div class=\"layoutArea\">\n<div class=\"column\">\n<p>485<\/p>\n<\/div>\n<\/div>\n<\/div>\n<div class=\"page\" title=\"Page 55\">\n<div class=\"layoutArea\">\n<div class=\"column\">\n<p>Demirta\u015f, M. (2018). 1914 Tarihli Bitlis \u0130syan\u0131n\u0131n Osmanl\u0131 Ar\u015fiv Belgelerindeki Yans\u0131malar\u0131-Cezalar, M\u00fck\u00e2fatlar. BE\u00dc SBE Derg.,7(2), 432-492.<\/p>\n<\/div>\n<\/div>\n<p><img decoding=\"async\" src=\"data:image\/png;base64,iVBORw0KGgoAAAANSUhEUgAAAYkAAAABCAYAAAArSVK8AAAAAXNSR0IArs4c6QAAAAlwSFlzAAAP\/gAAD\/4BstaVKgAAACBJREFUOBFjZGBgqALiUTAaAqMhMBoCoyEwGgLoIXAOAPjwAUoFbTrAAAAAAElFTkSuQmCC\" alt=\"page55image1398824464\" width=\"392.590000\" height=\"0.480000\" \/><\/p>\n<table>\n<colgroup>\n<col \/>\n<col \/>\n<col \/>\n<col \/><\/colgroup>\n<tbody>\n<tr>\n<td>\n<div class=\"layoutArea\">\n<div class=\"column\">\n<p>o\u011flu \u015eeyhNasrullah<\/p>\n<\/div>\n<\/div>\n<\/td>\n<td><\/td>\n<td>\n<div class=\"layoutArea\">\n<div class=\"column\">\n<p>Seyyit Ali\u2019ye hizmet etmek<\/p>\n<\/div>\n<\/div>\n<\/td>\n<td>\n<div class=\"layoutArea\">\n<div class=\"column\">\n<p>g\u00f6re ailesi ile birlikte \u00f6m\u00fcr boyun s\u00fcrg\u00fcn<\/p>\n<\/div>\n<\/div>\n<\/td>\n<\/tr>\n<tr>\n<td>\n<div class=\"layoutArea\">\n<div class=\"column\">\n<p>Mahmudo\u011flu Sad\u0131k<\/p>\n<\/div>\n<\/div>\n<\/td>\n<td>\n<div class=\"layoutArea\">\n<div class=\"column\">\n<p>Simek K\u00f6y\u00fc<\/p>\n<\/div>\n<\/div>\n<\/td>\n<td>\n<div class=\"layoutArea\">\n<div class=\"column\">\n<p>\u0130syan\u0131n haz\u0131rl\u0131klar\u0131ndan haberdar olmak<\/p>\n<\/div>\n<\/div>\n<\/td>\n<td>\n<div class=\"layoutArea\">\n<div class=\"column\">\n<p>On sene s\u00fcreyle s\u00fcrg\u00fcn cezas\u0131na \u00e7arpt\u0131r\u0131lm\u0131\u015ft\u0131r.<\/p>\n<\/div>\n<\/div>\n<\/td>\n<\/tr>\n<tr>\n<td>\n<div class=\"layoutArea\">\n<div class=\"column\">\n<p>Derbaz o\u011flu C\u00fcndi<\/p>\n<\/div>\n<\/div>\n<\/td>\n<td>\n<div class=\"layoutArea\">\n<div class=\"column\">\n<p>ErtoKazas\u0131\u2019n\u0131n \u0130zKaryesinden<\/p>\n<\/div>\n<\/div>\n<\/td>\n<td>\n<div class=\"layoutArea\">\n<div class=\"column\">\n<p>\u0130syanc\u0131lardan olmak ve h\u00fck\u00fcmete muhalefetetmek<\/p>\n<\/div>\n<\/div>\n<\/td>\n<td>\n<div class=\"layoutArea\">\n<div class=\"column\">\n<p>Ailesi ile birlikte \u00f6m\u00fcr boyu s\u00fcrg\u00fcn cezas\u0131na \u00e7arpt\u0131r\u0131lm\u0131\u015f ve karar y\u00fcz\u00fcne okunmu\u015ftur(BOA. BEO. SYS- 4299\/322380, Temmuz 1914).<\/p>\n<\/div>\n<\/div>\n<\/td>\n<\/tr>\n<tr>\n<td>\n<div class=\"layoutArea\">\n<div class=\"column\">\n<p>Bedirhan\u00eeKamil Bey<\/p>\n<\/div>\n<\/div>\n<\/td>\n<td><\/td>\n<td><img decoding=\"async\" src=\"data:image\/png;base64,iVBORw0KGgoAAAANSUhEUgAAAAEAAAABCAYAAAAfFcSJAAAAAXNSR0IArs4c6QAAAAlwSFlzAAAXEQAAFxEByibzPwAAAA1JREFUCB1jYGBgsAIAAD8AO+2bAfEAAAAASUVORK5CYII=\" alt=\"page55image1399073584\" width=\"0.480010\" height=\"0.480010\" \/><\/p>\n<div class=\"layoutArea\">\n<div class=\"column\">\n<p>Bitlis d\u00e2hilinde ihtilal \u00e7\u0131karmak i\u00e7in Siirt ve havalisinde dola\u015farak halk\u0131 te\u015fvik etmek<\/p>\n<\/div>\n<\/div>\n<\/td>\n<td>\n<div class=\"layoutArea\">\n<div class=\"column\">\n<p>Zab\u0131ta nezaretinde olarak ba\u015fka bir \u015fehirde ikamet ettirmek (s\u00fcre belirtilmemi\u015f), karar y\u00fcz\u00fcne okunmu\u015ftur.<\/p>\n<\/div>\n<\/div>\n<\/td>\n<\/tr>\n<tr>\n<td>\n<div class=\"layoutArea\">\n<div class=\"column\">\n<p>Bedirhan\u00ee S\u00fcleymanBey<\/p>\n<\/div>\n<\/div>\n<\/td>\n<td><\/td>\n<td>\n<div class=\"layoutArea\">\n<div class=\"column\">\n<p>Bitlis d\u00e2hilinde ihtilal \u00e7\u0131karmak i\u00e7in Siirt ve havalisinde dola\u015farak halk\u0131 te\u015fvik etmek<\/p>\n<\/div>\n<\/div>\n<\/td>\n<td>\n<div class=\"layoutArea\">\n<div class=\"column\">\n<p>Zab\u0131ta nezaretinde olarak ba\u015fka bir \u015fehirde ikamet ettirmek (s\u00fcre belirtilmemi\u015f), karar y\u00fcz\u00fcne okunmu\u015ftur.<\/p>\n<\/div>\n<\/div>\n<p><img decoding=\"async\" src=\"data:image\/png;base64,iVBORw0KGgoAAAANSUhEUgAAAAEAAAABCAYAAAAfFcSJAAAAAXNSR0IArs4c6QAAAAlwSFlzAAAXEgAAFxIBZ5\/SUgAAAA1JREFUCB1jYGBgSAMAAGsAZ3g+PVkAAAAASUVORK5CYII=\" alt=\"page55image1394414480\" width=\"0.479980\" height=\"0.479980\" \/><\/td>\n<\/tr>\n<\/tbody>\n<\/table>\n<p>Kaynak:<\/p>\n<div class=\"page\" title=\"Page 1\">\n<div class=\"layoutArea\">\n<div class=\"column\">\n<p>Prof. Dr. Mehmet Demirta\u015f<\/p>\n<p>Bitlis Eren \u00dcniversitesi Sosyal Bilimler Enstit\u00fcs\u00fc Dergisi \/ Journal of Bitlis Eren University Institute of Social Sciences\u00a0 Cilt: 7 \uf0b7 Say:2 \uf0b7Aral\u0131k, 2018<\/p>\n<p>Bitlisname.com<\/p>\n<\/div>\n<\/div>\n<\/div>\n<\/div>\n","protected":false},"excerpt":{"rendered":"<p>1914 y\u0131l\u0131n\u0131n ilk aylar\u0131nda \u0130ttihat ve Terakki y\u00f6netimine kar\u015f\u0131 Bitlis\u2019te bir isyan meydana gelmi\u015fti. Ayaklanman\u0131n liderleri, Hizan b\u00f6lgesinin tan\u0131nm\u0131\u015f dini \u015fahsiyetleri olan Molla Selim, Seyyid Ali ve \u015eeyh \u015eahabeddin idi. B\u00f6lgede, halktan ve ulemadan ciddi bir destek g\u00f6rmeyen isyan fazla uzun s\u00fcrmeden bast\u0131r\u0131lm\u0131\u015f ve failleri hakk\u0131nda resmi i\u015flem yap\u0131lm\u0131\u015ft\u0131r. Osmanl\u0131 ar\u015fiv belgelerinde ayaklanman\u0131n geli\u015fimi ve &hellip;<\/p>\n","protected":false},"author":32,"featured_media":21541,"comment_status":"open","ping_status":"open","sticky":false,"template":"","format":"standard","meta":{"footnotes":""},"categories":[25],"tags":[589,5541,5542,1616],"class_list":["post-21540","post","type-post","status-publish","format-standard","has-post-thumbnail","","category-tarih","tag-bitlis","tag-kurt-isyanlari","tag-kurt-kiyamlari","tag-manset"],"_links":{"self":[{"href":"https:\/\/candname.com\/tr\/index.php?rest_route=\/wp\/v2\/posts\/21540","targetHints":{"allow":["GET"]}}],"collection":[{"href":"https:\/\/candname.com\/tr\/index.php?rest_route=\/wp\/v2\/posts"}],"about":[{"href":"https:\/\/candname.com\/tr\/index.php?rest_route=\/wp\/v2\/types\/post"}],"author":[{"embeddable":true,"href":"https:\/\/candname.com\/tr\/index.php?rest_route=\/wp\/v2\/users\/32"}],"replies":[{"embeddable":true,"href":"https:\/\/candname.com\/tr\/index.php?rest_route=%2Fwp%2Fv2%2Fcomments&post=21540"}],"version-history":[{"count":0,"href":"https:\/\/candname.com\/tr\/index.php?rest_route=\/wp\/v2\/posts\/21540\/revisions"}],"wp:featuredmedia":[{"embeddable":true,"href":"https:\/\/candname.com\/tr\/index.php?rest_route=\/wp\/v2\/media\/21541"}],"wp:attachment":[{"href":"https:\/\/candname.com\/tr\/index.php?rest_route=%2Fwp%2Fv2%2Fmedia&parent=21540"}],"wp:term":[{"taxonomy":"category","embeddable":true,"href":"https:\/\/candname.com\/tr\/index.php?rest_route=%2Fwp%2Fv2%2Fcategories&post=21540"},{"taxonomy":"post_tag","embeddable":true,"href":"https:\/\/candname.com\/tr\/index.php?rest_route=%2Fwp%2Fv2%2Ftags&post=21540"}],"curies":[{"name":"wp","href":"https:\/\/api.w.org\/{rel}","templated":true}]}}