{"id":21519,"date":"2019-04-12T12:57:28","date_gmt":"2019-04-12T09:57:28","guid":{"rendered":"http:\/\/candname.com\/tr\/?p=21519"},"modified":"2019-04-12T12:57:28","modified_gmt":"2019-04-12T09:57:28","slug":"japonyada-kurtce-egitim-resmen-basladi","status":"publish","type":"post","link":"https:\/\/candname.com\/tr\/?p=21519","title":{"rendered":"Japonya\u2019da K\u00fcrt\u00e7e e\u011fitim resmen ba\u015flad\u0131"},"content":{"rendered":"<p>Tokyo Yabanc\u0131 Ara\u015ft\u0131rmalar \u00dcniversitesi\u2019nde K\u00fcrt\u00e7e dersler resmen ba\u015flad\u0131.<\/p>\n<p>Daha \u00f6nce, K\u00fcrt\u00e7e\u2019nin Kurmanci leh\u00e7esini, halk ve \u00f6\u011frencilere okutmak \u00fczere ders m\u00fcfredat\u0131na ald\u0131\u011f\u0131n\u0131 duyuran Japonya\u2019n\u0131n Tokyo Yabanc\u0131 Ara\u015ft\u0131rmalar \u00dcniversitesi\u2019nde, K\u00fcrt\u00e7e derslere start verildi.<\/p>\n<p>Yakla\u015f\u0131k 40 \u00f6\u011frencinin kat\u0131l\u0131m\u0131yla ba\u015flayan ilk K\u00fcrt\u00e7e dersi, Japonya tarihinde bir ilk olma \u00f6zeli\u011fini ta\u015f\u0131yor.<\/p>\n<p>\u00dcniversitenin \u00d6\u011fretim \u00dcyesi Vakkas \u00c7olak taraf\u0131ndan verilen derse kat\u0131l\u0131m\u0131n y\u00fcksek olmas\u0131 dikkat \u00e7ekti.<\/p>\n<p><strong>R\u00fbdaw\u2019a<\/strong> konu\u015fan \u00d6\u011fretim G\u00f6revlisi Vakkas \u00c7olak, bunun\u00a0 Japon akademisi i\u00e7in bir ilk oldu\u011funu ve \u00f6nem arzetti\u011fini s\u00f6yledi.<\/p>\n<p>Vakkas \u00c7olak, \u201c\u0130lk Japonca-K\u00fcrt\u00e7e s\u00f6zl\u00fck ile ilk Japonca-K\u00fcrt\u00e7e gramer kitab\u0131n\u0131n ard\u0131ndan ilk K\u00fcrt\u00e7e dersi de ger\u00e7ekle\u015ftirmi\u015f olduk. \u00d6te yandan Japon edebiyat\u0131nda K\u00fcrtleri konu edinen eserleri de K\u00fcrt\u00e7e\u2019ye \u00e7evirip, \u00e7al\u0131\u015fmalar\u0131m\u0131za devam edece\u011fiz\u201d dedi.<\/p>\n<p><img loading=\"lazy\" decoding=\"async\" class=\"alignnone size-medium wp-image-21521\" src=\"https:\/\/candname.com\/tr\/wp-content\/uploads\/2019\/04\/20190412_125220-300x164.png\" alt=\"\" width=\"300\" height=\"164\" srcset=\"https:\/\/candname.com\/tr\/wp-content\/uploads\/2019\/04\/20190412_125220-300x164.png 300w, https:\/\/candname.com\/tr\/wp-content\/uploads\/2019\/04\/20190412_125220-150x82.png 150w, https:\/\/candname.com\/tr\/wp-content\/uploads\/2019\/04\/20190412_125220-1024x558.png 1024w, https:\/\/candname.com\/tr\/wp-content\/uploads\/2019\/04\/20190412_125220.png 1080w\" sizes=\"auto, (max-width: 300px) 100vw, 300px\" \/><\/p>\n<p><strong>\u0130lk Japonca-K\u00fcrt\u00e7e s\u00f6zl\u00fck<\/strong><\/p>\n<p>Japonya ile K\u00fcrdistan Dostluk Derne\u011fi b\u00fcnyesinde \u00e7\u0131kar\u0131lan ilk Japonca-K\u00fcrt\u00e7e s\u00f6zl\u00fck, N\u00fbbihar yay\u0131nlar\u0131ndan \u00e7\u0131karak raflardaki yerini alm\u0131\u015ft\u0131<\/p>\n<p><strong>Japonca ilk K\u00fcrt\u00e7e gramer kitab\u0131<\/strong><\/p>\n<p>\u00d6te yandan 225 sayfa ve 2 ayr\u0131 b\u00f6l\u00fcmden olu\u015fan K\u00fcrt\u00e7e Gramer kitab\u0131 da \u00f6n\u00fcm\u00fczde hafta N\u00fbbihar Yay\u0131nlar\u0131 taraf\u0131ndan bas\u0131lm\u0131\u015ft\u0131.<\/p>\n<p><span style=\"color: #ff0000;\"><em><strong>Rudaw- Emrah Akbulak\u00a0<\/strong><\/em><\/span><\/p>\n","protected":false},"excerpt":{"rendered":"<p>Tokyo Yabanc\u0131 Ara\u015ft\u0131rmalar \u00dcniversitesi\u2019nde K\u00fcrt\u00e7e dersler resmen ba\u015flad\u0131. Daha \u00f6nce, K\u00fcrt\u00e7e\u2019nin Kurmanci leh\u00e7esini, halk ve \u00f6\u011frencilere okutmak \u00fczere ders m\u00fcfredat\u0131na ald\u0131\u011f\u0131n\u0131 duyuran Japonya\u2019n\u0131n Tokyo Yabanc\u0131 Ara\u015ft\u0131rmalar \u00dcniversitesi\u2019nde, K\u00fcrt\u00e7e derslere start verildi. Yakla\u015f\u0131k 40 \u00f6\u011frencinin kat\u0131l\u0131m\u0131yla ba\u015flayan ilk K\u00fcrt\u00e7e dersi, Japonya tarihinde bir ilk olma \u00f6zeli\u011fini ta\u015f\u0131yor. \u00dcniversitenin \u00d6\u011fretim \u00dcyesi Vakkas \u00c7olak taraf\u0131ndan verilen derse kat\u0131l\u0131m\u0131n &hellip;<\/p>\n","protected":false},"author":53,"featured_media":21520,"comment_status":"open","ping_status":"open","sticky":false,"template":"","format":"standard","meta":{"footnotes":""},"categories":[3],"tags":[141,1616],"class_list":["post-21519","post","type-post","status-publish","format-standard","has-post-thumbnail","","category-haber","tag-kurtce","tag-manset"],"_links":{"self":[{"href":"https:\/\/candname.com\/tr\/index.php?rest_route=\/wp\/v2\/posts\/21519","targetHints":{"allow":["GET"]}}],"collection":[{"href":"https:\/\/candname.com\/tr\/index.php?rest_route=\/wp\/v2\/posts"}],"about":[{"href":"https:\/\/candname.com\/tr\/index.php?rest_route=\/wp\/v2\/types\/post"}],"author":[{"embeddable":true,"href":"https:\/\/candname.com\/tr\/index.php?rest_route=\/wp\/v2\/users\/53"}],"replies":[{"embeddable":true,"href":"https:\/\/candname.com\/tr\/index.php?rest_route=%2Fwp%2Fv2%2Fcomments&post=21519"}],"version-history":[{"count":0,"href":"https:\/\/candname.com\/tr\/index.php?rest_route=\/wp\/v2\/posts\/21519\/revisions"}],"wp:featuredmedia":[{"embeddable":true,"href":"https:\/\/candname.com\/tr\/index.php?rest_route=\/wp\/v2\/media\/21520"}],"wp:attachment":[{"href":"https:\/\/candname.com\/tr\/index.php?rest_route=%2Fwp%2Fv2%2Fmedia&parent=21519"}],"wp:term":[{"taxonomy":"category","embeddable":true,"href":"https:\/\/candname.com\/tr\/index.php?rest_route=%2Fwp%2Fv2%2Fcategories&post=21519"},{"taxonomy":"post_tag","embeddable":true,"href":"https:\/\/candname.com\/tr\/index.php?rest_route=%2Fwp%2Fv2%2Ftags&post=21519"}],"curies":[{"name":"wp","href":"https:\/\/api.w.org\/{rel}","templated":true}]}}