{"id":21502,"date":"2019-02-23T12:05:10","date_gmt":"2019-02-23T09:05:10","guid":{"rendered":"http:\/\/candname.com\/tr\/?p=21502"},"modified":"2019-02-23T12:07:19","modified_gmt":"2019-02-23T09:07:19","slug":"cocuklarina-kurtce-egitim-veren-aile-ulusal-bir-gorevdir","status":"publish","type":"post","link":"https:\/\/candname.com\/tr\/?p=21502","title":{"rendered":"\u00c7ocuklar\u0131na K\u00fcrt\u00e7e e\u011fitim veren aile: Ulusal bir g\u00f6revdir"},"content":{"rendered":"<div class=\"detailsContentTitlePad\">\n<h4><strong>26 y\u0131ld\u0131r Almanya&#8217;da ya\u015fayan Mardinli Birhimeo\u011flu \u00e7ifti, \u00e7ocuklar\u0131n\u0131n K\u00fcrt\u00e7e e\u011fitim alarak, bilin\u00e7lenmelerini sa\u011fl\u0131yor.<\/strong><\/h4>\n<\/div>\n<div class=\"textPad\">\n<p>8 \u00e7ocuk sahibi G\u00fclistan ve Mustafa Birhimeo\u011flu \u00e7ifti, Almanya&#8217;da ya\u015fayan \u00e7ocuklar\u0131n\u0131n K\u00fcrt k\u00fclt\u00fcr ve dili konusunda geli\u015fmelerine \u00f6nayak oluyor.<\/p>\n<p>R\u00fbdaw&#8217;a konu\u015fan Mustafa Birhimeoglu, &#8220;Ana dil insan\u0131n varl\u0131\u011f\u0131 ve \u00f6z\u00fcd\u00fcr. Ana dilini bilmeyen insan bir \u00e7ok konuda zay\u0131ft\u0131r. Ebeveynlerin \u00e7ocuklarla ili\u015fkisi ana dille olmal\u0131, evde \u00e7ocuklar\u0131yla K\u00fcrt\u00e7e konu\u015fulmas\u0131 laz\u0131m. \u00d6zellikle biz K\u00fcrtlerin bir devleti olmad\u0131\u011f\u0131 i\u00e7in varl\u0131\u011f\u0131m\u0131z, kimli\u011fimiz ger\u00e7ekten K\u00fcrt\u00e7e\u2019dir&#8221; dedi.<\/p>\n<p><img decoding=\"async\" src=\"https:\/\/i.ibb.co\/vhc21kj\/resim-8.jpg\" alt=\"\" \/><\/p>\n<p>Evde \u00e7ocuklarla K\u00fcrt\u00e7e konu\u015fman\u0131n \u00e7ok \u00f6nemli oldu\u011funu vurgulayan Birhimeo\u011flu, \u015fu ifadeleri kulland\u0131:<\/p>\n<p>&#8220;Tarihimizi bizden \u00e7ald\u0131lar; Avrupal\u0131lar bizden \u00e7ald\u0131, Farslar \u00e7ald\u0131, Araplar \u00e7ald\u0131, Yunanl\u0131lar \u00e7ald\u0131, T\u00fcrkler \u00e7ald\u0131&#8230; \u00c7alan \u00e7alana! Elimizde ise sadece dilimiz kald\u0131.&#8221;<\/p>\n<p>&#8220;Ana dilimizi canl\u0131 tutmak i\u00e7in K\u00fcrt\u00e7e okuyup yazmal\u0131y\u0131z&#8221; diyen Birhimeoglu \u00e7ifti, \u00e7ocuklar\u0131na K\u00fcrt\u00e7e \u00f6\u011fretmeyi &#8220;ulusal bir g\u00f6rev&#8221; olarak g\u00f6r\u00fcyor.<\/p>\n<p><img decoding=\"async\" src=\"https:\/\/i.ibb.co\/S6g8q7R\/resim-9.jpg\" alt=\"\" \/><\/p>\n<p>\u00c7ocuklar\u0131n\u0131n K\u00fcrt\u00e7e konusundaki kararl\u0131l\u0131\u011f\u0131n\u0131 vurgulayan anne G\u00fclistan Birhimeo\u011flu, \u201c8 \u00e7ocuk annesiyim, onlarla K\u00fcrt\u00e7e konu\u015fuyorum. K\u00fcrt k\u00fclt\u00fcr\u00fcn\u00fcn geli\u015fmesi i\u00e7in dilimizi unutmayaca\u011f\u0131z\u201d diye konu\u015ftu.<\/p>\n<p>Mardinli \u00e7iftin 10 ya\u015f\u0131ndaki o\u011flu Arbin, Almanya yasalar\u0131n\u0131n verdi\u011fi hakk\u0131 kullanarak haftada bir defa okulda K\u00fcrt\u00e7e e\u011fitim al\u0131yor.<\/p>\n<p><img decoding=\"async\" src=\"https:\/\/i.ibb.co\/44VNzrm\/resim-10.jpg\" alt=\"\" \/><\/p>\n<p>Okulda g\u00f6rd\u00fc\u011f\u00fc K\u00fcrt\u00e7e dersleri ailesiyle payla\u015fayan Arbin, &#8220;\u0130ki y\u0131ld\u0131r K\u00fcrt\u00e7e dersi al\u0131yorum. K\u00fcrt\u00e7e okuyor, yaz\u0131yor ve konu\u015fabiliyorum&#8221; dedi.<\/p>\n<p>Almanya yasalar\u0131na g\u00f6re, her \u00e7ocu\u011fun kendi ana dilini \u00f6\u011frenme hakk\u0131 var. Bu kapsamda \u00fclkedeki okullarda se\u00e7meli ders olarak K\u00fcrt\u00e7e de veriliyor.<\/p>\n<p>R\u00fbdaw\u2019\u0131n Almanya E\u011fitim Bakanl\u0131\u011f\u0131&#8217;ndan ald\u0131\u011f\u0131 bilgilere g\u00f6re, Almanya\u2019da 2 bin 200 \u00e7ocuk okullarda K\u00fcrt\u00e7e e\u011fitim al\u0131yor.<\/p>\n<\/div>\n<p>Haber <em><strong>Rudaw<\/strong><\/em> &#8216;dan al\u0131nm\u0131\u015ft\u0131r<\/p>\n","protected":false},"excerpt":{"rendered":"<p>26 y\u0131ld\u0131r Almanya&#8217;da ya\u015fayan Mardinli Birhimeo\u011flu \u00e7ifti, \u00e7ocuklar\u0131n\u0131n K\u00fcrt\u00e7e e\u011fitim alarak, bilin\u00e7lenmelerini sa\u011fl\u0131yor. 8 \u00e7ocuk sahibi G\u00fclistan ve Mustafa Birhimeo\u011flu \u00e7ifti, Almanya&#8217;da ya\u015fayan \u00e7ocuklar\u0131n\u0131n K\u00fcrt k\u00fclt\u00fcr ve dili konusunda geli\u015fmelerine \u00f6nayak oluyor. R\u00fbdaw&#8217;a konu\u015fan Mustafa Birhimeoglu, &#8220;Ana dil insan\u0131n varl\u0131\u011f\u0131 ve \u00f6z\u00fcd\u00fcr. Ana dilini bilmeyen insan bir \u00e7ok konuda zay\u0131ft\u0131r. Ebeveynlerin \u00e7ocuklarla ili\u015fkisi ana dille &hellip;<\/p>\n","protected":false},"author":53,"featured_media":21503,"comment_status":"open","ping_status":"open","sticky":false,"template":"","format":"standard","meta":{"footnotes":""},"categories":[5371,3],"tags":[5532,141,1616,5533],"class_list":["post-21502","post","type-post","status-publish","format-standard","has-post-thumbnail","","category-alinti-yazilar","category-haber","tag-aile","tag-kurtce","tag-manset","tag-ulusal-gorev"],"_links":{"self":[{"href":"https:\/\/candname.com\/tr\/index.php?rest_route=\/wp\/v2\/posts\/21502","targetHints":{"allow":["GET"]}}],"collection":[{"href":"https:\/\/candname.com\/tr\/index.php?rest_route=\/wp\/v2\/posts"}],"about":[{"href":"https:\/\/candname.com\/tr\/index.php?rest_route=\/wp\/v2\/types\/post"}],"author":[{"embeddable":true,"href":"https:\/\/candname.com\/tr\/index.php?rest_route=\/wp\/v2\/users\/53"}],"replies":[{"embeddable":true,"href":"https:\/\/candname.com\/tr\/index.php?rest_route=%2Fwp%2Fv2%2Fcomments&post=21502"}],"version-history":[{"count":0,"href":"https:\/\/candname.com\/tr\/index.php?rest_route=\/wp\/v2\/posts\/21502\/revisions"}],"wp:featuredmedia":[{"embeddable":true,"href":"https:\/\/candname.com\/tr\/index.php?rest_route=\/wp\/v2\/media\/21503"}],"wp:attachment":[{"href":"https:\/\/candname.com\/tr\/index.php?rest_route=%2Fwp%2Fv2%2Fmedia&parent=21502"}],"wp:term":[{"taxonomy":"category","embeddable":true,"href":"https:\/\/candname.com\/tr\/index.php?rest_route=%2Fwp%2Fv2%2Fcategories&post=21502"},{"taxonomy":"post_tag","embeddable":true,"href":"https:\/\/candname.com\/tr\/index.php?rest_route=%2Fwp%2Fv2%2Ftags&post=21502"}],"curies":[{"name":"wp","href":"https:\/\/api.w.org\/{rel}","templated":true}]}}