{"id":21497,"date":"2019-02-14T21:26:53","date_gmt":"2019-02-14T18:26:53","guid":{"rendered":"http:\/\/candname.com\/tr\/?p=21497"},"modified":"2021-02-20T13:58:18","modified_gmt":"2021-02-20T10:58:18","slug":"cezerinin-olaganustu-makineleri","status":"publish","type":"post","link":"https:\/\/candname.com\/tr\/?p=21497","title":{"rendered":"Cezeri\u2019nin \u2018Ola\u011fan\u00fcst\u00fc Makineleri\u2019 Sergisi"},"content":{"rendered":"<div class=\"content_box\">\n<div class=\"text\">\n<p>13. y\u00fczy\u0131lda ya\u015fam\u0131\u015f \u00fcnl\u00fc k\u00fcrt bilim insan\u0131 Eb\u00fb\u2019l \u0130smail \u0130bni Rezzaz El Cezeri\u2019nin icat etti\u011fi makineler, \u201cCezeri\u2019nin Ola\u011fan\u00fcst\u00fc Makineleri\u201d ad\u0131yla sergilenecek. 15 \u015eubat Cuma g\u00fcn\u00fc \u0130stanbul\u2019daki Uniq Expo\u2019da a\u00e7\u0131lacak olan sergi 30 Haziran\u2019a kadar ziyaret edilebilecek.<\/p>\n<p>K\u00fcrat\u00f6rl\u00fc\u011f\u00fcn\u00fc Mehmed Ali \u00c7al\u0131\u015fkan\u2019\u0131n \u00fcstlendi\u011fi sergide yer alan makineler, Cezeri\u2019nin 13. y\u00fczy\u0131lda yazd\u0131\u011f\u0131 \u201cKitab-\u00fcl Hiyel\u201d adl\u0131 kitapta anlat\u0131mlar\u0131na uygun olarak, \u00e7al\u0131\u015f\u0131r \u015fekilde \u00fcretildi.<\/p>\n<p>1500 metrekarelik alanda d\u00fczenlenen sergide boyutlar\u0131 4 metreyi bulan dev makinelerle birlikte 66 farkl\u0131 alet ve d\u00fczenek yer al\u0131yor. Mucidin imzas\u0131n\u0131 ta\u015f\u0131yan ve \u00e7al\u0131\u015fma prensiplerini anla\u015f\u0131l\u0131r bir bi\u00e7imde ortaya koyan eserler aras\u0131nda filli su saatini, \u015fifreli ve d\u00f6rt s\u00fcrg\u00fcl\u00fc kap\u0131 kilidini, \u015fifreli kasay\u0131, an\u0131t su saatini ve tarihin bilinen ilk insans\u0131 robotu olan i\u00e7ecek sunan \u00e7ocuk otomat\u0131n\u0131 g\u00f6rmek m\u00fcmk\u00fcn.<\/p>\n<p>15 y\u0131ll\u0131k bir \u00e7al\u0131\u015fman\u0131n sonucunda hayat bulan sergide Cezeri\u2019nin yan\u0131 s\u0131ra Antik \u00c7in, M\u0131s\u0131r, Yunan ve Bat\u0131 medeniyetlerinin bilim insanlar\u0131na ait \u00e7e\u015fitli mekanik \u00f6rneklere de yer verildi.<\/p>\n<p>Sergi kapsam\u0131nda her Pazar g\u00fcn\u00fc, \u00e7ocuklar i\u00e7in at\u00f6lye \u00e7al\u0131\u015fmalar\u0131 d\u00fczenlenecek. \u00c7ocuklar\u0131n hayal g\u00fcc\u00fcn\u00fc geli\u015ftirmeyi ve yeteneklerini ortaya \u00e7\u0131karmay\u0131 ama\u00e7layan at\u00f6lye etkinliklerinde \u00e7ocuklar, Cezeri\u2019nin baz\u0131 icatlar\u0131n\u0131 yeniden yapma \u015fans\u0131 bulacaklar.<\/p>\n<p>\u201cCezeri\u2019nin Ola\u011fan\u00fcst\u00fc Makineleri Sergisi\u201dnin hik\u00e2yesini anlatmak i\u00e7in 9.58 \u0130leti\u015fim \u00c7\u00f6z\u00fcmleri taraf\u0131ndan bir reklam filmi haz\u0131rland\u0131. Kaan Ran \u00d6zsoy\u2019un y\u00f6netmenli\u011fini \u00fcstlendi\u011fi, Volkan Bintepe\u2019nin senaryosunu yazd\u0131\u011f\u0131 reklam filmini Haluk Bilginer seslendirdi.<\/p>\n<p>Kaynak: K\u00fclt\u00fcr Servisi<\/p>\n<p><iframe loading=\"lazy\" src=\"https:\/\/www.youtube.com\/embed\/kcHYWsl6Z9k?feature=oembed\" width=\"560\" height=\"315\" frameborder=\"0\" allowfullscreen=\"allowfullscreen\" data-mce-fragment=\"1\"><\/iframe><\/p>\n<p><img loading=\"lazy\" decoding=\"async\" class=\"alignnone size-medium wp-image-16144\" src=\"http:\/\/www.kulturservisi.com\/wp-content\/uploads\/2019\/02\/cezeri2-666x450.jpg\" sizes=\"auto, (max-width: 666px) 100vw, 666px\" srcset=\"https:\/\/www.kulturservisi.com\/wp-content\/uploads\/2019\/02\/cezeri2-666x450.jpg 666w, https:\/\/www.kulturservisi.com\/wp-content\/uploads\/2019\/02\/cezeri2-768x519.jpg 768w, https:\/\/www.kulturservisi.com\/wp-content\/uploads\/2019\/02\/cezeri2.jpg 1058w\" alt=\"\" width=\"666\" height=\"450\" \/><img loading=\"lazy\" decoding=\"async\" class=\"alignnone size-medium wp-image-16146\" src=\"http:\/\/www.kulturservisi.com\/wp-content\/uploads\/2019\/02\/cezeri3-672x450.jpg\" sizes=\"auto, (max-width: 672px) 100vw, 672px\" srcset=\"https:\/\/www.kulturservisi.com\/wp-content\/uploads\/2019\/02\/cezeri3-672x450.jpg 672w, https:\/\/www.kulturservisi.com\/wp-content\/uploads\/2019\/02\/cezeri3.jpg 697w\" alt=\"\" width=\"672\" height=\"450\" \/><img loading=\"lazy\" decoding=\"async\" class=\"alignnone size-medium wp-image-16147\" src=\"http:\/\/www.kulturservisi.com\/wp-content\/uploads\/2019\/02\/cezeri5-672x450.jpg\" sizes=\"auto, (max-width: 672px) 100vw, 672px\" srcset=\"https:\/\/www.kulturservisi.com\/wp-content\/uploads\/2019\/02\/cezeri5-672x450.jpg 672w, https:\/\/www.kulturservisi.com\/wp-content\/uploads\/2019\/02\/cezeri5.jpg 709w\" alt=\"\" width=\"672\" height=\"450\" \/><\/p>\n<\/div>\n<\/div>\n","protected":false},"excerpt":{"rendered":"<p>13. y\u00fczy\u0131lda ya\u015fam\u0131\u015f \u00fcnl\u00fc k\u00fcrt bilim insan\u0131 Eb\u00fb\u2019l \u0130smail \u0130bni Rezzaz El Cezeri\u2019nin icat etti\u011fi makineler, \u201cCezeri\u2019nin Ola\u011fan\u00fcst\u00fc Makineleri\u201d ad\u0131yla sergilenecek. 15 \u015eubat Cuma g\u00fcn\u00fc \u0130stanbul\u2019daki Uniq Expo\u2019da a\u00e7\u0131lacak olan sergi 30 Haziran\u2019a kadar ziyaret edilebilecek. K\u00fcrat\u00f6rl\u00fc\u011f\u00fcn\u00fc Mehmed Ali \u00c7al\u0131\u015fkan\u2019\u0131n \u00fcstlendi\u011fi sergide yer alan makineler, Cezeri\u2019nin 13. y\u00fczy\u0131lda yazd\u0131\u011f\u0131 \u201cKitab-\u00fcl Hiyel\u201d adl\u0131 kitapta anlat\u0131mlar\u0131na uygun &hellip;<\/p>\n","protected":false},"author":2,"featured_media":21498,"comment_status":"open","ping_status":"open","sticky":false,"template":"","format":"standard","meta":{"footnotes":""},"categories":[3],"tags":[5529,5530,5528,1616,5531],"class_list":["post-21497","post","type-post","status-publish","format-standard","has-post-thumbnail","","category-haber","tag-ebul-ismail-ibni-rezzaz-el-cezeri","tag-kitab-ul-hiyel","tag-kultur-servisi","tag-manset","tag-sergi"],"_links":{"self":[{"href":"https:\/\/candname.com\/tr\/index.php?rest_route=\/wp\/v2\/posts\/21497","targetHints":{"allow":["GET"]}}],"collection":[{"href":"https:\/\/candname.com\/tr\/index.php?rest_route=\/wp\/v2\/posts"}],"about":[{"href":"https:\/\/candname.com\/tr\/index.php?rest_route=\/wp\/v2\/types\/post"}],"author":[{"embeddable":true,"href":"https:\/\/candname.com\/tr\/index.php?rest_route=\/wp\/v2\/users\/2"}],"replies":[{"embeddable":true,"href":"https:\/\/candname.com\/tr\/index.php?rest_route=%2Fwp%2Fv2%2Fcomments&post=21497"}],"version-history":[{"count":0,"href":"https:\/\/candname.com\/tr\/index.php?rest_route=\/wp\/v2\/posts\/21497\/revisions"}],"wp:featuredmedia":[{"embeddable":true,"href":"https:\/\/candname.com\/tr\/index.php?rest_route=\/wp\/v2\/media\/21498"}],"wp:attachment":[{"href":"https:\/\/candname.com\/tr\/index.php?rest_route=%2Fwp%2Fv2%2Fmedia&parent=21497"}],"wp:term":[{"taxonomy":"category","embeddable":true,"href":"https:\/\/candname.com\/tr\/index.php?rest_route=%2Fwp%2Fv2%2Fcategories&post=21497"},{"taxonomy":"post_tag","embeddable":true,"href":"https:\/\/candname.com\/tr\/index.php?rest_route=%2Fwp%2Fv2%2Ftags&post=21497"}],"curies":[{"name":"wp","href":"https:\/\/api.w.org\/{rel}","templated":true}]}}