{"id":21480,"date":"2019-02-01T23:41:43","date_gmt":"2019-02-01T20:41:43","guid":{"rendered":"http:\/\/candname.com\/tr\/?p=21480"},"modified":"2021-02-20T13:58:18","modified_gmt":"2021-02-20T10:58:18","slug":"kurt-sanatci-egide-cimo-yasamini-yitirdi","status":"publish","type":"post","link":"https:\/\/candname.com\/tr\/?p=21480","title":{"rendered":"K\u00fcrt sanat\u00e7\u0131 Eg\u00eed\u00ea Cimo ya\u015fam\u0131n\u0131 yitirdi"},"content":{"rendered":"<p><span class=\"subtitle\">K\u00fcrt sanat\u00e7\u0131 Eg\u00eed\u00ea Cimo, Ermenistan\u2019\u0131n ba\u015fkenti Erivan\u2019da hayat\u0131n\u0131 kaybetti. &#8216;Kaval\u0131n miri&#8217; olarak bilinen sanat\u00e7\u0131, 35 y\u0131l boyunca Erivan Radyosu\u2019nda \u00e7al\u0131\u015fm\u0131\u015ft\u0131.<\/span><\/p>\n<p><span class=\"subtitle\">M\u00eer\u00ea Bilur\u00ea (Kaval\u0131n M\u00eer\u00ee) olarak bilinen 87 ya\u015f\u0131ndaki K\u00fcrt sanat\u00e7\u0131 Egid\u00ea Cimo Ermenistan\u2019\u0131n ba\u015fkenti Erivan\u2019da ya\u015fam\u0131n\u0131 yitirdi. Van\u2019\u0131n \u00d6zalp il\u00e7esinden Erivan\u2019a s\u00fcrg\u00fcn giden bir ailenin \u00e7ocu\u011fu olan Egid\u00ea Cimo, 1932 y\u0131l\u0131nda Ermenistan\u2019\u0131n Erde\u015fer k\u00f6y\u00fcnde d\u00fcnyaya gelmi\u015fti.<\/span><\/p>\n<p>Eg\u00eed\u00ea Cimo 2013 y\u0131l\u0131nda Diha\u2019ya verdi\u011fi bir s\u00f6yle\u015fide kavalla tan\u0131\u015fma \u00f6yk\u00fcs\u00fcn\u00fc \u015fu \u015fekilde anlat\u0131yordu:<\/p>\n<p>\u201cK\u00f6y\u00fcm\u00fcz\u00fcn \u00e7evresinde d\u00fc\u011f\u00fcnler yap\u0131l\u0131yordu, bu m\u00fczik \u00e7ok ho\u015fuma gidiyordu. K\u00f6y\u00fcm\u00fcz\u00fcn kenar\u0131nda bulunan \u00c7em\u00ea Re\u015f\u2019te kam\u0131\u015flar vard\u0131. Ben bir kam\u0131\u015f kopar\u0131p ba\u011flad\u0131m, \u00fczerinde delikler a\u00e7t\u0131m. \u00dcfledim ve ses \u00e7\u0131kt\u0131. Bunun \u00fczerine dedim ki, art\u0131k m\u00fczik yapaca\u011f\u0131m. Evimiz k\u00f6y\u00fcn di\u011fer evlerinden biraz daha y\u00fcksekteydi. D\u00fcd\u00fc\u011f\u00fcn sesi \u00e7ok g\u00fczel yay\u0131l\u0131yordu ve ben \u00e7al\u0131nca k\u00f6yl\u00fcler duyuyordu. Bir s\u00fcre sonra her \u00e7ald\u0131\u011f\u0131mda k\u00f6yl\u00fcler evin etraf\u0131nda toplan\u0131yordu.\u201d<\/p>\n<p><strong>Erivan Radyosu&#8217;ndaki \u00e7al\u0131\u015fma y\u0131llar\u0131\u00a0<\/strong><\/p>\n<p>\u0130lerleyen y\u0131llarda ba\u015fta mey ve zurna olmak \u00fczere bir\u00e7ok enstr\u00fcman kullanan Cimo, 1955\u2019te Erivan Radyosu\u2019nun K\u00fcrt\u00e7e b\u00f6l\u00fcm\u00fcnde m\u00fczisyen olarak \u00e7al\u0131\u015fmaya ba\u015flad\u0131. Cimo aral\u0131ks\u0131z \u015fekilde 35 y\u0131l boyunca Erivan Radyosu\u2019nda kompozit\u00f6rl\u00fck yapt\u0131. Cimo, Erivan Radyosu\u2019ndaki g\u00fcnleri ise \u015f\u00f6yle anlat\u0131yordu:<\/p>\n<p>\u201cK\u00fcrdistan\u2019\u0131n d\u00f6rt bir yan\u0131nda K\u00fcrtler ve K\u00fcrt\u00e7e yasakt\u0131, ama bizim yan\u0131m\u0131zda yasak de\u011fildi. Biz K\u00fcrtlerin sesini t\u00fcm d\u00fcnyaya duyuruyorduk. Herkes bu sayede K\u00fcrtlerin kilamlar\u0131n\u0131 dinliyordu. Erivan Radyosu, K\u00fcrt m\u00fczi\u011finin yolunu a\u00e7t\u0131 ve bu anlamda b\u00fcy\u00fck bir \u015fey olu\u015fturdu. \u015eimdi bir\u00e7ok K\u00fcrt bize \u2018Biz sizin m\u00fczi\u011finizle, sanat\u0131n\u0131zla, eserlerinizle b\u00fcy\u00fcd\u00fck\u2019 diyor. \u015eu ana kadar Erivan Radyosu g\u00f6revini yerine getirdi, \u015fimdi art\u0131k ba\u015fka \u015feylere g\u00f6rev d\u00fc\u015f\u00fcyor.\u201d<\/p>\n<p>Kaval\u0131yla Aram Tigran, \u015eeroy\u00ea Biro, Karapet\u00ea Xa\u00e7o ve Asl\u0131ka Qadir gibi Sovyet ekol\u00fcndeki K\u00fcrt sanat\u00e7\u0131lar\u0131n\u0131n seslerine e\u015flik eden Cimo, Erivan Radyosundaki resmi g\u00f6revinin yan\u0131 s\u0131ra Romanos Melikyan M\u00fczik Enstit\u00fcs\u00fc\u2019n\u00fc bitirdi. 1967 y\u0131l\u0131nda y\u00fcksek okul diplomas\u0131n\u0131 almay\u0131 ba\u015faran Cimo, Karapet\u00ea Xaco\u2019yu Erivan Radyosu\u2019na da kazand\u0131ran bir isimdi. Eg\u00eed\u00ea Cimo, Xaco\u2019yla tan\u0131\u015fma hikayesini ise \u015f\u00f6yle anlat\u0131yor:<\/p>\n<p>\u201cS\u00fcrekli radyo i\u00e7in dengb\u00eaj ar\u0131yordum. Teyzemin e\u015fi Dervi\u015f, Karapet\u2019ten bahsetti. Onlar\u0131n k\u00f6y\u00fcne gittik, Karapet bah\u00e7esinde topra\u011f\u0131 e\u015feliyordu. Tan\u0131\u015ft\u0131k, Lawike Metin\u00ee adl\u0131 kilam\u0131 s\u00f6yledi ve ben \u2018Arad\u0131\u011f\u0131m ses sendin\u2019 dedim. Sabah erken saatlerdi ve \u2018Haydi kalk radyoya gidelim\u2019 dedim. O ise \u2018Y\u00fcr\u00fcyerek gidece\u011fiz\u2019 dedi. Bulundu\u011fumuz yerden 20 kilometre uzakl\u0131ktayd\u0131 radyo ve sohbet ede ede radyoya kadar y\u00fcr\u00fcd\u00fck. Karapet\u2019in sesini kaydettik.\u201d<\/p>\n<p style=\"text-align: right;\"><em>BasNews<\/em><\/p>\n","protected":false},"excerpt":{"rendered":"<p>K\u00fcrt sanat\u00e7\u0131 Eg\u00eed\u00ea Cimo, Ermenistan\u2019\u0131n ba\u015fkenti Erivan\u2019da hayat\u0131n\u0131 kaybetti. &#8216;Kaval\u0131n miri&#8217; olarak bilinen sanat\u00e7\u0131, 35 y\u0131l boyunca Erivan Radyosu\u2019nda \u00e7al\u0131\u015fm\u0131\u015ft\u0131. M\u00eer\u00ea Bilur\u00ea (Kaval\u0131n M\u00eer\u00ee) olarak bilinen 87 ya\u015f\u0131ndaki K\u00fcrt sanat\u00e7\u0131 Egid\u00ea Cimo Ermenistan\u2019\u0131n ba\u015fkenti Erivan\u2019da ya\u015fam\u0131n\u0131 yitirdi. Van\u2019\u0131n \u00d6zalp il\u00e7esinden Erivan\u2019a s\u00fcrg\u00fcn giden bir ailenin \u00e7ocu\u011fu olan Egid\u00ea Cimo, 1932 y\u0131l\u0131nda Ermenistan\u2019\u0131n Erde\u015fer k\u00f6y\u00fcnde d\u00fcnyaya &hellip;<\/p>\n","protected":false},"author":2,"featured_media":21481,"comment_status":"open","ping_status":"open","sticky":false,"template":"","format":"standard","meta":{"footnotes":""},"categories":[3],"tags":[1740,5522,1616],"class_list":["post-21480","post","type-post","status-publish","format-standard","has-post-thumbnail","","category-haber","tag-basnews","tag-egide-cimo","tag-manset"],"_links":{"self":[{"href":"https:\/\/candname.com\/tr\/index.php?rest_route=\/wp\/v2\/posts\/21480","targetHints":{"allow":["GET"]}}],"collection":[{"href":"https:\/\/candname.com\/tr\/index.php?rest_route=\/wp\/v2\/posts"}],"about":[{"href":"https:\/\/candname.com\/tr\/index.php?rest_route=\/wp\/v2\/types\/post"}],"author":[{"embeddable":true,"href":"https:\/\/candname.com\/tr\/index.php?rest_route=\/wp\/v2\/users\/2"}],"replies":[{"embeddable":true,"href":"https:\/\/candname.com\/tr\/index.php?rest_route=%2Fwp%2Fv2%2Fcomments&post=21480"}],"version-history":[{"count":0,"href":"https:\/\/candname.com\/tr\/index.php?rest_route=\/wp\/v2\/posts\/21480\/revisions"}],"wp:featuredmedia":[{"embeddable":true,"href":"https:\/\/candname.com\/tr\/index.php?rest_route=\/wp\/v2\/media\/21481"}],"wp:attachment":[{"href":"https:\/\/candname.com\/tr\/index.php?rest_route=%2Fwp%2Fv2%2Fmedia&parent=21480"}],"wp:term":[{"taxonomy":"category","embeddable":true,"href":"https:\/\/candname.com\/tr\/index.php?rest_route=%2Fwp%2Fv2%2Fcategories&post=21480"},{"taxonomy":"post_tag","embeddable":true,"href":"https:\/\/candname.com\/tr\/index.php?rest_route=%2Fwp%2Fv2%2Ftags&post=21480"}],"curies":[{"name":"wp","href":"https:\/\/api.w.org\/{rel}","templated":true}]}}