{"id":21441,"date":"2019-01-02T15:46:42","date_gmt":"2019-01-02T12:46:42","guid":{"rendered":"http:\/\/candname.com\/tr\/?p=21441"},"modified":"2019-01-02T15:46:42","modified_gmt":"2019-01-02T12:46:42","slug":"irakta-tum-okullarda-kurtce-egitim-verilecek","status":"publish","type":"post","link":"https:\/\/candname.com\/tr\/?p=21441","title":{"rendered":"Irak&#8217;ta t\u00fcm okullarda K\u00fcrt\u00e7e e\u011fitim verilecek"},"content":{"rendered":"<p>Birinci a\u015famadaki kararnameye g\u00f6re, ilkokullardaki 3., 4., 5. ve 6. s\u0131n\u0131flar\u0131n e\u011fitim m\u00fcfredatlar\u0131na K\u00fcrt\u00e7e eklenecek, ayr\u0131ca ikinci a\u015famada ortaokullardaki 3., 4. ve 5. s\u0131n\u0131flarda ana ders olarak da verilecek.<\/p>\n<p>Irak anayasas\u0131na g\u00f6re, K\u00fcrt\u00e7e ve Arap\u00e7a, Irak Federal Cumhuriyeti\u2019nin iki resmi dilidir.<\/p>\n<p>\u015eu anda Irak\u2019taki okul programlar\u0131na K\u00fcrt\u00e7e dili dahil edilmiyor ve federal h\u00fck\u00fcmet ile K\u00fcrdistan B\u00f6lgesel h\u00fck\u00fcmeti (KBY) aras\u0131nda itiraz edilen b\u00f6lgeler var. Ancak az\u0131nl\u0131klar i\u00e7in \u00f6zel okullar kuruldu.<\/p>\n<p>Bu arada, K\u00fcrdistan B\u00f6lgesi\u2019nde hem temel hem de haz\u0131rl\u0131k okullar\u0131nda Arap\u00e7a ana ders olarak \u00f6\u011fretiliyor.<\/p>\n<p>KRDNews<\/p>\n","protected":false},"excerpt":{"rendered":"<p>Birinci a\u015famadaki kararnameye g\u00f6re, ilkokullardaki 3., 4., 5. ve 6. s\u0131n\u0131flar\u0131n e\u011fitim m\u00fcfredatlar\u0131na K\u00fcrt\u00e7e eklenecek, ayr\u0131ca ikinci a\u015famada ortaokullardaki 3., 4. ve 5. s\u0131n\u0131flarda ana ders olarak da verilecek. Irak anayasas\u0131na g\u00f6re, K\u00fcrt\u00e7e ve Arap\u00e7a, Irak Federal Cumhuriyeti\u2019nin iki resmi dilidir. \u015eu anda Irak\u2019taki okul programlar\u0131na K\u00fcrt\u00e7e dili dahil edilmiyor ve federal h\u00fck\u00fcmet ile K\u00fcrdistan &hellip;<\/p>\n","protected":false},"author":32,"featured_media":21442,"comment_status":"open","ping_status":"open","sticky":false,"template":"","format":"standard","meta":{"footnotes":""},"categories":[3],"tags":[1774,887,5497,5496,1616],"class_list":["post-21441","post","type-post","status-publish","format-standard","has-post-thumbnail","","category-haber","tag-bakur","tag-basur","tag-irak","tag-kurtce-egitim","tag-manset"],"_links":{"self":[{"href":"https:\/\/candname.com\/tr\/index.php?rest_route=\/wp\/v2\/posts\/21441","targetHints":{"allow":["GET"]}}],"collection":[{"href":"https:\/\/candname.com\/tr\/index.php?rest_route=\/wp\/v2\/posts"}],"about":[{"href":"https:\/\/candname.com\/tr\/index.php?rest_route=\/wp\/v2\/types\/post"}],"author":[{"embeddable":true,"href":"https:\/\/candname.com\/tr\/index.php?rest_route=\/wp\/v2\/users\/32"}],"replies":[{"embeddable":true,"href":"https:\/\/candname.com\/tr\/index.php?rest_route=%2Fwp%2Fv2%2Fcomments&post=21441"}],"version-history":[{"count":0,"href":"https:\/\/candname.com\/tr\/index.php?rest_route=\/wp\/v2\/posts\/21441\/revisions"}],"wp:featuredmedia":[{"embeddable":true,"href":"https:\/\/candname.com\/tr\/index.php?rest_route=\/wp\/v2\/media\/21442"}],"wp:attachment":[{"href":"https:\/\/candname.com\/tr\/index.php?rest_route=%2Fwp%2Fv2%2Fmedia&parent=21441"}],"wp:term":[{"taxonomy":"category","embeddable":true,"href":"https:\/\/candname.com\/tr\/index.php?rest_route=%2Fwp%2Fv2%2Fcategories&post=21441"},{"taxonomy":"post_tag","embeddable":true,"href":"https:\/\/candname.com\/tr\/index.php?rest_route=%2Fwp%2Fv2%2Ftags&post=21441"}],"curies":[{"name":"wp","href":"https:\/\/api.w.org\/{rel}","templated":true}]}}