{"id":21433,"date":"2018-12-21T11:43:53","date_gmt":"2018-12-21T08:43:53","guid":{"rendered":"http:\/\/candname.com\/tr\/?p=21433"},"modified":"2018-12-21T11:43:53","modified_gmt":"2018-12-21T08:43:53","slug":"kurt-ismail-hakki-pasanin-kurdlugu-uzerine","status":"publish","type":"post","link":"https:\/\/candname.com\/tr\/?p=21433","title":{"rendered":"KURT \u0130SMA\u0130L HAKKI PA\u015eA\u2019NIN K\u00dcRDL\u00dc\u011e\u00dc \u00dcZER\u0130NE"},"content":{"rendered":"<p>\u015eeyh Ubeydullah Nehri \u00fczerine ara\u015ft\u0131rma yaparken ister istemez Rusya ile Osmanl\u0131 devleti aras\u0131nda meydana gelen ve \u201e93\u201c sava\u015f\u0131 olarak bilinen 1877-78 sava\u015f\u0131na kanalize olmak zorunda kald\u0131m.<\/p>\n<p>1868-1875 y\u0131llar\u0131 aras\u0131nda Osmanl\u0131 devletinin Diyarbekir valili\u011fini ve 1877-1878 sava\u015f\u0131 d\u00f6neminde Erzurum valili\u011fini yapan ve ismi Diyarbekir\u2019in bir soka\u011f\u0131na da verilen\u00a0<strong><em>\u201eKurt \u0130smail Hakk\u0131 Pa\u015fa\u201c<\/em><\/strong>\u00a0\u00fczerine k\u0131sa bir gezintiye \u00e7\u0131kt\u0131m.<\/p>\n<p>&nbsp;<\/p>\n<p>Hemen hemen t\u00fcm kaynaklar\u00a0<strong><em>\u201eKurt \u0130smail Hakk\u0131 Pa\u015fa\u201c<\/em><\/strong>n\u0131n 1818 y\u0131l\u0131nda Kars\u2019ta d\u00fcnyaya geldi\u011fini ve 1897 y\u0131l\u0131nda \u0130stanbul\u2019da vefat etti\u011fi hususunda hemfikirler.. Yine t\u00fcm kaynaklar\u00a0<strong><em>\u201eKurt \u0130smail Hakk\u0131 Pa\u015fa\u201c<\/em><\/strong>n\u0131n me\u015fhur\u00a0<strong><em>\u201eXatuno\u011fullar\u0131\u201c<\/em><\/strong>ailesinden geldi\u011fini kabul ediyorlar. Bug\u00fcn\u00a0<strong><em>\u201eXatuno\u011fullar\u0131\u201c<\/em><\/strong>\u00a0Kars, Digor, \u015e\u00fcregel, Erzurum, Trabzon, Konya, Edirne ve daha bir \u00e7ok alana yay\u0131lm\u0131\u015f ve kendilerini\u00a0<strong>\u201eT\u00fcrk olarak\u201c<\/strong>\u00a0kabul ediyorlar. Hatta baz\u0131 kesimleri MHP i\u00e7inde (Digor eski belediye ba\u015fkan\u0131 gibi) faaliyet y\u00fcr\u00fct\u00fcyor. T\u00fcrk resmi kaynaklar\u0131 bir as\u0131r boyunca\u00a0<strong><em>\u201eXatuno\u011fullar\u0131\u201c<\/em><\/strong>na\u00a0<strong><em>\u201eKarapapak\u201c<\/em><\/strong>\u00a0olduklar\u0131n\u0131 , \u201e<strong><em>Orta Asya\u201c<\/em><\/strong>dan geldikleri ve \u201e\u00a0<strong>Has T\u00fcrk olduklar\u0131\u201c<\/strong>n\u0131 empoze etmeye \u00e7al\u0131\u015ft\u0131lar.<\/p>\n<p>Bu konuda da bir hayli eser ve makale var.(\u0130nternette bir g\u00f6z atmak yeterlidir)<\/p>\n<p>&nbsp;<\/p>\n<p>Sonu\u00e7 olarak T\u00fcrk resmi kaynaklar\u0131 ve onlar\u0131n kiral\u0131k yazar, gazeteci ve ara\u015ft\u0131rmac\u0131lar\u0131 hayali T\u00fcrk Xatuno\u011fullar\u0131n\u0131 herkese empoze ettiler ve bu konudada b\u00fcy\u00fck ba\u015far\u0131 elde ettiler!!!!!<\/p>\n<p>&nbsp;<\/p>\n<p>Tarih boyunca K\u00fcrdler, \u00f6zellikle \u015fehirlere yerle\u015fen ve T\u00fcrklerin yo\u011fun ya\u015fad\u0131klar\u0131 alanlara zorla s\u00fcrg\u00fcn edilen, Osmanl\u0131 ve T\u00fcrk devletinin \u00fcst kademelerinde g\u00f6rev yapan K\u00fcrdlerin ezici \u00e7o\u011funlu\u011fu asimile yoluyla T\u00fcrkle\u015ftirildiklerini biliyoruz. Yani \u201e<strong>Xatuno\u011fullar\u0131\u201c<\/strong>\u00a0n\u0131n T\u00fcrkle\u015fmesi istisnai bir durum de\u011fildir. 21.Y\u00fczy\u0131lda dahi K\u00fcrdlerin ulus olarak varl\u0131\u011f\u0131n\u0131 kabul etmeyen \u0131rk\u00e7\u0131 ve kolonyal bir zihniyetle kar\u015f\u0131 kar\u015f\u0131ya oldu\u011fumuz bir d\u00f6nemde, tarihte yap\u0131lan tahribatlar\u0131n boyutlar\u0131 daha derin ve ac\u0131l\u0131d\u0131r.<\/p>\n<p>T\u00fcrklerin \u201e<strong><em>\u201eKurt \u0130smail Hakk\u0131 Pa\u015fa\u201c\u00a0<\/em><\/strong>dedikleri Xatuno\u011flu \u0130smail Hakk\u0131 Erzurum Valisi oldu\u011fu d\u00f6nemde\u00a0<strong><em>\u015eeyh Ubeydullah Nehri\u00a0<\/em><\/strong>ile birlikte 1877-1878 sava\u015f\u0131na kat\u0131lm\u0131\u015ft\u0131.<\/p>\n<p>&nbsp;<\/p>\n<p>1877-78 sava\u015f\u0131 \u00fczerine \u00fczerine yapt\u0131\u011f\u0131m ara\u015ft\u0131rmada T\u00fcrklerin\u00a0<strong><em>\u201eKurt \u0130smail Hakk\u0131 Pa\u015fa\u201c<\/em><\/strong>\u00a0dedikleri \u015fahsiyetin\u00a0<strong><em>\u201eKurt\u201c\u00a0<\/em><\/strong>de\u011fil,\u00a0<strong><em>\u201eK\u00fcrd\u201c\u00a0<\/em><\/strong>oldu\u011fu s\u00f6yleniyor. Baz\u0131 T\u00fcrk kaynaklar\u0131 da\u00a0<strong><em>\u201eKurd \u0130smail Hakk\u0131 Pa\u015fa\u201c<\/em><\/strong>\u00a0diyorlar.(K\u0131rz\u0131o\u011flu M. Fahrettin, Kars Tarihi, I\u015f\u0131l Matbaas\u0131, \u0130stanbul, 1953, sayfa 480)<\/p>\n<p>&nbsp;<\/p>\n<p>T\u00fcrklerin\u00a0<strong><em>\u201e\u0130smail Hakk\u0131 Pa\u015fa\u201c<\/em><\/strong>\u00a0n\u0131n\u00a0<strong><em>\u201eKurtlu\u011funu<\/em><\/strong>\u201c ispat etme ihtiyac\u0131 bilin\u00e7li bir amac\u0131 hedeflemektedir. \u00c7\u00fcnk\u00fc, bug\u00fcn T\u00fcrkiye\u2019de ve K\u00fcrdistan\u2019da ya\u015f\u0131yan t\u00fcm\u00a0<strong><em>Hatun\/Hatin\/Xatuno\u011fullar\u0131<\/em><\/strong>\u00a0onu kendi atalar\u0131 olarak g\u00f6rmekteler ve sahip \u00e7\u0131kmaktalar.<\/p>\n<p>&nbsp;<\/p>\n<p>Bir dizi yabanc\u0131 kaynakta\u00a0<strong><em>\u0130smail Hakk\u0131 Pa\u015fa\u2019n\u0131n\u00a0<\/em><\/strong>K\u00fcrd as\u0131l\u0131 oldu\u011funu g\u00f6rd\u00fc\u011f\u00fcm zaman ayr\u0131ca\u00a0<strong><em>\u201eKars K\u00fcrdleri\u201c<\/em><\/strong>\u00a0\u00fczerine ara\u015ft\u0131rmalar\u0131yla tan\u0131nan de\u011ferli K\u00fcrd ara\u015ft\u0131rmac\u0131lar\u0131ndan Rohat Alakom\u2019a ba\u015f vurdum. Rohat bana \u0130smail Hakk\u0131 Pa\u015fa hakk\u0131nda yazd\u0131\u011f\u0131 b\u00f6l\u00fcm\u00fcn t\u00fcm\u00fcn\u00fc E_Mail ile g\u00f6nderdi. Burada kendisine te\u015fekk\u00fcr ederek yaz\u0131n\u0131n t\u00fcm\u00fcn\u00fc ve kaynaklar\u0131n\u0131 yay\u0131nl\u0131yorum:<\/p>\n<p>&nbsp;<\/p>\n<p>\u201e<strong>T\u00fcrkle\u015fen K\u00fcrtler<\/strong>\u2028<strong><em>Kars K\u00fcrtlerinin bir k\u0131sm\u0131 K\u00fcrt\u00e7eyi unutarak, zamanla T\u00fcrkle\u015fmi\u015flerdir. Tarihte ya\u015fan\u0131lan n\u00fcfus hareketlilikleri sonucunda ortaya \u00e7\u0131kan bu durumun ba\u015fka nedenleri de bulunuyor. T\u00fcrklerin yo\u011fun olarak bulunduklar\u0131 yerle\u015fim birimlerinde asimle olan bu K\u00fcrtlerin, K\u00fcrt olduklar\u0131n\u0131 kendilerinden de\u011fil ba\u015fkalar\u0131ndan \u00f6\u011frenebiliyoruz.<\/em><\/strong><strong><em>[1]<\/em><\/strong><strong><em>Tarihte T\u00fcrk olarak bilinen ama k\u00f6kleri K\u00fcrtlere dayanan bir\u00e7ok \u015fahsiyete Kars\u2019ta rastl\u0131yoruz. Bunlardan birisi de Kars tarhinde ad\u0131 s\u0131k s\u0131k ge\u00e7en K\u00fcrd \u0130smail Pa\u015fa\u2019d\u0131r (1828-1896). Kars\u2019ta do\u011fan K\u00fcrd \u0130smail Pa\u015fa, \u015eerif Bey\u2019in o\u011fludur. Hatuno\u011fullar\u0131ndan olan K\u00fcrd \u0130smail Pa\u015fa zaman zaman kaynaklarda \u0130smail Hakk\u0131 Pa\u015fa olarak ge\u00e7er. Kars\u2019\u0131n \u015e\u00fcregel y\u00f6resinde hakim olan Hatuno\u011fullar\u0131\u2019n\u0131n, Haydaran A\u015fireti\u2019nin bir kolu oldu\u011fu \u00f6ne s\u00fcr\u00fcl\u00fcr.<\/em><\/strong><strong><em>[2]<\/em><\/strong><strong><em>\u00a0Eski Erzurum Valisi ve Osmanl\u0131 komutan\u0131, K\u00fcrd \u0130smail Pa\u015fa\u2019n\u0131n K\u00fcrt k\u00f6kenli oldu\u011fu bilgisi, Times Gazetesi\u2019nin daha 1877 y\u0131l\u0131nda yay\u0131mlanan bir say\u0131s\u0131nda yer al\u0131yor.<\/em><\/strong><strong><em>[3]<\/em><\/strong><strong><em>\u00a0T\u00fcrk kaynaklar\u0131 K\u00fcrd \u0130smail Pa\u015fa\u2019n\u0131n T\u00fcrk k\u00f6kenli oldu\u011funu, ad\u0131n\u0131n da Kurt \u0130smail Pa\u015fa oldu\u011funu ileri s\u00fcrerler. Bu \u00f6rnek, T\u00fcrk\u00e7e kaynaklarda s\u0131k s\u0131k rastlad\u0131\u011f\u0131m\u0131z K\u00fcrt tarih yaz\u0131m\u0131na ili\u015fkin klasik \u201cK\u00fcrtler ve Kurtlar \u00e7eki\u015fmesi\u201dni bize hat\u0131rlat\u0131yor. Resmi tarih yanl\u0131lar\u0131 K\u00fcrd ile ba\u015flayan tarihi yer ve \u015fah\u0131s adlar\u0131n\u0131 kurt olarak de\u011fi\u015ftirip b\u00fcy\u00fck kar\u0131\u015f\u0131kl\u0131klara yol a\u00e7maktad\u0131r. K\u00fcrd \u0130smail Pa\u015fa\u2019n\u0131n b\u00fcy\u00fck karde\u015fi Mehmed de K\u0131r\u0131m Sava\u015f\u0131 s\u0131ras\u0131nda Kars y\u00f6resinde hakimiyet pe\u015finde olmu\u015ftur. Mehmed\u2019in o\u011flu Yusuf, Digor y\u00f6resinde kal\u0131yordu.<\/em><\/strong><\/p>\n<p>1)Nurettin \u00c7eledir ile yap\u0131lan g\u00f6r\u00fc\u015fme, 24\/6 2008, Kars.\u20282)James J. Reid,\u00a0<em>Crisis of the Ottoman empire: prelude to collapse, 1839 \u2013 1878<\/em>, Stuttgard, 2000, s.160.\u20283)<em>Turkish Irregular Tropps<\/em>, Times, 8\/9 1877 (The chief family in this district is that of Khatoon Oghoulleri and the head of this family is \u0130smail Pasha, the late Governor-General of Erzeroum, commenly know as Kurd \u0130smail Pasha, a name doubtless derived from his Kurdish origin. This family, owing to several of its members holdning positions under Government, has constitued itself the ruling power in the district, the other Mahomedans being virtuallly slaves of the Khatoon Oghulleris\u2026). \u201c<\/p>\n<p>&nbsp;<\/p>\n<p>Rohat Alakom Xatuno\u011flu ailesinin\u00a0<strong><em>K\u00fcrd Haydaran<\/em><\/strong>\u00a0a\u015firetine ba\u011fl\u0131 olabilece\u011fini ve Times gazetesine dayanarak K\u00fcrd as\u0131l\u0131 oldu\u011funu yaz\u0131yor. Bu Xatun\u2019un arkas\u0131na eklenen \u201eO\u011flu\u201c meselesi t\u00fcm K\u00fcrd ailelerinin ba\u015f\u0131na gelen bir olayd\u0131r. Mesele Osmanl\u0131lar Bedirxanilere\u00a0<strong>\u201eBedirhano\u011fullar\u0131\u201c,<\/strong>\u00a0Merwanilere \u201e<strong>Mervano\u011fullar\u0131\u201c,<\/strong>\u00a0Canpolatlara\u00a0<strong>\u201eCanpolato\u011fullar\u0131\u201c vs\u2026\u00a0<\/strong>diyorlard\u0131.<\/p>\n<p>&nbsp;<\/p>\n<p>1878 y\u0131l\u0131nda Paris\u2019te bask\u0131ya verilen\u00a0<strong><em>\u201e Russes et Turcs , La Guerre d\u2019Orient\u201c\u00a0<\/em><\/strong>adl\u0131 eserde\u00a0<strong><em>\u0130smail Hakk\u0131 Pa\u015fa\u2019<\/em><\/strong>n\u0131n K\u00fcrd oldu\u011fu \u015f\u00f6yle ifade ediliyor: \u201e<strong><em>K\u00fcrd \u0130smail Hakk\u0131 Pa\u015fa\u2019n\u0131n ba\u015f\u0131nda bulundu\u011fu ordunun zaferi Ermenistan\u2019da talanlarla artarak, Beyazid\u2019i i\u015fgal etti, Orgof, Zor ve Kervansaray<\/em><\/strong>\u2019<strong><em>\u0131 alarak Rus topraklar\u0131na girdi\u201c(<\/em><\/strong>P. Bourde, Russes et Turcs , La Guerre d\u2019Orient , Paris, 1878, Cilt 2, sayfa 573)<\/p>\n<p>&nbsp;<\/p>\n<p>Yine ayn\u0131 eserde Osmanl\u0131lar\u0131n saflar\u0131nda sava\u015fa kat\u0131lan K\u00fcrdler ve \u00c7erkezlere kar\u015f\u0131 ay\u0131r\u0131m yap\u0131ld\u0131\u011f\u0131, elbise ve erzak verilmedi\u011fi y\u00f6n\u00fcndeki yak\u0131nmalar\u0131 g\u00fcndeme getiriliyor. Bu anlat\u0131mlarda Ahmet Muhtar Pa\u015fa\u2019n\u0131n kendi ihtiya\u00e7lar\u0131n\u0131 kar\u015f\u0131lamalar\u0131n\u0131 engelledi\u011fini \u201e\u00a0<strong><em>K\u00fcrd \u0130smail Pa\u015fa\u2019n\u0131n ordusundaki karde\u015flerimiz gibi, bizim talan yapmam\u0131z\u0131 engellediler\u201c(<\/em><\/strong>P. Bourge, age sayfa 574) Yine ayn\u0131 eserin 663 ve daha bir \u00e7ok sayfas\u0131nda \u0130smail Hakk\u0131 Pa\u015fa\u2019n\u0131n K\u00fcrd oldu\u011fu s\u00f6ylenmektedir.<\/p>\n<p>&nbsp;<\/p>\n<p>Daha ba\u015fka kaynaklarda \u0130smail Hakk\u0131 Pa\u015fa\u2019n\u0131n K\u00fcrd as\u0131l\u0131 oldu\u011funu yaz\u0131yor. Bunlardan biri de Rus ara\u015ft\u0131rmac\u0131s\u0131 Aviryanov\u2019dur<strong>. \u201cOsmanl\u0131-Rus ve \u0130ran Sava\u015flar\u0131nda K\u00fcrtler\u201d<\/strong>\u00a0adl\u0131 \u00e7al\u0131\u015fmas\u0131nda Aviryanov, 1877-78 sava\u015f\u0131nda bir T\u00fcrk generalinin komutas\u0131 alt\u0131na girmek istemediklerini ve T\u00fcrklerin K\u00fcrdlerin kat\u0131l\u0131m\u0131n\u0131 sa\u011flamak i\u00e7in\u00a0<strong><em>\u201cK\u00fcrd as\u0131l\u0131 oldu\u011fu i\u00e7in \u0130smail Pa\u015fa\u2019y\u0131 getirdiklerini\u201d\u00a0<\/em><\/strong>yaz\u0131yor. (Aviryanov, Kurd, Le Cengi Legel \u0130ran U Turkiya da, Silemani, 2004, sayfa 236)<\/p>\n<p>&nbsp;<\/p>\n<p>\u0130smail Hakk\u0131 Pa\u015fa\u2019n\u0131n K\u00fcrd oldu\u011funu s\u00f6yleyen daha bir \u00e7ok kaynak var. Bunlardan biri de Edward W.,Allen D.,Muratoff P ortakla\u015fa kaleme ald\u0131klar\u0131<\/p>\n<p>\u201cCaucasian Battlefields, A History of Wars on the Turco-Caucasian Border, 1828\u20131921\u201d adl\u0131 eserde \u201ctecrubesiz K\u00fcrd Komutan\u0131 \u0130smail Hakk\u0131 Pa\u015fa\u201d diye s\u00f6z ediyorlar.(age, sayfa 149)<\/p>\n<p>&nbsp;<\/p>\n<p>1877-78 sava\u015f\u0131n\u0131n hemen ard\u0131ndan Berlin Antla\u015fmas\u0131n\u0131n Ermenilere ili\u015fkin maddesinin prati\u011fe aktar\u0131l\u0131p aktar\u0131lmad\u0131\u011f\u0131n\u0131 ve Ermenilerin durumunu yerinde tespit etmek amac\u0131yla \u0130stanbul Ermeni Patrikhanesi b\u00f6lgeye 3 rahip g\u00f6nderiyor. Bunlardan biri Ba\u011fos Natanyand\u0131r. Natanyan haz\u0131rlad\u0131\u011f\u0131 raporunda Erzincan\u2019a ili\u015fkin olarak<strong><em>: \u201cBizim Erzincan\u2019\u0131 ziyaret etti\u011fimiz tarih 1878 Harbi sonlar\u0131yd\u0131. Oradaki Ermeni ileri gelenlerinden K\u00fcrt \u0130smail Hakk\u0131 Pa\u015fa eliyle yap\u0131lan s\u00f6m\u00fcr\u00fcy\u00fc dinledik.\u201d(<\/em><\/strong>Arsen Yarman, age, Cilt II, sayfa 203)<\/p>\n<p>&nbsp;<\/p>\n<p>\u0130smail Hakk\u0131 Pa\u015fa\u2019n\u0131n\u00a0<strong><em>\u201cKurt\u201d\u00a0<\/em><\/strong>de\u011fil,<strong><em>\u00a0\u201cK\u00fcrd\u201d<\/em><\/strong>\u00a0oldu\u011funa dair bir dizi kaynak var. Burada sadece baz\u0131 kaynaklar\u0131 aktarmakla yetiniyorum. Yoksa \u015eeyh Ubeydullah Nehri\u2019ye ili\u015fkin yay\u0131nlad\u0131\u011f\u0131m yaz\u0131 serisinin bir eki olarak d\u00fc\u015f\u00fcnd\u00fc\u011f\u00fcm makalenin \u00e7er\u00e7evesini a\u015far.<\/p>\n<p>&nbsp;<\/p>\n<p>Edirne Savunmas\u0131 Kahraman\u0131 olarak lanse edilen Mehmet \u015e\u00fckr\u00fc Pa\u015fa\u2019da K\u00fcrd \u0130smail Pa\u015fa ile ayn\u0131 aileden geliyor. Mehmed \u015e\u00fckr\u00fc Pa\u015fa 1857\u2019de Erzurum\u2019da do\u011fuyor ve 1916 y\u0131l\u0131nda vefat ediyor. K\u00fcrd \u0130smail Hakk\u0131 Pa\u015fa, \u015e\u00fckr\u00fc Pa\u015fa ve Fethullah G\u00fclen aras\u0131ndaki ailesel ili\u015fki i\u00e7in Aksiyon dergisinin linkine bak\u0131n\u0131z.(<a href=\"http:\/\/www.aksiyon.com.tr\/aksiyon\/haber-22763-34-ismail-hakki-pasa-sukru-pasa-ve-fethullah-gulen.html\">http:\/\/www.aksiyon.com.tr\/aksiyon\/haber-22763-34-ismail-hakki-pasa-sukru-pasa-ve-fethullah-gulen.html<\/a>)<\/p>\n<p>Ve Ahmet Aymaz\u2019\u0131n Zaman gazetesinde yay\u0131nlanan \u201cEdirne m\u00fcd\u00e2fii \u015e\u00fckr\u00fc Pa\u015fa\u2019m\u0131z\u201d adl\u0131 makalesine bak\u0131n\u0131z.(<a href=\"http:\/\/www.zaman.com.tr\/columnistDetail_getNewsById.action?newsId=761289\">http:\/\/www.zaman.com.tr\/columnistDetail_getNewsById.action?newsId=761289<\/a>)<\/p>\n<p>Fethullah G\u00fclen\u2019de bu akrabal\u0131\u011f\u0131 Kabul ediyor. Fethullah G\u00fclen\u2019in Web Sayfas\u0131nda yay\u0131nlanan \u015e\u00fckr\u00fc Pa\u015fa\u2019n\u0131n torunu\u00a0<strong>Sevgi Edirne Kutlukan\u00a0<\/strong>s\u00f6ylediklerini aktar\u0131yorum.<\/p>\n<p>&nbsp;<\/p>\n<p><strong><em>\u201cFethullah G\u00fclen televizyonda \u015e\u00fckr\u00fc Pa\u015fa\u2019n\u0131n torunu oldu\u011funu s\u00f6yleyince ona bir mektup yazd\u0131m. Sonra Hocaefendi\u2019den gayet ayd\u0131nlat\u0131c\u0131 bir mektup geldi. Orada akrabal\u0131k meselesini \u015f\u00f6yle anlatm\u0131\u015f<\/em><\/strong>:\u00a0<strong><em>\u015e\u00fckr\u00fc Pa\u015fa\u2019n\u0131n babas\u0131 \u00f6l\u00fcnce annesi, amcas\u0131yla evleniyor. Amcas\u0131ndan olan k\u0131z\u0131 G\u00fcll\u00fc Han\u0131m, Hocaefendi\u2019nin d\u00f6rt jenerasyon \u00f6nceki anneannesi. Hocaefendi inzivada iken benimle g\u00f6r\u00fc\u015fmek istedi. Bir arkada\u015f, \u201eMakyajl\u0131, ba\u015f\u0131 a\u00e7\u0131k halinle nas\u0131l gideceksin? Hem G\u00fclen kad\u0131nlardan nefret eder.\u201c dedi. Gitmekten vazge\u00e7tim, ama sonra ikna oldum. \u201eHocaefendi haz\u0131rl\u0131k yapt\u0131, sizi e\u015finizle beraber bekliyor.\u201c dediler. Nas\u0131l biri \u00e7\u0131kacak kar\u015f\u0131m\u0131za diye meraktan \u00e7atl\u0131yoruz e\u015fimle. Sonra kap\u0131 a\u00e7\u0131ld\u0131, bir bakt\u0131k k\u0131l\u0131k k\u0131yafetiyle \u015f\u0131k, diplomat gibi bir adam kar\u015f\u0131m\u0131zda; son derece nazik, beyefendi. Bizi hemen sofraya davet etti. O kadar zarifti ki, hayran oldum. Yemekten sonra \u00e7ayla hurma verdiler, \u00e7ok ho\u015fumuza gitti. Bir insan bu kadar \u015feker olabilir. Bize \u201eNeden soyunuzu, ailenizi ara\u015ft\u0131rmad\u0131n\u0131z?\u201c dedi. Rahmetli babam\u0131n \u00e7ok arad\u0131\u011f\u0131n\u0131, ama kanserden vefat etti\u011fini s\u00f6yledim. Sonra beni Edirne\u2019ye g\u00f6t\u00fcrd\u00fcler, dedemin topraklar\u0131na. Ondan sonra Hocaefendi ile 6 ayda bir mektupla\u015ft\u0131k, 3 kere Amerika\u2019ya ziyaretine gittim. Anlad\u0131m ki o bir vefa insan\u0131. Daha detayl\u0131 bilgi i\u00e7in Fethullah G\u00fclen\u2019in sayfas\u0131na bak\u0131n\u0131z.<\/em><\/strong>\u00a0(<a href=\"http:\/\/tr.fgulen.com\/content\/view\/15693\/11\/\">http:\/\/tr.fgulen.com\/content\/view\/15693\/11\/<\/a>)<\/p>\n<p>Bilindi\u011fi gibi Fethullah G\u00fclen\u2019in K\u00fcrd as\u0131l\u0131 oldu\u011fu daha \u00f6nce g\u00fcndeme gelmi\u015fti. Azerbaycan\u2019da yay\u0131nlanan \u201cH\u00fcner Meydan\u0131\u201d adl\u0131 bir gazete de Nam\u0131k Ali Fethullah Hoca\u2019n\u0131n \u201cErmeni olabilece\u011fini\u201d g\u00fcndeme getirmi\u015fti. Bu yaz\u0131ya cevap olarak\u00a0<em>Abd\u00fclkadir Bad\u0131ll\u0131 \u201c<\/em>AZERBAYCAN\u2019DAN FISILDAYAN KGB VIZILTILI \u00c7ATLAK B\u0130R SES\u201d adl\u0131 makalesinde\u00a0<strong><em>\u201c<u>Elcevap<\/u>: Fethullah G\u00fclen Hocaefendinin asl\u0131 Bitlis\u2019in Ahlat kazas\u0131ndand\u0131r. Dedelerinden olan Kurt Halil veya K\u00fcrt Halil lakab\u0131yla me\u015fhur olan bu zat, ailevi bir namus meselesinden Ahlat\u2019tan Erzurum\u2019un Hasankale kazas\u0131na hicret eylemi\u015ftir. Ahlat\u2019ta oturduklar\u0131 mahalleye, \u201cSeyyidler\u201d mahallesi denilmektedir.<\/em><\/strong>\u2028<strong><em>M. Fethullah hocan\u0131n \u00f6z dedesi Alvar \u015feyhlerine mensuptur. Babas\u0131 da oraya ba\u011fl\u0131d\u0131r. Alvar \u015feyhleri ise, Bitlisli \u015feyh Muhammed K\u00fcfrevi ve \u015feyh Fethullah Verkanisi\u2019ye mensupturlar. Ondand\u0131r ki, Fethullah hocan\u0131n babas\u0131 o\u011fullar\u0131n\u0131n birisine M. Fethullah ad\u0131n\u0131 (\u015eeyh M. Fethullah verkanisinin ad\u0131n\u0131) birsine de S\u0131b\u011fatullah (Bitlis\u2019in Hizan kazas\u0131nda yatan ve Mevlana Halid\u2019in halifesinin halifesi olan seyyid S\u0131b\u011fatullah\u0131n ad\u0131n\u0131) Di\u011fer o\u011fluna da \u201cMesih\u201d ismini vermi\u015ftir ki, Hz. \u0130sa\u2019n\u0131n Kur\u2019anca verilmi\u015f me\u015fhur bir unvan\u0131d\u0131r.(*)<\/em><\/strong>\u2028<strong><em>Buna g\u00f6re: Fethullah Hoca\u2019n\u0131n ad\u0131 ve san\u0131, soyu ve nesebi belli ve me\u015fhur oldu\u011fu b\u00fct\u00fcn \u015fark b\u00f6lgesince ayan ve beyan iken , ona ermeni yak\u0131\u015ft\u0131rmas\u0131 yapanlar, hi\u00e7 \u015f\u00fcphesizdir ki; az \u00fcstte \u00fc\u00e7 ihtimalli guruplardan birisine dahil olduklar\u0131 kesindir.<\/em><\/strong>\u2028<strong><em>Evet, M. Fethullah Hocaefendinin soy ve nesebi herhalde ilk ihtimal ile s\u00fclale-i mutahhereye dayanan seyyid s\u00fclalesidir. Ve ya da her ikisi birer kavm-i necip olan ve eskiden beri iki cihat arkada\u015f\u0131 bulunan T\u00fcrk veya K\u00fcrt \u0131rk\u0131na mensuptur.\u201d (<a href=\"http:\/\/www.cevaplar.org\/index.php?content_view=2347&amp;ctgr_id=39\">http:\/\/www.cevaplar.org\/index.php?content_view=2347&amp;ctgr_id=39<\/a>)<\/em><\/strong>\u2028Fethullah G\u00fclen \u201cK\u00fc\u00e7\u00fck D\u00fcnyam\u201d adl\u0131 eserinin ilk bask\u0131s\u0131nda\u00a0<strong><em>\u201cBaba taraf\u0131n\u0131n Ahlatl\u0131 K\u00fcrd \u201c\u00a0<\/em><\/strong>oldu\u011funu yazd\u0131\u011f\u0131n\u0131 ve daha sonraki bask\u0131lar\u0131nda de\u011fi\u015ftirdi\u011fi y\u00f6n\u00fcnde iddialar da vard\u0131r.(Dr. Mustafa Pek\u00f6z\u2019un makalesine bak\u0131n\u0131z. (<a href=\"http:\/\/www.haberlink.com\/haber.php?query=50647#.UQUoj6X7lJE\">http:\/\/www.haberlink.com\/haber.php?query=50647#.UQUoj6X7lJE<\/a>)<\/p>\n<p>T\u00fcrk resmi kaynaklar\u0131 ve onlar\u0131nda etkisi alt\u0131nda kalan Xatuno\u011flu ailesinden gelen kesimler Xatuno\u011fullar\u0131n\u0131n T\u00fcrkl\u00fc\u011f\u00fcn\u00fc ispat etmek i\u00e7in \u0130spanyol gezgin Clavijo\u2019nun 1403-1406 y\u0131llar\u0131 aras\u0131nda Semerkand\u2019a yapt\u0131\u011f\u0131 seyahat notlar\u0131n\u0131 kaynak olarak g\u00f6steriyorlar.\u2028Clavijio\u2019nun kitab\u0131na bakt\u0131\u011f\u0131m\u0131z zaman T\u00fcrklerin iddia ettikleri gibi I\u011fd\u0131r Kalesinin ba\u015f\u0131nda bulunan bayan\u0131n T\u00fcrkl\u00fc\u011f\u00fcne ili\u015fkin tek bir \u015fey yok.<\/p>\n<p>S\u00f6z\u00fc Clavijo\u2019ya b\u0131rakal\u0131m: \u201c\u201cErtesi , Cuma g\u00fcn\u00fc( 30 May\u0131s 1404), hareket ederken ilerledikten sonra bir kaya \u00fczerine kurulmu\u015f kaleye tesad\u00fcf ettik. Kale bir bir m\u00fcsl\u00fcman prenses taraf\u0131ndan y\u00f6netiliyordu.. Dul olan bu kad\u0131n, Kalenin sahibesi idi. Kendisi Timur\u2019a vergi veriyordu. Eskiden bu kale e\u015fk\u0131ya bar\u0131nd\u0131rmaktayd\u0131. Bu e\u015fk\u0131ya gelen ge\u00e7en yolcular\u0131 soymakla ge\u00e7iniyordu. Timur bu kalenin yan\u0131ndan ge\u00e7iyorken oraya h\u00fccum ederek kaleyi zorla zapt ettikten sonra, kalenin \u015fimdiki sahibesinin kocas\u0131n\u0131 \u00f6ld\u00fcr\u00fcyor. Timur kalenin tekrar e\u015fk\u0131yay\u0131 bar\u0131nd\u0131rmamas\u0131 i\u00e7in b\u00fct\u00fcn kap\u0131lar\u0131n\u0131 kald\u0131rm\u0131\u015f, bir daha buraya kap\u0131 yap\u0131lmamas\u0131n\u0131 emretmi\u015fti. Biz buraya vard\u0131\u011f\u0131m\u0131z zaman Kalenin hi\u00e7 bir kap\u0131s\u0131 yoktu. Buran\u0131n ismi \u0130zidu( I\u011fd\u0131r)d\u0131r. Ararat (A\u011fr\u0131) da\u011f\u0131n\u0131n ucunda duran bu kale tam Hazret-i Nuh taraf\u0131ndan in\u015fa olunan geminin tufanda durdu\u011fu yerdir.\u201d( Clavijos Reise nach Samarkand 1403-1406 ve K\u0131rz\u0131o\u011flu M. Fahrettin, Kars Tarihi, I\u015f\u0131l Matbaas\u0131, \u0130stanbul, 1953, sayfa 480)<\/p>\n<p>K\u0131rz\u0131o\u011flu\u2019yu da kaynak olarak verdim. \u00c7\u00fcnk\u00fc, K\u0131rz\u0131o\u011flu I\u011fd\u0131r Kalesinin ba\u015f\u0131nda bulunan kad\u0131n\u0131 T\u00fcrklere ba\u011flamak i\u00e7in T\u00fcrk ve Orta Asya\u2019dan gelen Toktam\u0131\u015f ordusu gibi kesimlerin bu kaleyi denetim alt\u0131na ald\u0131klar\u0131n\u0131 Clavijo\u2019dan yapt\u0131\u011f\u0131 al\u0131nt\u0131n\u0131n i\u00e7ine serpi\u015ftirmi\u015f ve okuyucular\u0131 y\u00f6nlendirmi\u015ftir. Asl\u0131nda Clavijo gezisi boyunca bir \u00e7ok defa T\u00fcrklerden s\u00f6z ediyor ve T\u00fcrklere \u201cT\u00fcrk\u201d diyor. Clavijo I\u011fd\u0131r Kalesinin ba\u015f\u0131nda bulunan kad\u0131na \u201cM\u00fcsl\u00fcman bir Prenses\u201d diyor. K\u00fcrdlerin alanda varl\u0131\u011f\u0131 \u00e7ok daha eskilere dayan\u0131yor. Hatta \u0130ncil A\u011fr\u0131 Da\u011f\u0131na \u201cK\u00fcrd Da\u011f\u0131\u201d diye s\u00f6z ediyor.\u2028I\u011fd\u0131r\u2019\u0131 bir kenara b\u0131rakal\u0131m. 1500\u2019lerde Erzurum \u015fehri dahi K\u00fcrdler taraf\u0131ndan yeniden in\u015fa ediliyor ve ya\u015fan\u0131r hale getiriliyor. Erzurum\u2019da 1500\u2019lerin ba\u015f\u0131nda bir deprem oluyor ve \u015fehir yerle bir ediliyor. \u015eehir harebe oldu\u011fu bir d\u00f6nemde \u201c<strong><em>\u00a0G\u00f6\u00e7ten sonra Erzurum \u00e7evresinde \u00e7ad\u0131rlarda ya\u015f\u0131yan b\u00fcy\u00fck bir K\u00fcrd a\u015firetinin lideri Haci Ali Bey yetkililerden izin alarak 12.000 taraftar\u0131yla Erzurum\u2019a yerle\u015fiyor\u2026\u2026\u2026\u2026\u2026.. Haci Ali Bey \u015fehri yeniden in\u015fa ediyor ve bollu\u011fun h\u00fck\u00fcm s\u00fcrd\u00fc\u011f\u00fc bir \u015fehir haline getiriyor. Mehmet Han\u2019\u0131n \u00f6lmesinden sonra Kanuni Sultan Suleyman 1528 tarihinde Ferhad Pa\u015fa\u2019y\u0131 Vali olarak Erzuruma g\u00f6nderiyor\u2026\u2026\u2026.\u201d( Vital, Cuinet, La Turquie d\u2019Asie, Paris, 1892, sayfa 189)<\/em><\/strong>\u2028K\u0131saca toparlamak gerekirse Kars, Erzurum, I\u011fd\u0131r, \u015e\u00fcregel ve Trabzon\u2019a yerle\u015fen Xatuno\u011fullar\u0131 diye bilinen kesimlerin bir \u00e7ok K\u00fcrd a\u015fireti, ailesi ve \u015fahsiyeti gibi s\u00fcre\u00e7 i\u00e7inde asimile edildi\u011fi ve K\u00fcrdlere kar\u015f\u0131 ger\u00e7ekle\u015ftirilen soyk\u0131r\u0131mlardan sonra ise bilin\u00e7li yada bilin\u00e7siz ba\u015fka bir ulusal kimli\u011fin alt\u0131nda ya\u015famaya zorland\u0131klar\u0131 g\u00f6r\u00fcl\u00fcyor. T\u00fcrk devletinin soyk\u0131r\u0131mc\u0131 ideolojik ayg\u0131tlar\u0131da y\u00fczy\u0131l boyunca t\u00fcm bu \u00e7evrelerin K\u00fcrd Ulusal Haf\u0131zalar\u0131na ili\u015fkin var olan t\u00fcm belirtileri ve belgeleri yokettiler.. Yani tam bir haf\u0131za k\u0131r\u0131m\u0131 K\u00fcrd\u00e7esi ise\u00a0<strong>\u201cB\u00eerkuj\u00ee\u201c<\/strong>dir.<\/p>\n<p><strong>Aso Zagrosi-zagrosname<\/strong><\/p>\n","protected":false},"excerpt":{"rendered":"<p>\u015eeyh Ubeydullah Nehri \u00fczerine ara\u015ft\u0131rma yaparken ister istemez Rusya ile Osmanl\u0131 devleti aras\u0131nda meydana gelen ve \u201e93\u201c sava\u015f\u0131 olarak bilinen 1877-78 sava\u015f\u0131na kanalize olmak zorunda kald\u0131m. 1868-1875 y\u0131llar\u0131 aras\u0131nda Osmanl\u0131 devletinin Diyarbekir valili\u011fini ve 1877-1878 sava\u015f\u0131 d\u00f6neminde Erzurum valili\u011fini yapan ve ismi Diyarbekir\u2019in bir soka\u011f\u0131na da verilen\u00a0\u201eKurt \u0130smail Hakk\u0131 Pa\u015fa\u201c\u00a0\u00fczerine k\u0131sa bir gezintiye \u00e7\u0131kt\u0131m. &nbsp; &hellip;<\/p>\n","protected":false},"author":32,"featured_media":21434,"comment_status":"open","ping_status":"open","sticky":false,"template":"","format":"standard","meta":{"footnotes":""},"categories":[1084],"tags":[573,137,5492,1616],"class_list":["post-21433","post","type-post","status-publish","format-standard","has-post-thumbnail","","category-arastirma","tag-diyarbakir","tag-kurt","tag-kurt-ismail-pasa","tag-manset"],"_links":{"self":[{"href":"https:\/\/candname.com\/tr\/index.php?rest_route=\/wp\/v2\/posts\/21433","targetHints":{"allow":["GET"]}}],"collection":[{"href":"https:\/\/candname.com\/tr\/index.php?rest_route=\/wp\/v2\/posts"}],"about":[{"href":"https:\/\/candname.com\/tr\/index.php?rest_route=\/wp\/v2\/types\/post"}],"author":[{"embeddable":true,"href":"https:\/\/candname.com\/tr\/index.php?rest_route=\/wp\/v2\/users\/32"}],"replies":[{"embeddable":true,"href":"https:\/\/candname.com\/tr\/index.php?rest_route=%2Fwp%2Fv2%2Fcomments&post=21433"}],"version-history":[{"count":0,"href":"https:\/\/candname.com\/tr\/index.php?rest_route=\/wp\/v2\/posts\/21433\/revisions"}],"wp:featuredmedia":[{"embeddable":true,"href":"https:\/\/candname.com\/tr\/index.php?rest_route=\/wp\/v2\/media\/21434"}],"wp:attachment":[{"href":"https:\/\/candname.com\/tr\/index.php?rest_route=%2Fwp%2Fv2%2Fmedia&parent=21433"}],"wp:term":[{"taxonomy":"category","embeddable":true,"href":"https:\/\/candname.com\/tr\/index.php?rest_route=%2Fwp%2Fv2%2Fcategories&post=21433"},{"taxonomy":"post_tag","embeddable":true,"href":"https:\/\/candname.com\/tr\/index.php?rest_route=%2Fwp%2Fv2%2Ftags&post=21433"}],"curies":[{"name":"wp","href":"https:\/\/api.w.org\/{rel}","templated":true}]}}