{"id":21389,"date":"2018-11-27T21:40:53","date_gmt":"2018-11-27T18:40:53","guid":{"rendered":"http:\/\/candname.com\/tr\/?p=21389"},"modified":"2021-02-20T13:58:19","modified_gmt":"2021-02-20T10:58:19","slug":"kurtcenin-almanyada-temel-ders-olarak-okutulmasina-karar-verildi","status":"publish","type":"post","link":"https:\/\/candname.com\/tr\/?p=21389","title":{"rendered":"K\u00fcrt\u00e7e\u2019nin Almanya\u2019da temel ders olarak okutulmas\u0131na karar verildi"},"content":{"rendered":"<p>K\u00fcrt\u00e7e Almanya\u2019da di\u011fer d\u00fcnya dilleri ile beraber temel dersler aras\u0131nda okutulacak.<\/p>\n<p>Avrupa K\u00fcrt \u00d6\u011fretmenler Birli\u011fi (YMK) K\u00fcrt\u00e7e\u2019nin Almanya\u2019daki okullarda di\u011fer d\u00fcnya dilleri gibi temel derslerden biri olarak okutulaca\u011f\u0131n\u0131 duyurdu.<\/p>\n<p>Konuya y\u00f6nelik konu\u015fan \u015eefik Boti, Almanya\u2019da K\u00fcrt\u00e7e e\u011fitim alan \u00f6\u011frenci say\u0131s\u0131n\u0131n 2 bin 300\u2019den fazla oldu\u011funu dile getirdi.<\/p>\n<p>YMK Ba\u015fkan\u0131 Abdulkadir Ulumaskan ise, Almanya\u2019n\u0131n Nordrhein-Westfalen (Kuzey Ren-Vestfalya) eyaletinde K\u00fcrt\u00e7e\u2019nin temel ders olarak okutulmas\u0131na karar verildi\u011fini belirtti.<\/p>\n<p>Ulumaskan, \u201cK\u00fcrt\u00e7e temel ders olarak kabul edildi. Karar, Nordrhein-Westfalen (Kuzey Ren-Vestfalya) eyaletinde ya\u015fayan K\u00fcrt \u00e7ocuklar\u0131n\u0131n dillerini \u00f6\u011frenmesi i\u00e7in \u00f6nemli\u201d dedi.<\/p>\n<p style=\"text-align: right;\"><em>PeyamaKurd<\/em><\/p>\n","protected":false},"excerpt":{"rendered":"<p>K\u00fcrt\u00e7e Almanya\u2019da di\u011fer d\u00fcnya dilleri ile beraber temel dersler aras\u0131nda okutulacak.<\/p>\n","protected":false},"author":2,"featured_media":21287,"comment_status":"open","ping_status":"open","sticky":false,"template":"","format":"standard","meta":{"footnotes":""},"categories":[3],"tags":[5473,3460,5209,5447,141,1616,5472,5475,5474],"class_list":["post-21389","post","type-post","status-publish","format-standard","has-post-thumbnail","","category-haber","tag-abdulkadir-ulumaskan","tag-almanya","tag-egitim","tag-haber","tag-kurtce","tag-manset","tag-peyamakurd","tag-sefik-boti","tag-ymk"],"_links":{"self":[{"href":"https:\/\/candname.com\/tr\/index.php?rest_route=\/wp\/v2\/posts\/21389","targetHints":{"allow":["GET"]}}],"collection":[{"href":"https:\/\/candname.com\/tr\/index.php?rest_route=\/wp\/v2\/posts"}],"about":[{"href":"https:\/\/candname.com\/tr\/index.php?rest_route=\/wp\/v2\/types\/post"}],"author":[{"embeddable":true,"href":"https:\/\/candname.com\/tr\/index.php?rest_route=\/wp\/v2\/users\/2"}],"replies":[{"embeddable":true,"href":"https:\/\/candname.com\/tr\/index.php?rest_route=%2Fwp%2Fv2%2Fcomments&post=21389"}],"version-history":[{"count":0,"href":"https:\/\/candname.com\/tr\/index.php?rest_route=\/wp\/v2\/posts\/21389\/revisions"}],"wp:featuredmedia":[{"embeddable":true,"href":"https:\/\/candname.com\/tr\/index.php?rest_route=\/wp\/v2\/media\/21287"}],"wp:attachment":[{"href":"https:\/\/candname.com\/tr\/index.php?rest_route=%2Fwp%2Fv2%2Fmedia&parent=21389"}],"wp:term":[{"taxonomy":"category","embeddable":true,"href":"https:\/\/candname.com\/tr\/index.php?rest_route=%2Fwp%2Fv2%2Fcategories&post=21389"},{"taxonomy":"post_tag","embeddable":true,"href":"https:\/\/candname.com\/tr\/index.php?rest_route=%2Fwp%2Fv2%2Ftags&post=21389"}],"curies":[{"name":"wp","href":"https:\/\/api.w.org\/{rel}","templated":true}]}}