{"id":21377,"date":"2018-11-18T22:08:40","date_gmt":"2018-11-18T19:08:40","guid":{"rendered":"http:\/\/candname.com\/tr\/?p=21377"},"modified":"2018-11-18T22:08:40","modified_gmt":"2018-11-18T19:08:40","slug":"kurdistan-bolgesinde-mevlid-kandili-tatili","status":"publish","type":"post","link":"https:\/\/candname.com\/tr\/?p=21377","title":{"rendered":"K\u00fcrdistan B\u00f6lgesi\u2019nde \u2018Mevlid Kandili\u2019 tatili"},"content":{"rendered":"<p>K\u00fcrdistan B\u00f6lgesi\u2019nde \u0130slam Peygamberi Hz. Muhammed\u2019in do\u011fum g\u00fcn\u00fc (Mevlid Kandili) nedeniyle bir g\u00fcnl\u00fck tatil ilan edildi.<\/p>\n<p>K\u00fcrdistan B\u00f6lgesi H\u00fck\u00fcmet S\u00f6zc\u00fcs\u00fc Sefin Dizayi, Mevlid Kandili nedeniyle 20 Kas\u0131m 2018 Sal\u0131 g\u00fcn\u00fc t\u00fcm resmi kurum ve kurulu\u015flarda bir g\u00fcnl\u00fck resmi tatil ilan edildi\u011fini a\u00e7\u0131klad\u0131.<\/p>\n<p>&nbsp;<\/p>\n<p>Sefin Dizayi, \u201c\u0130slam Peygamberi Hz. Muhammed\u2019in (s.a.v) do\u011fum g\u00fcn\u00fc vesilesiyle K\u00fcrdistan, Irak ve t\u00fcm d\u00fcnyadaki m\u00fcsl\u00fcmanlar\u0131n Mevlid Kandili\u2019ni kutluyor bu g\u00fcn\u00fcn ho\u015fg\u00f6r\u00fc ve istikrar\u0131n hakim olmas\u0131na, kriz ve sorunlardan \u00e7\u0131k\u0131\u015fa vesile olmas\u0131n\u0131 diliyorum\u201d dedi.<\/p>\n<p>&nbsp;<\/p>\n<p>Hz Muhammed 12 Rebi\u00fclevvel 571\u2019de Mekke\u2019de do\u011fmu\u015ftur. \u00a0Bu nedenle yer y\u0131l Hicr\u00ee takvime g\u00f6re Rebi\u00fclevvel ay\u0131n\u0131n 12\u2019inci gecesi Mevlid Kandili olarak kutlan\u0131r.<\/p>\n<p><strong>R\u00fbdaw<\/strong><\/p>\n","protected":false},"excerpt":{"rendered":"<p>K\u00fcrdistan B\u00f6lgesi\u2019nde \u0130slam Peygamberi Hz. Muhammed\u2019in do\u011fum g\u00fcn\u00fc (Mevlid Kandili) nedeniyle bir g\u00fcnl\u00fck tatil ilan edildi. K\u00fcrdistan B\u00f6lgesi H\u00fck\u00fcmet S\u00f6zc\u00fcs\u00fc Sefin Dizayi, Mevlid Kandili nedeniyle 20 Kas\u0131m 2018 Sal\u0131 g\u00fcn\u00fc t\u00fcm resmi kurum ve kurulu\u015flarda bir g\u00fcnl\u00fck resmi tatil ilan edildi\u011fini a\u00e7\u0131klad\u0131. &nbsp; Sefin Dizayi, \u201c\u0130slam Peygamberi Hz. Muhammed\u2019in (s.a.v) do\u011fum g\u00fcn\u00fc vesilesiyle K\u00fcrdistan, Irak &hellip;<\/p>\n","protected":false},"author":32,"featured_media":21378,"comment_status":"open","ping_status":"open","sticky":false,"template":"","format":"standard","meta":{"footnotes":""},"categories":[3,1],"tags":[1616],"class_list":["post-21377","post","type-post","status-publish","format-standard","has-post-thumbnail","","category-haber","category-inanc","tag-manset"],"_links":{"self":[{"href":"https:\/\/candname.com\/tr\/index.php?rest_route=\/wp\/v2\/posts\/21377","targetHints":{"allow":["GET"]}}],"collection":[{"href":"https:\/\/candname.com\/tr\/index.php?rest_route=\/wp\/v2\/posts"}],"about":[{"href":"https:\/\/candname.com\/tr\/index.php?rest_route=\/wp\/v2\/types\/post"}],"author":[{"embeddable":true,"href":"https:\/\/candname.com\/tr\/index.php?rest_route=\/wp\/v2\/users\/32"}],"replies":[{"embeddable":true,"href":"https:\/\/candname.com\/tr\/index.php?rest_route=%2Fwp%2Fv2%2Fcomments&post=21377"}],"version-history":[{"count":0,"href":"https:\/\/candname.com\/tr\/index.php?rest_route=\/wp\/v2\/posts\/21377\/revisions"}],"wp:featuredmedia":[{"embeddable":true,"href":"https:\/\/candname.com\/tr\/index.php?rest_route=\/wp\/v2\/media\/21378"}],"wp:attachment":[{"href":"https:\/\/candname.com\/tr\/index.php?rest_route=%2Fwp%2Fv2%2Fmedia&parent=21377"}],"wp:term":[{"taxonomy":"category","embeddable":true,"href":"https:\/\/candname.com\/tr\/index.php?rest_route=%2Fwp%2Fv2%2Fcategories&post=21377"},{"taxonomy":"post_tag","embeddable":true,"href":"https:\/\/candname.com\/tr\/index.php?rest_route=%2Fwp%2Fv2%2Ftags&post=21377"}],"curies":[{"name":"wp","href":"https:\/\/api.w.org\/{rel}","templated":true}]}}