{"id":21365,"date":"2018-11-16T08:00:15","date_gmt":"2018-11-16T05:00:15","guid":{"rendered":"http:\/\/candname.com\/tr\/?p=21365"},"modified":"2018-11-15T15:48:40","modified_gmt":"2018-11-15T12:48:40","slug":"diyarbakirdaki-amida-hoyugunde-su-kanali-ve-tunel-bulundu","status":"publish","type":"post","link":"https:\/\/candname.com\/tr\/?p=21365","title":{"rendered":"Diyarbak\u0131r\u2019daki Amida H\u00f6y\u00fc\u011f\u00fc\u2019nde su kanal\u0131 ve t\u00fcnel bulundu"},"content":{"rendered":"<p>Diyarbak\u0131r\u2019\u0131n tarihi Sur il\u00e7esindeki 5000 y\u0131ll\u0131k Amida H\u00f6y\u00fc\u011f\u00fc\u2019ndeki kaz\u0131 \u00e7al\u0131\u015fmas\u0131nda y\u00fczy\u0131llard\u0131r su akan kanal ve kanala ula\u015fan t\u00fcnel tespit edildi.<\/p>\n<p>Hurri-Mitanniler, Urartular, Persler, Romal\u0131lar, Emeviler, Abbasiler, Mervaniler, Sel\u00e7uklular ve Artuklular\u0131n da aralar\u0131nda yer ald\u0131\u011f\u0131 bir\u00e7ok medeniyete ev sahipli\u011fi yapan Amida H\u00f6y\u00fck\u2019te ba\u015fta Artuklu Saray\u0131 olmak \u00fczere t\u00fcm de\u011ferlerin ortaya \u00e7\u0131kar\u0131lmas\u0131 i\u00e7in Dicle \u00dcniversitesi (D\u00dc) E\u011fitim Fak\u00fcltesi \u00d6\u011fretim \u00dcyesi Prof. Dr. \u0130rfan Y\u0131ld\u0131z ba\u015fkanl\u0131\u011f\u0131nda ba\u015flat\u0131lan kaz\u0131 \u00e7al\u0131\u015fmalar\u0131 s\u00fcr\u00fcyor.<\/p>\n<p><img loading=\"lazy\" decoding=\"async\" class=\"alignnone size-full wp-image-28038 td-animation-stack-type2-2\" src=\"http:\/\/arkeolojihaber.net\/wp-content\/diyarbakirdaki-amida-hoyugunde-su-kanali-ve-tunel-bulundu.jpg\" sizes=\"auto, (max-width: 864px) 100vw, 864px\" srcset=\"http:\/\/arkeolojihaber.net\/wp-content\/diyarbakirdaki-amida-hoyugunde-su-kanali-ve-tunel-bulundu.jpg 864w, http:\/\/arkeolojihaber.net\/wp-content\/diyarbakirdaki-amida-hoyugunde-su-kanali-ve-tunel-bulundu-300x169.jpg 300w, http:\/\/arkeolojihaber.net\/wp-content\/diyarbakirdaki-amida-hoyugunde-su-kanali-ve-tunel-bulundu-768x432.jpg 768w, http:\/\/arkeolojihaber.net\/wp-content\/diyarbakirdaki-amida-hoyugunde-su-kanali-ve-tunel-bulundu-696x392.jpg 696w, http:\/\/arkeolojihaber.net\/wp-content\/diyarbakirdaki-amida-hoyugunde-su-kanali-ve-tunel-bulundu-747x420.jpg 747w\" alt=\"\" width=\"665\" height=\"374\" \/><\/p>\n<p>Prof. Dr. Y\u0131ld\u0131z, AA muhabirine yapt\u0131\u011f\u0131 a\u00e7\u0131klamada, h\u00f6y\u00fckte 1962 y\u0131l\u0131nda yap\u0131lan ilk arkeolojik kaz\u0131da Artuklu H\u00fck\u00fcmdar\u0131 Melik Salih Nas\u0131reddin Mahmud (1200-1222) d\u00f6nemine ait saray\u0131n temelleri ile renkli ta\u015f ve cam k\u00fcplerden olu\u015fan mozaik s\u00fcslemelerin ortaya \u00e7\u0131kar\u0131ld\u0131\u011f\u0131n\u0131 an\u0131msatt\u0131. B\u00f6lgenin askeri alanda yer almas\u0131 ve m\u00fclkiyetinin belediyeye ait olmas\u0131 dolay\u0131s\u0131yla h\u00f6y\u00fckte o tarihten bu yana kaz\u0131 yap\u0131lamad\u0131\u011f\u0131n\u0131 aktaran Y\u0131ld\u0131z, K\u00fclt\u00fcr ve Turizm Bakanl\u0131\u011f\u0131n\u0131n karar\u0131yla yakla\u015f\u0131k 2 ay \u00f6nce kaz\u0131ya ba\u015flad\u0131klar\u0131n\u0131 hat\u0131rlatt\u0131.<\/p>\n<p><strong>\u00d6n\u00fc kapand\u0131\u011f\u0131 i\u00e7in fark edilmemi\u015f<\/strong><br \/>\n\u00c7al\u0131\u015fmalar s\u0131ras\u0131nda \u0130\u00e7kale giri\u015finin kuzeybat\u0131 taraf\u0131nda h\u00f6y\u00fc\u011f\u00fcn i\u00e7inden ge\u00e7en bir su kanal\u0131 ve kanala ula\u015fan t\u00fcnel tespit ettiklerini ifade eden Y\u0131ld\u0131z, varl\u0131\u011f\u0131 bilinen bu t\u00fcnelin \u00f6n\u00fcn\u00fcn kapal\u0131 olmas\u0131 dolay\u0131s\u0131yla fark edilmedi\u011fini dile getirdi.<\/p>\n<p><img loading=\"lazy\" decoding=\"async\" class=\"alignnone size-full wp-image-28040 td-animation-stack-type2-2\" src=\"http:\/\/arkeolojihaber.net\/wp-content\/diyarbakirdaki-amida-hoyugunde-su-kanali-ve-tunel-bulundu-2.jpg\" sizes=\"auto, (max-width: 780px) 100vw, 780px\" srcset=\"http:\/\/arkeolojihaber.net\/wp-content\/diyarbakirdaki-amida-hoyugunde-su-kanali-ve-tunel-bulundu-2.jpg 780w, http:\/\/arkeolojihaber.net\/wp-content\/diyarbakirdaki-amida-hoyugunde-su-kanali-ve-tunel-bulundu-2-300x200.jpg 300w, http:\/\/arkeolojihaber.net\/wp-content\/diyarbakirdaki-amida-hoyugunde-su-kanali-ve-tunel-bulundu-2-768x512.jpg 768w, http:\/\/arkeolojihaber.net\/wp-content\/diyarbakirdaki-amida-hoyugunde-su-kanali-ve-tunel-bulundu-2-696x464.jpg 696w, http:\/\/arkeolojihaber.net\/wp-content\/diyarbakirdaki-amida-hoyugunde-su-kanali-ve-tunel-bulundu-2-630x420.jpg 630w\" alt=\"\" width=\"647\" height=\"431\" \/><\/p>\n<p>Kaynaklarda ve seyyahlar\u0131n notlar\u0131nda \u0130\u00e7kale\u2019de b\u00fcy\u00fck bir su kayna\u011f\u0131n\u0131n varl\u0131\u011f\u0131ndan bahsedildi\u011fine i\u015faret eden Y\u0131ld\u0131z, bu suyun Artuklular d\u00f6neminde muhtemelen \u0130slam alimi El-Cezeri\u2019nin yapt\u0131\u011f\u0131 suyu yukar\u0131 \u00e7\u0131karan sistemle Artuklu Saray\u0131\u2019na ula\u015ft\u0131r\u0131ld\u0131\u011f\u0131n\u0131 tahmin ettiklerini aktard\u0131. Y\u0131ld\u0131z, saray\u0131n eyvan\u0131nda bulunan selsebil, havuz ve do\u011fudaki hamam kal\u0131nt\u0131s\u0131 ile kaz\u0131dan \u00e7\u0131kan su k\u00fcnklerinin Artuklu Saray\u0131\u2019na su \u00e7\u0131kar\u0131ld\u0131\u011f\u0131n\u0131n kan\u0131t\u0131 oldu\u011funu vurgulad\u0131.<\/p>\n<p><strong>\u201c\u00c7al\u0131\u015fmalarda kanal\u0131n \u00f6zelli\u011fi detayl\u0131 ortaya \u00e7\u0131kar\u0131l\u0131r\u201d<\/strong><br \/>\n\u0130\u00e7kale\u2019deki Hz. S\u00fcleyman Camisi ile \u00e7evredeki birka\u00e7 mahalleye de buradan su verildi\u011fini anlatan Y\u0131ld\u0131z, \u015f\u00f6yle konu\u015ftu: \u201cT\u00fcnelin uzunlu\u011fu yakla\u015f\u0131k 30 metre ama su kanal\u0131n\u0131n uzunlu\u011funun ne kadar oldu\u011funu bilmiyoruz. \u00c7al\u0131\u015fmalarda kanal\u0131n \u00f6zelli\u011fi detayl\u0131 olarak ortaya \u00e7\u0131kar\u0131l\u0131r. \u015eu anki kaz\u0131 daha \u00e7ok Artuklu Saray\u0131 \u00e7al\u0131\u015fmalar\u0131n\u0131 kapsad\u0131\u011f\u0131 i\u00e7in kanalda ve t\u00fcnelde sadece tespit \u00e7al\u0131\u015fmas\u0131 yapt\u0131k.\u201d<\/p>\n<p><strong>(AA)<\/strong><\/p>\n","protected":false},"excerpt":{"rendered":"<p>Diyarbak\u0131r\u2019\u0131n tarihi Sur il\u00e7esindeki 5000 y\u0131ll\u0131k Amida H\u00f6y\u00fc\u011f\u00fc\u2019ndeki kaz\u0131 \u00e7al\u0131\u015fmas\u0131nda y\u00fczy\u0131llard\u0131r su akan kanal ve kanala ula\u015fan t\u00fcnel tespit edildi. Hurri-Mitanniler, Urartular, Persler, Romal\u0131lar, Emeviler, Abbasiler, Mervaniler, Sel\u00e7uklular ve Artuklular\u0131n da aralar\u0131nda yer ald\u0131\u011f\u0131 bir\u00e7ok medeniyete ev sahipli\u011fi yapan Amida H\u00f6y\u00fck\u2019te ba\u015fta Artuklu Saray\u0131 olmak \u00fczere t\u00fcm de\u011ferlerin ortaya \u00e7\u0131kar\u0131lmas\u0131 i\u00e7in Dicle \u00dcniversitesi (D\u00dc) E\u011fitim &hellip;<\/p>\n","protected":false},"author":32,"featured_media":21366,"comment_status":"open","ping_status":"open","sticky":false,"template":"","format":"standard","meta":{"footnotes":""},"categories":[3],"tags":[1616],"class_list":["post-21365","post","type-post","status-publish","format-standard","has-post-thumbnail","","category-haber","tag-manset"],"_links":{"self":[{"href":"https:\/\/candname.com\/tr\/index.php?rest_route=\/wp\/v2\/posts\/21365","targetHints":{"allow":["GET"]}}],"collection":[{"href":"https:\/\/candname.com\/tr\/index.php?rest_route=\/wp\/v2\/posts"}],"about":[{"href":"https:\/\/candname.com\/tr\/index.php?rest_route=\/wp\/v2\/types\/post"}],"author":[{"embeddable":true,"href":"https:\/\/candname.com\/tr\/index.php?rest_route=\/wp\/v2\/users\/32"}],"replies":[{"embeddable":true,"href":"https:\/\/candname.com\/tr\/index.php?rest_route=%2Fwp%2Fv2%2Fcomments&post=21365"}],"version-history":[{"count":0,"href":"https:\/\/candname.com\/tr\/index.php?rest_route=\/wp\/v2\/posts\/21365\/revisions"}],"wp:featuredmedia":[{"embeddable":true,"href":"https:\/\/candname.com\/tr\/index.php?rest_route=\/wp\/v2\/media\/21366"}],"wp:attachment":[{"href":"https:\/\/candname.com\/tr\/index.php?rest_route=%2Fwp%2Fv2%2Fmedia&parent=21365"}],"wp:term":[{"taxonomy":"category","embeddable":true,"href":"https:\/\/candname.com\/tr\/index.php?rest_route=%2Fwp%2Fv2%2Fcategories&post=21365"},{"taxonomy":"post_tag","embeddable":true,"href":"https:\/\/candname.com\/tr\/index.php?rest_route=%2Fwp%2Fv2%2Ftags&post=21365"}],"curies":[{"name":"wp","href":"https:\/\/api.w.org\/{rel}","templated":true}]}}