{"id":21349,"date":"2018-11-14T11:32:09","date_gmt":"2018-11-14T08:32:09","guid":{"rendered":"http:\/\/candname.com\/tr\/?p=21349"},"modified":"2018-11-14T11:52:33","modified_gmt":"2018-11-14T08:52:33","slug":"kurt-sarkicidan-bediuzzaman-klibi","status":"publish","type":"post","link":"https:\/\/candname.com\/tr\/?p=21349","title":{"rendered":"K\u00fcrt \u015fark\u0131c\u0131dan Bedi\u00fczzaman klibi"},"content":{"rendered":"<p>K\u00fcrt besteci ve y\u00f6netmen Helkewt Zahir, sanat\u00e7\u0131 Mire Ali\u2019nin Arap\u00e7a okudu\u011fu \u201cBedi\u00fczzaman Said Kurdi\u201d ezgisi i\u00e7in klip haz\u0131rlad\u0131.<\/p>\n<p>S\u00fcleymaniyeli sanat\u00e7\u0131 Mera Ali\u2019nin seslendirdi\u011fi \u201cBedi\u00fczzaman Said Kurdi\u201d ezgisinin s\u00f6zleri Ho\u015fnaw Tillo&#8217;ya ait. Helkewt Zahir\u2019in yap\u0131mc\u0131l\u0131\u011f\u0131n\u0131 \u00fcstlendi\u011fi eserin aranjman\u0131n\u0131 Y\u0131ldan Erg\u00fczel yapt\u0131.<\/p>\n<p>Said Kurdi&#8217;nin resimleri ile birlikte Mekke, \u0130stanbul, camiler, Mescidi Aksa g\u00f6r\u00fcnt\u00fclerinin yer ald\u0131\u011f\u0131 ezginin T\u00fcrk\u00e7e s\u00f6zleri \u015f\u00f6yle:<\/p>\n<ul>\n<li style=\"list-style-type: none\">\n<ul>\n<li>Risale-i Nurlar fikri uyar\u0131r<\/li>\n<li>Hay\u0131r m\u00fcjdecisi, sevgi ev rahmet<\/li>\n<li>Vicdana \u015fevk ve heyecan g\u00f6nderir<\/li>\n<li>Ruha rahatl\u0131k ve ho\u015fluk var i\u00e7inde<\/li>\n<li>\u0130nce kalpli, \u015fefkatli, vefadar<\/li>\n<li>Kapsaml\u0131d\u0131r hikmeti, kainat\u0131n davac\u0131s\u0131<\/li>\n<li>Allah&#8217;\u0131n emrine raz\u0131, hu\u015fu sahibi<\/li>\n<li>Afif, l\u00fctuf, temiz ve kanaat sahibi<\/li>\n<li>Bedi\u00fczzaman&#8217;d\u0131r o, Said Nursi<\/li>\n<li>H\u00fcr bir \u00dcstad, asil ve gurur verici<\/li>\n<li>Kur&#8217;an-\u0131 Kerim davas\u0131n\u0131n bayraktar\u0131<\/li>\n<li>G\u00fc\u00e7l\u00fcd\u00fcr iman\u0131, dindar ve takva sahibi<\/li>\n<li>G\u00fczel g\u00f6r\u00fc\u015fl\u00fc, \u00e7ok menk\u0131beli<\/li>\n<li>Zikir, fikir, \u015f\u00fck\u00fcrd\u00fcr baz\u0131lar\u0131<\/li>\n<li>Onun anlay\u0131\u015f\u0131, Allah&#8217;\u0131n a\u015fk\u0131na hidayet verir<\/li>\n<li>Onun yan\u0131nda kin ve nefret, k\u00fcf\u00fcrd\u00fcr<\/li>\n<li>Z\u00fcht ve ahlakta hu\u015fu sahibi<\/li>\n<li>Allah&#8217;a tehecc\u00fcd eden ermi\u015f biri<\/li>\n<li>Ona adaletysizlik edildi\u011finde dik duru\u015flu<\/li>\n<li>Dua ve ilticadad\u0131r g\u00f6r\u00fcrs\u00fcn hep onu<\/li>\n<li>Bedi\u00fczzaman&#8217;d\u0131r o, Said Nursi<\/li>\n<li>H\u00fcr bir \u00dcstad, asil ve gurur verici<\/li>\n<li>Kur&#8217;an-\u0131 Kerim davas\u0131n\u0131n bayraktar\u0131<\/li>\n<li>G\u00fc\u00e7l\u00fcd\u00fcr iman\u0131, dindar ve takva sahibi<\/li>\n<li>Onun vicdan\u0131 uyumay\u0131 bilmez<\/li>\n<li>Onun s\u00f6zlerinden &#8216;\u0130man gurudur&#8217;<\/li>\n<li>Ve her bereketin ba\u015flang\u0131c\u0131 Bismillah&#8217;t\u0131r<\/li>\n<li>Hay\u0131r ve azimet olmadan uyuykalmakt\u0131r<\/li>\n<li>Umudu sars\u0131lmayan bir m\u00fcceddid<\/li>\n<li>Tahamm\u00fcl eden sab\u0131rl\u0131 bir m\u00fccahid<\/li>\n<li>\u015eiddetlere siper, \u00fcmit i\u00e7in bir Nur<\/li>\n<li>Onun himmeti yorulmay\u0131 bilmez<\/li>\n<li>Bedi\u00fczzaman&#8217;d\u0131r o, Said Nursi<\/li>\n<li>H\u00fcr bir \u00dcstad, asil ve gurur verici<\/li>\n<li>Kur&#8217;an-\u0131 Kerim davas\u0131n\u0131n bayraktar\u0131<\/li>\n<li>G\u00fc\u00e7l\u00fcd\u00fcr iman\u0131, dindar ve takva sahibi<\/li>\n<\/ul>\n<\/li>\n<\/ul>\n<p><iframe loading=\"lazy\" title=\"Mera  Ali - Said Nursi  by Halkawt Zaher \u0645\u06cc\u0631\u0627\u0639\u0644\u064a - \u0633\u0639\u06cc\u062f \u0646\u0648\u0631\u0633\u06cc \u0628\u062f\u064a\u0639 \u0632\u0645\u0627\u0646 - \u0627\u0646\u0627\u0634\u064a\u062f \u0627\u0644\u062f\u064a\u0646\u064a\u0629\" width=\"618\" height=\"348\" src=\"https:\/\/www.youtube.com\/embed\/v35qzqdx6d0?feature=oembed\" frameborder=\"0\" allow=\"accelerometer; autoplay; clipboard-write; encrypted-media; gyroscope; picture-in-picture; web-share\" referrerpolicy=\"strict-origin-when-cross-origin\" allowfullscreen><\/iframe><\/p>\n<p><strong>Said Kurdi kimdir?<\/strong><\/p>\n<p>Said Kurdi \u0130slam tarihinin en \u00f6nemli K\u00fcrt d\u00fc\u015f\u00fcn\u00fcrlerinden biridir. 1878 y\u0131l\u0131nda Bitlis\u2019in Hizan il\u00e7esi Nurs k\u00f6y\u00fcnde do\u011fan Said Kurdi, 15 ya\u015f\u0131nda bir medrese \u00f6\u011frencisi iken hocas\u0131 taraf\u0131ndan verilen Bed\u00ee\u00fczzam\u00e2n (zaman\u0131n e\u015fsizi) lakab\u0131 ismiyle birlikte an\u0131l\u0131r.<\/p>\n<p>\u00c7ocuklu\u011funda \u00e7evresindeki medreselerde e\u011fitim g\u00f6rd\u00fc. Kendisinde g\u00f6r\u00fclen haf\u0131za sebebiyle, \u00f6nceleri &#8220;Molla Said-i Me\u015fhur&#8221; diye tan\u0131nd\u0131. Daha sonra &#8220;Zaman\u0131n e\u015fsizi&#8221; anlam\u0131nda &#8220;Bedi\u00fczzaman&#8221; unvan\u0131 ald\u0131. Talebelik y\u0131llar\u0131nda temel \u0130slam\u00ee ilimlerle ilgili doksan kitab\u0131 ezberledi. K\u00fcrdistan\u2019\u0131n bir\u00e7ok kentini gezdi.<\/p>\n<p>Van&#8217;da kald\u0131\u011f\u0131 s\u00fcrede e\u011fitim metodunu tamamen kendisinin haz\u0131rlad\u0131\u011f\u0131 bir medrese kurdu. Esas hedefi, ayn\u0131 metodun uygulanaca\u011f\u0131 bir \u00fcniversiteyi K\u00fcrdistan\u2019da kurmakt\u0131. Bu \u00fcniversitede din ilimleri ile fen ilimleri birlikte \u00f6\u011fretilecek, etnik diller de serbest tutulacakt\u0131. Bu \u00fcniversiteye, Kahire&#8217;deki Ezher \u00dcniversitesi&#8217;nden hareketle &#8220;Medreset\u00fc&#8217;z-Zehra&#8221; ismini verdi.<\/p>\n<p>1900&#8217;l\u00fc y\u0131llar\u0131n ba\u015f\u0131nda 1907 y\u0131l\u0131nda do\u011fuda Medreset\u00fc-z Zehra ad\u0131nda bir \u0130slam \u00fcniversitesi kurmak fikriyle \u0130stanbul&#8217;a geldi ve hayat\u0131 boyunca bu fikrini ger\u00e7ekle\u015ftirmek i\u00e7in gayret g\u00f6sterdi.<\/p>\n<p>Birinci D\u00fcnya Sava\u015f\u0131\u2019na kat\u0131ld\u0131, Mart 1916&#8217;da Bitlis&#8217;te yaralan\u0131p iki bu\u00e7uk y\u0131l Rusya&#8217;da esir kald\u0131. Ard\u0131ndan Rusya\u2019daki karga\u015fadan yararlan\u0131p esaretten kurtulur, Avrupa \u00fczerinden 1918\u2019de \u0130stanbul&#8217;a ula\u015f\u0131r.<\/p>\n<p>1925\u2019te \u015eeyh Said k\u0131yam\u0131 s\u0131ras\u0131nda \u00f6nce Burdur&#8217;a, ard\u0131ndan Isparta\u2019ya s\u00fcrg\u00fcn edildi. Burada kald\u0131\u011f\u0131 8 y\u0131l boyunca &#8220;Risale-i Nur&#8221; isimli Kur&#8217;an tefsirinin b\u00fcy\u00fck b\u00f6l\u00fcm\u00fcn\u00fc burada yazd\u0131. Eserleri ve fikirleri nedeniyle 1935\u2019te yarg\u0131land\u0131 ve Kastamonu&#8217;ya s\u00fcrg\u00fcn edildi.<\/p>\n<p>Said Nursi, 23 Mart 1960 tarihinde 82 ya\u015f\u0131nda Urfa\u2019da hayata g\u00f6zlerini yumdu. Naa\u015f\u0131 Halil\u00fcrrahman Derg\u00e2h\u0131&#8217;nda kendisine ayr\u0131lan yere defnedildi. Ancak iki ay sonra 27 May\u0131s 1960&#8217;da bir askeri darbe oldu. Milli Birlik Komitesi h\u00fck\u00fcmeti Bedi\u00fczzaman&#8217;\u0131n kabrinin nakledilmesine karar verdi. 12 Temmuz 1960 g\u00fcn\u00fc mezar\u0131 Urfa&#8217;daki yerinden al\u0131narak ba\u015fka bir yere gizlice defnedildi.<\/p>\n","protected":false},"excerpt":{"rendered":"<p>K\u00fcrt besteci ve y\u00f6netmen Helkewt Zahir, sanat\u00e7\u0131 Mire Ali\u2019nin Arap\u00e7a okudu\u011fu \u201cBedi\u00fczzaman Said Kurdi\u201d ezgisi i\u00e7in klip haz\u0131rlad\u0131. S\u00fcleymaniyeli sanat\u00e7\u0131 Mera Ali\u2019nin seslendirdi\u011fi \u201cBedi\u00fczzaman Said Kurdi\u201d ezgisinin s\u00f6zleri Ho\u015fnaw Tillo&#8217;ya ait. Helkewt Zahir\u2019in yap\u0131mc\u0131l\u0131\u011f\u0131n\u0131 \u00fcstlendi\u011fi eserin aranjman\u0131n\u0131 Y\u0131ldan Erg\u00fczel yapt\u0131. Said Kurdi&#8217;nin resimleri ile birlikte Mekke, \u0130stanbul, camiler, Mescidi Aksa g\u00f6r\u00fcnt\u00fclerinin yer ald\u0131\u011f\u0131 ezginin T\u00fcrk\u00e7e &hellip;<\/p>\n","protected":false},"author":32,"featured_media":21350,"comment_status":"open","ping_status":"open","sticky":false,"template":"","format":"standard","meta":{"footnotes":""},"categories":[698],"tags":[1616,903,17],"class_list":["post-21349","post","type-post","status-publish","format-standard","has-post-thumbnail","","category-muzik","tag-manset","tag-said-nursi","tag-slide"],"_links":{"self":[{"href":"https:\/\/candname.com\/tr\/index.php?rest_route=\/wp\/v2\/posts\/21349","targetHints":{"allow":["GET"]}}],"collection":[{"href":"https:\/\/candname.com\/tr\/index.php?rest_route=\/wp\/v2\/posts"}],"about":[{"href":"https:\/\/candname.com\/tr\/index.php?rest_route=\/wp\/v2\/types\/post"}],"author":[{"embeddable":true,"href":"https:\/\/candname.com\/tr\/index.php?rest_route=\/wp\/v2\/users\/32"}],"replies":[{"embeddable":true,"href":"https:\/\/candname.com\/tr\/index.php?rest_route=%2Fwp%2Fv2%2Fcomments&post=21349"}],"version-history":[{"count":0,"href":"https:\/\/candname.com\/tr\/index.php?rest_route=\/wp\/v2\/posts\/21349\/revisions"}],"wp:featuredmedia":[{"embeddable":true,"href":"https:\/\/candname.com\/tr\/index.php?rest_route=\/wp\/v2\/media\/21350"}],"wp:attachment":[{"href":"https:\/\/candname.com\/tr\/index.php?rest_route=%2Fwp%2Fv2%2Fmedia&parent=21349"}],"wp:term":[{"taxonomy":"category","embeddable":true,"href":"https:\/\/candname.com\/tr\/index.php?rest_route=%2Fwp%2Fv2%2Fcategories&post=21349"},{"taxonomy":"post_tag","embeddable":true,"href":"https:\/\/candname.com\/tr\/index.php?rest_route=%2Fwp%2Fv2%2Ftags&post=21349"}],"curies":[{"name":"wp","href":"https:\/\/api.w.org\/{rel}","templated":true}]}}