{"id":21342,"date":"2018-11-10T23:53:08","date_gmt":"2018-11-10T20:53:08","guid":{"rendered":"http:\/\/candname.com\/tr\/?p=21342"},"modified":"2021-02-20T13:58:19","modified_gmt":"2021-02-20T10:58:19","slug":"kurtce-muzik-dergisi-ziryab-yayin-hayatina-basladi","status":"publish","type":"post","link":"https:\/\/candname.com\/tr\/?p=21342","title":{"rendered":"K\u00fcrt\u00e7e M\u00fczik dergisi Ziryab yay\u0131n hayat\u0131na ba\u015flad\u0131"},"content":{"rendered":"<p><em>Ziryab ilk say\u0131s\u0131yla okuyucu ile bulu\u015ftu. Dergi yeni bir ifade alan\u0131 olmay\u0131 hedefliyor.<\/em><\/p>\n<p>Tamam\u0131 renkli ve ku\u015fe ka\u011f\u0131da bas\u0131l\u0131 ilk K\u00fcrt\u00e7e m\u00fczik dergisi Ziryab yay\u0131n hayat\u0131na ba\u015flad\u0131. Yay\u0131n kurulunda Siya \u015eev\u00ea\u2019den G\u00f6k\u00e7e Selim ve Serhat Temel ile Harun Elk\u00ee ve Ozan Irmak\u2019\u0131n yer ald\u0131\u011f\u0131 derginin edit\u00f6rl\u00fc\u011f\u00fcn\u00fc ise Mevlut Oguz ve Serhat Temel \u00fcstleniyor.<\/p>\n<p>Yay\u0131n kurulu dergiyi \u00e7\u0131karma ama\u00e7lar\u0131n\u0131 \u015f\u00f6yle a\u00e7\u0131kl\u0131yor:<\/p>\n<p>\u201cB\u00fcy\u00fck bir emek ve \u00f6zveriyle \u00fcretilen K\u00fcrt m\u00fczi\u011fi ve m\u00fczisyenlerin sorunlar\u0131n\u0131 her yerde ve her d\u00fczeyde, yap\u0131c\u0131 bir dil ve geni\u015f bir perspektifle tart\u0131\u015fmaya a\u00e7mak; m\u00fczisyenlere ve dinleyicilerine yeni bir ifade alan\u0131 a\u00e7mak istiyoruz.\u201d<\/p>\n<p>Ziryab\u2019\u0131n ilk say\u0131s\u0131n\u0131n i\u00e7eri\u011fi ise \u015f\u00f6yle:<\/p>\n<p>Harun Elk\u00ee 90\u2019l\u0131 y\u0131llardan g\u00fcn\u00fcm\u00fcze K\u00fcrt m\u00fczi\u011fi konusunda bir panorama \u00e7iziyor ve sosyal medyan\u0131n m\u00fczik \u00fczerindeki etkilerinden bahsediyor. \u0130brahim Sar\u0131su Tarihin ilk ozanlar\u0131ndan olan Orfeus ve m\u00fczik tarihinin en iyi sembollerinden olan Orfeus mozai\u011fi hakk\u0131nda bir yaz\u0131yla yer ald\u0131. Serhat Temel Hasankeyf Orkest<\/p>\n","protected":false},"excerpt":{"rendered":"<p>Ziryab ilk say\u0131s\u0131yla okuyucu ile bulu\u015ftu. Dergi yeni bir ifade alan\u0131 olmay\u0131 hedefliyor. Tamam\u0131 renkli ve ku\u015fe ka\u011f\u0131da bas\u0131l\u0131 ilk K\u00fcrt\u00e7e m\u00fczik dergisi Ziryab yay\u0131n hayat\u0131na ba\u015flad\u0131. Yay\u0131n kurulunda Siya \u015eev\u00ea\u2019den G\u00f6k\u00e7e Selim ve Serhat Temel ile Harun Elk\u00ee ve Ozan Irmak\u2019\u0131n yer ald\u0131\u011f\u0131 derginin edit\u00f6rl\u00fc\u011f\u00fcn\u00fc ise Mevlut Oguz ve Serhat Temel \u00fcstleniyor. Yay\u0131n kurulu &hellip;<\/p>\n","protected":false},"author":2,"featured_media":21343,"comment_status":"closed","ping_status":"closed","sticky":false,"template":"","format":"standard","meta":{"footnotes":""},"categories":[158],"tags":[962,5372,141,1616,4457],"class_list":["post-21342","post","type-post","status-publish","format-standard","has-post-thumbnail","","category-dergicilik","tag-dergi","tag-gazete-duvar","tag-kurtce","tag-manset","tag-ziryab"],"_links":{"self":[{"href":"https:\/\/candname.com\/tr\/index.php?rest_route=\/wp\/v2\/posts\/21342","targetHints":{"allow":["GET"]}}],"collection":[{"href":"https:\/\/candname.com\/tr\/index.php?rest_route=\/wp\/v2\/posts"}],"about":[{"href":"https:\/\/candname.com\/tr\/index.php?rest_route=\/wp\/v2\/types\/post"}],"author":[{"embeddable":true,"href":"https:\/\/candname.com\/tr\/index.php?rest_route=\/wp\/v2\/users\/2"}],"replies":[{"embeddable":true,"href":"https:\/\/candname.com\/tr\/index.php?rest_route=%2Fwp%2Fv2%2Fcomments&post=21342"}],"version-history":[{"count":0,"href":"https:\/\/candname.com\/tr\/index.php?rest_route=\/wp\/v2\/posts\/21342\/revisions"}],"wp:featuredmedia":[{"embeddable":true,"href":"https:\/\/candname.com\/tr\/index.php?rest_route=\/wp\/v2\/media\/21343"}],"wp:attachment":[{"href":"https:\/\/candname.com\/tr\/index.php?rest_route=%2Fwp%2Fv2%2Fmedia&parent=21342"}],"wp:term":[{"taxonomy":"category","embeddable":true,"href":"https:\/\/candname.com\/tr\/index.php?rest_route=%2Fwp%2Fv2%2Fcategories&post=21342"},{"taxonomy":"post_tag","embeddable":true,"href":"https:\/\/candname.com\/tr\/index.php?rest_route=%2Fwp%2Fv2%2Ftags&post=21342"}],"curies":[{"name":"wp","href":"https:\/\/api.w.org\/{rel}","templated":true}]}}