{"id":21338,"date":"2018-11-09T08:00:19","date_gmt":"2018-11-09T05:00:19","guid":{"rendered":"http:\/\/candname.com\/tr\/?p=21338"},"modified":"2018-11-07T13:44:32","modified_gmt":"2018-11-07T10:44:32","slug":"dunyaca-unlu-yonetmen-kurtlerin-festivale-degil-filme-ihtiyaci-var","status":"publish","type":"post","link":"https:\/\/candname.com\/tr\/?p=21338","title":{"rendered":"D\u00fcnyaca \u00fcnl\u00fc y\u00f6netmen: K\u00fcrtlerin festivale de\u011fil filme ihtiyac\u0131 var"},"content":{"rendered":"<p>D\u00fcnyaca \u00fcnl\u00fc \u0130ranl\u0131 y\u00f6netmen Majid Majidi bu y\u0131l S\u00fcleymaniye\u2019de d\u00fczenlenen uluslararas\u0131 film festivaline kat\u0131ld\u0131. Majidi festivalden arta kalan zamanlar\u0131 S\u00fcleymaniye kentini gezerek ge\u00e7irdi.<\/p>\n<p>&nbsp;<\/p>\n<p>Majidi en son \u00e7ekti\u011fi \u201cHz Muhammed\u201d filmiyle \u00e7ok ses getirdi ve \u0130ranl\u0131 y\u00f6netmenin bu filmi Arap \u00fclkelerinin \u00e7o\u011funda yasakland\u0131.<\/p>\n<p>&nbsp;<\/p>\n<p>Majid Majidi S\u00fcleymaniye Film Festivali ve \u00e7al\u0131\u015fmalar\u0131 hakk\u0131nda R\u00fbdaw\u2019a konu\u015ftu.<\/p>\n<p>&nbsp;<\/p>\n<p><strong>Bu K\u00fcrdistan B\u00f6lgesi\u2019ne ilk geli\u015finiz. S\u00fcleymaniye\u2019yi nas\u0131l buldunuz?<\/strong><\/p>\n<p><strong>\u00a0<\/strong><\/p>\n<p>Evet, bu k\u0131sa zaman zarf\u0131nda S\u00fcleymaniye\u2019yi gezmeye ve g\u00f6rmeye a\u00e7l\u0131\u015ft\u0131m. Buradaki huzur ve dinginlik benim i\u00e7in \u00e7ok ilgin\u00e7ti. B\u00f6yle g\u00f6rece\u011fimi tahmin etmemi\u015ftim. Oysa S\u00fcleymaniye\u2019yi kafamda b\u00f6yle canland\u0131rmam\u0131\u015ft\u0131m. Gezerken hi\u00e7bir g\u00fcvenlik g\u00f6revlisine rastlamad\u0131m. Her \u015feyden \u00f6nemlisi de halk\u0131n \u00e7ok huzurlu, sevecen ve misafirperver oldu\u011funu g\u00f6zlemledim.<\/p>\n<p>&nbsp;<\/p>\n<p><strong>Festival\u2019de g\u00f6sterilen filmleri nas\u0131l buldunuz? Sizce kaliteli miydiler?<\/strong><\/p>\n<p><strong>\u00a0<\/strong><\/p>\n<p>Malesef, fazla film izleme \u015fans\u0131m olmad\u0131, \u00e7\u00fcnk\u00fc zaman\u0131n k\u0131s\u0131tl\u0131yd\u0131. Birka\u00e7 film izleyebildim. Daha \u00e7ok burada buldu\u011fum f\u0131rsat\u0131 gezmeye harcad\u0131m, daha sonra filmleri izleme \u015fans\u0131m olur, ama buralar\u0131 g\u00f6rme \u015fans\u0131m olmaz.<\/p>\n<p>&nbsp;<\/p>\n<p><strong>K\u00fcrt sinemas\u0131 ve sinema sanat\u00e7\u0131lar\u0131 hakk\u0131nda d\u00fc\u015f\u00fcnceleriniz nelerdir?<\/strong><\/p>\n<p><strong>\u00a0<\/strong><\/p>\n<p>Baz\u0131r K\u00fcrt sinema sanat\u00e7\u0131lar\u0131n\u0131 tan\u0131yorum. \u0130ran\u2019da da bir\u00e7ok K\u00fcrt sinama sanat\u00e7\u0131s\u0131 var. \u0130ran ve Irak\u2019taki K\u00fcrtler hakk\u0131nda filmler yapm\u0131\u015flar. Bence K\u00fcrt sinema sanat\u00e7\u0131lar\u0131n\u0131n kattedece\u011fi daha \u00e7ok uzun bir yol var. K\u00fcrtler hakk\u0131nda, K\u00fcrt sorunu, k\u00fclt\u00fcr\u00fc hakk\u0131nda \u00e7ok az film var. Bu t\u00fcr festivallerin d\u00fczenlenerek daha \u00e7ok sinema sanat\u00e7\u0131s\u0131 ve y\u00f6netmenin buraya \u00e7ekilmesini \u00fcmid ediyorum. Bu K\u00fcrdistan sinemas\u0131 i\u00e7in ufuk a\u00e7\u0131c\u0131 da olacakt\u0131r. \u00d6n\u00fcm\u00fczdeki y\u0131llarda S\u00fcleymaniye\u2019de d\u00fczenlenen festivalde K\u00fcrt sinemas\u0131na daha \u00e7ok de\u011fer verildi\u011fini g\u00f6rmek \u00f6nemli. K\u00fcrdistan hakk\u0131nda en az iki yada \u00fc\u00e7 film yer almal\u0131d\u0131r. Bence bu festivalin kendisinden bile daha de\u011ferlidir. K\u00fcrtlerin festivalden \u00e7ok filme ihtiyac\u0131 var<\/p>\n<p>&nbsp;<\/p>\n<p><strong>Sizce K\u00fcrdistan\u2019da sinema sekt\u00f6r\u00fc daha \u00e7ok izleyici \u00e7ekebilmek i\u00e7in ne yapmal\u0131d\u0131r?<\/strong><\/p>\n<p><strong>\u00a0<\/strong><\/p>\n<p>Bana g\u00f6re festivaller sadece filmlerin tan\u0131t\u0131m\u0131 a\u00e7\u0131s\u0131ndan iyi organizasyonlard\u0131r. Festival olacak diye sevinip film yapmamal\u0131y\u0131z. \u00c7\u00fcnk\u00fc festivallerin izleyicileri \u00e7ok \u00f6zeldir. D\u00fcnya \u00e7ap\u0131nda ba\u015far\u0131 elde edecek bir film d\u00fcnyan\u0131n her taraf\u0131ndan insanlarla do\u011fru bir ili\u015fki geli\u015ftirebilmelidir. Sinema sanat\u0131na ve \u00fclkesinin k\u00fclt\u00fcr\u00fcne hizmet edebilmelidir. Bence K\u00fcrdistan\u2019da bunun i\u00e7in \u00e7ok iyi bir altyap\u0131 var. Burada filme d\u00f6n\u00fc\u015ft\u00fcrebilece\u011finiz bir\u00e7ok konu var. Mesela Halep\u00e7e, bence Halep\u00e7e katliam\u0131 hakk\u0131nda onlarca film yap\u0131labilir.<\/p>\n<p>&nbsp;<\/p>\n<p><strong>K\u00fcrdistan\u2019da film \u00e7ekme yada bir filmin sahnesini burada \u00e7ekme gibi bir d\u00fc\u015f\u00fcnceniz oldu mu?<\/strong><\/p>\n<p>&nbsp;<\/p>\n<p>Burada kald\u0131\u011f\u0131m s\u00fcrece bir\u00e7ok \u015feyden ilham ald\u0131\u011f\u0131m\u0131 s\u00f6yleyebilirim. Bir \u00e7ok neden de yakalad\u0131m. Daha \u00f6nce de b\u00f6yle bir niyetim vard\u0131. O niyet ve his S\u00fcleymaniye ziyaretiyle daha da g\u00fc\u00e7lendi. \u00d6n\u00fcm\u00fczdeki y\u0131llarda buraya ait bir konu hakk\u0131nda burada bir film \u00e7ekmeyi \u00fcmid ediyorum. \u00d6zellikle de Halep\u00e7e\u2019ye dair. G\u00fcn\u00fcm\u00fcz neslinin g\u00f6z\u00fcnden bir Halep\u00e7e filmi yaparak t\u00fcm d\u00fcnyada g\u00f6r\u00fclmesini sa\u011flamak da \u00e7ok zor.<\/p>\n<p>&nbsp;<\/p>\n<p><strong>Hz Muhammed filmi Arap \u00fclkelerinde neden yasakland\u0131?<\/strong><\/p>\n<p><strong>\u00a0<\/strong><\/p>\n<p>Sorun \u00e7ok a\u00e7\u0131k\u00e7a Suudi Arabistan\u2019d\u0131, onlar\u0131n dolarlar\u0131yd\u0131. Bildi\u011fim kadar\u0131yla Suudi Arabistan s\u00fcrekli sorun \u00e7\u0131karma pe\u015finde. Ge\u00e7ti\u011fimiz y\u0131llarda da bir\u00e7ok konuda yanl\u0131\u015flar\u0131 oldu. Benim i\u00e7im siyasetle de\u011fil, fakat k\u00fclt\u00fcrel a\u00e7\u0131dan da \u00e7ok hatalar\u0131 var. mallesef, Suudi iktidar\u0131 ve din adamlar\u0131 taraf\u0131ndan filmimiz \u201charam\u201d ilan edildi.<\/p>\n<p>&nbsp;<\/p>\n<p><strong>Neden haram ilan edildi?<\/strong><\/p>\n<p><strong>\u00a0<\/strong><\/p>\n<p>Onlar filmi g\u00f6rmeden, \u00fczerinde yo\u011funla\u015fmadan hemen \u201charam\u201d dediler. Ka\u00e7 defa Ezher alimlerine sadece filmi izlemelerini \u00f6nerdim ama onlar bakmadan \u201charam\u201d dediler. Ben o film i\u00e7in tam 7 y\u0131l \u00e7al\u0131\u015ft\u0131m ve bu s\u00fcre\u00e7te \u015eii ve Sunni din adamlar\u0131na defalarca sordum. T\u00fcm \u0130slam \u00fclkelerinde ara\u015ft\u0131rmalar yapt\u0131m ve her bir konu i\u00e7in onlardan icazet ald\u0131m.<\/p>\n<p>&nbsp;<\/p>\n<p>Filmi \u0130slam d\u00fcnyas\u0131n\u0131n ortak onay\u0131 ve g\u00f6r\u00fc\u015f\u00fcne dayanarak haz\u0131rlad\u0131m. Bu film yoluyla bat\u0131ya bir pencere a\u00e7maya \u00e7al\u0131\u015ft\u0131m. \u0130slam\u0131n do\u011fru tan\u0131nmas\u0131na katk\u0131 sa\u011flamak, dinimizin bar\u0131\u015f, adalet, e\u015fitlik ve birlikte ya\u015fam dini oldu\u011funu yans\u0131tmak istedim ama onlar buna bakmadan haramn m\u00fchr\u00fc bast\u0131. B\u00f6yle yaparak filmin \u00f6n\u00fcn\u00fc ald\u0131klar\u0131n\u0131 san\u0131yorlar. Ama mesele siyasidir.<\/p>\n<p>&nbsp;<\/p>\n<p>Biz kimseye zarar verecek bir \u015fey yapmad\u0131k. \u015eunu s\u00f6ylemek istiyorum; Kabe\u2019nin kilidini elinde bulunduran Suudi Arabistan \u0130slam Peygamberi\u2019ni d\u00fcnyaya tan\u0131tmak i\u00e7in ne kadar \u00e7aba harcam\u0131\u015f? Her y\u0131l m\u00fcsl\u00fcmanlar\u0131n milyarlarca dolar\u0131 onlar\u0131n ceplerine akl\u0131yor ama onlar bu paran\u0131n ne kadar\u0131n\u0131 \u0130slam\u0131 tan\u0131tmak i\u00e7in harc\u0131yor? \u0130slam d\u00fcnyas\u0131nda Suudi Arabistan\u2019\u0131n yapt\u0131klar\u0131n\u0131 hi\u00e7 mant\u0131kl\u0131 bulmuyorum. Suudilerin \u0130slam d\u00fcnyas\u0131 ad\u0131na hi\u00e7 bir hay\u0131rl\u0131 \u00e7al\u0131\u015fma yapmad\u0131klar\u0131n\u0131 s\u00f6ylemek do\u011frudur. \u015eunu bilmelidirler ki d\u00fcnya onlar\u0131 g\u00f6r\u00fcyor ve ona g\u00f6re yarg\u0131s\u0131n\u0131 veriyor. Tarih onlara k\u00f6t\u00fc bir h\u00fck\u00fcm verecek.<\/p>\n<p>&nbsp;<\/p>\n<p><b>Bu filmin g\u00fcn\u00fcn birinde M\u00fcsl\u00fcman\u00a0\u00fclkelerde g\u00f6sterilece\u011fine inan\u0131yor musunu?<\/b><\/p>\n<p><strong>\u00a0<\/strong><\/p>\n<p>Y\u00fczde y\u00fcz inan\u0131yorum. Hepimiz gidiciyiz, t\u00fcm h\u00fckumetler de\u011fi\u015fir. Ben bu h\u00fckumetlerden hi\u00e7 birinin kalmad\u0131\u011f\u0131 o g\u00fcnleri de g\u00f6rece\u011fim. G\u00fcn\u00fcn birinde sadece Suudi de de\u011fil, t\u00fcm bu devletler kalmasa dahi o film kalacakt\u0131r.<\/p>\n<p><strong>R\u00fbdaw<\/strong><\/p>\n","protected":false},"excerpt":{"rendered":"<p>D\u00fcnyaca \u00fcnl\u00fc \u0130ranl\u0131 y\u00f6netmen Majid Majidi bu y\u0131l S\u00fcleymaniye\u2019de d\u00fczenlenen uluslararas\u0131 film festivaline kat\u0131ld\u0131. Majidi festivalden arta kalan zamanlar\u0131 S\u00fcleymaniye kentini gezerek ge\u00e7irdi. &nbsp; Majidi en son \u00e7ekti\u011fi \u201cHz Muhammed\u201d filmiyle \u00e7ok ses getirdi ve \u0130ranl\u0131 y\u00f6netmenin bu filmi Arap \u00fclkelerinin \u00e7o\u011funda yasakland\u0131. &nbsp; Majid Majidi S\u00fcleymaniye Film Festivali ve \u00e7al\u0131\u015fmalar\u0131 hakk\u0131nda R\u00fbdaw\u2019a konu\u015ftu. &nbsp; &hellip;<\/p>\n","protected":false},"author":32,"featured_media":21339,"comment_status":"open","ping_status":"open","sticky":false,"template":"","format":"standard","meta":{"footnotes":""},"categories":[1539,107],"tags":[5401,1616,17],"class_list":["post-21338","post","type-post","status-publish","format-standard","has-post-thumbnail","","category-roportaj","category-sinema","tag-kurt-sinemasi","tag-manset","tag-slide"],"_links":{"self":[{"href":"https:\/\/candname.com\/tr\/index.php?rest_route=\/wp\/v2\/posts\/21338","targetHints":{"allow":["GET"]}}],"collection":[{"href":"https:\/\/candname.com\/tr\/index.php?rest_route=\/wp\/v2\/posts"}],"about":[{"href":"https:\/\/candname.com\/tr\/index.php?rest_route=\/wp\/v2\/types\/post"}],"author":[{"embeddable":true,"href":"https:\/\/candname.com\/tr\/index.php?rest_route=\/wp\/v2\/users\/32"}],"replies":[{"embeddable":true,"href":"https:\/\/candname.com\/tr\/index.php?rest_route=%2Fwp%2Fv2%2Fcomments&post=21338"}],"version-history":[{"count":0,"href":"https:\/\/candname.com\/tr\/index.php?rest_route=\/wp\/v2\/posts\/21338\/revisions"}],"wp:featuredmedia":[{"embeddable":true,"href":"https:\/\/candname.com\/tr\/index.php?rest_route=\/wp\/v2\/media\/21339"}],"wp:attachment":[{"href":"https:\/\/candname.com\/tr\/index.php?rest_route=%2Fwp%2Fv2%2Fmedia&parent=21338"}],"wp:term":[{"taxonomy":"category","embeddable":true,"href":"https:\/\/candname.com\/tr\/index.php?rest_route=%2Fwp%2Fv2%2Fcategories&post=21338"},{"taxonomy":"post_tag","embeddable":true,"href":"https:\/\/candname.com\/tr\/index.php?rest_route=%2Fwp%2Fv2%2Ftags&post=21338"}],"curies":[{"name":"wp","href":"https:\/\/api.w.org\/{rel}","templated":true}]}}