{"id":21318,"date":"2018-10-31T18:00:25","date_gmt":"2018-10-31T15:00:25","guid":{"rendered":"http:\/\/candname.com\/tr\/?p=21318"},"modified":"2018-10-30T11:24:44","modified_gmt":"2018-10-30T08:24:44","slug":"kurt-partileri-kurtce-icin-ortak-platform-kurdu","status":"publish","type":"post","link":"https:\/\/candname.com\/tr\/?p=21318","title":{"rendered":"K\u00fcrt partileri K\u00fcrt\u00e7e i\u00e7in ortak platform kurdu"},"content":{"rendered":"<div class=\"itemBody\">\n<div class=\"itemFullText\">\n<p>Diyarbak\u0131r\u2019da 9 K\u00fcrt partisi, K\u00fcrt dilinin geli\u015ftirilmesi, resmi dil olmas\u0131 ve okullarda \u00f6\u011fretilmesi amac\u0131yla ortak bir platform kurdu. K\u00fcrt partilerinden yap\u0131lan ortak a\u00e7\u0131klamada, asimilasyona kar\u015f\u0131 m\u00fccadele \u00e7a\u011fr\u0131s\u0131 yap\u0131ld\u0131.<\/p>\n<p>G\u00fcneydo\u011fu Gazeteciler Cemiyeti\u2019nde bir araya gelen Halklar\u0131n Demokrasi Partisi (HDP), Demokratik B\u00f6lgeler Partisi (DBP), \u00d6zg\u00fcrl\u00fck ve Sosyalizm Partisi (\u00d6SP), K\u00fcrdistan Demokrat Partisi\u2013Bakur (PDK), K\u00fcrdistan Demokrat Partisi-T\u00fcrkiye (PDK-T), K\u00fcrdistan Sosyalist Partisi (PSK), K\u00fcrdistan \u00d6zg\u00fcrl\u00fck Partisi (PAK), \u0130nsan ve \u00d6zg\u00fcrl\u00fck Partisi ile Azad\u00ee Hareketi temsilcileri, K\u00fcrt dilinin geli\u015ftirilmesi, resmi dil olmas\u0131 ve okullarda \u00f6\u011fretilmesi amac\u0131yla yap\u0131lan a\u00e7\u0131klamayla ortak bir platform kurdu.<\/p>\n<p><img loading=\"lazy\" decoding=\"async\" src=\"http:\/\/www.basnews.com\/images\/2jgfjf.jpg\" alt=\"\" width=\"750\" height=\"500\" \/><\/p>\n<p><strong><b>\u2018Bug\u00fcn dilimiz yar\u0131n milletimiz yok olacak\u2019<\/b><\/strong><\/p>\n<p>9 K\u00fcrt partisinden yap\u0131lan ortak a\u00e7\u0131klamada, asimilasyona kar\u015f\u0131 birlikte ses vermek i\u00e7in partilerin biraraya geldikleri vurguland\u0131. E\u011fitim hayat\u0131ndan ekonomik ve sosyal hayata kadar her alanda T\u00fcrk\u00e7enin dayat\u0131ld\u0131\u011f\u0131 kaydedilen a\u00e7\u0131klamada, \u201cT\u00fcrk rejiminin 100 y\u0131ll\u0131k \u0131rk\u00e7\u0131 siyaseti oldu\u011funu te\u015fhir etmek ve halk\u0131m\u0131z\u0131 ayd\u0131nlatmak i\u00e7in bir araday\u0131z\u201d ifadeleri yer ald\u0131.<\/p>\n<p>Ortak a\u00e7\u0131klamada \u015fu bilgiler yer ald\u0131: \u201cBizler, \u2018Bug\u00fcn dilimiz yar\u0131n milletimiz yok olacak\u2019 \u015feklinde y\u00fczle\u015fti\u011fimiz derin ve kanayan yaram\u0131z\u0131 birlikte nas\u0131l sarabiliriz sorusuna yan\u0131t bulabilmek i\u00e7in bir araday\u0131z. Siyasal, sivil kurumlar\u0131yla, ayd\u0131n, sanat\u00e7\u0131, melleleriyle ve halk\u0131m\u0131zla dilimiz (Kurmanci, K\u0131rman\u00e7k\u00ee) \u00fczerindeki asimilasyona kar\u015f\u0131 yak\u0131n ve uzun vadede yapacaklar\u0131m\u0131z\u0131n belirlenmesi i\u00e7in bir araday\u0131z.\u201d<\/p>\n<p><img loading=\"lazy\" decoding=\"async\" src=\"http:\/\/www.basnews.com\/images\/3jfg.jpg\" alt=\"\" width=\"750\" height=\"500\" \/><\/p>\n<p><strong><b>\u201cSosyal kanser asimilasyona kar\u015f\u0131&#8230;\u201d<\/b><\/strong><\/p>\n<p>Evde, sokakta, dolmu\u015fta, otob\u00fcste, hastanede <strong>Kurd\u00ee (Kurmanc\u00ee, K\u0131rman\u00e7k\u00ee)<\/strong> konu\u015farak halk\u0131 konu\u015fmaya \u00e7a\u011f\u0131rmak i\u00e7in ortakla\u015ft\u0131klar\u0131n\u0131n alt\u0131 \u00e7izilen a\u00e7\u0131klamada, \u015fu ifadeler yer ald\u0131: \u201cBizler, dil konusunda uzman olan kurum ve \u015fahsiyetlerimizin bir araya gelip yarat\u0131c\u0131, kapsay\u0131c\u0131, uzun soluklu g\u00f6r\u00fc\u015f-\u00f6neri-projelerle ortak sinerji yaratmalar\u0131na zemin haz\u0131rlamada destek olmak istedik. Bizler, televizyon, radyo, gazete gibi kurumlar\u0131, ayd\u0131n ve yazarlar\u0131m\u0131z\u0131 bu kanayan yaram\u0131zda ortak bir \u00e7a\u011fr\u0131yla dikkatlerini yo\u011funla\u015ft\u0131rmak ve \u00f6zel programlarla, yaz\u0131nsal faaliyetle kampanyaya katk\u0131da bulunmaya \u00e7a\u011f\u0131rmak istedik. Sosyal kanser asimilasyona kar\u015f\u0131 halk\u0131m\u0131z\u0131n feryad\u0131n\u0131 ba\u015fta Birle\u015fmi\u015f Milletler UNESCO olmak \u00fczere d\u00fcnya kamuoyuna duyurmak i\u00e7in T\u00fcrkiye kamuoyunu ve vicdan sahibi herkesi hareket ettirmek i\u00e7in bir araya geldik. Bizler t\u00fcm bunlarla, sivil ve siyasal kadrolar\u0131m\u0131z ve en \u00f6nemlisi halk\u0131m\u0131zla demokratik k\u00fclt\u00fcr\u00fcn ve ulusal ittifak\u0131n iklimini g\u00fc\u00e7lendirmeye katk\u0131da bulunabilmek i\u00e7in bir araday\u0131z. Bu ad\u0131m\u0131n bu y\u00f6nde at\u0131lm\u0131\u015f son de\u011fil, ba\u015flang\u0131\u00e7 ad\u0131m\u0131 olmas\u0131n\u0131 diliyoruz ve bunun i\u00e7in \u00e7abalayaca\u011f\u0131z.\u201d<\/p>\n<\/div>\n<div class=\"clr\"><\/div>\n<div class=\"itemLinks\"><strong>BasNews<\/strong><\/div>\n<div class=\"clr\"><\/div>\n<div class=\"clr\"><\/div>\n<\/div>\n<div class=\"itemContentFooter\"><\/div>\n","protected":false},"excerpt":{"rendered":"<p>Diyarbak\u0131r\u2019da 9 K\u00fcrt partisi, K\u00fcrt dilinin geli\u015ftirilmesi, resmi dil olmas\u0131 ve okullarda \u00f6\u011fretilmesi amac\u0131yla ortak bir platform kurdu. K\u00fcrt partilerinden yap\u0131lan ortak a\u00e7\u0131klamada, asimilasyona kar\u015f\u0131 m\u00fccadele \u00e7a\u011fr\u0131s\u0131 yap\u0131ld\u0131. G\u00fcneydo\u011fu Gazeteciler Cemiyeti\u2019nde bir araya gelen Halklar\u0131n Demokrasi Partisi (HDP), Demokratik B\u00f6lgeler Partisi (DBP), \u00d6zg\u00fcrl\u00fck ve Sosyalizm Partisi (\u00d6SP), K\u00fcrdistan Demokrat Partisi\u2013Bakur (PDK), K\u00fcrdistan Demokrat Partisi-T\u00fcrkiye (PDK-T), &hellip;<\/p>\n","protected":false},"author":32,"featured_media":21319,"comment_status":"open","ping_status":"open","sticky":false,"template":"","format":"standard","meta":{"footnotes":""},"categories":[23],"tags":[17],"class_list":["post-21318","post","type-post","status-publish","format-standard","has-post-thumbnail","","category-egitim","tag-slide"],"_links":{"self":[{"href":"https:\/\/candname.com\/tr\/index.php?rest_route=\/wp\/v2\/posts\/21318","targetHints":{"allow":["GET"]}}],"collection":[{"href":"https:\/\/candname.com\/tr\/index.php?rest_route=\/wp\/v2\/posts"}],"about":[{"href":"https:\/\/candname.com\/tr\/index.php?rest_route=\/wp\/v2\/types\/post"}],"author":[{"embeddable":true,"href":"https:\/\/candname.com\/tr\/index.php?rest_route=\/wp\/v2\/users\/32"}],"replies":[{"embeddable":true,"href":"https:\/\/candname.com\/tr\/index.php?rest_route=%2Fwp%2Fv2%2Fcomments&post=21318"}],"version-history":[{"count":0,"href":"https:\/\/candname.com\/tr\/index.php?rest_route=\/wp\/v2\/posts\/21318\/revisions"}],"wp:featuredmedia":[{"embeddable":true,"href":"https:\/\/candname.com\/tr\/index.php?rest_route=\/wp\/v2\/media\/21319"}],"wp:attachment":[{"href":"https:\/\/candname.com\/tr\/index.php?rest_route=%2Fwp%2Fv2%2Fmedia&parent=21318"}],"wp:term":[{"taxonomy":"category","embeddable":true,"href":"https:\/\/candname.com\/tr\/index.php?rest_route=%2Fwp%2Fv2%2Fcategories&post=21318"},{"taxonomy":"post_tag","embeddable":true,"href":"https:\/\/candname.com\/tr\/index.php?rest_route=%2Fwp%2Fv2%2Ftags&post=21318"}],"curies":[{"name":"wp","href":"https:\/\/api.w.org\/{rel}","templated":true}]}}