{"id":21284,"date":"2018-10-18T22:50:21","date_gmt":"2018-10-18T19:50:21","guid":{"rendered":"http:\/\/candname.com\/tr\/?p=21284"},"modified":"2021-02-20T13:58:19","modified_gmt":"2021-02-20T10:58:19","slug":"ankarada-kurtce-dil-atolyesi","status":"publish","type":"post","link":"https:\/\/candname.com\/tr\/?p=21284","title":{"rendered":"Ankara&#8217;da K\u00fcrt\u00e7e Dil At\u00f6lyesi"},"content":{"rendered":"<p>Ankara&#8217;n\u0131n merkezinde k\u0131z\u0131layda hizmet veren Destar Cafe s\u00fcrekli yapt\u0131\u011f\u0131 k\u00fclt\u00fcrel etkinliklerle \u00f6n plana \u00e7\u0131k\u0131yor.<\/p>\n<p>Cafe yetkilileri ellerinden gelen t\u00fcm gayreti g\u00f6stererek Ankarada K\u00fcrt k\u00fclt\u00fcr\u00fc ve edebiyat\u0131 i\u00e7in bir platform olama gayretinde. Cafe, konserler, Yazar okur bulu\u015fmalar\u0131, \u015eevb\u00fcherkler, konferanslar, k\u00fcrt\u00e7e dergi ve kitap temini ba\u015fta olmak \u00fczere bir \u00e7ok etkinli\u011fin merkezi konumunda. Destar Cafe de\u011fi\u015fik alanlarda kurslarda verme gayretinde, \u015fimdi ise ankarada K\u00fcrt\u00e7eyi bilmeyen yada K\u00fcrt\u00e7esini geli\u015ftirmek isteyenler i\u00e7in bir kurs a\u00e7makta.<\/p>\n<p>Bu noktada Ankara&#8217;da ikamet edip K\u0131z\u0131laya e\u011fitim g\u00f6rmek i\u00e7in bir bahanesi olmayan K\u00fcrt\u00e7e \u00f6\u011frenmek isteyen yada K\u00fcrt\u00e7esini geli\u015ftirmek isteyen herkesi beklemekteler.<\/p>\n<p><img loading=\"lazy\" decoding=\"async\" class=\"size-full aligncenter\" src=\"https:\/\/scontent.fsaw1-7.fna.fbcdn.net\/v\/t1.0-9\/44380827_330890020824449_834929015138549760_n.jpg?_nc_cat=104&amp;_nc_ht=scontent.fsaw1-7.fna&amp;oh=6648e80b1d9d08bf70ebeae05a4f2ce6&amp;oe=5C557EEA\" width=\"742\" height=\"960\" \/><\/p>\n","protected":false},"excerpt":{"rendered":"<p>Ankara&#8217;n\u0131n merkezinde k\u0131z\u0131layda hizmet veren Destar Cafe s\u00fcrekli yapt\u0131\u011f\u0131 k\u00fclt\u00fcrel etkinliklerle \u00f6n plana \u00e7\u0131k\u0131yor. Cafe yetkilileri ellerinden gelen t\u00fcm gayreti g\u00f6stererek Ankarada K\u00fcrt k\u00fclt\u00fcr\u00fc ve edebiyat\u0131 i\u00e7in bir platform olama gayretinde. Cafe, konserler, Yazar okur bulu\u015fmalar\u0131, \u015eevb\u00fcherkler, konferanslar, k\u00fcrt\u00e7e dergi ve kitap temini ba\u015fta olmak \u00fczere bir \u00e7ok etkinli\u011fin merkezi konumunda. Destar Cafe de\u011fi\u015fik alanlarda &hellip;<\/p>\n","protected":false},"author":2,"featured_media":21287,"comment_status":"open","ping_status":"open","sticky":false,"template":"","format":"standard","meta":{"footnotes":""},"categories":[3],"tags":[231,5445,5446,5209,5447,5448,137,141,4733],"class_list":["post-21284","post","type-post","status-publish","format-standard","has-post-thumbnail","","category-haber","tag-ankara","tag-destar-cafe","tag-destar-kitap-ve-cafe","tag-egitim","tag-haber","tag-kizilay","tag-kurt","tag-kurtce","tag-kurtce-kurs"],"_links":{"self":[{"href":"https:\/\/candname.com\/tr\/index.php?rest_route=\/wp\/v2\/posts\/21284","targetHints":{"allow":["GET"]}}],"collection":[{"href":"https:\/\/candname.com\/tr\/index.php?rest_route=\/wp\/v2\/posts"}],"about":[{"href":"https:\/\/candname.com\/tr\/index.php?rest_route=\/wp\/v2\/types\/post"}],"author":[{"embeddable":true,"href":"https:\/\/candname.com\/tr\/index.php?rest_route=\/wp\/v2\/users\/2"}],"replies":[{"embeddable":true,"href":"https:\/\/candname.com\/tr\/index.php?rest_route=%2Fwp%2Fv2%2Fcomments&post=21284"}],"version-history":[{"count":0,"href":"https:\/\/candname.com\/tr\/index.php?rest_route=\/wp\/v2\/posts\/21284\/revisions"}],"wp:featuredmedia":[{"embeddable":true,"href":"https:\/\/candname.com\/tr\/index.php?rest_route=\/wp\/v2\/media\/21287"}],"wp:attachment":[{"href":"https:\/\/candname.com\/tr\/index.php?rest_route=%2Fwp%2Fv2%2Fmedia&parent=21284"}],"wp:term":[{"taxonomy":"category","embeddable":true,"href":"https:\/\/candname.com\/tr\/index.php?rest_route=%2Fwp%2Fv2%2Fcategories&post=21284"},{"taxonomy":"post_tag","embeddable":true,"href":"https:\/\/candname.com\/tr\/index.php?rest_route=%2Fwp%2Fv2%2Ftags&post=21284"}],"curies":[{"name":"wp","href":"https:\/\/api.w.org\/{rel}","templated":true}]}}