{"id":21154,"date":"2015-12-15T08:56:32","date_gmt":"2015-12-15T06:56:32","guid":{"rendered":"http:\/\/candname.com\/tr\/?p=21154"},"modified":"2021-02-20T13:58:20","modified_gmt":"2021-02-20T10:58:20","slug":"biz-anadoluya-geldigimizde-kurtler-vardi","status":"publish","type":"post","link":"https:\/\/candname.com\/tr\/?p=21154","title":{"rendered":"Biz Anadolu\u2019ya Geldi\u011fimizde K\u00fcrtler Vard\u0131"},"content":{"rendered":"<p>\u201cT\u00fcrk Tarih Kurumu\u201d nihayet Tarih\u2019ten haberdar olmaya m\u0131 ba\u015flad\u0131; 90 y\u0131ld\u0131r Tarihi ara\u015ft\u0131rmaktan ziyade K\u00fcrt ulusu\u2019nu inkar etme ile u\u011fra\u015fan, Anadolu ve Kurdistan\u2019da ya\u015fam\u0131\u015f b\u00fct\u00fcn k\u00fclt\u00fcrleri \u201ct\u00fcrk sayan, tarihin kurgulanmas\u0131ndaki etkin unsur olan \u201cT\u00fcrk Tarih Kurumu\u201d \u015fimdi B\u00f6lge\u2019nin yerli halk\u0131n\u0131n K\u00fcrtler oldu\u011funu, T\u00fcrklerin B\u00f6lge\u2019ye d\u0131\u015far\u0131dan geldi\u011fini kabul etmeye ba\u015fl\u0131yor.<\/p>\n<p>Yeni fark\u0131na vard\u0131klar\u0131 hakikat \u0131\u015f\u0131\u011f\u0131nda \u201cT\u00fcrk Tarih Kurumu\u201d K\u00fcrtler ve T\u00fcrklerin tarihi ili\u015fkileri \u00fczerine konferans d\u00fczenleyecek.<\/p>\n<p>Bug\u00fcn gazetesinden Seda \u015eim\u015fek\u2019e konu\u015fan Metin H\u00fclag\u00fc K\u00fcrtlerle ilgili, \u201cAnadolu\u2019ya geldi\u011fimizde K\u00fcrtler de bu co\u011frafyada vard\u0131, yani ayn\u0131 zamanda T\u00fcrk tarihinin bir par\u00e7as\u0131d\u0131rlar, d\u0131\u015flaman\u0131n anlam\u0131 yok\u201d ifadelerini kulland\u0131.<\/p>\n<p>\u2018<strong>K\u00dcRT GER\u00c7E\u011e\u0130N\u0130 \u0130NKAR ETMEN\u0130N ANLAMI YOK\u2019<\/strong><\/p>\n<p>Ocak ay\u0131nda \u201cTarihte T\u00fcrkler ve K\u00fcrtler\u201d adl\u0131 bir sempozyum d\u00fczenleyeceklerini belirten H\u00fclag\u00fc, \u201cBaz\u0131 \u015feyleri d\u00fcn g\u00f6rmemi\u015f, g\u00f6rmezlikten gelmi\u015f olabiliriz ama baz\u0131 vakalar\u0131 da ink\u00e2r edemeyiz. Bir T\u00fcrk ger\u00e7e\u011fi varsa bir K\u00fcrt ger\u00e7e\u011fi de var, bunu ink\u00e2r etmenin anlam\u0131 yok. 1071\u2019de Anadolu\u2019ya geldi\u011fimiz zaman burada K\u00fcrtler de vard\u0131. T\u00fcrk ve K\u00fcrt tarihine bakt\u0131\u011f\u0131m\u0131z zaman \u00e7ok fazla ortak noktalar\u0131m\u0131z var. Milli M\u00fccadele\u2019de, \u00c7anakkale\u2019de birlikteli\u011fimiz var. Ulus devlet olunca, di\u011fer uluslar\u0131 biraz d\u0131\u015flam\u0131\u015f\u0131z. Belki \u015fartlar \u00f6yle gerektirmi\u015fti.\u201ddedi.<\/p>\n<p><strong>\u2018K\u00dcRT VARSA, TAR\u0130H\u0130 DE VARDIR\u2019<\/strong><\/p>\n<p>H\u00fclag\u00fc, \u201cSizce bir K\u00fcrt tarihi var m\u0131d\u0131r?\u201d sorusuna ise, \u201cK\u00fcrt tarihi tabii ki var. Yani K\u00fcrt varsa tarihi de vard\u0131r, ama azd\u0131r ama \u00e7oktur, ama zay\u0131ft\u0131r ama zengindir o ayr\u0131 bir \u015fey. Anadolu\u2019ya geldi\u011fimizde, burada K\u00fcrtler varsa bir K\u00fcrt tarihi de var demektir.\u201d\u015fekline cevap verdi.<\/p>\n<p style=\"text-align: right;\"><em>Bitlisname<\/em><\/p>\n","protected":false},"excerpt":{"rendered":"<p>\u201cT\u00fcrk Tarih Kurumu\u201d nihayet Tarih\u2019ten haberdar olmaya m\u0131 ba\u015flad\u0131; 90 y\u0131ld\u0131r Tarihi ara\u015ft\u0131rmaktan ziyade K\u00fcrt ulusu\u2019nu inkar etme ile u\u011fra\u015fan, Anadolu ve Kurdistan\u2019da ya\u015fam\u0131\u015f b\u00fct\u00fcn k\u00fclt\u00fcrleri \u201ct\u00fcrk sayan, tarihin kurgulanmas\u0131ndaki etkin unsur olan \u201cT\u00fcrk Tarih Kurumu\u201d \u015fimdi B\u00f6lge\u2019nin yerli halk\u0131n\u0131n K\u00fcrtler oldu\u011funu, T\u00fcrklerin B\u00f6lge\u2019ye d\u0131\u015far\u0131dan geldi\u011fini kabul etmeye ba\u015fl\u0131yor. Yeni fark\u0131na vard\u0131klar\u0131 hakikat \u0131\u015f\u0131\u011f\u0131nda \u201cT\u00fcrk &hellip;<\/p>\n","protected":false},"author":2,"featured_media":21155,"comment_status":"open","ping_status":"open","sticky":false,"template":"","format":"standard","meta":{"footnotes":""},"categories":[3],"tags":[2219,5424,5423],"class_list":["post-21154","post","type-post","status-publish","format-standard","has-post-thumbnail","","category-haber","tag-bitlisname","tag-metin-hulagu","tag-turk-tarih-kurumu"],"_links":{"self":[{"href":"https:\/\/candname.com\/tr\/index.php?rest_route=\/wp\/v2\/posts\/21154","targetHints":{"allow":["GET"]}}],"collection":[{"href":"https:\/\/candname.com\/tr\/index.php?rest_route=\/wp\/v2\/posts"}],"about":[{"href":"https:\/\/candname.com\/tr\/index.php?rest_route=\/wp\/v2\/types\/post"}],"author":[{"embeddable":true,"href":"https:\/\/candname.com\/tr\/index.php?rest_route=\/wp\/v2\/users\/2"}],"replies":[{"embeddable":true,"href":"https:\/\/candname.com\/tr\/index.php?rest_route=%2Fwp%2Fv2%2Fcomments&post=21154"}],"version-history":[{"count":0,"href":"https:\/\/candname.com\/tr\/index.php?rest_route=\/wp\/v2\/posts\/21154\/revisions"}],"wp:featuredmedia":[{"embeddable":true,"href":"https:\/\/candname.com\/tr\/index.php?rest_route=\/wp\/v2\/media\/21155"}],"wp:attachment":[{"href":"https:\/\/candname.com\/tr\/index.php?rest_route=%2Fwp%2Fv2%2Fmedia&parent=21154"}],"wp:term":[{"taxonomy":"category","embeddable":true,"href":"https:\/\/candname.com\/tr\/index.php?rest_route=%2Fwp%2Fv2%2Fcategories&post=21154"},{"taxonomy":"post_tag","embeddable":true,"href":"https:\/\/candname.com\/tr\/index.php?rest_route=%2Fwp%2Fv2%2Ftags&post=21154"}],"curies":[{"name":"wp","href":"https:\/\/api.w.org\/{rel}","templated":true}]}}