{"id":21086,"date":"2018-10-15T00:18:05","date_gmt":"2018-10-14T21:18:05","guid":{"rendered":"http:\/\/candname.com\/tr\/?p=21086"},"modified":"2018-10-15T00:23:34","modified_gmt":"2018-10-14T21:23:34","slug":"kurt-sinemasinda-ticari-endise","status":"publish","type":"post","link":"https:\/\/candname.com\/tr\/?p=21086","title":{"rendered":"K\u00fcrt sinemas\u0131nda ticari endi\u015fe"},"content":{"rendered":"<p>K\u00fcrt sinema sekt\u00f6r\u00fcne yeterli ra\u011fbet g\u00f6sterilmemesi ticari endi\u015feye neden oluyor.<\/p>\n<p>3\u2019\u00fcnc\u00fc Uluslararas\u0131 S\u00fcleymaniye Film Festivali\u2019nin be\u015finci g\u00fcn\u00fcnde birka\u00e7 K\u00fcrt\u00e7e film de g\u00f6sterime girdi. Ancak K\u00fcrt sinemac\u0131lar sineman\u0131n bir gelir kayna\u011f\u0131 olmad\u0131\u011f\u0131ndan \u015fikayet\u00e7i.<\/p>\n<p>Ekonomi B\u00f6l\u00fcm\u00fc Akademisyeni Neberd Kerim, \u201cSinema sekt\u00f6r\u00fc hareketli bir gelire sahip. Ancak b\u00f6lge ve co\u011frafyaya g\u00f6re de\u011fi\u015fiyor. \u00d6rnek olarak Erbil ve S\u00fcleymaniye\u2019deki izleyici say\u0131s\u0131 farkl\u0131. K\u00fcrdistan, Arap \u00fclkeleri ya da geli\u015fmi\u015f \u00fclkelerdeki izleyici farkl\u0131d\u0131r. Sinema sekt\u00f6r\u00fcndeki gelir yap\u0131 sekt\u00f6r\u00fcndeki gelirden daha h\u0131zl\u0131d\u0131r\u201d dedi.<\/p>\n<p>Yasalar\u0131n film gelirlerinin artmas\u0131nda \u00f6nemli bir etkisi var.<\/p>\n<p>26 y\u0131ld\u0131r Hollanda\u2019da y\u00f6netmenlik yapan Ekrem Selim, \u201c23 y\u0131ld\u0131r sanattan gelir elde ediyorum. Ancak Hollanda\u2019n\u0131n yasalar\u0131 bize yard\u0131mc\u0131 oluyor. Hollanda\u2019da yasalara g\u00f6re sinema eserleri kopyalanam\u0131yor ve telif hakk\u0131 ciddi bir \u015fekilde korunuyor\u201d ifadelerini kulland\u0131.<\/p>\n<p>Sinema sekt\u00f6r\u00fcndeki bir\u00e7ok yabanc\u0131 yat\u0131r\u0131mc\u0131 kat\u0131ld\u0131\u011f\u0131 i\u00e7in 3\u2019\u00fcnc\u00fc Uluslararas\u0131 S\u00fcleymaniye Film Festivali y\u00fcksek kalitedeki filmler i\u00e7in iyi bir \u015fans oldu. Sadece d\u00fcnyadaki k\u0131sa filmlerin sunumunu yapan Amerikan Short TV\u2019de festivalde aralar\u0131nda K\u00fcrt\u00e7e filmlerin de oldu\u011fu baz\u0131 filmlerin telif hakk\u0131n\u0131 almak istiyor.<\/p>\n<p>Amerikan Short TV dan\u0131\u015fman\u0131 Linda Olchaski, \u201cFilmlerin pazarlanabilmesi ve m\u00fc\u015fteri \u00e7ekmesi i\u00e7in uluslararas\u0131 standartlara sahip olmas\u0131 gerekir. Hangi dilde yap\u0131lm\u0131\u015f olmas\u0131 \u00f6nemli de\u011fil. \u00d6nemli olan d\u00fcnya standartlar\u0131nda bir tarza sahip olmas\u0131 ve d\u00fcnyada herkes taraf\u0131ndan kabul edilebilecek e\u015fsiz bir g\u00fczell<\/p>\n","protected":false},"excerpt":{"rendered":"<p>K\u00fcrt sinema sekt\u00f6r\u00fcne yeterli ra\u011fbet g\u00f6sterilmemesi ticari endi\u015feye neden oluyor. 3\u2019\u00fcnc\u00fc Uluslararas\u0131 S\u00fcleymaniye Film Festivali\u2019nin be\u015finci g\u00fcn\u00fcnde birka\u00e7 K\u00fcrt\u00e7e film de g\u00f6sterime girdi. Ancak K\u00fcrt sinemac\u0131lar sineman\u0131n bir gelir kayna\u011f\u0131 olmad\u0131\u011f\u0131ndan \u015fikayet\u00e7i. Ekonomi B\u00f6l\u00fcm\u00fc Akademisyeni Neberd Kerim, \u201cSinema sekt\u00f6r\u00fc hareketli bir gelire sahip. Ancak b\u00f6lge ve co\u011frafyaya g\u00f6re de\u011fi\u015fiyor. \u00d6rnek olarak Erbil ve S\u00fcleymaniye\u2019deki izleyici &hellip;<\/p>\n","protected":false},"author":53,"featured_media":21090,"comment_status":"closed","ping_status":"closed","sticky":false,"template":"","format":"standard","meta":{"footnotes":""},"categories":[3,107],"tags":[5403,5401,5404,1616,3189,5405,889,5402],"class_list":["post-21086","post","type-post","status-publish","format-standard","has-post-thumbnail","","category-haber","category-sinema","tag-ekrem-selim","tag-kurt-sinemasi","tag-linda-olchaski","tag-manset","tag-rudaw","tag-short-tv","tag-sinema","tag-uluslararasi-suleymaniye-film-festivali"],"_links":{"self":[{"href":"https:\/\/candname.com\/tr\/index.php?rest_route=\/wp\/v2\/posts\/21086","targetHints":{"allow":["GET"]}}],"collection":[{"href":"https:\/\/candname.com\/tr\/index.php?rest_route=\/wp\/v2\/posts"}],"about":[{"href":"https:\/\/candname.com\/tr\/index.php?rest_route=\/wp\/v2\/types\/post"}],"author":[{"embeddable":true,"href":"https:\/\/candname.com\/tr\/index.php?rest_route=\/wp\/v2\/users\/53"}],"replies":[{"embeddable":true,"href":"https:\/\/candname.com\/tr\/index.php?rest_route=%2Fwp%2Fv2%2Fcomments&post=21086"}],"version-history":[{"count":0,"href":"https:\/\/candname.com\/tr\/index.php?rest_route=\/wp\/v2\/posts\/21086\/revisions"}],"wp:featuredmedia":[{"embeddable":true,"href":"https:\/\/candname.com\/tr\/index.php?rest_route=\/wp\/v2\/media\/21090"}],"wp:attachment":[{"href":"https:\/\/candname.com\/tr\/index.php?rest_route=%2Fwp%2Fv2%2Fmedia&parent=21086"}],"wp:term":[{"taxonomy":"category","embeddable":true,"href":"https:\/\/candname.com\/tr\/index.php?rest_route=%2Fwp%2Fv2%2Fcategories&post=21086"},{"taxonomy":"post_tag","embeddable":true,"href":"https:\/\/candname.com\/tr\/index.php?rest_route=%2Fwp%2Fv2%2Ftags&post=21086"}],"curies":[{"name":"wp","href":"https:\/\/api.w.org\/{rel}","templated":true}]}}