{"id":21052,"date":"2018-10-12T01:06:36","date_gmt":"2018-10-11T22:06:36","guid":{"rendered":"http:\/\/candname.com\/tr\/?p=21052"},"modified":"2021-02-20T13:58:19","modified_gmt":"2021-02-20T10:58:19","slug":"yarsan-kurtleri-kitabi-cikti","status":"publish","type":"post","link":"https:\/\/candname.com\/tr\/?p=21052","title":{"rendered":"&#8216;Yarsan K\u00fcrtleri Tarih-Mitoloji&#8217; kitab\u0131 \u00e7\u0131kt\u0131"},"content":{"rendered":"<p>Ara\u015ft\u0131rmac\u0131 &#8211; Yazar \u015eahab Vali\u2019nin \u201cYarsan K\u00fcrtleri Tarih-Mitoloji\u201d adl\u0131 kitab\u0131 Avesta yay\u0131nlar\u0131ndan \u00e7\u0131kt\u0131.<\/p>\n<p>\u015eahab Vali\u2019nin Frans\u0131zca yazd\u0131\u011f\u0131 \u201cYarsan K\u00fcrtleri\u201d kitab\u0131, Sevda Orak Re\u015fito\u011flu taraf\u0131ndan K\u00fcrt\u00e7eye \u00e7evrildi. 464 sayfadan olu\u015fan kitap Avesta yay\u0131nlar\u0131 taraf\u0131ndan yay\u0131mland\u0131.<\/p>\n<p>Yazar Vali, kitab\u0131n K\u00fcrt\u00e7e \u00e7evirisinin \u00f6ns\u00f6z\u00fcnde, \u201cKaynaklar\u0131m\u0131z\u0131n \u00e7o\u011fu daha \u00f6nce yay\u0131mlanmam\u0131\u015f el yaz\u0131lar\u0131yd\u0131. 1988 y\u0131l\u0131nda Goran b\u00f6lgesinde toplamaya ba\u015flad\u0131\u011f\u0131m\u0131z kaynak \u00e7al\u0131\u015fmas\u0131 2008 y\u0131l\u0131nda tamamland\u0131\u201d dedi.<\/p>\n<p>Kitab\u0131n 2011 y\u0131l\u0131nda Frans\u0131zca yay\u0131mland\u0131\u011f\u0131n\u0131 belirten Vali, K\u00fcrt k\u00fclt\u00fcr\u00fc i\u00e7in bir temel olarak kabul edilebilecek kaynaklar\u0131n ilk kez akademik bir \u00e7al\u0131\u015fma olarak sunuldu\u011funu ifade etti.<\/p>\n<p>Vali ayr\u0131ca, okuyucu kitlesi farkl\u0131 oldu\u011fu i\u00e7in kitab\u0131n K\u00fcrt\u00e7e bas\u0131m\u0131 ile Frans\u0131zcas\u0131 aras\u0131nda farkl\u0131lkar oldu\u011funu kaydetti.<\/p>\n<p>Yazar \u015eahab Vali, kitab\u0131nda Yarsan K\u00fcrtlerinin inac\u0131n\u0131 tarihi ve mitolojik a\u00e7\u0131dan analiz ediyor.<\/p>\n<p style=\"text-align: right;\"><em>R\u00fbdaw<\/em><\/p>\n","protected":false},"excerpt":{"rendered":"<p>Ara\u015ft\u0131rmac\u0131 &#8211; Yazar \u015eahab Vali\u2019nin \u201cYarsan K\u00fcrtleri Tarih-Mitoloji\u201d adl\u0131 kitab\u0131 Avesta yay\u0131nlar\u0131ndan \u00e7\u0131kt\u0131. \u015eahab Vali\u2019nin Frans\u0131zca yazd\u0131\u011f\u0131 \u201cYarsan K\u00fcrtleri\u201d kitab\u0131, Sevda Orak Re\u015fito\u011flu taraf\u0131ndan K\u00fcrt\u00e7eye \u00e7evrildi. 464 sayfadan olu\u015fan kitap Avesta yay\u0131nlar\u0131 taraf\u0131ndan yay\u0131mland\u0131. Yazar Vali, kitab\u0131n K\u00fcrt\u00e7e \u00e7evirisinin \u00f6ns\u00f6z\u00fcnde, \u201cKaynaklar\u0131m\u0131z\u0131n \u00e7o\u011fu daha \u00f6nce yay\u0131mlanmam\u0131\u015f el yaz\u0131lar\u0131yd\u0131. 1988 y\u0131l\u0131nda Goran b\u00f6lgesinde toplamaya ba\u015flad\u0131\u011f\u0131m\u0131z kaynak \u00e7al\u0131\u015fmas\u0131 &hellip;<\/p>\n","protected":false},"author":2,"featured_media":21058,"comment_status":"open","ping_status":"open","sticky":false,"template":"","format":"standard","meta":{"footnotes":""},"categories":[3,1746],"tags":[1616,3189,5395,5397,5398,5394,5396],"class_list":["post-21052","post","type-post","status-publish","format-standard","has-post-thumbnail","","category-haber","category-kitapcilik","tag-manset","tag-rudaw","tag-sahab-vali","tag-sevda-orak-resitoglu","tag-yarsan-kurtleri","tag-yarsan-kurtleri-tarih-mitoloji","tag-yarsan-yarsan-kurtleri"],"_links":{"self":[{"href":"https:\/\/candname.com\/tr\/index.php?rest_route=\/wp\/v2\/posts\/21052","targetHints":{"allow":["GET"]}}],"collection":[{"href":"https:\/\/candname.com\/tr\/index.php?rest_route=\/wp\/v2\/posts"}],"about":[{"href":"https:\/\/candname.com\/tr\/index.php?rest_route=\/wp\/v2\/types\/post"}],"author":[{"embeddable":true,"href":"https:\/\/candname.com\/tr\/index.php?rest_route=\/wp\/v2\/users\/2"}],"replies":[{"embeddable":true,"href":"https:\/\/candname.com\/tr\/index.php?rest_route=%2Fwp%2Fv2%2Fcomments&post=21052"}],"version-history":[{"count":0,"href":"https:\/\/candname.com\/tr\/index.php?rest_route=\/wp\/v2\/posts\/21052\/revisions"}],"wp:featuredmedia":[{"embeddable":true,"href":"https:\/\/candname.com\/tr\/index.php?rest_route=\/wp\/v2\/media\/21058"}],"wp:attachment":[{"href":"https:\/\/candname.com\/tr\/index.php?rest_route=%2Fwp%2Fv2%2Fmedia&parent=21052"}],"wp:term":[{"taxonomy":"category","embeddable":true,"href":"https:\/\/candname.com\/tr\/index.php?rest_route=%2Fwp%2Fv2%2Fcategories&post=21052"},{"taxonomy":"post_tag","embeddable":true,"href":"https:\/\/candname.com\/tr\/index.php?rest_route=%2Fwp%2Fv2%2Ftags&post=21052"}],"curies":[{"name":"wp","href":"https:\/\/api.w.org\/{rel}","templated":true}]}}