{"id":21046,"date":"2018-10-12T00:55:31","date_gmt":"2018-10-11T21:55:31","guid":{"rendered":"http:\/\/candname.com\/tr\/?p=21046"},"modified":"2021-02-20T13:58:19","modified_gmt":"2021-02-20T10:58:19","slug":"kurt-fotografciya-abdden-odul","status":"publish","type":"post","link":"https:\/\/candname.com\/tr\/?p=21046","title":{"rendered":"K\u00fcrt foto\u011fraf\u00e7\u0131ya ABD\u2019den \u00f6d\u00fcl"},"content":{"rendered":"<p>K\u00fcrdistanl\u0131 foto\u011fraf\u00e7\u0131 Rewend Cewad, Washington merkezli Ortado\u011fu Enstit\u00fcs\u00fc\u2019n\u00fcn \u00f6zel \u00f6d\u00fcl\u00fcn\u00fc kazand\u0131.<\/p>\n<p>K\u00fcrt foto\u011fraf\u00e7\u0131 Rewend Cewad Ortado\u011fu Enstit\u00fcs\u00fc\u2019n\u00fcn d\u00fczenledi\u011fi foto\u011fraf yar\u0131\u015fmas\u0131na K\u00fcrdistan B\u00f6lgesi\u2019ndeki kamplarda kalan Ezidi g\u00f6\u00e7zedelerin ya\u015fam\u0131n\u0131 konu alan d\u00f6rt foto\u011fraf ile kat\u0131ld\u0131.<\/p>\n<p>Cewad, <em>\u201cOrtado\u011fu Enstit\u00fcs\u00fc iki g\u00fcn \u00f6nce yar\u0131\u015fmada \u00fc\u00e7\u00fcnc\u00fcl\u00fck \u00f6d\u00fcl\u00fc kazand\u0131\u011f\u0131ma dair bir mail g\u00f6nderdi\u201d<\/em> dedi.<\/p>\n<p>Enstit\u00fcn\u00fcn kendisini ABD\u2019ye davet etti\u011fini belirten Cewad, 7 Kas\u0131m\u2019da foto\u011fraf sergisi ile birlikte \u00f6d\u00fcl t\u00f6reni d\u00fczenlenece\u011fini ifade etti.<\/p>\n<p>1986 y\u0131l\u0131nda Erbil\u2019de do\u011fan Rewend Cewad, Almanya\u2019da ya\u015f\u0131yor. \u015eu ana kadar Almanya\u2019da 7 foto\u011fraf sergisi a\u00e7an Cewad, \u00f6n\u00fcm\u00fczdeki hafta Almanya\u2019n\u0131n Waukesha kentinde en b\u00fcy\u00fck sergisini a\u00e7acak.<\/p>\n<p>Daha \u00f6nceleri sanat gazetecili\u011fi yapan Cewad, 2009 y\u0131l\u0131nda foto\u011fraf\u00e7\u0131l\u0131k yapmaya ba\u015flam\u0131\u015f.<\/p>\n<p style=\"text-align: right;\"><em>R\u00fbdaw<\/em><\/p>\n","protected":false},"excerpt":{"rendered":"<p>K\u00fcrdistanl\u0131 foto\u011fraf\u00e7\u0131 Rewend Cewad, Washington merkezli Ortado\u011fu Enstit\u00fcs\u00fc\u2019n\u00fcn \u00f6zel \u00f6d\u00fcl\u00fcn\u00fc kazand\u0131. K\u00fcrt foto\u011fraf\u00e7\u0131 Rewend Cewad Ortado\u011fu Enstit\u00fcs\u00fc\u2019n\u00fcn d\u00fczenledi\u011fi foto\u011fraf yar\u0131\u015fmas\u0131na K\u00fcrdistan B\u00f6lgesi\u2019ndeki kamplarda kalan Ezidi g\u00f6\u00e7zedelerin ya\u015fam\u0131n\u0131 konu alan d\u00f6rt foto\u011fraf ile kat\u0131ld\u0131. Cewad, \u201cOrtado\u011fu Enstit\u00fcs\u00fc iki g\u00fcn \u00f6nce yar\u0131\u015fmada \u00fc\u00e7\u00fcnc\u00fcl\u00fck \u00f6d\u00fcl\u00fc kazand\u0131\u011f\u0131ma dair bir mail g\u00f6nderdi\u201d dedi. Enstit\u00fcn\u00fcn kendisini ABD\u2019ye davet etti\u011fini belirten Cewad, &hellip;<\/p>\n","protected":false},"author":2,"featured_media":21048,"comment_status":"open","ping_status":"open","sticky":false,"template":"","format":"standard","meta":{"footnotes":""},"categories":[3],"tags":[1616,5392,5393,5391],"class_list":["post-21046","post","type-post","status-publish","format-standard","has-post-thumbnail","","category-haber","tag-manset","tag-odul","tag-ortadogu-enstitusu","tag-rewend-cewad"],"_links":{"self":[{"href":"https:\/\/candname.com\/tr\/index.php?rest_route=\/wp\/v2\/posts\/21046","targetHints":{"allow":["GET"]}}],"collection":[{"href":"https:\/\/candname.com\/tr\/index.php?rest_route=\/wp\/v2\/posts"}],"about":[{"href":"https:\/\/candname.com\/tr\/index.php?rest_route=\/wp\/v2\/types\/post"}],"author":[{"embeddable":true,"href":"https:\/\/candname.com\/tr\/index.php?rest_route=\/wp\/v2\/users\/2"}],"replies":[{"embeddable":true,"href":"https:\/\/candname.com\/tr\/index.php?rest_route=%2Fwp%2Fv2%2Fcomments&post=21046"}],"version-history":[{"count":0,"href":"https:\/\/candname.com\/tr\/index.php?rest_route=\/wp\/v2\/posts\/21046\/revisions"}],"wp:featuredmedia":[{"embeddable":true,"href":"https:\/\/candname.com\/tr\/index.php?rest_route=\/wp\/v2\/media\/21048"}],"wp:attachment":[{"href":"https:\/\/candname.com\/tr\/index.php?rest_route=%2Fwp%2Fv2%2Fmedia&parent=21046"}],"wp:term":[{"taxonomy":"category","embeddable":true,"href":"https:\/\/candname.com\/tr\/index.php?rest_route=%2Fwp%2Fv2%2Fcategories&post=21046"},{"taxonomy":"post_tag","embeddable":true,"href":"https:\/\/candname.com\/tr\/index.php?rest_route=%2Fwp%2Fv2%2Ftags&post=21046"}],"curies":[{"name":"wp","href":"https:\/\/api.w.org\/{rel}","templated":true}]}}