{"id":21036,"date":"2018-10-12T00:40:09","date_gmt":"2018-10-11T21:40:09","guid":{"rendered":"http:\/\/candname.com\/tr\/?p=21036"},"modified":"2021-02-20T13:58:19","modified_gmt":"2021-02-20T10:58:19","slug":"kurdistan-tarihiyle-ilgili-3-kitaba-yasak-getirildi","status":"publish","type":"post","link":"https:\/\/candname.com\/tr\/?p=21036","title":{"rendered":"K\u00fcrdistan tarihiyle ilgili 3 kitaba yasak getirildi"},"content":{"rendered":"<p>T\u00fcrkiye\u2019de daha \u00f6nce yasaklanan K\u00fcrdistan tarihi kitaplar\u0131na yenileri eklendi.<\/p>\n<p>\u00c7ukurca Sulh ve Ceza Hakimli\u011fi, Avesta Yay\u0131nlar\u0131 taraf\u0131ndan bas\u0131lan \u00fc\u00e7 kitab\u0131 yasaklad\u0131.<\/p>\n<p>Chris Kutschera\u2019n\u0131n K\u00fcrt Ulusal Hareketi, Abdurrahman Qasimlo\u2019nun K\u00fcrtler ve K\u00fcrdistan ve Cel\u00eel\u00ea Cel\u00eel\u2019in 1880 K\u00fcrt Ayaklanmas\u0131 \u015eeyh Ubeydullah Nehri kitaplar\u0131 yasakland\u0131.<\/p>\n<p>Kararda <em>\u201cKitaplar\u0131n halk\u0131 kin ve d\u00fc\u015fmanl\u0131\u011fa tahrik su\u00e7u kapsam\u0131nda de\u011ferlendirmesi ile ileride telafisi m\u00fcmk\u00fcn olmayacak zararlar meydana gelebilece\u011finden bas\u0131m\u0131, \u00e7o\u011falt\u0131lmas\u0131, da\u011f\u0131t\u0131m ve sat\u0131\u015f\u0131n\u0131n yasaklanmas\u0131, mevcut kopyalar\u0131n\u0131n toplat\u0131lmas\u0131na\u201d<\/em> karar verildi\u011fi ifade edildi.<\/p>\n<p><strong>Yasaklanan kitaplar \u015f\u00f6yle:<\/strong><\/p>\n<ul>\n<li><em>K\u00fcrt Ulusal Hareketi<\/em>, Chris Kutschera, Frans\u0131zcadan \u00c7eviren: Fikret Ba\u015fkaya, 2001<\/li>\n<li><em>K\u00fcrtler ve K\u00fcrdistan<\/em>, Abdurrahman Qasimlo, \u0130ngilizceden \u00c7eviren: \u0130brahim Bing\u00f6l, 2009<\/li>\n<li><em>1880 K\u00fcrt Ayaklanmas\u0131 \u015eeyh Ubeydullah Nehri<\/em>, Cel\u00eel\u00ea Cel\u00eel, Rus\u00e7adan \u00c7eviren: Ya\u015far Abd\u00fclselamo\u011flu, 2014<\/li>\n<\/ul>\n<p>Ayr\u0131ca <em>K\u00fcrt Ara\u015ft\u0131rmalar\u0131 Merkezi<\/em> taraf\u0131ndan haz\u0131rlanan ve <em>Avesta Yay\u0131nlar\u0131<\/em>\u2019ndan \u00e7\u0131kan \u201cK\u00fcrdistan Tarihi\u201d kitab\u0131, Temmuz ay\u0131nda yasaklanm\u0131\u015ft\u0131.<\/p>\n<p>\u201cK\u00fcrdistan Tarihi\u201d isimli kitab\u0131n ilk bask\u0131s\u0131, 2001\u2019de \u0130stanbul Devlet G\u00fcvenlik Mahkemesi (DGM) taraf\u0131ndan toplat\u0131lm\u0131\u015f, yap\u0131lan yarg\u0131lamada yay\u0131nevine para ve hapis cezas\u0131 verilmi\u015fti.<\/p>\n<p>\u0130stanbul Cumhuriyet Ba\u015fsavc\u0131l\u0131\u011f\u0131 da <em>Avesta Yay\u0131nlar\u0131<\/em>\u2019n\u0131n 10 kitab\u0131 hakk\u0131nda da bilgi istemi\u015fti.<\/p>\n<p style=\"text-align: right;\"><em>K24<\/em><\/p>\n","protected":false},"excerpt":{"rendered":"<p>T\u00fcrkiye\u2019de daha \u00f6nce yasaklanan K\u00fcrdistan tarihi kitaplar\u0131na yenileri eklendi. \u00c7ukurca Sulh ve Ceza Hakimli\u011fi, Avesta Yay\u0131nlar\u0131 taraf\u0131ndan bas\u0131lan \u00fc\u00e7 kitab\u0131 yasaklad\u0131. Chris Kutschera\u2019n\u0131n K\u00fcrt Ulusal Hareketi, Abdurrahman Qasimlo\u2019nun K\u00fcrtler ve K\u00fcrdistan ve Cel\u00eel\u00ea Cel\u00eel\u2019in 1880 K\u00fcrt Ayaklanmas\u0131 \u015eeyh Ubeydullah Nehri kitaplar\u0131 yasakland\u0131. Kararda \u201cKitaplar\u0131n halk\u0131 kin ve d\u00fc\u015fmanl\u0131\u011fa tahrik su\u00e7u kapsam\u0131nda de\u011ferlendirmesi ile ileride telafisi &hellip;<\/p>\n","protected":false},"author":2,"featured_media":21037,"comment_status":"open","ping_status":"open","sticky":false,"template":"","format":"standard","meta":{"footnotes":""},"categories":[3,1746,5357],"tags":[5379,5385,5376,4163,5386,5387,5384,92,5381,5380,5377,5378,1616,5383,5382,4319],"class_list":["post-21036","post","type-post","status-publish","format-standard","has-post-thumbnail","","category-haber","category-kitapcilik","category-yayincilik","tag-1880-kurt-ayaklanmasi-seyh-ubeydullah-nehri","tag-abdurrahman-qasimlo","tag-avesta-yayinlari","tag-celile-celil","tag-chris-kutschera","tag-fikret-baskaya","tag-ibrahim-bingol","tag-kitap","tag-kurdistan-tarihi","tag-kurt-arastirmalari-merkezi","tag-kurt-ulusal-hareketi","tag-kurtler-ve-kurdistan","tag-manset","tag-toplatilma","tag-yasak","tag-yasar-abdulselamoglu"],"_links":{"self":[{"href":"https:\/\/candname.com\/tr\/index.php?rest_route=\/wp\/v2\/posts\/21036","targetHints":{"allow":["GET"]}}],"collection":[{"href":"https:\/\/candname.com\/tr\/index.php?rest_route=\/wp\/v2\/posts"}],"about":[{"href":"https:\/\/candname.com\/tr\/index.php?rest_route=\/wp\/v2\/types\/post"}],"author":[{"embeddable":true,"href":"https:\/\/candname.com\/tr\/index.php?rest_route=\/wp\/v2\/users\/2"}],"replies":[{"embeddable":true,"href":"https:\/\/candname.com\/tr\/index.php?rest_route=%2Fwp%2Fv2%2Fcomments&post=21036"}],"version-history":[{"count":0,"href":"https:\/\/candname.com\/tr\/index.php?rest_route=\/wp\/v2\/posts\/21036\/revisions"}],"wp:featuredmedia":[{"embeddable":true,"href":"https:\/\/candname.com\/tr\/index.php?rest_route=\/wp\/v2\/media\/21037"}],"wp:attachment":[{"href":"https:\/\/candname.com\/tr\/index.php?rest_route=%2Fwp%2Fv2%2Fmedia&parent=21036"}],"wp:term":[{"taxonomy":"category","embeddable":true,"href":"https:\/\/candname.com\/tr\/index.php?rest_route=%2Fwp%2Fv2%2Fcategories&post=21036"},{"taxonomy":"post_tag","embeddable":true,"href":"https:\/\/candname.com\/tr\/index.php?rest_route=%2Fwp%2Fv2%2Ftags&post=21036"}],"curies":[{"name":"wp","href":"https:\/\/api.w.org\/{rel}","templated":true}]}}