{"id":2090,"date":"2015-12-08T05:20:34","date_gmt":"2015-12-08T03:20:34","guid":{"rendered":"http:\/\/candname.com\/?p=2090"},"modified":"2016-03-18T08:23:41","modified_gmt":"2016-03-18T06:23:41","slug":"kurt-tarihi-21-sayi-cikti","status":"publish","type":"post","link":"https:\/\/candname.com\/tr\/?p=2090","title":{"rendered":"K\u00fcrt Tarihi 21. Say\u0131 \u00c7\u0131kt\u0131"},"content":{"rendered":"<p><b><strong>21.SAYI \u0130\u00c7\u0130NDEK\u0130LER<\/strong><\/b><\/p>\n<p>Urfa Tarihine Hayran Bir K\u00fcrt Dr. Selahaddin Rastgeldi (1927-1986)<\/p>\n<p><b><strong>Rohat Alakom<\/strong><\/b><\/p>\n<p><b><strong>CUMHUR\u0130YET K\u00dcRD\u0130STAN\u2019DA<\/strong><\/b><\/p>\n<p><b><strong>Sunu\u015f: Ercan \u00c7a\u011flayan<\/strong><\/b><\/p>\n<p>Cumhuriyet Kurulurken K\u00fcrt Meselesi Asimilasyon Asayi\u015f Medeniyet<\/p>\n<p><b><strong>Mehmet \u00d6. Alkan<\/strong><\/b><\/p>\n<p>Tek Partinin \u201cG\u00f6z\u00fc Ve Kula\u011f\u0131\u201d Umumi M\u00fcfetti\u015flikler<\/p>\n<p><b><strong>Ercan \u00c7a\u011flayan<\/strong><\/b><\/p>\n<p>Dersim\u2019den Tunceli\u2019ye Bir Kolonizasyon Projesi S\u0131d\u0131ka Avar ve Da\u011f \u00c7i\u00e7eklerim<\/p>\n<p><b><strong>Zeynep T\u00fcrky\u0131lmaz<\/strong><\/b><\/p>\n<p>K\u00fcrt Kad\u0131nlar\u0131n\u0131n Tarihinde Bir Sayfa Elaz\u0131\u011f K\u0131z Enstit\u00fcs\u00fc<\/p>\n<p><b><strong>Metin Y\u00fcksel<\/strong><\/b><\/p>\n<p>Bir Asimilasyon Kurumu Yat\u0131l\u0131 \u0130lk\u00f6\u011fretim B\u00f6lge Okullar\u0131<\/p>\n<p><b><strong>Serhat Arslan<\/strong><\/b><br \/>\n<b><strong><br \/>\n<\/strong><\/b>Bir Ba\u015fka A\u00e7\u0131dan \u015eark \u015eimendiferleri<\/p>\n<p><b><strong>Evrim Karaka\u015f<\/strong><\/b><\/p>\n<p>Halkevleri ve K\u00fcrtler Asimilasyon ve T\u00fcrkifikasyon<\/p>\n<p><b><strong>Ercan \u00c7a\u011flayan<\/strong><\/b><\/p>\n<p>Virane K\u0131\u011f\u0131 \u00dczerine<\/p>\n<p><b><strong>Osep Tokat<\/strong><\/b><\/p>\n","protected":false},"excerpt":{"rendered":"<p>21.SAYI \u0130\u00c7\u0130NDEK\u0130LER Urfa Tarihine Hayran Bir K\u00fcrt Dr. Selahaddin Rastgeldi (1927-1986) Rohat Alakom CUMHUR\u0130YET K\u00dcRD\u0130STAN\u2019DA Sunu\u015f: Ercan \u00c7a\u011flayan Cumhuriyet Kurulurken K\u00fcrt Meselesi Asimilasyon Asayi\u015f Medeniyet Mehmet \u00d6. Alkan Tek Partinin \u201cG\u00f6z\u00fc Ve Kula\u011f\u0131\u201d Umumi M\u00fcfetti\u015flikler Ercan \u00c7a\u011flayan Dersim\u2019den Tunceli\u2019ye Bir Kolonizasyon Projesi S\u0131d\u0131ka Avar ve Da\u011f \u00c7i\u00e7eklerim Zeynep T\u00fcrky\u0131lmaz K\u00fcrt Kad\u0131nlar\u0131n\u0131n Tarihinde Bir Sayfa Elaz\u0131\u011f &hellip;<\/p>\n","protected":false},"author":2,"featured_media":0,"comment_status":"open","ping_status":"open","sticky":false,"template":"","format":"standard","meta":{"footnotes":""},"categories":[158],"tags":[723,156,2745,137,468],"class_list":["post-2090","post","type-post","status-publish","format-standard","","category-dergicilik","tag-dergisi","tag-kovar","tag-kovargeri","tag-kurt","tag-tarihi"],"_links":{"self":[{"href":"https:\/\/candname.com\/tr\/index.php?rest_route=\/wp\/v2\/posts\/2090","targetHints":{"allow":["GET"]}}],"collection":[{"href":"https:\/\/candname.com\/tr\/index.php?rest_route=\/wp\/v2\/posts"}],"about":[{"href":"https:\/\/candname.com\/tr\/index.php?rest_route=\/wp\/v2\/types\/post"}],"author":[{"embeddable":true,"href":"https:\/\/candname.com\/tr\/index.php?rest_route=\/wp\/v2\/users\/2"}],"replies":[{"embeddable":true,"href":"https:\/\/candname.com\/tr\/index.php?rest_route=%2Fwp%2Fv2%2Fcomments&post=2090"}],"version-history":[{"count":0,"href":"https:\/\/candname.com\/tr\/index.php?rest_route=\/wp\/v2\/posts\/2090\/revisions"}],"wp:attachment":[{"href":"https:\/\/candname.com\/tr\/index.php?rest_route=%2Fwp%2Fv2%2Fmedia&parent=2090"}],"wp:term":[{"taxonomy":"category","embeddable":true,"href":"https:\/\/candname.com\/tr\/index.php?rest_route=%2Fwp%2Fv2%2Fcategories&post=2090"},{"taxonomy":"post_tag","embeddable":true,"href":"https:\/\/candname.com\/tr\/index.php?rest_route=%2Fwp%2Fv2%2Ftags&post=2090"}],"curies":[{"name":"wp","href":"https:\/\/api.w.org\/{rel}","templated":true}]}}