{"id":2087,"date":"2015-12-08T05:17:06","date_gmt":"2015-12-08T03:17:06","guid":{"rendered":"http:\/\/candname.com\/?p=2087"},"modified":"2018-10-15T02:25:41","modified_gmt":"2018-10-14T23:25:41","slug":"kurt-sorunu-ve-demokratik-cozum-mehmet-bayrak","status":"publish","type":"post","link":"https:\/\/candname.com\/tr\/?p=2087","title":{"rendered":"K\u00fcrt Sorunu ve Demokratik \u00c7\u00f6z\u00fcm-Mehmet Bayrak"},"content":{"rendered":"<p>Resmi T\u00fcrk Tarih ve Politikas\u0131n\u0131n ideolojik Temelleri<br \/>\nLozan Anla\u015fmas\u0131 ve K\u00fcrtler<br \/>\nKemalizm ve K\u00fcrt Sorunu<br \/>\nK\u00fcrt Sorunu ve Militarist \u00c7\u00f6z\u00fcm<br \/>\nS\u00f6m\u00fcrgele\u015ftirilmi\u015f K\u00fcrdistan<br \/>\nK\u00fcrt K\u00fclt\u00fcr\u00fc ve Asimiliasyon Politikalar\u0131<br \/>\nK\u00fcrt Ger\u00e7e\u011fine ve K\u00fclt\u00fcr\u00fcne \u0130li\u015fkin Kimi Belirlemele<br \/>\nK\u00fcrt Sorununun \u00c7\u00f6z\u00fcm\u00fc &#8220;Zor&#8221; ve &#8220;T\u00fcrkle\u015ftirme&#8221; Olamaz<br \/>\nK\u00fcrt Sorunu &#8220;Susurluk&#8221; \u00c7\u0131kmaz\u0131nda<br \/>\nD\u00fc\u015f\u00fcnce \u00d6zg\u00fcrl\u00fc\u011f\u00fc ve K\u00fcrt Sorunu<br \/>\nS\u00fcrg\u00fcndeki K\u00fcrt Ayd\u0131n ve \u00d6rg\u00fctlerinin Diplomatik Giri\u015fimleri<br \/>\nBat\u0131l\u0131la\u015fma ve K\u00fcrtler<br \/>\nK\u00fcrt Sorunu ve Bar\u0131\u015f\u00e7\u0131-Demokratik \u00c7\u00f6z\u00fcm K\u00fcrt Ayd\u0131nlanmas\u0131n\u0131n \u00d6nc\u00fcleri Alb\u00fcm\u00fc<\/p>\n<p><span style=\"color: #ff0000;\">K\u00fcrt Sorunu ve Demokratik \u00c7\u00f6z\u00fcm<\/span><\/p>\n<ul class=\"list-unstyled\">\n<li>Niv\u00eeskar: <a href=\"http:\/\/www.pirtukakurdi.com\/index.php?route=product\/manufacturer\/info&amp;manufacturer_id=1047\">Mehmet Bayrak<\/a><\/li>\n<li>Koda Berhem\u00ea: PX0394<\/li>\n<li>R\u00fbpel : 504<\/li>\n<li>We\u015fanxane : \u00d6z-Ge Yay.<\/li>\n<li>Biha 33,75<\/li>\n<\/ul>\n","protected":false},"excerpt":{"rendered":"<p>Resmi T\u00fcrk Tarih ve Politikas\u0131n\u0131n ideolojik Temelleri Lozan Anla\u015fmas\u0131 ve K\u00fcrtler Kemalizm ve K\u00fcrt Sorunu K\u00fcrt Sorunu ve Militarist \u00c7\u00f6z\u00fcm S\u00f6m\u00fcrgele\u015ftirilmi\u015f K\u00fcrdistan K\u00fcrt K\u00fclt\u00fcr\u00fc ve Asimiliasyon Politikalar\u0131 K\u00fcrt Ger\u00e7e\u011fine ve K\u00fclt\u00fcr\u00fcne \u0130li\u015fkin Kimi Belirlemele K\u00fcrt Sorununun \u00c7\u00f6z\u00fcm\u00fc &#8220;Zor&#8221; ve &#8220;T\u00fcrkle\u015ftirme&#8221; Olamaz K\u00fcrt Sorunu &#8220;Susurluk&#8221; \u00c7\u0131kmaz\u0131nda D\u00fc\u015f\u00fcnce \u00d6zg\u00fcrl\u00fc\u011f\u00fc ve K\u00fcrt Sorunu S\u00fcrg\u00fcndeki K\u00fcrt Ayd\u0131n ve \u00d6rg\u00fctlerinin &hellip;<\/p>\n","protected":false},"author":2,"featured_media":0,"comment_status":"open","ping_status":"open","sticky":false,"template":"","format":"standard","meta":{"footnotes":""},"categories":[1746],"tags":[720,719,717,722,721,718,88,5416],"class_list":["post-2087","post","type-post","status-publish","format-standard","","category-kitapcilik","tag-cozum","tag-kurt-sorunu-ve-demokratik-cozum","tag-mehmet-bayrak","tag-oz-ge","tag-oz-ge-cozum","tag-oz-ge-yayinlari","tag-pirtuk","tag-tanitim"],"_links":{"self":[{"href":"https:\/\/candname.com\/tr\/index.php?rest_route=\/wp\/v2\/posts\/2087","targetHints":{"allow":["GET"]}}],"collection":[{"href":"https:\/\/candname.com\/tr\/index.php?rest_route=\/wp\/v2\/posts"}],"about":[{"href":"https:\/\/candname.com\/tr\/index.php?rest_route=\/wp\/v2\/types\/post"}],"author":[{"embeddable":true,"href":"https:\/\/candname.com\/tr\/index.php?rest_route=\/wp\/v2\/users\/2"}],"replies":[{"embeddable":true,"href":"https:\/\/candname.com\/tr\/index.php?rest_route=%2Fwp%2Fv2%2Fcomments&post=2087"}],"version-history":[{"count":0,"href":"https:\/\/candname.com\/tr\/index.php?rest_route=\/wp\/v2\/posts\/2087\/revisions"}],"wp:attachment":[{"href":"https:\/\/candname.com\/tr\/index.php?rest_route=%2Fwp%2Fv2%2Fmedia&parent=2087"}],"wp:term":[{"taxonomy":"category","embeddable":true,"href":"https:\/\/candname.com\/tr\/index.php?rest_route=%2Fwp%2Fv2%2Fcategories&post=2087"},{"taxonomy":"post_tag","embeddable":true,"href":"https:\/\/candname.com\/tr\/index.php?rest_route=%2Fwp%2Fv2%2Ftags&post=2087"}],"curies":[{"name":"wp","href":"https:\/\/api.w.org\/{rel}","templated":true}]}}