{"id":2002,"date":"2015-12-06T20:51:55","date_gmt":"2015-12-06T18:51:55","guid":{"rendered":"http:\/\/candname.com\/?p=2002"},"modified":"2016-01-26T22:16:33","modified_gmt":"2016-01-26T20:16:33","slug":"ey-kurd-halki-ey-gele-kurdan","status":"publish","type":"post","link":"https:\/\/candname.com\/tr\/?p=2002","title":{"rendered":"Ey Kurd Halk\u0131- Ey Gel\u00ea Kurdan"},"content":{"rendered":"<p id=\"post_message_769397\"><span style=\"color: #000000;\"><span style=\"font-family: tahoma;\"><b><span style=\"color: #ff0000;\">Ey Gel\u00ee Kurdan! <\/span><\/b><\/span><\/span><\/p>\n<p>\u00cett\u00eefaq\u00ea de quwet, \u00eettihad\u00ea de heyat, di birat\u00eey\u00ea de se&#8217;adet, huk\u00fbmet\u00ea de selamet heye.Kapika \u00eettihad\u00ea \u00fb \u015fir\u00eeta muhebbet\u00ea qew\u00ee bigrin, da we ji belay\u00ea xelas ke.<br \/>\nQenc guh\u00ea xwe bidin\u00ea, ez\u00ea ti\u015ftek\u00ee ji we re bib\u00eajim:<\/p>\n<p><span style=\"color: #000000;\"><span style=\"font-family: tahoma;\"><strong>H\u00fbn bizanin ku s\u00ea cewher\u00ea me hene; hifza xwe ji me dixwazin.<\/strong> <\/span><\/span><\/p>\n<p><span style=\"color: #000000;\"><span style=\"font-family: tahoma;\">Yek \u00ceslam\u00eeyet e; ku hezar hezar x\u00fbna \u015feh\u00eedan buhay\u00ea w\u00ea dane.<br \/>\n\u00ca duduyan \u00eensan\u00eeyet e; ku lazime em xwe nezera xelq\u00ea de bi xizmeta &#8216;eql\u00ee, ciwanm\u00earan\u00ee \u00fb \u00eensan\u00eeyet\u00ee xwe n\u00ee\u015fan\u00ee dun\u00ea bidin.<br \/>\n\u00ca sis\u00eeyan mill\u00eeyeta me ye, ku mez\u00eeyet\u00ea da me; \u00ea ber\u00ea ku bi qenc\u00eeya xwe sax in, em bi kar\u00ea xwe, bi hifza mill\u00eeyeta xwe, ruh\u00ea wan qebra wan de \u015fad bikin.<br \/>\n<\/span><\/span><\/p>\n<p><span style=\"color: #000000;\"><span style=\"font-family: tahoma;\"><strong>Pi\u015ft\u00ee w\u00ea, s\u00ea dijmin\u00ea me hene, me xerab dikin:<\/strong><br \/>\nYek feq\u00eert\u00ee ye. \u00c7il hezar hemmal\u00ea \u00cestenbol\u00ea del\u00eel\u00ea w\u00ea ye.<br \/>\n\u00ca duduyan cehalet \u00fb b\u00eaxwendin\u00ee ye; ku hezar ji me da yek &#8220;qazete&#8221; nikarin bixw\u00eenin del\u00eela w\u00ea ye.<br \/>\n\u00ca sis\u00eeyan dijmin\u00ee \u00fb \u00eextilaf e; ku ev &#8216;edawet, quweta me wunda dike, me j\u00ee musteheq\u00ee terb\u00eey\u00ea dike \u00fb huk\u00fbmet j\u00ee ji b\u00ea\u00eensaf\u00eeya xwe zulm li me dikir.<br \/>\n<\/span><\/span><\/p>\n<p><span style=\"color: #000000;\"><span style=\"font-family: tahoma;\">Ku we ev seh kir, bizanin \u00e7ara me ev e; ku em s\u00ea \u015f\u00fbr\u00ea elmas bi dest xwe bigrin, ta ku em hers\u00ea cewher\u00ea xwe ji dest xwe nekin \u00fb hers\u00ea dijmin\u00ea xwe ser xwe rakin.<br \/>\n\u00db \u015f\u00fbr\u00ea &#8216;ewil: Me\u2019r\u00eefet \u00fb xwendin e.<br \/>\n\u00ca duduyan: \u00cettifaq \u00fb muhebbeta mill\u00ee ye.<br \/>\n\u00ca sis\u00eeyan: \u00censan\u00ea bi nefsa xwe \u015fuxla xwe bike \u00fb m\u00eena sef\u00eelan ji qudreta xelk\u00ea(xelq\u00ea) h\u00eav\u00ee neke \u00fb pi\u015fta xwe nedet\u00ea.<br \/>\n<\/span><\/span><\/p>\n<p><span style=\"color: #000000;\"><span style=\"font-family: tahoma;\"><strong><span style=\"color: #ff0000;\">\u00db wes\u00eeyeta pa\u015f\u00ee: <\/span><\/strong><br \/>\n<strong><span style=\"color: #ff0000;\">Xwendin, xwendin, xwendin&#8230; <\/span><\/strong><br \/>\n<strong><span style=\"color: #ff0000;\">Desthevgirtin, desthevgirtin, desthevgirtin&#8230; <\/span><\/strong><\/span><\/span><\/p>\n<p><span style=\"color: #000000;\"><span style=\"font-family: tahoma;\"><strong><span style=\"color: #ff0000;\">Mela Se\u00eed<\/span><\/strong><b><\/b><\/span><\/span><\/p>\n<p>Ev niv\u00eesa Bediuzzeman b\u0131 Kurd\u00ee nivis\u00eeye. Di sala 1908&#8217;an da qezeta Kurt Teawun ve Teraqqi&#8217;y\u00ea de derket\u00eeye.<\/p>\n<p><span style=\"color: #ff0000;\">T\u00dcRK\u00c7ES\u0130<\/span><\/p>\n<p><span style=\"color: #ff0000;\">Bedi\u00fczzaman Mela Saidi K\u00fcrdi\u2019nin Nasihat\u0131<\/span><\/p>\n<p><span style=\"color: #ff0000;\">Ey K\u00fcrt Halk\u0131!<\/span><\/p>\n<p>\u0130ttifakta kuvvet, ittahat\u2019ta hayat, karde\u015flikte saadet, h\u00fck\u00fcmette selamet vard\u0131r. \u0130ttahadin \u00f6rg\u00fcs\u00fcn\u00fc ve muhabbetin \u015feridini (ipini) sa\u011flam (s\u0131k\u0131, g\u00fc\u00e7l\u00fc) tutun ki sizi belalardan korusun, \u0130yi dinleyin size bir \u015fey s\u00f6yleyece\u011fim:<\/p>\n<p>Biliniz ki \u00fc\u00e7 cevherimiz vard\u0131r; kendilerini bizden koruyorlar, Biri \u0130slamiyettir; ki binlerce \u015fehit, kan\u0131yla bedelini \u00f6demi\u015ftir.<\/p>\n<p>\u0130kincisi insaniyettir; ki bu yolda kendimizi ba\u015fkalar\u0131n\u0131n nazar\u0131nda akl\u0131m\u0131zla, kibarl\u0131\u011f\u0131m\u0131zla (d\u00fcr\u00fcstl\u00fc\u011f\u00fcm\u00fczle) ve insaniyetimizle d\u00fcnyaya g\u00f6stermeliyiz.<\/p>\n<p>\u00dc\u00e7\u00fcnc\u00fcs\u00fc mill\u00eeyetimizdir, ki bize meziyet verdi; eskiler ki iyilikleri ile ya\u015f\u0131yorlar, biz \u00e7al\u0131\u015fmalar\u0131m\u0131zla, milliyetimizi korumakla ruhlar\u0131n\u0131 kabirlerinde \u015fad edelim.<\/p>\n<p>Sonras\u0131nda \u00fc\u00e7 d\u00fc\u015fman\u0131m\u0131z vard\u0131r, bizi bozan;<br \/>\nBirincisi yoksulluktur. \u0130stanbul\u2019un k\u0131rk bin hamal\u0131 bunun \u015fahididir.<br \/>\n\u0130kincisi cehalet ve okumamaktad\u0131r; ki bizden bin ki\u015fiden birinin gazete okuyamamas\u0131 bunun delilidir.<br \/>\n\u00dc\u00e7\u00fcnc\u00fcs\u00fc d\u00fc\u015fmanl\u0131k ve \u00eehtilaft\u0131r ki bu mesele kuvvetimizi (g\u00fcc\u00fcm\u00fcz\u00fc) d\u00fc\u015f\u00fcrmektedir (bizden almaktad\u0131r), bizi terbiyeye m\u00fcstehak etmekte ve h\u00fck\u00fcmet te insafs\u0131zl\u0131\u011f\u0131ndan bize z\u00fcl\u00fcm ediyordu.<br \/>\nBunu anlad\u0131ysan\u0131z biliniz ki \u00e7aremiz \u015fudur; \u00fc\u00e7 elmas k\u0131l\u0131c\u0131m\u0131z\u0131 elimize almal\u0131, ta ki \u00fc\u00e7 cevherimizi elimizden b\u0131rakmay\u0131ncaya, \u00fc\u00e7 d\u00fc\u015fman\u0131m\u0131z\u0131 \u00fczerimizden at\u0131ncaya kadar\u2026<br \/>\n\u0130lk k\u0131l\u0131\u00e7: Marifet ve okumakt\u0131r.<br \/>\n\u0130kincisi: \u0130ttifak ve Mill\u00ee muhabbettir.<br \/>\n\u00dc\u00e7\u00fcnc\u00fcs\u00fc; kendi nefsi ile \u00e7al\u0131\u015fanlara ve sefiller gibi ba\u015fkalar\u0131n\u0131n kudretini ummamak ve s\u0131rt\u0131n\u0131 dayamamak..<br \/>\nVe son vasiyet:<br \/>\nOkumak, okumak, okumak\u2026<br \/>\nEl ele vermek, el ele vermek, el ele vermek\u2026<\/p>\n<p>Said Nurs\u00ee<b><\/b><\/p>\n<p>Bu yaz\u0131 Bedi\u00fczzaman taraf\u0131ndan K\u00fcrt\u00e7e olarak kaleme al\u0131nm\u0131\u015ft\u0131r. 1908 y\u0131l\u0131nda K\u00fcrt Teawun ve Teraqqi gazetesinde yay\u0131nlanm\u0131\u015ft\u0131r<\/p>\n<p>https:\/\/www.youtube.com\/watch?v=8Xr6JvrqOxE<\/p>\n","protected":false},"excerpt":{"rendered":"<p>Ey Gel\u00ee Kurdan! \u00cett\u00eefaq\u00ea de quwet, \u00eettihad\u00ea de heyat, di birat\u00eey\u00ea de se&#8217;adet, huk\u00fbmet\u00ea de selamet heye.Kapika \u00eettihad\u00ea \u00fb \u015fir\u00eeta muhebbet\u00ea qew\u00ee bigrin, da we ji belay\u00ea xelas ke. Qenc guh\u00ea xwe bidin\u00ea, ez\u00ea ti\u015ftek\u00ee ji we re bib\u00eajim: H\u00fbn bizanin ku s\u00ea cewher\u00ea me hene; hifza xwe ji me dixwazin. Yek \u00ceslam\u00eeyet e; ku &hellip;<\/p>\n","protected":false},"author":2,"featured_media":0,"comment_status":"open","ping_status":"open","sticky":false,"template":"","format":"standard","meta":{"footnotes":""},"categories":[1,71],"tags":[664,666,663,665,17],"class_list":["post-2002","post","type-post","status-publish","format-standard","","category-inanc","category-video-galerisi","tag-bediuzzaman","tag-dijmine-me","tag-ey-gele-kurdan","tag-feqiri","tag-slide"],"_links":{"self":[{"href":"https:\/\/candname.com\/tr\/index.php?rest_route=\/wp\/v2\/posts\/2002","targetHints":{"allow":["GET"]}}],"collection":[{"href":"https:\/\/candname.com\/tr\/index.php?rest_route=\/wp\/v2\/posts"}],"about":[{"href":"https:\/\/candname.com\/tr\/index.php?rest_route=\/wp\/v2\/types\/post"}],"author":[{"embeddable":true,"href":"https:\/\/candname.com\/tr\/index.php?rest_route=\/wp\/v2\/users\/2"}],"replies":[{"embeddable":true,"href":"https:\/\/candname.com\/tr\/index.php?rest_route=%2Fwp%2Fv2%2Fcomments&post=2002"}],"version-history":[{"count":0,"href":"https:\/\/candname.com\/tr\/index.php?rest_route=\/wp\/v2\/posts\/2002\/revisions"}],"wp:attachment":[{"href":"https:\/\/candname.com\/tr\/index.php?rest_route=%2Fwp%2Fv2%2Fmedia&parent=2002"}],"wp:term":[{"taxonomy":"category","embeddable":true,"href":"https:\/\/candname.com\/tr\/index.php?rest_route=%2Fwp%2Fv2%2Fcategories&post=2002"},{"taxonomy":"post_tag","embeddable":true,"href":"https:\/\/candname.com\/tr\/index.php?rest_route=%2Fwp%2Fv2%2Ftags&post=2002"}],"curies":[{"name":"wp","href":"https:\/\/api.w.org\/{rel}","templated":true}]}}