{"id":19605,"date":"2018-10-10T23:12:16","date_gmt":"2018-10-10T20:12:16","guid":{"rendered":"http:\/\/candname.com\/tr\/?p=19605"},"modified":"2021-02-20T13:58:19","modified_gmt":"2021-02-20T10:58:19","slug":"diyarbakirda-karsilastirmali-edebiyat-gunleri","status":"publish","type":"post","link":"https:\/\/candname.com\/tr\/?p=19605","title":{"rendered":"Diyarbak\u0131r\u2019da Kar\u015f\u0131la\u015ft\u0131rmal\u0131 Edebiyat G\u00fcnleri"},"content":{"rendered":"<p>L\u00ees Yay\u0131nlar\u0131 ve Diyarbak\u0131r Sanat Merkezi (DSM), ilki 2013 y\u0131l\u0131nda ger\u00e7ekle\u015ftirilen Kar\u015f\u0131la\u015ft\u0131rmal\u0131 Edebiyat G\u00fcnleri\u2019nin ikincisine bu y\u0131l 11-21 Ekim tarihlerinde ev sahipli\u011fi yapacak.<\/p>\n<p>Goethe Enstit\u00fcs\u00fc, \u0130sve\u00e7 Ba\u015fkonsoloslu\u011fu, Hollanda Ba\u015fkonsoloslu\u011fu ve Frans\u0131z K\u00fclt\u00fcr Merkezi taraf\u0131ndan Anadolu K\u00fclt\u00fcr ve \u0130stanbul K\u00fclt\u00fcr Sanat Vakf\u0131 i\u015fbirli\u011fiyle hayata ge\u00e7irilen K\u00fclt\u00fcr i\u00e7in Alan projesi \u00e7er\u00e7evesinde desteklenen Kar\u015f\u0131la\u015ft\u0131rmal\u0131 Edebiyat G\u00fcnleri, at\u00f6lyeler, s\u00f6yle\u015filer, okumalardan olu\u015fan ve \u00e7okdillili\u011fi oda\u011f\u0131na alan zengin bir programla okuyucularla bulu\u015fuyor.<\/p>\n<p>Ermenistan\u2019da ya\u015fayan, K\u00fcrt\u00e7enin en uzun soluklu gazetesi Rya Teze\u2019nin yazarlar\u0131ndan \u00caz\u00eed\u00ee K\u00fcrt \u015fair Miraz\u00ea Cemal program\u0131n a\u00e7\u0131l\u0131\u015f gecesi konu\u011fu olarak Diyarbak\u0131r\u2019a geliyor. 12 Ekim Cuma ak\u015fam\u0131 saat 19:00\u2019da Diyarbak\u0131r Ticaret ve Sanayi Odas\u0131\u2019nda ger\u00e7ekle\u015fecek a\u00e7\u0131l\u0131\u015f program\u0131 kapsam\u0131nda Miraz\u00ea Cemal ve Rya Teze gazetesiyle ilgili bir k\u0131sa belgesel \u00e7al\u0131\u015fmas\u0131ndan bir b\u00f6l\u00fcm ilk kez g\u00f6sterilecek. Diyarbak\u0131r, \u00e7evre iller, T\u00fcrkiye, Ermenistan ve Avrupa\u2019dan yazar, \u00e7evirmen ve \u015fairlerin okuyucularla bir araya gelece\u011fi programda M\u0131g\u0131rdi\u00e7 Margosyan\u2019\u0131n 80. do\u011fum y\u0131l\u0131n\u0131 kutlamak \u00fczere bir gece de d\u00fczenlenecek. Program\u0131n bu y\u0131lki onur konu\u011fu ise \u015fair Berken Bereh. K\u00fcrt\u00e7e edebiyat\u0131n g\u00f6r\u00fcn\u00fcrl\u00fc\u011f\u00fcn\u00fc sa\u011flamak amac\u0131yla yola \u00e7\u0131kan Kurd\u00eeLit\u2019in d\u00fczenledi\u011fi \u00e7eviri at\u00f6lyesinde Berken Bereh\u2019in \u015fiirlerinden bir se\u00e7kinin \u0130ngilizce ve Frans\u0131zcaya \u00e7evrilme s\u00fcreci ba\u015flat\u0131l\u0131yor.<\/p>\n<p>Diyarbak\u0131r Mimarlar Odas\u0131 ve E\u011fitim-Sen 1 no\u2019lu \u015fubenin ana mek\u00e2nlar\u0131 aras\u0131nda bulundu\u011fu etkinliklerde K\u00fcrt\u00e7e (Kurmanc\u00ee, K\u0131rmancca), T\u00fcrk\u00e7e, Ermenice, Rumca ve Fars\u00e7a edebiyat ile ilgili yazarlar, \u015fairler, ele\u015ftirmenler ve akademisyenler zengin bir i\u00e7erik kapsam\u0131nda okuyucularla bir araya gelecekler. Yarat\u0131c\u0131 \u00fcretimlerin de ama\u00e7land\u0131\u011f\u0131 program kapsam\u0131nda, yazar Ay\u015feg\u00fcl Devecio\u011flu ile roman at\u00f6lyesi, yazar Melek \u00d6zlem Sezer ile ise \u00f6yk\u00fc at\u00f6lyesi ger\u00e7ekle\u015ftiriliyor. \u00c7ocuk ve gen\u00e7lik edebiyat\u0131, edebiyat ve toplumsal cinsiyet, klasik divanlar aras\u0131nda kar\u015f\u0131la\u015ft\u0131rmal\u0131 bir okuma, K\u0131rmancca alan\u0131nda okumalar ve akademik \u00e7al\u0131\u015fmalar, programda \u00f6ne \u00e7\u0131kan konular aras\u0131nda. Ayr\u0131ca Kar\u015f\u0131la\u015ft\u0131rmal\u0131 Edebiyat G\u00fcnleri, konuk yazarlar\u0131 ve okuyucular\u0131 Amed \u015eehir Tiyatrosu taraf\u0131ndan K\u00fcrt\u00e7e sahnelenen \u201cTartuffe\u201d oyununa davet ediyor.<\/p>\n<p>Diyarbak\u0131r Kar\u015f\u0131la\u015ft\u0131rmal\u0131 Edebiyat G\u00fcnleri 2018 program\u0131, Aras Yay\u0131nc\u0131l\u0131k, Diyarbak\u0131r Okuma Kul\u00fcb\u00fc, Ayr\u0131nt\u0131 Yay\u0131nlar\u0131, \u0130stos Yay\u0131nlar\u0131, Ewro Dergisi, Dilop Dergisi, H\u00eeva Yay\u0131nevi, Mor\u00ee Yay\u0131nevi, Kurd\u00eeLit, Amed \u015eehir Tiyatrosu ile i\u015fbirli\u011fi i\u00e7inde ve Hrant Dink Vakf\u0131, Diyarbak\u0131r Ticaret ve Sanayi Odas\u0131, TMMOB Mimarlar Odas\u0131 Diyarbak\u0131r, E\u011fitim-Sen 1 no\u2019lu \u015fube, Kastal Cafe, Batman Tov Sanat Evi ve Mardin Leylan Cafe Kitap katk\u0131lar\u0131yla ger\u00e7ekle\u015fiyor.<\/p>\n<h3>Program\u0131n tamam\u0131 \u015f\u00f6yle:<\/h3>\n<p><b><img loading=\"lazy\" decoding=\"async\" class=\"alignleft wp-image-12528 size-full\" src=\"http:\/\/www.kulturservisi.com\/wp-content\/uploads\/2018\/10\/43502956_10155942495928683_8310848974315585536_n-1-e1539114865203.png\" alt=\"\" width=\"150\" height=\"200\" \/>12 Ekim 2018\u00a0 <\/b>19.00 A\u00e7\u0131l\u0131\u015f \/ <strong>Yer: Ticaret ve Sanayi Odas\u0131<\/strong> Konferans Salonu<\/p>\n<p><b>13 Ekim 2018 \/ <\/b><strong>Yer: Mimarlar Odas\u0131<\/strong><\/p>\n<p>13.00 \u2013 14.00 \/<b>\u00c7ocuklar, Gen\u00e7ler ve Edebiyat \/ <\/b>Mine Soysal<b> (<\/b><i>Bu konu\u015fman\u0131n dili T\u00fcrk\u00e7edir.)<\/i><\/p>\n<p>14.30 \u2013 16.00 \/ <b>Ermenice Edebiyat\u0131 G\u00f6rmek \/ <\/b>Sevan De\u011firmenciyan, Mehmet Fatih Uslu \/ Moderat\u00f6r: Rober Kopta\u015f (<i>Bu panelin konu\u015fma dili T\u00fcrk\u00e7edir.)<\/i><\/p>\n<p>17.00 \u2013 18.30 \/ <b>Zaman, Mek\u00e2n, Margosyan \/\u00a0 <\/b>G\u00fcrsel Korat, \u015eeyhmus K\u00f6zg\u00fcn, Mehmet \u00c7akmak \/ Moderat\u00f6r: \u015eeyhmus Diken (<i>Bu panelin konu\u015fma dili K\u00fcrt\u00e7e (Kurmanc\u00ee) ve T\u00fcrk\u00e7edir.)<\/i><\/p>\n<p>19.00 \u2013 21.00 \/ <b>Margosyan i\u00e7in S\u00f6yl\u00fcyoruz \/ Yer: Kastal Cafe \/<\/b>M\u0131g\u0131rdi\u00e7 Margosyan, Udi Yervant, \u015eeyhmus Diken, Birsen \u0130nal, Adnan Gerger<\/p>\n<p><b>14 Ekim 2018 \/ <\/b><strong>Yer: Mimarlar Odas\u0131<\/strong><\/p>\n<p>13.00 \u2013 14.00 \/ <b>K\u00fcrt Edebiyat\u0131n\u0131n Anatomisi \/ <\/b>Clemenc\u00e9 Shalbert Y\u00fccel <b>(<\/b><i>Bu konu\u015fman\u0131n dili K\u00fcrt\u00e7e(Kurmanc\u00ee)dir.)<\/i><\/p>\n<p>14:30 \u2013 16:00 \/ <b>Divanlar Aras\u0131: Do\u011fu Edebiyat\u0131\u2019nda Melay\u00ea Ciz\u00eer\u00ee\u00a0 ve Haf\u0131z \u015e\u00eeraz\u00ee \/\u00a0 <\/b>Mehmet Kanar, \u0130lhami Sidar, Zahir Ertekin, Emirhan O\u011fuz \/ Moderat\u00f6r: \u0130lbay Kahraman (<i>Bu panelin konu\u015fma dili K\u00fcrt\u00e7e (Kurmanc\u00ee) ve T\u00fcrk\u00e7edir.)<\/i><\/p>\n<p>17.00 \u2013 18.30 \/ <b>G\u00fcn Bat\u0131m\u0131 ve Edebiyat \/ <\/b>Ay\u015feg\u00fcl Devecio\u011flu, \u00d6mer T\u00fcrke\u015f, Adnan Gerger \/ Moderat\u00f6r: Lal Lale\u015f (<i>Bu panelin konu\u015fma dili K\u00fcrt\u00e7e (Kurmanc\u00ee) ve T\u00fcrk\u00e7edir.)<\/i><\/p>\n<p><b>15 Ekim 2018 \/ Yer: E\u011fitim-Sen 1 no\u2019lu \u015eube<\/b><\/p>\n<p>18.00-19.30 \/ <b>K\u00fcrt\u00e7e \u00c7ocuk Edebiyat\u0131: Deneyimler ve \u0130mk\u00e2nlar \/ <\/b>Mem Bawer, Ulku B\u00eengol, Feridun Birg\u00fcl<b> (<\/b><i>Bu panelin konu\u015fma dili K\u00fcrt\u00e7e (Kurmanc\u00ee)dir. )<\/i><\/p>\n<p><b>16 Ekim 2018 \/ Yer: E\u011fitim-Sen 1 no\u2019lu \u015eube<\/b><\/p>\n<p>18.00-19.30 \/ <b>K\u00fcrt ve T\u00fcrk \u00d6yk\u00fc ve Roman\u0131nda Emek Temas\u0131 \/ <\/b>\u00cesma\u00eel D\u00eendar, Tahir \u015eilkan \/ Moderat\u00f6r: Re\u015fo Ronah\u00ee<b> (<\/b><i>Bu panelin konu\u015fma dili K\u00fcrt\u00e7e (Kurmanc\u00ee) ve T\u00fcrk\u00e7edir.)<\/i><\/p>\n<p><b>17 Ekim 2018<\/b> \/ <b>Yer: E\u011fitim-Sen 1 no\u2019lu \u015eube<\/b><\/p>\n<p>18.00 \/ <b>Edebiyat, Sinema ve S\u00fcrg\u00fcn \/ <\/b>Abdullah Aren \u00c7el\u00eek, Esad \u015eanli \/\u00a0Moderat\u00f6r: Murad Aygun<\/p>\n<p>19.00 \/ <b>K\u0131rmancca (Zazaca) Akademik \u00c7al\u0131\u015fmalar \/\u00a0<\/b>B\u00eelal Z\u00eelan, Veysel Yildizhan \/ Moderat\u00f6r: Abdullah Aren \u00c7el\u00eek (<i>Bu panellerin konu\u015fma dili K\u00fcrt\u00e7e (K\u0131rmancca)d\u0131r.)<\/i><\/p>\n<p><b>20 Ekim 2018 \/ Yer: Mimarlar Odas\u0131<\/b><\/p>\n<p>13.00 \u2013 14.00 \/ <b>Berken Bereh \u015eiirini \u00c7evirmek \/ <\/b>Sam\u00ee H\u00eazil, Kurd\u00eeLit \u00c7eviri At\u00f6lyesi (<i>Bu panelin konu\u015fma dili K\u00fcrt\u00e7e (Kurmanc\u00ee) ve T\u00fcrk\u00e7edir.)<\/i><\/p>\n<p>14.30 \u2013 16.00 \/ <b>Edebiyatta Toplumsal Cinsiyet \/ <\/b>Melek \u00d6zlem Sezer, Fexr\u00eeya Adsay (<i>Bu panelin konu\u015fma dili K\u00fcrt\u00e7e (Kurmanc\u00ee) ve T\u00fcrk\u00e7edir.)<\/i><\/p>\n<p>17:00 \u2013 18:00 \/ <b>Amed \u015eehir Tiyatrosu \/ \u015eiir: Bir Adalet \u00c7a\u011fr\u0131s\u0131 \/ <\/b>Gonca \u00d6zmen<\/p>\n<p>19.00 \/ <b>Amed \u015eehir Tiyatrosu \/ Tartuffe \/\u00a0<\/b>Tek Perdelik Oyun<i> (Oyundan sonra ekiple \u201cTartuffe\u2019u K\u00fcrt\u00e7e Yorumlamak\u201d ba\u015fl\u0131kl\u0131<\/i><b> <\/b><i>bir s\u00f6yle\u015fi ger\u00e7ekle\u015ftirilecektir. Biletler Amed \u015eehir Tiyatrosu\u2019ndan temin edilir.)<\/i><\/p>\n<p><b>21 Ekim 2018 \/ Yer: Mimarlar Odas\u0131<\/b><\/p>\n<p>14.00 \u2013 15.00 \/ <b>Rumca Bavula S\u0131\u011far M\u0131? \/ <\/b>Foti Benlisoy<i> (Bu konu\u015fman\u0131n dili T\u00fcrk\u00e7edir.)<\/i><\/p>\n<p>15.30 \u2013 17.00 \/ <b>Edebiyat\u0131n Adaleti \/ <\/b>Necmiye Alpay, Gonca \u00d6zmen, Murat \u00d6zya\u015far, Dilawer Zeraq (<i>Bu panelin konu\u015fma dili K\u00fcrt\u00e7e (Kurmanc\u00ee) ve T\u00fcrk\u00e7edir.)<\/i><\/p>\n<p>18.00 \/ <b>Kapan\u0131\u015f Konu\u015fmas\u0131 \/ <\/b>Berken Bereh<\/p>\n<p><b>Diyarbak\u0131r Kar\u015f\u0131la\u015ft\u0131rmal\u0131 Edebiyat G\u00fcnleri \/\u00a0<\/b><b>Yaz\u0131 At\u00f6lyeleri \/ <i>Diyarbak\u0131r Okuma Kul\u00fcb\u00fc i\u015fbirli\u011fiyle<\/i><\/b><\/p>\n<p><b>Ay\u015feg\u00fcl Devecio\u011flu\u2019yla Roman At\u00f6lyesi<\/b><\/p>\n<p>Bir g\u00f6r\u00fcnt\u00fcden hik\u00e2ye yaratmak, anlat\u0131n\u0131n kalbini bulmak, hayal g\u00fcc\u00fc ile eme\u011fi birlikte i\u015fe ko\u015fmak ve\u00a0\u00a0yazmaktan keyif almak \u00fczerine bir at\u00f6lye. \/ 11 Ekim 2018, 18:00-21:00 \/ 13-14 Ekim 2018, 10:00-13:00<\/p>\n<p><b>Melek\u00a0\u00d6zlem Sezer\u2019le \u00d6yk\u00fc At\u00f6lyesi<\/b><\/p>\n<p>Bu at\u00f6lye, neden ve ne i\u00e7in anlataca\u011f\u0131n\u0131 se\u00e7mek, yazma motivasyonlar\u0131n\u0131 analiz etmek, do\u011fru anlat\u0131y\u0131 belirlemek, ele\u015ftirinin i\u015flevi \u00fczerine d\u00fc\u015f\u00fcnmek gibi konular \u00fczerinden ilerliyor. At\u00f6lye kapsam\u0131nda, i\u00e7erik analizi \u00e7al\u0131\u015fmas\u0131, \u00f6yk\u00fcn\u00fcn geli\u015ftirilmesine y\u00f6nelik teknikler ve k\u0131sa \u00f6yk\u00fc al\u0131\u015ft\u0131rmalar\u0131 gibi pratik \u00e7al\u0131\u015fmalar yap\u0131lmas\u0131 planlan\u0131yor. \/\u00a019-21 Ekim 2018, 10:00-13:00<\/p>\n<p><b>Kurd\u00eeLit \u00c7eviri At\u00f6lyesi<\/b><\/p>\n<p>Kurd\u00eeLit, 2016 y\u0131l\u0131nda Diyarbak\u0131r Sanat Merkezi, L\u00ees Yay\u0131nlar\u0131 ve Literature Across Frontiers taraf\u0131ndan K\u00fcrt\u00e7e edebiyat\u0131n g\u00f6r\u00fcn\u00fcrl\u00fc\u011f\u00fcn\u00fc sa\u011flamak amac\u0131yla planlanan bir dizi \u00e7al\u0131\u015fman\u0131n ilk ad\u0131m\u0131 olarak hayata ge\u00e7irildi. T\u00fcrkiye\u2019de \u00fcretilen K\u00fcrt\u00e7e edebiyatla ilgili mevcut bilgilerin derlenmesi amac\u0131yla tasarlanan bir web sitesi olarak hayata ge\u00e7irilen Kurd\u00eeLit, T\u00fcrkiye\u2019de K\u00fcrt\u00e7e edebiyat ve yay\u0131nc\u0131l\u0131k alan\u0131nda faaliyet g\u00f6steren yay\u0131nc\u0131lar, yazarlar, \u00e7evirmenler, s\u00fcreli edebiyat yay\u0131nlar\u0131 ile ilgili temel bilgileri bir araya getirmeyi, \u00e7evrimi\u00e7i ortamda ar\u015fivlemeyi ve K\u00fcrt\u00e7e edebiyat \u00fcretiminin uluslararas\u0131 alanda g\u00f6r\u00fcn\u00fcrl\u00fc\u011f\u00fcne katk\u0131 sa\u011flamay\u0131 hedefliyor. Bu kapsamda 2018 Diyarbak\u0131r Kar\u015f\u0131la\u015ft\u0131rmal\u0131 Edebiyat G\u00fcnleri program\u0131 kapsam\u0131nda onur konu\u011fu Berken Bereh\u2019in \u015fiirlerinden olu\u015fan bir se\u00e7kinin \u0130ngilizce ve Frans\u0131zca\u2019ya \u00e7evrilme s\u00fcreci ba\u015flat\u0131l\u0131yor. \u00c7eviri s\u00fcrecinin program s\u00fcresince devam edecek at\u00f6lye k\u0131sm\u0131nda \u0130ngilizceye \u00e7eviri i\u00e7in Sam\u00ee H\u00eazil, Frans\u0131zcaya \u00e7eviri i\u00e7in ise Clemence Shalbet Y\u00fccel \u00e7al\u0131\u015fma y\u00fcr\u00fct\u00fcyor olacak. Program\u0131n ard\u0131ndan farkl\u0131 \u00e7evirmen ve \u015fairlerin kat\u0131l\u0131m\u0131yla \u00e7eviri s\u00fcreci devam edecek.<\/p>\n<p><b>Diyarbak\u0131r Kar\u015f\u0131la\u015ft\u0131rmal\u0131 Edebiyat G\u00fcnleri\u00a0<\/b><b>Batman ve Mardin etkinlikleri<\/b><\/p>\n<p><b><i>Ayr\u0131nt\u0131 Yay\u0131nlar\u0131 i\u015fbirli\u011fiyle \/ <\/i>Batman Etkinli\u011fi \/ <\/b>Melay\u00ea Ciz\u00eer\u00ee\u2019nin\u00a0 Divan\u0131 \/ <b>Moderat\u00f6r <\/b>\u0130lbay Kahraman \/ <b>Kat\u0131l\u0131mc\u0131lar <\/b>\u00celham\u00ee S\u00eedar, Emirhan O\u011fuz \/ <b>Tarih:<\/b> 15.10.2018 \/ <b>Saat:<\/b> 18:30 \/ <b>Yer:<\/b> Tov Sanatevi<\/p>\n<p><b>Mardin Etkinli\u011fi \/ <\/b>Melay\u00ea Ciz\u00eer\u00ee\u2019nin\u00a0 Divan\u0131 \/ <b>Moderat\u00f6r \/ <\/b>\u0130lbay Kahraman \/ <b>Kat\u0131l\u0131mc\u0131lar <\/b>\u00celham\u00ee S\u00eedar, Emirhan O\u011fuz, Deham Ebdulfettah \/ <b>Tarih:<\/b> 16.10.2018 \/ <b>Saat:<\/b> 18:00 \/ <b>Yer:<\/b> Leylan Cafe Kitap<\/p>\n<p>Etkinlikler Tov Sanat Evi ve Leylan Cafe Kitap i\u015fbirli\u011fi ile yap\u0131lacakt\u0131r.<\/p>\n","protected":false},"excerpt":{"rendered":"<p>L\u00ees Yay\u0131nlar\u0131 ve Diyarbak\u0131r Sanat Merkezi (DSM), ilki 2013 y\u0131l\u0131nda ger\u00e7ekle\u015ftirilen Kar\u015f\u0131la\u015ft\u0131rmal\u0131 Edebiyat G\u00fcnleri\u2019nin ikincisine bu y\u0131l 11-21 Ekim tarihlerinde ev sahipli\u011fi yapacak. Goethe Enstit\u00fcs\u00fc, \u0130sve\u00e7 Ba\u015fkonsoloslu\u011fu, Hollanda Ba\u015fkonsoloslu\u011fu ve Frans\u0131z K\u00fclt\u00fcr Merkezi taraf\u0131ndan Anadolu K\u00fclt\u00fcr ve \u0130stanbul K\u00fclt\u00fcr Sanat Vakf\u0131 i\u015fbirli\u011fiyle hayata ge\u00e7irilen K\u00fclt\u00fcr i\u00e7in Alan projesi \u00e7er\u00e7evesinde desteklenen Kar\u015f\u0131la\u015ft\u0131rmal\u0131 Edebiyat G\u00fcnleri, at\u00f6lyeler, s\u00f6yle\u015filer, &hellip;<\/p>\n","protected":false},"author":2,"featured_media":19606,"comment_status":"open","ping_status":"open","sticky":false,"template":"","format":"standard","meta":{"footnotes":""},"categories":[3],"tags":[5353,573,5347,5348,5356,5352,5349,5351,5350,5345,5355,5346,1616,5354],"class_list":["post-19605","post","type-post","status-publish","format-standard","has-post-thumbnail","","category-haber","tag-anadolu-kultur-ve-istanbul-kultur-sanat-vakfi","tag-diyarbakir","tag-diyarbakir-sanat-merkezi","tag-dsm","tag-etkinlik","tag-fransiz-kultur-merkezi","tag-goethe-enstitusu","tag-hollanda-baskonsoloslugu","tag-isvec-baskonsoloslugu","tag-karsilastirmali-edebiyat-gunleri","tag-leylan-cafe-kitap","tag-lis-yayinlari","tag-manset","tag-tov-sanat-evi"],"_links":{"self":[{"href":"https:\/\/candname.com\/tr\/index.php?rest_route=\/wp\/v2\/posts\/19605","targetHints":{"allow":["GET"]}}],"collection":[{"href":"https:\/\/candname.com\/tr\/index.php?rest_route=\/wp\/v2\/posts"}],"about":[{"href":"https:\/\/candname.com\/tr\/index.php?rest_route=\/wp\/v2\/types\/post"}],"author":[{"embeddable":true,"href":"https:\/\/candname.com\/tr\/index.php?rest_route=\/wp\/v2\/users\/2"}],"replies":[{"embeddable":true,"href":"https:\/\/candname.com\/tr\/index.php?rest_route=%2Fwp%2Fv2%2Fcomments&post=19605"}],"version-history":[{"count":0,"href":"https:\/\/candname.com\/tr\/index.php?rest_route=\/wp\/v2\/posts\/19605\/revisions"}],"wp:featuredmedia":[{"embeddable":true,"href":"https:\/\/candname.com\/tr\/index.php?rest_route=\/wp\/v2\/media\/19606"}],"wp:attachment":[{"href":"https:\/\/candname.com\/tr\/index.php?rest_route=%2Fwp%2Fv2%2Fmedia&parent=19605"}],"wp:term":[{"taxonomy":"category","embeddable":true,"href":"https:\/\/candname.com\/tr\/index.php?rest_route=%2Fwp%2Fv2%2Fcategories&post=19605"},{"taxonomy":"post_tag","embeddable":true,"href":"https:\/\/candname.com\/tr\/index.php?rest_route=%2Fwp%2Fv2%2Ftags&post=19605"}],"curies":[{"name":"wp","href":"https:\/\/api.w.org\/{rel}","templated":true}]}}