{"id":19524,"date":"2018-10-10T21:57:53","date_gmt":"2018-10-10T18:57:53","guid":{"rendered":"http:\/\/candname.com\/tr\/?p=19524"},"modified":"2021-02-20T13:58:19","modified_gmt":"2021-02-20T10:58:19","slug":"horasan-kurtleri-turkce-edisyon-22-ekimde-cikiyor","status":"publish","type":"post","link":"https:\/\/candname.com\/tr\/?p=19524","title":{"rendered":"Horasan K\u00fcrtleri (T\u00fcrk\u00e7e edisyon) 22 Ekimde \u00c7\u0131k\u0131yor"},"content":{"rendered":"<p>Ara\u015ft\u0131rmac\u0131 yazar Selim Temo sosyal hesab\u0131 \u00fczerinden yay\u0131nlad\u0131\u011f\u0131 bir payla\u015f\u0131mda <em>&#8220;Horasan K\u00fcrtleri(T\u00fcrk\u00e7e Edisyon) kitab\u0131m\u0131n kapa\u011f\u0131n\u0131 se\u00e7tik. Kitap 22 Ekimden sonra kitap bulunan her yerde olacak. mesudum.&#8221;<\/em> dedi.<\/p>\n<p>Yay\u0131nlanacak olan Horasan K\u00fcrtleri(T\u00fcrk\u00e7e Edisyon) kitab\u0131n\u0131n arka kapak yaz\u0131s\u0131ysa \u015f\u00f6yle olacak:<\/p>\n<blockquote><p>Efsane ile ger\u00e7ek aras\u0131nda bir yank\u0131. Uzun y\u0131llar\u0131n, uzun yollar\u0131n \u00e7ok beklemi\u015f kap\u0131lara \u00e7\u0131kan izi. \u00c7e\u015fitli nedenlerle g\u00fcne\u015fin anavatan\u0131na ve daha \u00f6tesine giden, oradan d\u00f6nen, orada kalan insanlar\u0131n unutulmu\u015f hik\u00e2yesi. Selim Temo\u2019nun kendi ruhuna yapt\u0131\u011f\u0131 yolculukla ba\u015flayan ve y\u00fczlerce a\u015firet ve binlerce ailenin maceras\u0131na ulanan devasa bir tarih ve edebiyat belle\u011fi.<\/p>\n<p>Horasan K\u00fcrtleri Almanca, Arap\u00e7a, Fars\u00e7a, Frans\u0131zca, \u0130ngilizce, \u0130spanyolca, K\u00fcrt\u00e7e (Kurmanc\u00ee, Soran\u00ee, Zazak\u00ee), Rus\u00e7a ve T\u00fcrk\u00e7e kaynaklar\u0131 bir araya getiriyor. Aram\u00ee, Kiril ve Latin harfleriyle yaz\u0131lm\u0131\u015f metinleri bulu\u015fturuyor. Sayfalar\u0131 y\u00fczy\u0131llard\u0131r a\u00e7\u0131lmam\u0131\u015f elyazmalar\u0131n\u0131, dili ve s\u00f6zc\u00fckleri yasaklanm\u0131\u015f \u015fairlerin kara\u015f\u0131n \u015fiir defterlerini, birer g\u00f6lge gibi ya\u015fayan bilgelerin s\u00f6zc\u00fcklerini, \u0131\u015f\u0131kl\u0131 giysileriyle \u0130ran\u2019\u0131n yas rengini bahara \u00e7eviren kad\u0131nlar\u0131n sesini derliyor.<\/p>\n<p>Horasan\u2019da ya\u015fayan K\u00fcrtler oraya neden gittiler? Kimler bu g\u00f6\u00e7e kat\u0131ld\u0131? Neden geri d\u00f6nd\u00fcler? Neden d\u00f6nemeyenler oldu? Bu g\u00f6\u00e7\u00fcn an\u0131lar\u0131 nereye kadar ger\u00e7ek, nereye kadar efsane? Ana k\u0131tadan bu kadar uzak olmaya ve \u00e7e\u015fitli k\u00fclt\u00fcr ve dillerin bask\u0131s\u0131na kar\u015f\u0131n dillerini nas\u0131l koruyabildiler? Toplumsal psikoloji gibi yaz\u0131l\u0131 ve s\u00f6zl\u00fc edebiyat\u0131n da temel temas\u0131 olan \u201cgurbet\u201din nedeni nedir?<\/p>\n<p>Selim Temo\u2019dan okunakl\u0131 bir \u015ferh, b\u00fcy\u00fcl\u00fc bir yolculuk.<\/p><\/blockquote>\n<p><iframe loading=\"lazy\" style=\"border: none; overflow: hidden;\" src=\"https:\/\/www.facebook.com\/plugins\/post.php?href=https%3A%2F%2Fwww.facebook.com%2Fpermalink.php%3Fstory_fbid%3D2054245074634686%26id%3D100001476393970&amp;width=500\" width=\"500\" height=\"684\" frameborder=\"0\" scrolling=\"no\"><\/iframe><\/p>\n","protected":false},"excerpt":{"rendered":"<p>Ara\u015ft\u0131rmac\u0131 yazar Selim Temo sosyal hesab\u0131 \u00fczerinden yay\u0131nlad\u0131\u011f\u0131 bir payla\u015f\u0131mda &#8220;Horasan K\u00fcrtleri(T\u00fcrk\u00e7e Edisyon) kitab\u0131m\u0131n kapa\u011f\u0131n\u0131 se\u00e7tik. Kitap 22 Ekimden sonra kitap bulunan her yerde olacak. mesudum.&#8221; dedi. Yay\u0131nlanacak olan Horasan K\u00fcrtleri(T\u00fcrk\u00e7e Edisyon) kitab\u0131n\u0131n arka kapak yaz\u0131s\u0131ysa \u015f\u00f6yle olacak: Efsane ile ger\u00e7ek aras\u0131nda bir yank\u0131. Uzun y\u0131llar\u0131n, uzun yollar\u0131n \u00e7ok beklemi\u015f kap\u0131lara \u00e7\u0131kan izi. \u00c7e\u015fitli nedenlerle &hellip;<\/p>\n","protected":false},"author":2,"featured_media":19525,"comment_status":"open","ping_status":"open","sticky":false,"template":"","format":"standard","meta":{"footnotes":""},"categories":[1746],"tags":[5338,3817,5339,529,5340,5341,5335,4140,5342,5343,5336,161,141,117,5337,1616,5344,3936,455,847,5416,733,1340,5334,244],"class_list":["post-19524","post","type-post","status-publish","format-standard","has-post-thumbnail","","category-kitapcilik","tag-almanca","tag-arami","tag-arapca","tag-edebiyat","tag-farsca","tag-fransizca","tag-horasan","tag-horasan-kurtleri","tag-ingilizce","tag-ispanyolca","tag-kiril","tag-kurmanci","tag-kurtce","tag-kurtler","tag-latin","tag-manset","tag-rusca","tag-selim-temo","tag-siir","tag-sorani","tag-tanitim","tag-tarih","tag-turkce","tag-turkce-edisyon","tag-zazaki"],"_links":{"self":[{"href":"https:\/\/candname.com\/tr\/index.php?rest_route=\/wp\/v2\/posts\/19524","targetHints":{"allow":["GET"]}}],"collection":[{"href":"https:\/\/candname.com\/tr\/index.php?rest_route=\/wp\/v2\/posts"}],"about":[{"href":"https:\/\/candname.com\/tr\/index.php?rest_route=\/wp\/v2\/types\/post"}],"author":[{"embeddable":true,"href":"https:\/\/candname.com\/tr\/index.php?rest_route=\/wp\/v2\/users\/2"}],"replies":[{"embeddable":true,"href":"https:\/\/candname.com\/tr\/index.php?rest_route=%2Fwp%2Fv2%2Fcomments&post=19524"}],"version-history":[{"count":0,"href":"https:\/\/candname.com\/tr\/index.php?rest_route=\/wp\/v2\/posts\/19524\/revisions"}],"wp:featuredmedia":[{"embeddable":true,"href":"https:\/\/candname.com\/tr\/index.php?rest_route=\/wp\/v2\/media\/19525"}],"wp:attachment":[{"href":"https:\/\/candname.com\/tr\/index.php?rest_route=%2Fwp%2Fv2%2Fmedia&parent=19524"}],"wp:term":[{"taxonomy":"category","embeddable":true,"href":"https:\/\/candname.com\/tr\/index.php?rest_route=%2Fwp%2Fv2%2Fcategories&post=19524"},{"taxonomy":"post_tag","embeddable":true,"href":"https:\/\/candname.com\/tr\/index.php?rest_route=%2Fwp%2Fv2%2Ftags&post=19524"}],"curies":[{"name":"wp","href":"https:\/\/api.w.org\/{rel}","templated":true}]}}