{"id":18326,"date":"2018-07-11T20:00:56","date_gmt":"2018-07-11T17:00:56","guid":{"rendered":"http:\/\/candname.com\/?p=18326"},"modified":"2018-10-15T02:25:38","modified_gmt":"2018-10-14T23:25:38","slug":"nubihardan-yeni-bir-kitap-1925-hareketi-azadi-cemiyeti","status":"publish","type":"post","link":"https:\/\/candname.com\/tr\/?p=18326","title":{"rendered":"N\u00fbbihar&#8217;dan Yeni Bir Kitap: 1925 Hareketi Azadi Cemiyeti"},"content":{"rendered":"<p>1925 Hareketi, meydana geldi\u011finden bug\u00fcne kadar K\u00fcrtler aras\u0131nda s\u00f6zl\u00fc olarak \u00e7ok konu\u015fulmu\u015f, hayatini kaybedenler \u00fczerine a\u011f\u0131tlar yak\u0131lm\u0131\u015f, ya\u015flar\u0131 tutulmu\u015f ve dengb\u00eajlerin olaya ili\u015fkin yakt\u0131\u011f\u0131 a\u011f\u0131tlar dinleyenlerde her zaman bir milli diren\u00e7 ve sahiplenme duygusu birakm\u0131\u015ft\u0131r. K\u00fcrtler aras\u0131nda s\u00f6zl\u00fc olarak \u00e7ok\u00e7a konu\u015fulan bu olay ne yaz\u0131k ki yaz\u0131l\u0131 olarak fazla irdelenmemi\u015ftir.<\/p>\n<p>Ba\u015fkalar\u0131 bu hareketi yazarken de hem keyfi yorumlam\u0131\u015flar hem de milli karakterden uzakla\u015ft\u0131r\u0131p lokal bir ba\u015fkald\u0131r\u0131 olarak lanse etmi\u015flerdir.<\/p>\n<p>\u00d6yle ki Hareketin ismini bile K\u00fcrtler koyamad\u0131. B\u00fct\u00fcn bu \u00e7abalar hadisenin ard\u0131ndaki \u00f6rg\u00fctl\u00fc ve planl\u0131 hareketi \u00f6rtmek i\u00e7indi.<\/p>\n<p>Tahsin Sever, hem s\u00f6zl\u00fc hem de yaz\u0131l\u0131 dok\u00fcmanlardan yola \u00e7\u0131karak \u2018g\u00f6r\u00fcnmez k\u0131l\u0131nanlar\u0131\u2019 bu \u00e7al\u0131\u015fmas\u0131nda ortaya \u00e7\u0131karmaya \u00e7al\u0131\u015f\u0131yor.<\/p>\n<p>(Tan\u0131t\u0131m B\u00fclteninden)<\/p>\n","protected":false},"excerpt":{"rendered":"<p>1925 Hareketi, meydana geldi\u011finden bug\u00fcne kadar K\u00fcrtler aras\u0131nda s\u00f6zl\u00fc olarak \u00e7ok konu\u015fulmu\u015f, hayatini kaybedenler \u00fczerine a\u011f\u0131tlar yak\u0131lm\u0131\u015f, ya\u015flar\u0131 tutulmu\u015f ve dengb\u00eajlerin olaya ili\u015fkin yakt\u0131\u011f\u0131 a\u011f\u0131tlar dinleyenlerde her zaman bir milli diren\u00e7 ve sahiplenme duygusu birakm\u0131\u015ft\u0131r. K\u00fcrtler aras\u0131nda s\u00f6zl\u00fc olarak \u00e7ok\u00e7a konu\u015fulan bu olay ne yaz\u0131k ki yaz\u0131l\u0131 olarak fazla irdelenmemi\u015ftir. Ba\u015fkalar\u0131 bu hareketi yazarken de &hellip;<\/p>\n","protected":false},"author":32,"featured_media":0,"comment_status":"open","ping_status":"open","sticky":false,"template":"","format":"standard","meta":{"footnotes":""},"categories":[1746,299],"tags":[17,5416],"class_list":["post-18326","post","type-post","status-publish","format-standard","","category-kitapcilik","category-turkce","tag-slide","tag-tanitim"],"_links":{"self":[{"href":"https:\/\/candname.com\/tr\/index.php?rest_route=\/wp\/v2\/posts\/18326","targetHints":{"allow":["GET"]}}],"collection":[{"href":"https:\/\/candname.com\/tr\/index.php?rest_route=\/wp\/v2\/posts"}],"about":[{"href":"https:\/\/candname.com\/tr\/index.php?rest_route=\/wp\/v2\/types\/post"}],"author":[{"embeddable":true,"href":"https:\/\/candname.com\/tr\/index.php?rest_route=\/wp\/v2\/users\/32"}],"replies":[{"embeddable":true,"href":"https:\/\/candname.com\/tr\/index.php?rest_route=%2Fwp%2Fv2%2Fcomments&post=18326"}],"version-history":[{"count":0,"href":"https:\/\/candname.com\/tr\/index.php?rest_route=\/wp\/v2\/posts\/18326\/revisions"}],"wp:attachment":[{"href":"https:\/\/candname.com\/tr\/index.php?rest_route=%2Fwp%2Fv2%2Fmedia&parent=18326"}],"wp:term":[{"taxonomy":"category","embeddable":true,"href":"https:\/\/candname.com\/tr\/index.php?rest_route=%2Fwp%2Fv2%2Fcategories&post=18326"},{"taxonomy":"post_tag","embeddable":true,"href":"https:\/\/candname.com\/tr\/index.php?rest_route=%2Fwp%2Fv2%2Ftags&post=18326"}],"curies":[{"name":"wp","href":"https:\/\/api.w.org\/{rel}","templated":true}]}}