{"id":1745,"date":"2015-11-28T01:30:25","date_gmt":"2015-11-27T23:30:25","guid":{"rendered":"http:\/\/candname.com\/?p=1745"},"modified":"2016-01-26T22:17:05","modified_gmt":"2016-01-26T20:17:05","slug":"ilk-zazaca-televizyon-tij-tv-aciliyor","status":"publish","type":"post","link":"https:\/\/candname.com\/tr\/?p=1745","title":{"rendered":"\u0130lk Zazaca Televizyon T\u00ceJ TV A\u00e7\u0131ld\u0131 &#8211; CANLI \u0130ZLE"},"content":{"rendered":"<div class=\"haber-ust\">\n<div class=\"haber-resim-ozet\">\n<div class=\"ozet-arac\">\n<div class=\"ozet\">\n<p>K\u00fcrt\u00e7enin Zazaca leh\u00e7esinde yay\u0131n yapacak olan T\u00ceJ TV \u00e7ok yak\u0131nda \u0130nternet \u00fczerinden yay\u0131n hayat\u0131na ba\u015flayacak. ON\u0130K\u0130 MEDYA YAYIN GURUBU b\u00fcnyesinde kurulacak olan T\u00ceJ TV Zazaca ba\u015fta olmak \u00fczere K\u00fcrt\u00e7enin di\u011fer leh\u00e7elerinde de yay\u0131n yapacak.<\/p>\n<p>G\u00fcn\u00fcm\u00fcz de Zazaca yay\u0131n yapan ulusal ve yerel televizyonlar\u0131n yan\u0131 s\u0131ra \u0130nternet \u00fczerinden de zazaca yay\u0131nlar yapan televizyonlar mevcut. Ancak ilk defa Zazaca isim ile kesintisiz bir \u015fekil de Zazaca yay\u0131n yapacak bir internet televizyonu kuruluyor. <strong>ON\u0130K\u0130 MEDYA YAYIN GURUBU kurucusu ve T\u00ceJ TV Genel Yay\u0131n Y\u00f6netmeni Munzur Elaltunterin T\u00ceJ TV hakk\u0131nda \u015funlar\u0131 s\u00f6yledi.<\/strong><\/p>\n<p>Daha \u00f6nce internet \u00fczerinden yay\u0131n yapan bir televizyon kurmu\u015ftuk. Bu televizyonda Zazaca i\u00e7in fazla yer veremedik ve bunu telafi etmek i\u00e7in. Bir ilke imza atmak istedik. \u00d6ncesinde Zazaca yay\u0131n yapan bir \u00e7ok televizyon kuruldu ancak \u00e7o\u011fu zamanla kapand\u0131. Bizler de bir ilke imza atarak Zazaca da G\u00fcne\u015f anlam\u0131na gelen T\u00ceJ TV yi kurduk. G\u00fcne\u015f sembolik olarak bizler i\u00e7in \u00f6nemli bir de\u011fere sahiptir. Zazaca bildi\u011finiz gibi K\u00fcrt\u00e7enin en eski leh\u00e7elerinden ve \u015fuan yok olmaya y\u00fcz tutan diller aras\u0131nda d\u0131r. Bu konuda bizlerde imkanlar\u0131m\u0131z yetti\u011fince buna m\u00fcsaade etmeyece\u011fiz.<\/p>\n<p>Zazaca co\u011frafyam\u0131zda olduk\u00e7a geni\u015f ve k\u00f6kl\u00fc bir dil oldu\u011fu i\u00e7in y\u00f6resel olarak da farkl\u0131klar g\u00f6stermektedir. \u00d6rne\u011fin bir Bing\u00f6l Zazacas\u0131 ile bir Erzincan Dersim zazacas\u0131 bak\u0131ld\u0131\u011f\u0131 zaman \u00e7ok farkl\u0131 g\u00f6r\u00fcnebiliyor ancak bu tamamen co\u011frafi olarak konu\u015fulan a\u011f\u0131r ile alakal\u0131d\u0131r. Bizler bunun bilincinde oldu\u011fumuz i\u00e7in Zazacay\u0131 bir b\u00fct\u00fcn halinde her b\u00f6lgede nas\u0131l kullan\u0131l\u0131yorsa \u00f6z\u00fcn\u00fc bozmadan izleyiciler ile bulu\u015fturaca\u011f\u0131z. Zazacan\u0131n yan\u0131 s\u0131ra K\u00fcrt\u00e7enin di\u011fer leh\u00e7elerinde de yay\u0131nlar yapaca\u011f\u0131z ama \u00f6nceli\u011fimiz Zazaca olacak.<\/p>\n<p><strong>T\u00ceJ TV NE ZAMAN YAYIN HAYATINA BA\u015eLIYOR.<\/strong><\/p>\n<p>\u015euan i\u00e7in alt yap\u0131 \u00e7al\u0131\u015fmalar\u0131 ba\u015flad\u0131 logomuz haz\u0131rland\u0131 ve \u015fuan yay\u0131n format\u0131m\u0131z da olu\u015fturuldu bir ka\u00e7 g\u00fcn i\u00e7erisinde yay\u0131na ba\u015flayaca\u011f\u0131z. \u0130nternet Televizyonunu \u0130NTERNET \u00dcZER\u0130NDEN www.tijtv.com www.onikimedyaajans.com ve wwww.radyooniki.com\u2019dan izleyebileceksiniz.<\/p>\n<p><iframe loading=\"lazy\" style=\"border: 0; outline: 0;\" src=\"http:\/\/cdn.livestream.com\/embed\/amed21?layout=4&amp;height=340&amp;width=560&amp;autoplay=false\" width=\"660\" height=\"330\" frameborder=\"0\" scrolling=\"no\"><\/iframe><\/p>\n<p>&nbsp;<\/p>\n<\/div>\n<\/div>\n<\/div>\n<\/div>\n","protected":false},"excerpt":{"rendered":"<p>K\u00fcrt\u00e7enin Zazaca leh\u00e7esinde yay\u0131n yapacak olan T\u00ceJ TV \u00e7ok yak\u0131nda \u0130nternet \u00fczerinden yay\u0131n hayat\u0131na ba\u015flayacak. <\/p>\n","protected":false},"author":2,"featured_media":0,"comment_status":"open","ping_status":"open","sticky":false,"template":"","format":"standard","meta":{"footnotes":""},"categories":[107,299],"tags":[562,561,17,560,559],"class_list":["post-1745","post","type-post","status-publish","format-standard","","category-sinema","category-turkce","tag-ilk","tag-kanal","tag-slide","tag-televizyon","tag-zazaca"],"_links":{"self":[{"href":"https:\/\/candname.com\/tr\/index.php?rest_route=\/wp\/v2\/posts\/1745","targetHints":{"allow":["GET"]}}],"collection":[{"href":"https:\/\/candname.com\/tr\/index.php?rest_route=\/wp\/v2\/posts"}],"about":[{"href":"https:\/\/candname.com\/tr\/index.php?rest_route=\/wp\/v2\/types\/post"}],"author":[{"embeddable":true,"href":"https:\/\/candname.com\/tr\/index.php?rest_route=\/wp\/v2\/users\/2"}],"replies":[{"embeddable":true,"href":"https:\/\/candname.com\/tr\/index.php?rest_route=%2Fwp%2Fv2%2Fcomments&post=1745"}],"version-history":[{"count":0,"href":"https:\/\/candname.com\/tr\/index.php?rest_route=\/wp\/v2\/posts\/1745\/revisions"}],"wp:attachment":[{"href":"https:\/\/candname.com\/tr\/index.php?rest_route=%2Fwp%2Fv2%2Fmedia&parent=1745"}],"wp:term":[{"taxonomy":"category","embeddable":true,"href":"https:\/\/candname.com\/tr\/index.php?rest_route=%2Fwp%2Fv2%2Fcategories&post=1745"},{"taxonomy":"post_tag","embeddable":true,"href":"https:\/\/candname.com\/tr\/index.php?rest_route=%2Fwp%2Fv2%2Ftags&post=1745"}],"curies":[{"name":"wp","href":"https:\/\/api.w.org\/{rel}","templated":true}]}}