{"id":17209,"date":"2018-03-08T18:00:11","date_gmt":"2018-03-08T15:00:11","guid":{"rendered":"http:\/\/candname.com\/?p=17209"},"modified":"2018-10-10T23:37:38","modified_gmt":"2018-10-10T20:37:38","slug":"kurd-kadinlari-teali-cemiyeti-nizamnamesi","status":"publish","type":"post","link":"https:\/\/candname.com\/tr\/?p=17209","title":{"rendered":"K\u00fcrd Kad\u0131nlar\u0131 Teali Cemiyeti Niz\u00e2mn\u00e2mesi"},"content":{"rendered":"<p><strong>Madde 1:<\/strong>\u00a0Merkezi \u0130stanbul\u2019da olmak \u00fczere\u00a0<em><strong>K\u00fcrd Kad\u0131nlar\u0131 Te\u00e2li Cemiyeti<\/strong><\/em>\u00a0\u00fcnvan\u0131yla bir mahfil k\u00fc\u015f\u00fbd olunmu\u015fdur.<\/p>\n<p><strong>Madde 2:<\/strong>\u00a0<em>Cemiyetin maksad\u0131:<\/em>\u00a0K\u00fcrd kad\u0131nl\u0131\u011f\u0131n\u0131n asr\u00ee zihniyetle te\u00e2l\u00ee ve inki\u015f\u00e2f\u0131n\u0131 te\u2019min etmek, \u00e2ile hayat\u0131nda es\u00e2s\u00ee, ictima\u2019\u00ee \u0131slah\u00e2t\u0131 istihs\u00e2l eylemek, tehc\u00eer ve taktil m\u00fcn\u00e2sebetiyle sefil bir hale gelen K\u00fcrd eytam ve eramilini i\u015f bulmak ve nakdi muavenet ihz\u00e2r etmek s\u00fbretiyle sef\u00e2letden kurtarmakd\u0131r. [s. 4]\n<p><strong>Maksad\u0131n Suret-i istihsali<\/strong><\/p>\n<p><strong>Madde 3:<\/strong>\u00a0Cemiyet maksad\u0131n\u0131n istihs\u00e2l\u00ee z\u0131mn\u0131nda gazeteler, mecm\u00fcalar, kit\u00e2blar ve risaleler ne\u015fr; \u015fu\u2019beler, m\u00fctalaah\u00e2neler. k\u00fct\u00fcbh\u00e2neler k\u00fc\u015f\u00e2d ile serbest dersler ve konferanslar verecekdir.<\/p>\n<p><strong>Madde 4:<\/strong>\u00a0\u00dc\u00e7\u00fcnc\u00fc maddede ir\u00e2\u2019e edilen ve cemiyet mes\u00e2\u2019\u00eesiyle yap\u0131labilecek te\u015febb\u00fcs\u00e2tdan m\u00e2ada her K\u00fcrd hem\u015fire maksad-\u0131 cemiyeti istihs\u00e2l i\u00e7in zuh\u00fbr edecek f\u0131rsatlardan istif\u00e2de ile l\u00e2z\u0131m gelen telk\u00een\u00e2t\u0131 icr\u00e2 eyleyecekdir. Bu telk\u00een\u00e2t mill\u00ee int\u0131b\u00e2h\u0131 istihd\u00e2f eder.<\/p>\n<p><strong>Madde 5:<\/strong>\u00a0Cemiyet \u00e2z\u00e2s\u0131n\u0131n verdi\u011fi duh\u00fbliye, ma\u00e2\u015f\u00e2t ve her t\u00fcrl\u00fc teberru\u2019at maksad nam\u0131na icr\u00e2 edilmi\u015f te\u015febb\u00fcs\u00e2tdan m\u00fctevellid temettu\u2019 \u00e2z\u00e2n\u0131n faaliyet-i muntazama ve m\u00fctem\u00e2diyesi bu mak\u00e2sidin te\u2019m\u00een ve istihs\u00e2line mevk\u00fbfdur.<\/p>\n<p><strong>\u015eerait-i Duhul<\/strong><\/p>\n<p><strong>Madde 6:<\/strong>\u00a0Haysiyet ve \u015ferefi \u015faibed\u00e2r [s. 5] olmam\u0131\u015f her K\u00fcrd ve K\u00fcrd muhibbesi hem\u015fire bilatefr\u00eek-i cins \u00fc mezheb bu cemiyete d\u00e2hil olabilir.<\/p>\n<p><strong>Madde 7:<\/strong>\u00a0Cemiyete girecek hem\u015fireler duh\u00fbliye olarak yirmi kuru\u015fdan d\u00fbn olmamak ve hadd-\u0131 azam\u00ees\u0131 m\u00e2l\u00ee kudreti ve ictim\u00e2\u2019\u00ee mevkisiyle m\u00fcn\u00e2sib bulunmak \u00fczere muayyen bir mebla\u011f te\u2019diye edeceklerdir.<\/p>\n<p><strong>Madde 8:<\/strong>\u00a0Cemiyet azas\u0131 m\u00f4hive yetmi\u015f kuru\u015fdan d\u00fcn olmamak \u00fczere \u015fehri bir taahh\u00fcdde bulunacakd\u0131r.<\/p>\n<p><strong>Madde 9:<\/strong>\u00a0Cemiyet \u00e2z\u00e2s\u0131 m\u00fcessise, tabi\u2019\u00eeyye olmak \u00fczere iki k\u0131sma ayr\u0131l\u0131r.<\/p>\n<p><strong>Madde 10 -11<\/strong>: Elimizdeki n\u00fcshadan okunamamaktad\u0131r! [s. 6]\n<p><strong>Hey\u2019et-i M\u00fc\u015favere ve id\u00e2re<\/strong><\/p>\n<p><strong>Madde 12:<\/strong>\u00a0M\u00fcessiseler aralar\u0131ndan l\u00fcz\u00fbmu nisbetinde baz\u0131 hem\u015fireleri m\u00fc\u015f\u00e2vere hey\u2019etini te\u015fkil etmek \u00fczere intih\u00e2b ederler.<\/p>\n<p><strong>Madde 13:<\/strong>\u00a0Hey\u2019et-i m\u00fc\u015f\u00e2vere harek\u00e2t-\u0131 cemiyeti bi\u2019l-fiil id\u00e2reye sal\u00e2hiyetd\u00e2r olmamakla beraber cemiyet uru\u00fbr-\u0131 um\u00fbmiyesini m\u00fcrakabe, hey\u2019et-i idareyi tenv\u00eer ve ir\u015f\u00e2d, ic\u00e2b\u0131nda hey\u2019et-i um\u00fbmiyeyi ictima\u2019a da\u2019vet etmek gibi sal\u00e2hiyetleri h\u00e2izdir.<\/p>\n<p><strong>Madde 14:<\/strong>\u00a0Hey\u2019et-i m\u00fc\u015f\u00e2vere mevki-i al\u00eesinde bulunan hem\u015firelerin cemiyete fevkalade s\u00fbretlerde mu\u00e2venetde bulunmalar\u0131 l\u00e2z\u0131medendir.<\/p>\n<p><strong>Madde 15:<\/strong>\u00a0Hey\u2019et-i id\u00e2re bir re\u2019\u00eese, iki re\u2019\u00eese vekili, alt\u0131 \u00e2z\u00e2y\u0131 sahib-i rey olmak \u00fczere -bir k\u00e2tibe ve vezned\u00e2rl\u0131k uhdesinde olmak \u00fczere- bir muhasebeciden m\u00fcrekkebdir.<\/p>\n<p><strong>Madde 16:<\/strong>\u00a0Hey\u2019et-i idare m\u00fcessis\u00e2n taraf\u0131ndan rey-i h\u00e2f\u00ee ile intih\u00e2b olunur ve her sene nihayetinde [s.7] hey\u2019et-i id\u00e2re intih\u00e2bat\u0131 yeniden icra edilir. Yirmi m\u00fcessise kayd olunmakla beraber hey \u2018et-i id\u00e2re intih\u00e2b olunur.<\/p>\n<p><strong>Madde 17:<\/strong>\u00a0Hey\u2019et-i idare \u00e2z\u00e2s\u0131ndan birinin infis\u00e2li halinde yeni\u2019den intih\u00e2b olunur. Hakk-\u0131 intih\u00e2b, kem\u00e2f\u00ee\u2019s-sab\u0131k m\u00fcessis\u00e2na aiddir.<\/p>\n<p><strong>Madde 18:<\/strong>\u00a0Hey\u2019et-i id\u00e2re ictima\u2019at\u0131na mazeret-i makb\u00fblesi olmadan ve bil\u00e2-fas\u0131l\u00e2 \u00fc\u00e7 defa i\u015ftirak etmeyen \u00e2z\u00e2 ve reise m\u00fcstaf\u00ee add olunur.<\/p>\n<p><strong>Madde 19:<\/strong>\u00a0Tesev\u00ee-i \u00e2r\u00e2 hus\u00fblunda re\u2019\u00eesenin reyi iki add olunur.<\/p>\n<p><strong>Madde 20:<\/strong>\u00a0Muh\u00e2sebecinin mu\u2019\u00e2mel\u00e2t\u0131 daima hey\u2019et-i idare ta\u2019raf\u0131ndan mur\u00e2kabe edilecek ve muh\u00e2sebe um\u00fbrundan hey\u2019et-i idare m\u00fc\u015f\u00e2vere ve hey\u2019et-i um\u00fbmiyeye kar\u015f\u0131 mes\u2019\u00fbl bulunacakd\u0131r.<\/p>\n<p><strong>Madde 21:<\/strong>\u00a0Hey\u2019et-i id\u00e2re bir sene zarf\u0131nda nizamn\u00e2me-i dahili m\u00fccibince cemiyetin her nevi um\u00fbr ve mu\u00e2melat\u0131n\u0131 tedvir eder [s. 8] ve bu m\u00fcddet zarf\u0131ndaki te\u015febb\u00fcs\u00e2t ve icr\u00e2\u00e2tden mes\u2019\u00fbl bulunur.<\/p>\n<p><strong>Madde 22:<\/strong>\u00a0Hey\u2019et-i id\u00e2re haftada la-akali iki defa ictim\u00e2\u2019 eder.<\/p>\n<p><strong>Madde 23:<\/strong>\u00a0Hey\u2019et-i id\u00e2re mukarer\u00e2t\u0131 ekseriyet-i \u00e2r\u00e2 ile ittih\u00e2z edilir.<\/p>\n<p><strong>Madde 24:<\/strong>\u00a0\u0130ctim\u00e2\u2019\u0131n r\u00fbzn\u00e2mesi ictim\u00e2\u2019dan evvel re\u2019\u00eese ve katibe taraf\u0131ndan ihtar ile hey\u2019ete tebli\u011f olunur. \u0130ttih\u00e2z olunan mukarrer\u00e2t defter-i mahs\u00fbsuna kayd ve z\u00eeri imz\u00e2 edilir. Karara i\u2019tir\u00e2z eden hem\u015fire mevadd-\u0131 mukarrerin z\u00eerine esbab-\u0131 \u00ee\u2019ttr\u00e2ziyeyi m\u00fbsarrahen derc ve imz\u00e2 eder.<\/p>\n<p><strong>Madde 25:<\/strong>\u00a0Hey\u2019et-i idare, azas\u0131n\u0131n n\u0131sf\u0131ndan bir fazlas\u0131 haz\u0131r bulunmad\u0131k\u00e7a ittih\u00e2z-\u0131 mukarrer\u00e2t olunamaz.<\/p>\n<p><strong>Madde 26:<\/strong>\u00a0Sene hit\u00e2m\u0131nda hey\u2019et-i id\u00e2re hey\u2019et-i um\u00fbmiyeyi ictim\u00e2\u2019a da\u2019vet eyler. \u0130ctim\u00e2\u2019\u0131n i\u2019l\u00e2n\u0131 yevm-i ictim\u00e2\u2019dan l\u00e2-\u00e2kall on be\u015f g\u00fcn evvel olmal\u0131d\u0131r. [s. 9]\n<p><strong>Hey\u2019et-i Um\u00fbmiye<\/strong><\/p>\n<ol start=\"9\">\n<li>ve 10. sayfalarda yer alan 27 \u2013 32. maddeler okunamamaktad\u0131r!<\/li>\n<\/ol>\n<p>K\u00fcrd Kad\u0131nlar\u0131 Te\u00e2l\u00ee Cemiyeti Niz\u00e2mn\u00e2mesi. ([\u0130stanbul]: Kad\u0131nlar D\u00fcnyas\u0131 Matbaas\u0131, 1919), 10 s.<\/p>\n<p>Kaynak: Toplumsal Tarih, say 111, Mart 2003<\/p>\n<p><strong>Kovara B\u00eer<\/strong><\/p>\n","protected":false},"excerpt":{"rendered":"<p>Madde 1:\u00a0Merkezi \u0130stanbul\u2019da olmak \u00fczere\u00a0K\u00fcrd Kad\u0131nlar\u0131 Te\u00e2li Cemiyeti\u00a0\u00fcnvan\u0131yla bir mahfil k\u00fc\u015f\u00fbd olunmu\u015fdur. Madde 2:\u00a0Cemiyetin maksad\u0131:\u00a0K\u00fcrd kad\u0131nl\u0131\u011f\u0131n\u0131n asr\u00ee zihniyetle te\u00e2l\u00ee ve inki\u015f\u00e2f\u0131n\u0131 te\u2019min etmek, \u00e2ile hayat\u0131nda es\u00e2s\u00ee, ictima\u2019\u00ee \u0131slah\u00e2t\u0131 istihs\u00e2l eylemek, tehc\u00eer ve taktil m\u00fcn\u00e2sebetiyle sefil bir hale gelen K\u00fcrd eytam ve eramilini i\u015f bulmak ve nakdi muavenet ihz\u00e2r etmek s\u00fbretiyle sef\u00e2letden kurtarmakd\u0131r. [s. 4] Maksad\u0131n &hellip;<\/p>\n","protected":false},"author":32,"featured_media":0,"comment_status":"open","ping_status":"open","sticky":false,"template":"","format":"standard","meta":{"footnotes":""},"categories":[25,299],"tags":[5007,5358,3610,5008,5359,17],"class_list":["post-17209","post","type-post","status-publish","format-standard","","category-tarih","category-turkce","tag-kara-fatma","tag-kurd-kadinlari-teali-cemiyeti","tag-kurt-kadini","tag-kurt-kadinlari","tag-nizamname","tag-slide"],"_links":{"self":[{"href":"https:\/\/candname.com\/tr\/index.php?rest_route=\/wp\/v2\/posts\/17209","targetHints":{"allow":["GET"]}}],"collection":[{"href":"https:\/\/candname.com\/tr\/index.php?rest_route=\/wp\/v2\/posts"}],"about":[{"href":"https:\/\/candname.com\/tr\/index.php?rest_route=\/wp\/v2\/types\/post"}],"author":[{"embeddable":true,"href":"https:\/\/candname.com\/tr\/index.php?rest_route=\/wp\/v2\/users\/32"}],"replies":[{"embeddable":true,"href":"https:\/\/candname.com\/tr\/index.php?rest_route=%2Fwp%2Fv2%2Fcomments&post=17209"}],"version-history":[{"count":0,"href":"https:\/\/candname.com\/tr\/index.php?rest_route=\/wp\/v2\/posts\/17209\/revisions"}],"wp:attachment":[{"href":"https:\/\/candname.com\/tr\/index.php?rest_route=%2Fwp%2Fv2%2Fmedia&parent=17209"}],"wp:term":[{"taxonomy":"category","embeddable":true,"href":"https:\/\/candname.com\/tr\/index.php?rest_route=%2Fwp%2Fv2%2Fcategories&post=17209"},{"taxonomy":"post_tag","embeddable":true,"href":"https:\/\/candname.com\/tr\/index.php?rest_route=%2Fwp%2Fv2%2Ftags&post=17209"}],"curies":[{"name":"wp","href":"https:\/\/api.w.org\/{rel}","templated":true}]}}