{"id":1676,"date":"2015-11-26T16:09:35","date_gmt":"2015-11-26T14:09:35","guid":{"rendered":"http:\/\/candname.com\/?p=1676"},"modified":"2016-01-26T22:17:12","modified_gmt":"2016-01-26T20:17:12","slug":"19-yuzyil-sonu-alman-objektiflerinde-kurtler","status":"publish","type":"post","link":"https:\/\/candname.com\/tr\/?p=1676","title":{"rendered":"19. Y\u00fczy\u0131l sonu Alman Objektiflerinde K\u00fcrtler"},"content":{"rendered":"<p><strong>K\u00fcrt Tarih Ara\u015ft\u0131rmac\u0131s\u0131 M\u00fcf\u00eet Y\u00fcksel\u00a0Bey&#8217;den\u00a0al\u0131nt\u0131r!<\/strong><\/p>\n<p><a href=\"http:\/\/candname.com\/wp-content\/uploads\/2015\/11\/59.jpg\"><img loading=\"lazy\" decoding=\"async\" class=\"wp-image-1683 alignleft\" src=\"http:\/\/candname.com\/wp-content\/uploads\/2015\/11\/59.jpg\" alt=\"5\" width=\"314\" height=\"300\" \/><\/a><\/p>\n<p><img decoding=\"async\" src=\"https:\/\/pbs.twimg.com\/media\/CUvjQ5AWUAAwVcp.jpg\" alt=\"G\u00f6m\u00fcl\u00fc resim i\u00e7in kal\u0131c\u0131 ba\u011flant\u0131\" \/><\/p>\n<p>&nbsp;<\/p>\n<p><img decoding=\"async\" src=\"https:\/\/pbs.twimg.com\/media\/CUvjmX-WcAACICL.jpg\" alt=\"G\u00f6m\u00fcl\u00fc resim i\u00e7in kal\u0131c\u0131 ba\u011flant\u0131\" \/><\/p>\n<p><img decoding=\"async\" src=\"https:\/\/pbs.twimg.com\/media\/CUvjmg9WwAARnSj.jpg\" alt=\"G\u00f6m\u00fcl\u00fc resim i\u00e7in kal\u0131c\u0131 ba\u011flant\u0131\" \/><\/p>\n","protected":false},"excerpt":{"rendered":"<p>K\u00fcrt Tarih Ara\u015ft\u0131rmac\u0131s\u0131 M\u00fcf\u00eet Y\u00fcksel\u00a0Bey&#8217;den\u00a0al\u0131nt\u0131r! &nbsp;<\/p>\n","protected":false},"author":2,"featured_media":0,"comment_status":"open","ping_status":"open","sticky":false,"template":"","format":"standard","meta":{"footnotes":""},"categories":[80,25,299],"tags":[531,117,532,17,291],"class_list":["post-1676","post","type-post","status-publish","format-standard","","category-fotograf-galerisi","category-tarih","category-turkce","tag-alman","tag-kurtler","tag-resim","tag-slide","tag-wene"],"_links":{"self":[{"href":"https:\/\/candname.com\/tr\/index.php?rest_route=\/wp\/v2\/posts\/1676","targetHints":{"allow":["GET"]}}],"collection":[{"href":"https:\/\/candname.com\/tr\/index.php?rest_route=\/wp\/v2\/posts"}],"about":[{"href":"https:\/\/candname.com\/tr\/index.php?rest_route=\/wp\/v2\/types\/post"}],"author":[{"embeddable":true,"href":"https:\/\/candname.com\/tr\/index.php?rest_route=\/wp\/v2\/users\/2"}],"replies":[{"embeddable":true,"href":"https:\/\/candname.com\/tr\/index.php?rest_route=%2Fwp%2Fv2%2Fcomments&post=1676"}],"version-history":[{"count":0,"href":"https:\/\/candname.com\/tr\/index.php?rest_route=\/wp\/v2\/posts\/1676\/revisions"}],"wp:attachment":[{"href":"https:\/\/candname.com\/tr\/index.php?rest_route=%2Fwp%2Fv2%2Fmedia&parent=1676"}],"wp:term":[{"taxonomy":"category","embeddable":true,"href":"https:\/\/candname.com\/tr\/index.php?rest_route=%2Fwp%2Fv2%2Fcategories&post=1676"},{"taxonomy":"post_tag","embeddable":true,"href":"https:\/\/candname.com\/tr\/index.php?rest_route=%2Fwp%2Fv2%2Ftags&post=1676"}],"curies":[{"name":"wp","href":"https:\/\/api.w.org\/{rel}","templated":true}]}}