{"id":16150,"date":"2017-11-28T08:00:48","date_gmt":"2017-11-28T05:00:48","guid":{"rendered":"http:\/\/candname.com\/?p=16150"},"modified":"2018-10-15T02:25:38","modified_gmt":"2018-10-14T23:25:38","slug":"kurt-tarihinin-30-sayisi-bayiilerde","status":"publish","type":"post","link":"https:\/\/candname.com\/tr\/?p=16150","title":{"rendered":"K\u00fcrt Tarihi&#8217;n\u0131n 30 say\u0131s\u0131 Bayiilerde"},"content":{"rendered":"<p>K\u00fcrtler i\u00e7in tats\u0131z zamanlarday\u0131z malum. T\u00fcrkiye K\u00fcrtlerinin susturulmu\u015flu\u011funa \u015fimdi de Irak K\u00fcrdistan\u0131\u2019ndaki \u2018trajedi\u2019 eklendi. K\u00fcrtlerle ilgili hemen her \u015fey gibi K\u00fcrt Tarihi\u2019nin seyri de zaman\u0131n bu tats\u0131zla\u015fmas\u0131ndan pay\u0131n\u0131 ald\u0131. Dergiye gelen yaz\u0131 ak\u0131\u015f\u0131 bir zamand\u0131r iyice zay\u0131flad\u0131 ve sat\u0131\u015f<\/p>\n<p>rakamlar\u0131 du\u015ftu. Beri yandan, a\u011f\u0131r aksak da olsa 30. say\u0131ya ula\u015ft\u0131k. Bu da bir \u015fey diyelim\u2026<\/p>\n<p>&nbsp;<\/p>\n<p>K\u00fcrt Tarihi\u2019nin 30. say\u0131s\u0131n\u0131n neredeyse tamam\u0131 tek bir konuya, Halidili\u011fe hasredildi. F\u0131rat Ayd\u0131nkaya<\/p>\n<p>modern donem K\u00fcrdistan siyasetini derinden etkilemi\u015f bu tarikatla ilgili etrafl\u0131 bir dosya haz\u0131rlad\u0131. Ayd\u0131nkaya epey bir zamand\u0131r \u015fevk ve titizlikle pe\u015fine d\u00fc\u015ft\u00fc\u011f\u00fc bu \u00f6nemli dosyay\u0131 haz\u0131rlamakla kalmad\u0131 Halidilikle ilgili \u00e7ok esasl\u0131 tezler de ortaya koyan bir \u00e7\u00f6z\u00fcmlemeyi kaleme ald\u0131. \u0130lgiyle okunaca\u011f\u0131na eminim.<\/p>\n<p>&nbsp;<\/p>\n<p>Halidilik dosyas\u0131n\u0131n i\u00e7eri\u011fini F\u0131rat Ayd\u0131nkaya\u2019n\u0131n yazd\u0131\u011f\u0131 sunu\u015f yaz\u0131s\u0131ndan bir b\u00f6l\u00fcm\u00fc iktibas<\/p>\n<p>ederek tan\u0131tmam daha uygun olacak. \u201cA\u011fa, \u015eeyh, Devlet \u00e7al\u0131\u015fmas\u0131 \u00f6rne\u011finde oldu\u011fu gibi, K\u00fcrdistan<\/p>\n<p>toplumu i\u00e7in ayna i\u015flevi g\u00f6ren \u00e7al\u0131\u015fmalar\u0131yla bilinen Martin van Bruinessen ile zihin ac\u0131c\u0131 bir s\u00f6yle\u015fi yapt\u0131k. Tarikat\u0131n \u00f6\u011fretisindeki kimi kilit kavramlara mercek tutarak bunlar\u0131n i\u015flevine de\u011finen Vecdi Demir\u2019in yaz\u0131s\u0131 bu gizemli yap\u0131ya dair k\u0131ymetli ipu\u00e7lar\u0131 sunuyor. Shahab Vali ise Mevlana Xalid\u2019in unutulan veya daha do\u011frusu unutturulan bir K\u00fcrt\u00e7e eserinin izini titizlikle s\u00fcr\u00fcyor. Ali Tenik, Halid\u2019in K\u00fcrt talebelerinin, K\u00fcrt co\u011frafyas\u0131ndaki tarikat faaliyetlerine dikkatimizi \u00e7ekerken, Ekrem Malbat Said-i Nursi ile Mevlana Halid aras\u0131nda k\u0131yaslama i\u015fine giri\u015fti. Tarikat\u0131n gizemli tarihini ve tarihsel geli\u015fimini ise Ayhan Geveri yazd\u0131. Abdurrahman Adak, Halid\u2019in ard\u0131llar\u0131n\u0131n bize b\u0131rakt\u0131\u011f\u0131 en ilgi \u00e7ekici miras olan K\u00fcrt\u00e7e edebi metinlerin izini s\u00fcrd\u00fc. Ben de Mevlana Halid\u2019ten ba\u015flayarak Halidilerin \u201cehli zimme\u201dlere yani M\u00fcsl\u00fcman olmayan halklara olan yakla\u015f\u0131mlar\u0131na mercek tutarak bu konudaki tart\u0131\u015fmalarda s\u00fcrekli g\u00fcndeme gelen \u015eeyh Celaledin\u2019in pratiklerini inceledim.\u201d<\/p>\n<ol start=\"30\">\n<li>say\u0131da dosya harici tek bir yaz\u0131m\u0131z var. \u0130smet Konak Bol\u015fevik devrimine katk\u0131da bulunan K\u00fcrt<\/li>\n<\/ol>\n<p>karakterleri inceleyen sa\u011flam bir yaz\u0131 yazd\u0131. Bol\u015fevik Devrimi\u2019nin 100. senesini K\u00fcrtler<\/p>\n<p>\u00fczerinden anmaya vesile olan bu yaz\u0131 az bilinen bir mevzuya iyi bir girizgah olu\u015fturuyor.<\/p>\n<p>&nbsp;<\/p>\n<ol start=\"31\">\n<li>say\u0131da bulu\u015fmak \u00fczere\u2026<\/li>\n<\/ol>\n<p><strong>MESUT YE\u011eEN<\/strong><\/p>\n<p><strong>\u00a0<\/strong><\/p>\n<p><strong>1917 Ekim Devrimi\u2019nde K\u00fcrtler<\/strong><\/p>\n<p><em>Dr. \u0130smet Konak<\/em><\/p>\n<p>&nbsp;<\/p>\n<p>DOSYA:<\/p>\n<p><strong>Halidilik<\/strong><\/p>\n<p><em>dosya edit\u00f6r\u00fc: F\u0131rat Ayd\u0131nkaya<\/em><\/p>\n<p>Martin van Bruinessen ile S\u00f6yle\u015fi: Mevlana Halid:<\/p>\n<p><strong>\u201cBir S\u00fcnni Milliyet\u00e7isi\u201d<\/strong><\/p>\n<p><em>S\u00f6yle\u015fi: F\u0131rat Ayd\u0131nkaya<\/em><\/p>\n<p>&nbsp;<\/p>\n<p>H\u00caZA BELAVB\u00dbNA TER\u00ceQETA NEQ\u015eIBEND IYAN S\u00ca KOD\u00caN SEREKE<\/p>\n<p><strong>TECD\u00ceD, XELWET, RABITA<\/strong><\/p>\n<p><em>Vecdi Demir<\/em><\/p>\n<p>&nbsp;<\/p>\n<p>\u015eeyh Xalid \u015eehrizor\u00ee\u2019nin K\u00fcrt\u00e7e eseri:<\/p>\n<p><strong>Kitab\u00ea Eq\u00eede Namey\u00ea Kurd\u00ee<\/strong><\/p>\n<p><em>Shahab VALI<\/em><\/p>\n<p><strong>NAK\u015e\u00ce-H\u00c2L\u0130D\u00ce TAR\u00ceKATININ K\u00dcRTLER\u0130N YA\u015eADI\u011eI CO\u011eRAFYADA YAYILI\u015eI<\/strong><\/p>\n<p><em>Ali TEN\u0130K<\/em><\/p>\n<p><em>\u00a0<\/em><\/p>\n<p><strong>Nak\u015f\u00eebend\u00eelik\u2019in Kurulu\u015f ve Tarihsel Geli\u015fimi \u00dczerine<\/strong><\/p>\n<p><em>Ayhan Gever\u00ee<\/em><\/p>\n<p><strong>\u00a0<\/strong><\/p>\n<p><strong>Halidililerin \u201cEhli Zimme\u201d Anlay\u0131\u015f\u0131 ve \u015eeyh Celaleddin<\/strong><\/p>\n<p><em>F\u0131rat Ayd\u0131nkaya<\/em><\/p>\n<p><strong>\u00a0<\/strong><\/p>\n<p><strong>Bedi\u00fczzaman Said Nursi ve Nak\u015fibendilik<\/strong><\/p>\n<p><em>Ekrem Malbat<\/em><\/p>\n<p><em>\u00a0<\/em><\/p>\n<p><strong>SERDEMA XALID\u00ceTIY\u00ca DI TAR\u00ceXA EDEBIYATA KURD\u00ce YA KLAS\u00ceK DE<\/strong><\/p>\n<p><em>Abdurrahman Adak<\/em><\/p>\n","protected":false},"excerpt":{"rendered":"<p>K\u00fcrtler i\u00e7in tats\u0131z zamanlarday\u0131z malum. T\u00fcrkiye K\u00fcrtlerinin susturulmu\u015flu\u011funa \u015fimdi de Irak K\u00fcrdistan\u0131\u2019ndaki \u2018trajedi\u2019 eklendi. K\u00fcrtlerle ilgili hemen her \u015fey gibi K\u00fcrt Tarihi\u2019nin seyri de zaman\u0131n bu tats\u0131zla\u015fmas\u0131ndan pay\u0131n\u0131 ald\u0131. Dergiye gelen yaz\u0131 ak\u0131\u015f\u0131 bir zamand\u0131r iyice zay\u0131flad\u0131 ve sat\u0131\u015f rakamlar\u0131 du\u015ftu. Beri yandan, a\u011f\u0131r aksak da olsa 30. say\u0131ya ula\u015ft\u0131k. Bu da bir \u015fey diyelim\u2026 &hellip;<\/p>\n","protected":false},"author":32,"featured_media":0,"comment_status":"open","ping_status":"open","sticky":false,"template":"","format":"standard","meta":{"footnotes":""},"categories":[158],"tags":[963,4781,17,5416],"class_list":["post-16150","post","type-post","status-publish","format-standard","","category-dergicilik","tag-kurt-tarihi","tag-mesut-yegen","tag-slide","tag-tanitim"],"_links":{"self":[{"href":"https:\/\/candname.com\/tr\/index.php?rest_route=\/wp\/v2\/posts\/16150","targetHints":{"allow":["GET"]}}],"collection":[{"href":"https:\/\/candname.com\/tr\/index.php?rest_route=\/wp\/v2\/posts"}],"about":[{"href":"https:\/\/candname.com\/tr\/index.php?rest_route=\/wp\/v2\/types\/post"}],"author":[{"embeddable":true,"href":"https:\/\/candname.com\/tr\/index.php?rest_route=\/wp\/v2\/users\/32"}],"replies":[{"embeddable":true,"href":"https:\/\/candname.com\/tr\/index.php?rest_route=%2Fwp%2Fv2%2Fcomments&post=16150"}],"version-history":[{"count":0,"href":"https:\/\/candname.com\/tr\/index.php?rest_route=\/wp\/v2\/posts\/16150\/revisions"}],"wp:attachment":[{"href":"https:\/\/candname.com\/tr\/index.php?rest_route=%2Fwp%2Fv2%2Fmedia&parent=16150"}],"wp:term":[{"taxonomy":"category","embeddable":true,"href":"https:\/\/candname.com\/tr\/index.php?rest_route=%2Fwp%2Fv2%2Fcategories&post=16150"},{"taxonomy":"post_tag","embeddable":true,"href":"https:\/\/candname.com\/tr\/index.php?rest_route=%2Fwp%2Fv2%2Ftags&post=16150"}],"curies":[{"name":"wp","href":"https:\/\/api.w.org\/{rel}","templated":true}]}}