{"id":15881,"date":"2017-10-13T18:00:20","date_gmt":"2017-10-13T15:00:20","guid":{"rendered":"http:\/\/candname.com\/?p=15881"},"modified":"2017-10-13T10:06:02","modified_gmt":"2017-10-13T07:06:02","slug":"kurt-tarihci-hayatini-kaybetti","status":"publish","type":"post","link":"https:\/\/candname.com\/tr\/?p=15881","title":{"rendered":"K\u00fcrt Tarih\u00e7i Hayat\u0131n\u0131 Kaybetti"},"content":{"rendered":"<p><strong>K\u00fcrt<\/strong> tarih\u00e7i ve co\u011frafya bilimcisi <strong>Kerim Zend<\/strong>, hayata veda etti.<\/p>\n<p>93 ya\u015f\u0131nda <strong>Kerim Zend<\/strong>\u2018in, bug\u00fcn <strong>S\u00fcleymaniye\u2019deki<\/strong> evinde hayat\u0131n\u0131 kaybetti belirtildi.<\/p>\n<p><strong>1924<\/strong>\u2018te <strong>S\u00fcleymaniye\u2019nin<\/strong> <strong>Melkendi<\/strong> <strong>Mahallesi\u2019+nde<\/strong> d\u00fcnyaya gelen <strong>Zend<\/strong>, ilk okulu <strong>S\u00fcleymaniye\u2019de<\/strong> okudu. 1944\u2019te Ba\u011fdat\u2019ta \u00d6\u011fretmen Okulu\u2019ndan mezun oldu.<\/p>\n<p><strong>K\u00fcrt<\/strong> <strong>tarih\u00e7i<\/strong>, 1946\u2019da kurulan <strong>Mahabad K\u00fcrdistan Cumhuriyeti<\/strong>i\u00e7in m\u00fccadele verdi. Daha sonra <strong>Mele Mustafa Barzani<\/strong> ile birlikte Sovyetler Birli\u011fi\u2019ne gitti.<\/p>\n<p><strong>Kerim Zend<\/strong>, 15\u2019i <strong>K\u00fcrdistan\u2019\u0131n<\/strong> tarihi ve co\u011frafyas\u0131 hakk\u0131nda olmak \u00fczere <strong>40<\/strong> dolay\u0131nda kitap \u00e7al\u0131\u015fmas\u0131na imza att\u0131.<\/p>\n","protected":false},"excerpt":{"rendered":"<p>K\u00fcrt tarih\u00e7i ve co\u011frafya bilimcisi Kerim Zend, hayata veda etti. 93 ya\u015f\u0131nda Kerim Zend\u2018in, bug\u00fcn S\u00fcleymaniye\u2019deki evinde hayat\u0131n\u0131 kaybetti belirtildi. 1924\u2018te S\u00fcleymaniye\u2019nin Melkendi Mahallesi\u2019+nde d\u00fcnyaya gelen Zend, ilk okulu S\u00fcleymaniye\u2019de okudu. 1944\u2019te Ba\u011fdat\u2019ta \u00d6\u011fretmen Okulu\u2019ndan mezun oldu. K\u00fcrt tarih\u00e7i, 1946\u2019da kurulan Mahabad K\u00fcrdistan Cumhuriyetii\u00e7in m\u00fccadele verdi. Daha sonra Mele Mustafa Barzani ile birlikte Sovyetler Birli\u011fi\u2019ne &hellip;<\/p>\n","protected":false},"author":53,"featured_media":0,"comment_status":"open","ping_status":"open","sticky":false,"template":"","format":"standard","meta":{"footnotes":""},"categories":[3,299],"tags":[4738,4734,4737,17,4736,1340,4735],"class_list":["post-15881","post","type-post","status-publish","format-standard","","category-haber","category-turkce","tag-diroknas","tag-kerim-zend","tag-kurt-tarihci","tag-slide","tag-tarihci","tag-turkce","tag-vefat"],"_links":{"self":[{"href":"https:\/\/candname.com\/tr\/index.php?rest_route=\/wp\/v2\/posts\/15881","targetHints":{"allow":["GET"]}}],"collection":[{"href":"https:\/\/candname.com\/tr\/index.php?rest_route=\/wp\/v2\/posts"}],"about":[{"href":"https:\/\/candname.com\/tr\/index.php?rest_route=\/wp\/v2\/types\/post"}],"author":[{"embeddable":true,"href":"https:\/\/candname.com\/tr\/index.php?rest_route=\/wp\/v2\/users\/53"}],"replies":[{"embeddable":true,"href":"https:\/\/candname.com\/tr\/index.php?rest_route=%2Fwp%2Fv2%2Fcomments&post=15881"}],"version-history":[{"count":0,"href":"https:\/\/candname.com\/tr\/index.php?rest_route=\/wp\/v2\/posts\/15881\/revisions"}],"wp:attachment":[{"href":"https:\/\/candname.com\/tr\/index.php?rest_route=%2Fwp%2Fv2%2Fmedia&parent=15881"}],"wp:term":[{"taxonomy":"category","embeddable":true,"href":"https:\/\/candname.com\/tr\/index.php?rest_route=%2Fwp%2Fv2%2Fcategories&post=15881"},{"taxonomy":"post_tag","embeddable":true,"href":"https:\/\/candname.com\/tr\/index.php?rest_route=%2Fwp%2Fv2%2Ftags&post=15881"}],"curies":[{"name":"wp","href":"https:\/\/api.w.org\/{rel}","templated":true}]}}