{"id":15266,"date":"2017-08-14T18:00:05","date_gmt":"2017-08-14T15:00:05","guid":{"rendered":"http:\/\/candname.com\/?p=15266"},"modified":"2018-10-15T02:25:38","modified_gmt":"2018-10-14T23:25:38","slug":"kurt-tarihi-derginin-29-sayisi-cikti","status":"publish","type":"post","link":"https:\/\/candname.com\/tr\/?p=15266","title":{"rendered":"K\u00fcrt Tarihi Derginin  29. Say\u0131s\u0131 \u00c7\u0131kt\u0131"},"content":{"rendered":"<p>K\u00fcrt Tarihi\u2019nin 29. say\u0131s\u0131nda K\u00fcrtlerin uzak ve yak\u0131n tarihinde yer etmi\u015f \u00f6nemli \u015fahsiyet ve olaylara dair k\u0131ymetli incelemeler yer al\u0131yor. Murat Iss\u0131 Osmanl\u0131\u2019n\u0131n son d\u00f6neminde maarif naz\u0131rl\u0131\u011f\u0131 da yapm\u0131\u015f, \u00f6nemli<\/p>\n<p>siyaset ve devlet adam\u0131 bir K\u00fcrt entelekt\u00fceli, \u0130ttihat ve Terakki mensubu \u0130smail Hakk\u0131 Babanzade\u2019yi yazd\u0131. \u0130smail Hakk\u0131, Osmanl\u0131\u2019n\u0131n \u00e7\u00f6k\u00fc\u015f\u00fcnden hemen \u00f6nceki K\u00fcrt entelekt\u00fcellerini etkilemi\u015f \u201cOsmanl\u0131 i\u00e7re bir K\u00fcrtl\u00fck\u201d fikrinin \u00f6nemli temsilcilerinden biri. Murad Celali\u2019nin yaz\u0131s\u0131 ise \u00fcnl\u00fc Rus diplomat ve \u015farkiyat\u00e7\u0131 August Jaba hakk\u0131nda. Rusya\u2019n\u0131n Erzurum konsoloslu\u011funu da yapan Jaba, K\u00fcrtlerle temas etti\u011fi konsolosluk y\u0131llar\u0131 boyunca ve sonras\u0131nda yapt\u0131\u011f\u0131 derlemeler ve yazd\u0131\u011f\u0131 Rus\u00e7a-K\u00fcrt\u00e7e s\u00f6zl\u00fckle K\u00fcrdolojinin emekleme d\u00f6nemine damgas\u0131na vuranlardan.<\/p>\n<p>Cuma \u00c7i\u00e7ek ve Ru\u015fen Arslan\u2019\u0131n yaz\u0131lar\u0131 ise yak\u0131n d\u00f6nem K\u00fcrt tarihinde etkili olmu\u015f iki vaka \u00fczerine. K\u00fcrt meselesinin yak\u0131n d\u00f6nem serencam\u0131n\u0131 se\u00e7im sonu\u00e7lar\u0131 \u00fczerinden de\u011ferlendiren \u00f6nemli \u00e7al\u0131\u015fmalar kaleme alan Cuma \u00c7i\u00e7ek\u2019in yaz\u0131s\u0131 1965 se\u00e7imlerinin K\u00fcrt \u015fehirlerindeki tezah\u00fcr\u00fcn\u00fc inceliyor. K\u00fcrtlerin Yeni T\u00fcrkiye Partisi ve T\u00fcrkiye \u0130\u015f\u00e7i Partisiyle muhabbetlerinin derinli\u011fini anlamak i\u00e7in \u00f6nemli bir metin. Ru\u015fen Arslan da K\u00fcrt meselesinin \u2018geri d\u00f6nd\u00fc\u011f\u00fc\u2019 bu d\u00f6nemde Silvan\u2019da ger\u00e7ekle\u015fen H\u00fck\u00fcmet Kona\u011f\u0131 i\u015fgalini inceliyor. 1960\u2019lar\u0131n sonuna do\u011fru kitleselle\u015fecek K\u00fcrt hareketinin ilk \u00f6rneklerinden oldu\u011fu anla\u015f\u0131lan Silvan eylemi Mehdi Zana gibi bug\u00fcn de bilinen isimlerin kar\u0131\u015ft\u0131\u011f\u0131 bir toplumsal hareket \u00f6rne\u011fi olarak okunabilir.<\/p>\n<p>Senelerdir klasik K\u00fcrt metinleriyle ha\u015f\u0131r ne\u015fir olan Xalid Sadini ise Hakkari a\u015firetlerinin secereleriyle ilgili bir elyazmas\u0131n\u0131n pe\u015finde ge\u00e7en tutku dolu hikayesini yazd\u0131. Hakkari Beylerinden Yahya El-Kiram\u2019\u0131n saray katibi olan Temerxane Yaz\u0131c\u0131 taraf\u0131ndan 1600\u2019lerde yaz\u0131lan bir manzumeyi ve 1700lerde yaz\u0131lan eklemeleri i\u00e7eren bu Fars\u00e7a metinde neler yaz\u0131lm\u0131\u015f oldu\u011funu anlamak i\u00e7in Sadini\u2019nin bir sonraki yaz\u0131s\u0131n\u0131 beklememiz gerekiyor.<\/p>\n<p>Rohat Alakom, \u201cBir K\u00fcrt Dostunun Hayat Hik\u00e2yesi: Bedros Zartaryan\u201d yaz\u0131s\u0131 ile Zartaryan\u2019\u0131n f\u0131rt\u0131nal\u0131 hayat\u0131n\u0131 mercek alt\u0131na al\u0131yor. Mehmet Bayrak ise 1915\u2019in ard\u0131ndan Ermenilerden Anadolu\u2019da kalanlara bak\u0131yor.<\/p>\n<p>Nilay \u00d6zok-G\u00fcndo\u011fan Ar\u015fiv Tozu b\u00f6l\u00fcm\u00fcn\u00fc yeniden haz\u0131rlamaya ba\u015flad\u0131. Bu say\u0131da CIA\u2019in 1948 y\u0131l\u0131nda kaleme ald\u0131\u011f\u0131 K\u00fcrt Az\u0131nl\u0131k Sorunu (The Kurdish Minority Problem) ba\u015fl\u0131kl\u0131 raporunu inceliyor. II. D\u00fcnya Sava\u015f\u0131\u2019n\u0131n hemen ard\u0131ndan ABD istihbarat\u0131n\u0131n K\u00fcrt meselesini ve K\u00fcrtlerin ulusal m\u00fccadelesini nas\u0131l g\u00f6rd\u00fc\u011f\u00fcn\u00fc anlamak i\u00e7in \u00f6nemli bir rapor. 30. say\u0131da bulu\u015fmak \u00fczere&#8230;<\/p>\n<p style=\"text-align: right;\"><em>MESUT YE\u011eEN<\/em><\/p>\n<p><strong>Dergi \u0130\u00e7eri\u011fi:<\/strong><\/p>\n<ul>\n<li>1965 Se\u00e7imleri ve K\u00fcrtler \/ <em>Cuma \u00c7\u0130\u00c7EK<\/em><\/li>\n<li>\u0130SMA\u0130L HAKKI BABANZ\u00c2DE \/ <em>Murat Iss\u0131<\/em><\/li>\n<li>HAKKAR\u00ce M\u00ceRL ER\u0130 \/BEYLER\u0130N\u0130N M\u00ceRNAMES\u0130 \/ <em>Xalid Sad\u00cen\u00ce<\/em><\/li>\n<li>S\u0130LVAN H\u00dcK\u00dcMET KONA\u011eININ \u0130\u015eGAL\u0130 \/ <em>RU\u015eEN ARSLAN<\/em><\/li>\n<li>K\u00dcRDOLOJ\u0130N\u0130N M\u00dcH\u0130M B\u0130R EMEKTARI \/ <em>Murad Celal\u00ee<\/em><\/li>\n<li>Bir K\u00fcrt Dostunun Hayat Hik\u00e2yesi Bedros Zartaryan (1925-1997) \/ <em>Rohat Alakom<\/em><\/li>\n<li>Darbe Giri\u015fiminin \u00d6ncesi ve Sonras\u0131 \/ <em>Yunancadan T\u00fcrk\u00e7eye \/ \u00c7<\/em><em>eviri : Dr . Murat Iss\u0131<\/em><\/li>\n<li>KAD\u0130M ERMEN\u0130 YERLE\u015eKELER\u0130NDE H\u00dcZ\u00dcNL\u00dc B\u0130R GEZ\u0130NT\u0130 \/ <em>Mehmet Bayrak<\/em><\/li>\n<li>\u201cSo\u011fuk Sava\u015f Ba\u011flam\u0131ndaAmerika\u2019n\u0131n K\u00fcrt Alg\u0131s\u0131: CIA\u2019n\u0131n K\u00fcrt Az\u0131nl\u0131k Raporu\u201d <em>Haz\u0131rlayan: <\/em><em>Nilay \u00d6zok-G\u00fcndo\u011fan<\/em><\/li>\n<li><em>Kurd, Kit\u00eab, \u00c7apxane &#8211; <\/em><em>\u015eehmuz KURT<\/em><\/li>\n<\/ul>\n","protected":false},"excerpt":{"rendered":"<p>K\u00fcrt Tarihi\u2019nin 29. say\u0131s\u0131nda K\u00fcrtlerin uzak ve yak\u0131n tarihinde yer etmi\u015f \u00f6nemli \u015fahsiyet ve olaylara dair k\u0131ymetli incelemeler yer al\u0131yor. Murat Iss\u0131 Osmanl\u0131\u2019n\u0131n son d\u00f6neminde maarif naz\u0131rl\u0131\u011f\u0131 da yapm\u0131\u015f, \u00f6nemli siyaset ve devlet adam\u0131 bir K\u00fcrt entelekt\u00fceli, \u0130ttihat ve Terakki mensubu \u0130smail Hakk\u0131 Babanzade\u2019yi yazd\u0131. \u0130smail Hakk\u0131, Osmanl\u0131\u2019n\u0131n \u00e7\u00f6k\u00fc\u015f\u00fcnden hemen \u00f6nceki K\u00fcrt entelekt\u00fcellerini etkilemi\u015f \u201cOsmanl\u0131 &hellip;<\/p>\n","protected":false},"author":32,"featured_media":0,"comment_status":"open","ping_status":"open","sticky":false,"template":"","format":"standard","meta":{"footnotes":""},"categories":[158],"tags":[156,4602,5416],"class_list":["post-15266","post","type-post","status-publish","format-standard","","category-dergicilik","tag-kovar","tag-kurt-tarihi-dergisi","tag-tanitim"],"_links":{"self":[{"href":"https:\/\/candname.com\/tr\/index.php?rest_route=\/wp\/v2\/posts\/15266","targetHints":{"allow":["GET"]}}],"collection":[{"href":"https:\/\/candname.com\/tr\/index.php?rest_route=\/wp\/v2\/posts"}],"about":[{"href":"https:\/\/candname.com\/tr\/index.php?rest_route=\/wp\/v2\/types\/post"}],"author":[{"embeddable":true,"href":"https:\/\/candname.com\/tr\/index.php?rest_route=\/wp\/v2\/users\/32"}],"replies":[{"embeddable":true,"href":"https:\/\/candname.com\/tr\/index.php?rest_route=%2Fwp%2Fv2%2Fcomments&post=15266"}],"version-history":[{"count":0,"href":"https:\/\/candname.com\/tr\/index.php?rest_route=\/wp\/v2\/posts\/15266\/revisions"}],"wp:attachment":[{"href":"https:\/\/candname.com\/tr\/index.php?rest_route=%2Fwp%2Fv2%2Fmedia&parent=15266"}],"wp:term":[{"taxonomy":"category","embeddable":true,"href":"https:\/\/candname.com\/tr\/index.php?rest_route=%2Fwp%2Fv2%2Fcategories&post=15266"},{"taxonomy":"post_tag","embeddable":true,"href":"https:\/\/candname.com\/tr\/index.php?rest_route=%2Fwp%2Fv2%2Ftags&post=15266"}],"curies":[{"name":"wp","href":"https:\/\/api.w.org\/{rel}","templated":true}]}}