{"id":1520,"date":"2015-11-21T22:38:03","date_gmt":"2015-11-21T20:38:03","guid":{"rendered":"http:\/\/candname.com\/?p=1520"},"modified":"2016-01-26T22:18:06","modified_gmt":"2016-01-26T20:18:06","slug":"ali-hariri-kurtce-eli-heriri-1009-1080","status":"publish","type":"post","link":"https:\/\/candname.com\/tr\/?p=1520","title":{"rendered":"Ali Hariri (K\u00fcrt\u00e7e: El\u00ee Her\u00eer\u00ee; 1009 \u2013 1080 )"},"content":{"rendered":"<p>Klasik K\u00fcrt edebiyat\u0131 \u015fairi. \u0130lk \u0130slam D\u00f6nemi K\u00fcrt \u015fairi say\u0131lmaktad\u0131r.[1] Hakkari do\u011fumlu olan Hariri&#8217;den itibaren (11. y\u00fczy\u0131l) K\u00fcrt edebiyat\u0131nda, divan edebiyat\u0131 d\u00f6nemi ba\u015flar.<\/p>\n<p>Ali el-Har\u00eer\u00ee, k\u00fc\u00e7\u00fck ya\u015fta ilim \u00f6\u011frenmek i\u00e7in \u015eam\u2019a gitti. Babas\u0131n\u0131n vef\u00e2t\u0131 \u00fczerine amcas\u0131n\u0131n him\u00e2yesinde yeti\u015fti. Ge\u00e7imini temin etmek i\u00e7in, amcas\u0131ndan meslek \u00f6\u011frendi. \u015eeyh Eb\u00fb Ali Ma\u011frib\u00ee\u2019nin sohbetlerinde bulunarak, kem\u00e2le geldi.Ali el-Har\u00eer\u00ee, derecesi<span class=\"text_exposed_show\">y\u00fcksek, h\u00e2l ve ker\u00e2met s\u00e2hibi, ces\u00fbr, vekarl\u0131 bir z\u00e2t idi. \u015eiirleri halk\u0131m\u0131z aras\u0131nda gece okunurdu. Dinleyenler \u00fczerinde b\u00fcy\u00fck etki b\u0131rak\u0131rd\u0131. Birisinin g\u00fczel \u015fiir okuyu\u015fundan bahsedilip \u00f6v\u00fclmek istendi\u011finde, \u201cEli Heriri\u2019nin tad\u0131ndad\u0131r\u201d denirdi. <\/span><\/p>\n<p><span class=\"text_exposed_show\">Eli Heriri, Ozanl\u0131\u011f\u0131nda oldu\u011fu kadar bilge y\u00f6n\u00fcde vard\u0131. Halk aras\u0131nda biri tahsilini iyi yapmad\u0131\u011f\u0131 vakit \u201cOkudu da sanki Eli Heriri oldu\u201d \u015feklinde ele\u015ftiriliyordu. \u00d6zcesi Eli Heriri b\u00fcy\u00fck bir adam, olgun bir alim ve Herir de, bilginin diyar\u0131yd\u0131. O \u015fehirde Eli Heriri\u2019den ba\u015fka bir \u00e7ok alim ve bilgin \u00e7\u0131km\u0131\u015ft\u0131r. \u00d6zellikle Eli Heriri\u2019nin o\u011flu \u015eeyh Ahmed. Eli Heriri\u2019nin ismini ilk olarak yaz\u0131l\u0131 kaynaklarda \u015e\u00eax Ehmed\u00ea Xani\u2019n\u00een Mem U Zin\u2019inde g\u00f6r\u00fcyoruz.<\/span><\/p>\n<div class=\"text_exposed_show\">\n<p>Aleksander Jaba K\u00fcrt \u015fairlerinin ilkinin Eli Heriri oldu\u011funu belirtir. Zira divan ve \u015fiirlerinin K\u00fcrdistan\u2019da, olduk\u00e7a yayg\u0131n oldu\u011fu anlat\u0131l\u0131r.<\/p>\n<p>Eli Heriri\u2019nin \u015fiirleri kolay anla\u015f\u0131l\u0131yor. \u015eiirleri zarif ve ahenklidir. Bir \u00e7ok ki\u015fi \u015fiirlerini ezberden bilirdi. Feqi ve hoca aras\u0131ndaki diyalog toplumda genellikle konu\u015fulur ve ondan epey bahsedilirdi.<\/p>\n<\/div>\n","protected":false},"excerpt":{"rendered":"<p>Klasik K\u00fcrt edebiyat\u0131 \u015fairi. \u0130lk \u0130slam D\u00f6nemi K\u00fcrt \u015fairi say\u0131lmaktad\u0131r.[1] Hakkari do\u011fumlu olan Hariri&#8217;den itibaren (11. y\u00fczy\u0131l) K\u00fcrt edebiyat\u0131nda, divan edebiyat\u0131 d\u00f6nemi ba\u015flar. Ali el-Har\u00eer\u00ee, k\u00fc\u00e7\u00fck ya\u015fta ilim \u00f6\u011frenmek i\u00e7in \u015eam\u2019a gitti. Babas\u0131n\u0131n vef\u00e2t\u0131 \u00fczerine amcas\u0131n\u0131n him\u00e2yesinde yeti\u015fti. Ge\u00e7imini temin etmek i\u00e7in, amcas\u0131ndan meslek \u00f6\u011frendi. \u015eeyh Eb\u00fb Ali Ma\u011frib\u00ee\u2019nin sohbetlerinde bulunarak, kem\u00e2le geldi.Ali el-Har\u00eer\u00ee, derecesiy\u00fcksek, &hellip;<\/p>\n","protected":false},"author":2,"featured_media":0,"comment_status":"open","ping_status":"open","sticky":false,"template":"","format":"standard","meta":{"footnotes":""},"categories":[118,25],"tags":[458,457,456,455,17],"class_list":["post-1520","post","type-post","status-publish","format-standard","","category-biyografi","category-tarih","tag-divan","tag-eli","tag-heriri","tag-siir","tag-slide"],"_links":{"self":[{"href":"https:\/\/candname.com\/tr\/index.php?rest_route=\/wp\/v2\/posts\/1520","targetHints":{"allow":["GET"]}}],"collection":[{"href":"https:\/\/candname.com\/tr\/index.php?rest_route=\/wp\/v2\/posts"}],"about":[{"href":"https:\/\/candname.com\/tr\/index.php?rest_route=\/wp\/v2\/types\/post"}],"author":[{"embeddable":true,"href":"https:\/\/candname.com\/tr\/index.php?rest_route=\/wp\/v2\/users\/2"}],"replies":[{"embeddable":true,"href":"https:\/\/candname.com\/tr\/index.php?rest_route=%2Fwp%2Fv2%2Fcomments&post=1520"}],"version-history":[{"count":0,"href":"https:\/\/candname.com\/tr\/index.php?rest_route=\/wp\/v2\/posts\/1520\/revisions"}],"wp:attachment":[{"href":"https:\/\/candname.com\/tr\/index.php?rest_route=%2Fwp%2Fv2%2Fmedia&parent=1520"}],"wp:term":[{"taxonomy":"category","embeddable":true,"href":"https:\/\/candname.com\/tr\/index.php?rest_route=%2Fwp%2Fv2%2Fcategories&post=1520"},{"taxonomy":"post_tag","embeddable":true,"href":"https:\/\/candname.com\/tr\/index.php?rest_route=%2Fwp%2Fv2%2Ftags&post=1520"}],"curies":[{"name":"wp","href":"https:\/\/api.w.org\/{rel}","templated":true}]}}