{"id":15074,"date":"2017-07-22T08:00:58","date_gmt":"2017-07-22T05:00:58","guid":{"rendered":"http:\/\/candname.com\/?p=15074"},"modified":"2018-10-11T09:43:14","modified_gmt":"2018-10-11T06:43:14","slug":"serefname-ve-serefxane-bedlisi-konferansi","status":"publish","type":"post","link":"https:\/\/candname.com\/tr\/?p=15074","title":{"rendered":"\u015eerefname ve \u015eerefxan\u00ea Bedl\u00ees\u00ee Konferans\u0131"},"content":{"rendered":"<p>\u015eerefxan\u00ea Bedlisi\u2019nin ya\u015fam ve d\u00fc\u015f\u00fcncesinin ve eseri \u015eerefname\u2019nin K\u00fcrt siyasi ve d\u00fc\u015f\u00fcnce tarihindeki yeri ve \u00f6nemi nedir?<\/p>\n<p><strong>\u015eerefxan\u00ea Bedlisi\u2019yi ne kadar tan\u0131d\u0131k ve \u015eerefname\u2019yi ne \u00f6l\u00e7\u00fcde ve nas\u0131l okuduk?<\/strong><\/p>\n<p>Hakk\u0131nda bug\u00fcne kadar yap\u0131lan \u00e7al\u0131\u015fmalar\u0131 de\u011ferlendirmek, yeni belge ve g\u00f6r\u00fc\u015fler \u00e7er\u00e7evesinde \u015eerefxan\u00ea Bedlisi\u2019nin hayat\u0131 ve \u00f6ld\u00fcr\u00fclmesi olay\u0131n\u0131 ele almak ve \u015eerefname\u2019yi yeniden anlamak, yorumlamak ve a\u00e7\u0131klamak amac\u0131yla\u00a0<strong>Bitlis D\u00fc\u015f\u00fcnce ve Akademik \u00c7al\u0131\u015fma Grubu<\/strong>\u00a0taraf\u0131ndan\u00a0<strong>5 A\u011fustos 2017<\/strong>\u00a0tarihinde Konferans d\u00fczenlenecektir.<\/p>\n<p>Konferans\u0131m\u0131z, bir yandan b\u00fcy\u00fck K\u00fcrt tarih\u00e7i, devlet adam\u0131 ve alimini ve onun K\u00fcrt siyasi ve d\u00fc\u015f\u00fcnce hayat\u0131nda temel kurucu rol oynayan \u015eerefnamesi\u2019nin hak etti\u011fi yer ve \u00f6nemini \u201cgeri iade\u201d etmeye; K\u00fcrt siyasi ve d\u00fc\u015f\u00fcnce ya\u015fam\u0131n\u0131n kendisini daha do\u011fru anlamas\u0131 i\u00e7in ba\u015flang\u0131\u00e7\u2019a d\u00f6nme ve \u015eerefname\u2019yi yeniden okuma ihtiyac\u0131na kar\u015f\u0131l\u0131k vermeye \u00e7al\u0131\u015facakt\u0131r.<\/p>\n<p>Bu Konferans\u0131n \u00f6nemli bir ihtiyaca cevap olaca\u011f\u0131na inanan herkesi \u00e7al\u0131\u015fmam\u0131z\u0131n bir sahibi olarak g\u00f6rmek istiyoruz.<\/p>\n<p><strong>Tebli\u011f tarihleri:\u00a024 Haziran 2017 \u2013 20 Temmuz 2017<\/strong><\/p>\n<p><strong>Tebli\u011f Kabul Bildirimi<\/strong>\u00a0:\u00a0<strong>25 Temmuz 2017<\/strong><\/p>\n<p><a href=\"http:\/\/www.bitlisname.com\/wp-content\/uploads\/2017\/06\/serefname1.jpg\"><strong>Tebli\u011f sunumu i\u00e7in kat\u0131lacaklar konu ba\u015fl\u0131\u011f\u0131, \u00f6zeti olarak 250-500 kelimeden olu\u015fan bir metni: \u00a0bitlisname@gmail.com\u00a0adresine g\u00f6ndermeleri gerekiyor.<\/strong><\/a><\/p>\n<p><strong>Tebli\u011f bildirimi i\u00e7in diller: K\u00fcrt\u00e7e,T\u00fcrk\u00e7e,\u0130ngilizce\u00a0<\/strong><a href=\"http:\/\/www.bitlisname.com\/wp-content\/uploads\/2017\/06\/serefname1.jpg\"><img loading=\"lazy\" decoding=\"async\" class=\"aligncenter size-full wp-image-2827\" src=\"http:\/\/www.bitlisname.com\/wp-content\/uploads\/2017\/06\/serefname1.jpg\" sizes=\"auto, (max-width: 927px) 100vw, 927px\" srcset=\"http:\/\/www.bitlisname.com\/wp-content\/uploads\/2017\/06\/serefname1.jpg 927w, http:\/\/www.bitlisname.com\/wp-content\/uploads\/2017\/06\/serefname1-232x300.jpg 232w, http:\/\/www.bitlisname.com\/wp-content\/uploads\/2017\/06\/serefname1-768x994.jpg 768w, http:\/\/www.bitlisname.com\/wp-content\/uploads\/2017\/06\/serefname1-791x1024.jpg 791w\" alt=\"\" width=\"927\" height=\"1200\" \/><\/a><\/p>\n","protected":false},"excerpt":{"rendered":"<p>\u015eerefxan\u00ea Bedlisi\u2019nin ya\u015fam ve d\u00fc\u015f\u00fcncesinin ve eseri \u015eerefname\u2019nin K\u00fcrt siyasi ve d\u00fc\u015f\u00fcnce tarihindeki yeri ve \u00f6nemi nedir? \u015eerefxan\u00ea Bedlisi\u2019yi ne kadar tan\u0131d\u0131k ve \u015eerefname\u2019yi ne \u00f6l\u00e7\u00fcde ve nas\u0131l okuduk? Hakk\u0131nda bug\u00fcne kadar yap\u0131lan \u00e7al\u0131\u015fmalar\u0131 de\u011ferlendirmek, yeni belge ve g\u00f6r\u00fc\u015fler \u00e7er\u00e7evesinde \u015eerefxan\u00ea Bedlisi\u2019nin hayat\u0131 ve \u00f6ld\u00fcr\u00fclmesi olay\u0131n\u0131 ele almak ve \u015eerefname\u2019yi yeniden anlamak, yorumlamak ve a\u00e7\u0131klamak &hellip;<\/p>\n","protected":false},"author":32,"featured_media":0,"comment_status":"open","ping_status":"open","sticky":false,"template":"","format":"standard","meta":{"footnotes":""},"categories":[3,299],"tags":[2219,17],"class_list":["post-15074","post","type-post","status-publish","format-standard","","category-haber","category-turkce","tag-bitlisname","tag-slide"],"_links":{"self":[{"href":"https:\/\/candname.com\/tr\/index.php?rest_route=\/wp\/v2\/posts\/15074","targetHints":{"allow":["GET"]}}],"collection":[{"href":"https:\/\/candname.com\/tr\/index.php?rest_route=\/wp\/v2\/posts"}],"about":[{"href":"https:\/\/candname.com\/tr\/index.php?rest_route=\/wp\/v2\/types\/post"}],"author":[{"embeddable":true,"href":"https:\/\/candname.com\/tr\/index.php?rest_route=\/wp\/v2\/users\/32"}],"replies":[{"embeddable":true,"href":"https:\/\/candname.com\/tr\/index.php?rest_route=%2Fwp%2Fv2%2Fcomments&post=15074"}],"version-history":[{"count":0,"href":"https:\/\/candname.com\/tr\/index.php?rest_route=\/wp\/v2\/posts\/15074\/revisions"}],"wp:attachment":[{"href":"https:\/\/candname.com\/tr\/index.php?rest_route=%2Fwp%2Fv2%2Fmedia&parent=15074"}],"wp:term":[{"taxonomy":"category","embeddable":true,"href":"https:\/\/candname.com\/tr\/index.php?rest_route=%2Fwp%2Fv2%2Fcategories&post=15074"},{"taxonomy":"post_tag","embeddable":true,"href":"https:\/\/candname.com\/tr\/index.php?rest_route=%2Fwp%2Fv2%2Ftags&post=15074"}],"curies":[{"name":"wp","href":"https:\/\/api.w.org\/{rel}","templated":true}]}}