{"id":1490,"date":"2015-11-20T22:50:15","date_gmt":"2015-11-20T20:50:15","guid":{"rendered":"http:\/\/candname.com\/?p=1490"},"modified":"2016-01-26T22:18:09","modified_gmt":"2016-01-26T20:18:09","slug":"1490","status":"publish","type":"post","link":"https:\/\/candname.com\/tr\/?p=1490","title":{"rendered":"K\u00fcrtlerin Ka\u00e7ak Radyo Dinledi\u011fi Y\u0131llar 1955"},"content":{"rendered":"<p>K\u00fcrt\u00e7enin T\u00fcrkiyede yasakl\u0131 oldu\u011fu y\u0131llarda Erivan`dan K\u00fcrt\u00e7e yay\u0131nlar yapan radyo kanal\u0131n\u0131n K\u00fcrtlerde ayr\u0131 bir yeri vard\u0131r .<\/p>\n<p>Ermenistan&#8217;\u0131n ba\u015fkenti Erivan&#8217;da 1955 y\u0131l\u0131nda K\u00fcrt\u00e7e yay\u0131n yapan bir b\u00f6l\u00fcm kurulmu\u015ftu.<\/p>\n<p>K\u00fcrtcenin adinin dahi telaffuzunun yasak oldugu d\u00f6nemlerde 2 saatlik K\u00fcrtce yayin yapan radyo kanal\u0131yd\u0131 .<\/p>\n<p>Zaman\u0131nda bu halk \u015fark\u0131lar\u0131n\u0131 dahi ka\u00e7ak dinlemi\u015fti .<br \/>\nO d\u00f6nemde \u00e7ok tutulan radyo haline gelmi\u015ftir .<\/p>\n<p>K\u00fcrtlerin kalbinde dost\u00e7a yeri olan radyo istasyonudur .<\/p>\n<p>Karapet\u00ea Xa\u00e7o, \u015eeroy\u00ea Biro, Meyrem Xan, Asl\u00eeka Qad\u00eer, Zadina \u015eakir, Efoy\u00ea Esed, Ahm\u00ea \u00c7olo, Eg\u00eet\u00ea Cimo, Aram\u00ea Tigran ve M. Ar\u00eef\u00ea Cizrew\u00ee ve daha nice dengbej ve stranbeji st\u00fcdyolar\u0131nda konuk etmi\u015flerdir bir \u00f6zelli\u011fi ise radyo yay\u0131na ba\u015flad\u0131\u011f\u0131nda ta\u015f plak gibi kay\u0131t ortamlar\u0131na sanat\u00e7\u0131lar \u00f6nceden okuma yapmad\u0131klar\u0131ndan canl\u0131 olarak enstrumanlarla s\u00f6ylerlerdi.<\/p>\n<p>B\u00f6ylece Erivan Radyosu, da\u011f\u0131lm\u0131\u015f olan K\u00fcrt halk\u0131n\u0131n, yar\u0131m asr\u0131 a\u015fk\u0131n ortak sesi, ortak dili ve tesellisi olmay\u0131 ba\u015far\u0131p g\u00fcn\u00fcm\u00fczde tarihsel de\u011fere haiz bir konum ald\u0131.<\/p>\n<p>Bu \u015fekilde, k\u00f6y misafir odalar\u0131n\u0131n en se\u00e7kin k\u00f6\u015fesine yerle\u015ftirilen ecnebi mal\u0131 ah\u015fap kaplamal\u0131 pille \u00e7al\u0131\u015f\u0131r kocaman radyolar, yar\u0131m asr\u0131 a\u015fk\u0131n K\u00fcrt\u00e7e yay\u0131n yapan Erivan Radyosu (Radyona Rewan\u00ea)&#8217;nun istasyonuna kilitlenip durdu. Varl\u0131kl\u0131 ve imtiyaz sahibi ki\u015filerin y\u00fckl\u00fc paralar \u00f6deyerek sat\u0131n alabildikleri bu radyolardan K\u00fcrt\u00e7e haberler, klamlar, stranlar, i\u015fitsel tiyatro ve hikayeler dinlemek adeta bir ayr\u0131cal\u0131k say\u0131l\u0131rd\u0131.<img decoding=\"async\" src=\"http:\/\/www.kurtkulturu.com\/IcerikResimleri\/erivan-radyosu-GCHTXBBKOJ.jpg\" alt=\"\" \/><\/p>\n<p>Sonras\u0131nda st\u00fcyoda toplanan kay\u0131tlar ar\u015fivlendi\u011finde baya bir ar\u015fiv \u00e7\u0131km\u0131\u015ft\u0131r. radyonun genel direkt\u00f6r\u00fc armen amirian&#8217;\u0131n verdi\u011fi bilgiye g\u00f6re d\u00fcnyan\u0131n en \u00f6nemli k\u00fcrt\u00e7e m\u00fczik ar\u015fivlerinden birine sahipler ve bununla gurur duyuyorlar. 1500&#8217;den fazla kasette ve ta\u015f plakta kay\u0131tl\u0131 beste ve anonim eserlerin bir\u00e7o\u011fu ilk ve son kez erivan radyosu&#8217;nda kaydedilmi\u015f ve saklanm\u0131\u015f&#8230;<\/p>\n<p><img decoding=\"async\" class=\"alignright\" src=\"https:\/\/encrypted-tbn0.gstatic.com\/images?q=tbn:ANd9GcSvTaj037QjOTFCI1gmXjrPzEwTtWHGeVabz5ftB7LmOXzfSL1L\" alt=\"\" \/><\/p>\n<p>\u0130\u00e7 Anadolu&#8217;lu K\u00fcrtlerin dinleyebilmek i\u00e7in ileri teknolojik \u00e7\u00f6z\u00fcmler \u00fcretmek zorunda kald\u0131\u011f\u0131 efsanevi radyo.<br \/>\nK\u00fcrt k\u00fclt\u00fcr\u00fcn\u00fcn ye\u015fertilmesi i\u00e7in Erivan Radyosu&#8217;na K\u00fcrt\u00e7e yay\u0131n saatleri verilmi\u015ftir.<br \/>\nO d\u00f6nemde \u0130ran&#8217;da da bir radyo K\u00fcrt\u00e7e yay\u0131n yapt\u0131\u011f\u0131 halde, Arap k\u00fclt\u00fcr\u00fcne meyletmesi nedeniyle K\u00fcrtler Erivan radyosunu tercih etmi\u015ftir.<br \/>\nKawis aga gibi de\u011ferli sanat\u00e7\u0131lar\u0131 dinleme f\u0131rsat\u0131 sa\u011flam\u0131\u015ft\u0131r.<\/p>\n<p>Koca bir k\u00f6yde en fazla iki tane radyo bulunurdu. Erivan Radyosu&#8217;nun K\u00fcrt\u00e7e haber yay\u0131n saatinde radyonun bulundu\u011fu ev her gece t\u0131kl\u0131m t\u0131kl\u0131m misafir dolup ta\u015fard\u0131. Sadece evin sayg\u0131n reisinin kumanda edebildi\u011fi radyonun o kesme \u015fekere benzer s\u0131ral\u0131 d\u00fc\u011fmelerinden biri olan a\u00e7ma tu\u015funa bas\u0131ld\u0131\u011f\u0131nda; g\u0131rtlaktan gelen tok sesiyle spiker, Kerem\u00ea Seyad ile Gulizera Cas\u0131m&#8217;\u0131n sesi i\u015fitilmeye ba\u015flard\u0131. Ermenistan&#8217;da ya\u015fayan K\u00fcrtlerin konu\u015ftu\u011fu Serhat \u015fivesiyle haberleri sunmaya ba\u015flayan bu spikerler, &#8216;Erivan xeberdide, guhdar\u00ean eziz, naha bib\u00eez\u0131n deng u behs\u00ean teze&#8217; (Erivan Radyosu haberleri sunar, de\u011ferli dinleyiciler \u015fimdi yeni haberler dinleyeceksiniz) c\u00fcmlesi radyoda okununca onlarca insan\u0131n dolu\u015ftu\u011fu oda adeta sessizli\u011fe g\u00f6m\u00fcl\u00fcrd\u00fc. Bazen Azniva Re\u015fit, bazen S\u00eavaza Evdo, bazen de Lusika H\u00fcseyn isimli kad\u0131n spikerler periyodik olarak haber sunumunda e\u015flik ederdi Kerem\u00ea Seyad&#8217;a. Ama her zaman Kerem\u00ea Seyad, o K\u00fcrt g\u0131rtla\u011f\u0131yla sundu\u011fu d\u00fcnya haberlerini y\u0131llar boyu evimizin i\u00e7ine kadar ta\u015f\u0131d\u0131, hem de zengin b\u00fcltenleriyle.<\/p>\n<p>Erivan Radyosu, kurulu\u015fundan g\u00fcn\u00fcm\u00fcze dek, gerek m\u00fczik arac\u0131l\u0131\u011f\u0131yla gerekse kimliksel ayd\u0131nlanma ama\u00e7l\u0131 programlarla K\u00fcrt ulusal bilin\u00e7 ve k\u00fclt\u00fcr\u00fcn\u00fcn daha da berrakla\u015fmas\u0131namaksimum katk\u0131 sundu. Ne yaz\u0131k ki son y\u0131llarda ekonomik yetersizlikten \u00f6t\u00fcr\u00fc, Erivan Radyosu&#8217;nun iki saatlik yay\u0131n s\u00fcresi yar\u0131m saate indirildi. Ekonomik yetersizliklere ra\u011fmen, yine de radyoyu ayakta tutmaya gayret eden b\u00fcy\u00fck emektar spiker Kerem\u00ea Seyad&#8217;\u0131n bu konudaki \u00e7\u0131\u011fl\u0131\u011f\u0131, Bilur ve F\u00eeq&#8217;in sesini bask\u0131layacak kadar h\u00fcz\u00fcnle yank\u0131lanmaktad\u0131r!<\/p>\n","protected":false},"excerpt":{"rendered":"<p>K\u00fcrt\u00e7enin T\u00fcrkiyede yasakl\u0131 oldu\u011fu y\u0131llarda Erivan`dan K\u00fcrt\u00e7e yay\u0131nlar yapan radyo kanal\u0131n\u0131n K\u00fcrtlerde ayr\u0131 bir yeri vard\u0131r . Ermenistan&#8217;\u0131n ba\u015fkenti Erivan&#8217;da 1955 y\u0131l\u0131nda K\u00fcrt\u00e7e yay\u0131n yapan bir b\u00f6l\u00fcm kurulmu\u015ftu. K\u00fcrtcenin adinin dahi telaffuzunun yasak oldugu d\u00f6nemlerde 2 saatlik K\u00fcrtce yayin yapan radyo kanal\u0131yd\u0131 . Zaman\u0131nda bu halk \u015fark\u0131lar\u0131n\u0131 dahi ka\u00e7ak dinlemi\u015fti . O d\u00f6nemde \u00e7ok tutulan &hellip;<\/p>\n","protected":false},"author":2,"featured_media":0,"comment_status":"open","ping_status":"open","sticky":false,"template":"","format":"standard","meta":{"footnotes":""},"categories":[103,107,71],"tags":[433,435,431,117,434,432,17],"class_list":["post-1490","post","type-post","status-publish","format-standard","","category-kultur","category-sinema","category-video-galerisi","tag-basinda","tag-dil","tag-erivan","tag-kurtler","tag-odalar","tag-radyosu","tag-slide"],"_links":{"self":[{"href":"https:\/\/candname.com\/tr\/index.php?rest_route=\/wp\/v2\/posts\/1490","targetHints":{"allow":["GET"]}}],"collection":[{"href":"https:\/\/candname.com\/tr\/index.php?rest_route=\/wp\/v2\/posts"}],"about":[{"href":"https:\/\/candname.com\/tr\/index.php?rest_route=\/wp\/v2\/types\/post"}],"author":[{"embeddable":true,"href":"https:\/\/candname.com\/tr\/index.php?rest_route=\/wp\/v2\/users\/2"}],"replies":[{"embeddable":true,"href":"https:\/\/candname.com\/tr\/index.php?rest_route=%2Fwp%2Fv2%2Fcomments&post=1490"}],"version-history":[{"count":0,"href":"https:\/\/candname.com\/tr\/index.php?rest_route=\/wp\/v2\/posts\/1490\/revisions"}],"wp:attachment":[{"href":"https:\/\/candname.com\/tr\/index.php?rest_route=%2Fwp%2Fv2%2Fmedia&parent=1490"}],"wp:term":[{"taxonomy":"category","embeddable":true,"href":"https:\/\/candname.com\/tr\/index.php?rest_route=%2Fwp%2Fv2%2Fcategories&post=1490"},{"taxonomy":"post_tag","embeddable":true,"href":"https:\/\/candname.com\/tr\/index.php?rest_route=%2Fwp%2Fv2%2Ftags&post=1490"}],"curies":[{"name":"wp","href":"https:\/\/api.w.org\/{rel}","templated":true}]}}