{"id":13427,"date":"2017-02-21T18:00:48","date_gmt":"2017-02-21T16:00:48","guid":{"rendered":"http:\/\/candname.com\/?p=13427"},"modified":"2018-10-15T10:43:00","modified_gmt":"2018-10-15T07:43:00","slug":"dilini-ne-kadar-biliyorsun","status":"publish","type":"post","link":"https:\/\/candname.com\/tr\/?p=13427","title":{"rendered":"Dilini Ne Kadar Biliyorsun?"},"content":{"rendered":"<p><strong>D\u0130L\u0130N\u0130 (K\u00dcRT\u00c7E) B\u0130L\u0130YOR MUSUN?<\/strong><\/p>\n<p>Her birimiz \u00fc\u00e7 a\u015fa\u011f\u0131 be\u015f yukar\u0131 K\u00fcrt\u00e7e konu\u015fabiliyoruz. G\u00fcndelik hayat\u0131m\u0131zda; \u00a0ailemizle, arkada\u015flar\u0131m\u0131zla k\u0131sacas\u0131 yak\u0131n \u00e7evremizle anla\u015fabilecek kadar, zorunlu kald\u0131\u011f\u0131m\u0131zda K\u00fcrt\u00e7e konu\u015fuyoruz o da anla\u015fabilecek kadar. \u0130\u015fte bu da, demek olmuyor ki K\u00fcrt\u00e7e yi tam olarak biliyor, okuyor ve yaz\u0131yoruz. Sadece anla\u015fma, uzla\u015fma ve benzeri durumlar i\u00e7in k\u00fc\u00e7\u00fck bir s\u00f6yle\u015fi o kadar bizimki.<\/p>\n<p>Bize soruldu\u011funda ise, hepimiz bilgin kesiliriz \u201ctabi, ben K\u00fcrt\u00e7e biliyorum ne gerek var daha fazlas\u0131n\u0131 \u00f6\u011frenmeye\u201d diye ba\u015flayan c\u00fcmlelerle kar\u015f\u0131m\u0131zdakine cevap veririz. Daha iyi \u00f6\u011frenmek ister misin? Sorusuna kar\u015f\u0131l\u0131k ise de; &#8220;gerek yok&#8221; deriz utanmadan. Bu duruma binaen kar\u015f\u0131m\u0131zdaki ki\u015fi, peki der; &#8220;\u015fu kelimenin K\u00fcrt\u00e7e\u2019si nedir, ya da \u015fu kelimenin K\u00fcrt\u00e7e kar\u015f\u0131l\u0131\u011f\u0131 nedir?&#8221; diye sorar. biz de bu soru kar\u015f\u0131s\u0131nda \u00f6nce biraz afallar sonra hatay\u0131 K\u00fcrt\u00e7e\u2019de buluruz.\u00a0 \u201co da ne demekmi\u015f, b\u00f6yle bir kelime K\u00fcrt\u00e7e\u2019de yok, bunlar hep sonradan girdi dilimize\u201d deriz. Yine hi\u00e7 utanmadan.<\/p>\n<p>\u0130\u015fin asl\u0131 \u00f6yle de\u011fil maalesef. Bizler dili iyi bilmiyoruz. Soruyorum kendime ve sizlere, ka\u00e7\u0131m\u0131z K\u00fcrt\u00e7e bir tv\u2019nin kar\u015f\u0131s\u0131nda oturdu\u011fu zaman bir haberi veya herhangi bir program\u0131 \u00a0tam\u00a0 anlam\u0131yla anl\u0131yor veya yay\u0131mlanm\u0131\u015f bir kitab\u0131 ka\u00e7\u0131m\u0131z al\u0131p okuyabiliyor? Bunu da ge\u00e7tim; internette payla\u015f\u0131lm\u0131\u015f K\u00fcr\u00e7te bir s\u00f6z\u00fc veya yaz\u0131y\u0131 ka\u00e7\u0131m\u0131z y\u00fczde y\u00fcz anlayabiliyor.\u00a0 B\u00fcy\u00fck ihtimalle bu t\u00fcr bir durum kar\u015f\u0131s\u0131nda K\u00fcrt\u00e7e\u2019yi hep pas ge\u00e7mi\u015fizdir. Ne ac\u0131 bir tablo de\u011fil mi? \u00a0\u0130\u015fte bu ve bunun gibi daha bir s\u00fcr\u00fc \u015fey. Mesela bu yaz\u0131y\u0131 da K\u00fcrt\u00e7e yazamam\u0131\u015f olmam da yukar\u0131da bahsetti\u011fim durumun ay\u0131p bir sunucudur, kendi ad\u0131ma.<\/p>\n<p>Bilmiyoruz maalesef ana dilimizi, art\u0131k bunun bilincine varmam\u0131z gerek.\u00a0Bilmedi\u011fmizi bilerek \u00f6\u011frenmek ve anlamak i\u00e7in biraz \u00e7aba sarfetmemizin zaman\u0131 gelmi\u015ftir bence. Ba\u015fka dillere ve ba\u015fka k\u00fclt\u00fcrlere olan ilgi alakam\u0131z\u0131n yar\u0131s\u0131n\u0131 dilimize g\u00f6sterirsek, inan\u0131n ba\u015farabiliriz. Tabiki di\u011fer dilleri de \u00f6\u011frenmek gerek ama \u00f6ncelik ana dilimiz&#8230;<\/p>\n<p>S\u00f6z\u00fcme bir atas\u00f6z\u00fcm\u00fczle bitirmek istiyorum\u2026<\/p>\n<p>&#8220;Dar li ser koka xwe \u015f\u00ean dibe.(Gotina P\u00ea\u015f\u00eeyan)&#8221;<\/p>\n<p>&#8220;A\u011fa\u00e7 kendi k\u00f6k\u00fc \u00fczerinde ye\u015ferir. (Atas\u00f6z\u00fc)&#8221;<\/p>\n<p>&nbsp;<\/p>\n<p><strong>Ay\u015fe G\u00dcL-kurtdiliedebiyati.com<\/strong><\/p>\n","protected":false},"excerpt":{"rendered":"<p>D\u0130L\u0130N\u0130 (K\u00dcRT\u00c7E) B\u0130L\u0130YOR MUSUN? Her birimiz \u00fc\u00e7 a\u015fa\u011f\u0131 be\u015f yukar\u0131 K\u00fcrt\u00e7e konu\u015fabiliyoruz. G\u00fcndelik hayat\u0131m\u0131zda; \u00a0ailemizle, arkada\u015flar\u0131m\u0131zla k\u0131sacas\u0131 yak\u0131n \u00e7evremizle anla\u015fabilecek kadar, zorunlu kald\u0131\u011f\u0131m\u0131zda K\u00fcrt\u00e7e konu\u015fuyoruz o da anla\u015fabilecek kadar. \u0130\u015fte bu da, demek olmuyor ki K\u00fcrt\u00e7e yi tam olarak biliyor, okuyor ve yaz\u0131yoruz. Sadece anla\u015fma, uzla\u015fma ve benzeri durumlar i\u00e7in k\u00fc\u00e7\u00fck bir s\u00f6yle\u015fi o kadar &hellip;<\/p>\n","protected":false},"author":32,"featured_media":0,"comment_status":"open","ping_status":"open","sticky":false,"template":"","format":"standard","meta":{"footnotes":""},"categories":[5371],"tags":[4113,17],"class_list":["post-13427","post","type-post","status-publish","format-standard","","category-alinti-yazilar","tag-anadili","tag-slide"],"_links":{"self":[{"href":"https:\/\/candname.com\/tr\/index.php?rest_route=\/wp\/v2\/posts\/13427","targetHints":{"allow":["GET"]}}],"collection":[{"href":"https:\/\/candname.com\/tr\/index.php?rest_route=\/wp\/v2\/posts"}],"about":[{"href":"https:\/\/candname.com\/tr\/index.php?rest_route=\/wp\/v2\/types\/post"}],"author":[{"embeddable":true,"href":"https:\/\/candname.com\/tr\/index.php?rest_route=\/wp\/v2\/users\/32"}],"replies":[{"embeddable":true,"href":"https:\/\/candname.com\/tr\/index.php?rest_route=%2Fwp%2Fv2%2Fcomments&post=13427"}],"version-history":[{"count":0,"href":"https:\/\/candname.com\/tr\/index.php?rest_route=\/wp\/v2\/posts\/13427\/revisions"}],"wp:attachment":[{"href":"https:\/\/candname.com\/tr\/index.php?rest_route=%2Fwp%2Fv2%2Fmedia&parent=13427"}],"wp:term":[{"taxonomy":"category","embeddable":true,"href":"https:\/\/candname.com\/tr\/index.php?rest_route=%2Fwp%2Fv2%2Fcategories&post=13427"},{"taxonomy":"post_tag","embeddable":true,"href":"https:\/\/candname.com\/tr\/index.php?rest_route=%2Fwp%2Fv2%2Ftags&post=13427"}],"curies":[{"name":"wp","href":"https:\/\/api.w.org\/{rel}","templated":true}]}}