{"id":12951,"date":"2017-01-12T08:00:03","date_gmt":"2017-01-12T06:00:03","guid":{"rendered":"http:\/\/candname.com\/?p=12951"},"modified":"2017-01-06T09:59:11","modified_gmt":"2017-01-06T07:59:11","slug":"kerkuk-ve-germiyan-sorunlari","status":"publish","type":"post","link":"https:\/\/candname.com\/tr\/?p=12951","title":{"rendered":"Kerk\u00fck ve Germiyan Sorunlar\u0131"},"content":{"rendered":"<p>Karwan dergisi K\u00fcrdistan\u2019a d\u00f6nen, b\u00fcy\u00fck K\u00fcrd dilbilimcisi ve tarih\u00e7i Dr. Cemal Re\u015fidle yapt\u0131\u011f\u0131 s\u00f6yle\u015fiyi yay\u0131nl\u0131yoruz.<\/p>\n<p><strong>\u00a0<\/strong><\/p>\n<p><strong>Soru:<\/strong>\u00a0<strong>ilk \u00f6nce ni\u00e7in K\u00fcrdistana geri d\u00f6nd\u00fcn\u00fcz ve \u00fclkede var olan sorunlar\u0131n \u00e7\u00f6z\u00fcm\u00fc i\u00e7in nas\u0131l bir rol oynamak istiyorsunuz?<\/strong><\/p>\n<p>&nbsp;<\/p>\n<p><strong>Cemal Re\u015fid:<\/strong>\u00a0Benim geri d\u00f6nmemin iki nedeni vard\u0131r: Birincisi, Kerk\u00fck mahalli se\u00e7imlerine kat\u0131l\u0131p, oy kullanmakt\u0131r. Ben kendim Kerk\u00fck\u00fcy\u00fcm, Kerk\u00fck\u2019te do\u011fdum. Ayn\u0131 zamanda ben kraliyet ve cumhuriyet d\u00f6nemlerini ya\u015f\u0131yan biri olarak, Kerk\u00fck\u2019te ya\u015fanan sorunlar\u0131n nedenlerini ve sonu\u00e7lar\u0131n\u0131 \u00e7ok iyi biliyorum.<\/p>\n<p>&nbsp;<\/p>\n<p>Geli\u015fimin ikinci nedeni ise\u00a0<strong>\u201eZuhur El Kurd Fi Tarix<\/strong>\u201c adl\u0131 kitab\u0131m\u0131n \u00fc\u00e7\u00fcnc\u00fc b\u00f6l\u00fcm\u00fcn\u00fc yay\u0131nlamak i\u00e7in geldim. Umut ederim ki \u00f6n\u00fcm\u00fczdeki ay yay\u0131na haz\u0131r olur ve yay\u0131nlan\u0131r.<\/p>\n<p>&nbsp;<\/p>\n<p><strong>Soru: Ku\u015fkusuz Kerk\u00fckl\u00fc bir K\u00fcrd olarak se\u00e7imlere kat\u0131ld\u0131n\u0131z ve oy kulland\u0131n\u0131z. Sizin genel olarak Kerk\u00fck se\u00e7imlerine ili\u015fkin d\u00fc\u015f\u00fcnceleriniz nelerdir?<\/strong><\/p>\n<p><strong>\u00a0<\/strong><\/p>\n<p><strong>Cemal Re\u015fid:<\/strong>\u00a0Ben 1957 tarihinde Kerk\u00fck\u2019te yap\u0131lan n\u00fcfus say\u0131m\u0131nda g\u00f6revliydim. Ben K\u00fcrdlere kendi ulusal kimliklerini, dillerini ve k\u00fclt\u00fcrlerini yazmalar\u0131 konusunda yard\u0131mc\u0131 oldum. Fakat, K\u00fcrdlerin d\u0131\u015f\u0131nda baz\u0131 \u00e7evreler, K\u00fcrdlerin bir \u00e7o\u011funu T\u00fcrkmen olarak yaz\u0131yorlard\u0131. Ben bu geli\u015fmelerden haberdard\u0131m. Siz kendinizde bundan s\u00f6z ediyorsunuz. Buna ra\u011fmen o d\u00f6nem eyalet olan Kerk\u00fck\u2019\u00fcn co\u011funlu\u011fu K\u00fcrdlerden olu\u015fuyordu. E\u011fer \u00c7em\u00e7emal, Xurmatu, \u015fiwan vb alanlar Kerk\u00fck\u2019e ba\u011flansa se\u00e7imler yap\u0131ld\u0131\u011f\u0131nda K\u00fcrdler,her zaman b\u00f6lgede ezici \u00e7ogunlugu olu\u015ftururlar. Burada bir tarih\u00e7i olarak bir ger\u00e7ekli\u011fi ifade etmek istiyorum. Bunu bir K\u00fcrd oldu\u011fumdan dolay\u0131 de\u011fil, bir ara\u015ft\u0131rmac\u0131 olarak ve bu konuyla ilgili ara\u015ft\u0131rma yapt\u0131\u011f\u0131mdan dolay\u0131 s\u00f6yleyebilirim ki, Kerk\u00fck ve Kerk\u00fck\u2019\u00fcn a\u015fa\u011f\u0131s\u0131 yada Germ\u00eeyan denilen b\u00f6lge K\u00fcrdistan \u00fclkesinin \u00f6nemli bir b\u00f6lgesidir. Tarihte T\u00fcrkmenlerin ve Araplar\u0131n Germ\u00eeyan\u2019da ortaya \u00e7ikmalar\u0131, 16.c\u0131 y\u00fczy\u0131lda \u015fah Abbas\u2019\u0131n emirleri neticesinde K\u00fcrdlerin T\u00fcrkmenistan\u2019da ortaya \u00e7\u0131kmalar\u0131na benzer. Timurleng\u2019in ferman\u0131 neticesinde T\u00fcrkmenlerde G\u00fcney K\u00fcrdistan\u2019da ortaya \u00e7\u0131kmaya ba\u015flad\u0131lar.. Bu durum K\u00fcrdistan\u2019\u0131n T\u00fcrkmenistan, T\u00fcrkmenistan\u2019\u0131n ise K\u00fcrdistan oldu\u011fu anlam\u0131na gelmiyor.\u00a0Ba\u015fka bir ifadeyle, nas\u0131l biz K\u00fcrdistandan oraya giden K\u00fcrdlerden dolay\u0131 T\u00fcrkmenistana K\u00fcrdistan demiyorsak, T\u00fcrkmenistandan buraya gelen T\u00fcrkmenlerden dolay\u0131da K\u00fcrdistana T\u00fcrkmenistan denilemez.. Bundan dolay\u0131 T\u00fcrkmen karde\u015flerimiz, dar ulusal bak\u0131\u015f a\u00e7\u0131s\u0131yla de\u011fil, bilimsel bir yakla\u015f\u0131mla tarihsel ger\u00e7ekler bakmal\u0131lar. Osmanl\u0131lar y\u00f6netiminde olan her alan T\u00fcrklere aittir, manti\u011f\u0131ndan kurtulmak gerekir. E\u011fer bu perspektif do\u011fru olsa, Selahadin ve Eyubi K\u00fcrdleri M\u0131s\u0131r ve Suriye\u2019yi y\u00f6netmi\u015f oldu\u011fundan dolay\u0131, M\u0131s\u0131r ve Suriye\u2019ye K\u00fcrdistan yada K\u00fcrdlerin \u00fclkesi demek gerekirdi yada bu alanlar siyasal y\u00f6netimi \u00fczerine tarihsel hak iddias\u0131ndan bulunabilinirdi. Ben K\u00fcrdlerin Kerk\u00fck\u2019te oy kullanmas\u0131 meselesini, var olan tarihsel ger\u00e7ekli\u011fin ve Kerk\u00fck\u2019\u00fcn K\u00fcrdistanl\u0131\u011f\u0131n\u0131 yeniden onaylama anlam\u0131na geldi\u011fine inan\u0131yordum. Bundan dolay\u0131, Kerk\u00fck\u2019e giderek oy kullanmay\u0131 hakk\u0131m olarak g\u00f6rd\u00fcm..<\/p>\n<p><strong>\u00a0<\/strong><\/p>\n<p><strong>Soru: Tarihsel ve co\u011frafi olarak Kerk\u00fck\u2019\u00fcn bir K\u00fcrd ve K\u00fcrdistan \u015fehri oldu\u011funa a\u00e7\u0131kt\u0131r. Buna dair ne gibi belgeler var?<\/strong><\/p>\n<p><strong>\u00a0<\/strong><\/p>\n<p><strong>Cemal Re\u015fid:<\/strong>\u00a0Osmanl\u0131lar\u0131n\u00a0<strong>Qamus El Alem<\/strong>\u00a0g\u00fcvenilir bir kaynakt\u0131r. Bunu yazan \u015femsedin Sami bir Arnavuttur, ne K\u00fcrd nede T\u00fcrkt\u00fcr. \u015eemsedin Sami diyorki: \u201e<strong>Kerk\u00fck, K\u00fcrdistan\u2019da \u015farezur sanca\u011f\u0131n\u0131n merkezidir\u201c<\/strong>.. \u00c7oktan beri benim aray\u0131\u015f\u0131m Kerk\u00fck i\u00e7in de\u011fil, K\u00fcrdistan i\u00e7indir. T\u00fcm G\u00fcney K\u00fcrdistan\u2019\u0131 Irak\u2019a ba\u011flad\u0131lar. Sorun sadece Kerk\u00fck de\u011fil, Irak\u2019\u0131n bir par\u00e7as\u0131 haline getirilen ve baz\u0131 Arap \u00e7evrelerin tan\u0131mak istemed\u0131\u011fi K\u00fcrd \u00fclkesi olan t\u00fcm G\u00fcney K\u00fcrdistand\u0131r.<\/p>\n<p>&nbsp;<\/p>\n<p><strong>Soru: \u00c7esitli halklar\u0131n birlikte ya\u015fad\u0131\u011f\u0131 Kerk\u00fck\u2019\u00fc nas\u0131l de\u011ferlendiriyorsunuz?<\/strong><\/p>\n<p><strong>\u00a0<\/strong><\/p>\n<p><strong>Cemal Re\u015fid:<\/strong>\u00a0Bunlar do\u011fru de\u011fil.Ben bu anlay\u0131\u015fta de\u011filim. hak sahibine geri d\u00f6nmelidir. Kerk\u00fck\u2019\u00fc, G\u00fcney K\u00fcrdistanla birlikte Irak\u2019a ba\u011flad\u0131klar\u0131 zaman ve 1919\u2019da Britanya\u2019n\u0131n Irak yetkilisi olan Arnold Wilson an\u0131lar\u0131nda \u015f\u00f6yle diyor:\u00a0<strong>\u201c E\u011fer biz Chorchil\u2019in ba\u015fkanl\u0131\u011f\u0131nda yap\u0131lan Kahire toplant\u0131s\u0131na g\u00f6re bir K\u00fcrd h\u00fck\u00fcmeti yada K\u00fcrdistan h\u00fck\u00fcmetini kurarsak 36.c\u0131 parelelin yukar\u0131s\u0131nda, yan\u0131 K\u00fc\u00e7\u00fck Zap\u2019\u0131n yukar\u0131s\u0131nda olmal\u0131d\u0131r. Yani,Kerk\u00fck i\u00e7inde olmas\u0131n. Nedeni ise e\u011fer biz Irak\u2019ta bir Irak h\u00fck\u00fcmetini kurmak istiyorsak, Kerk\u00fck petrolleri olmadan ya\u015fiyamaz\u201c \u2026<\/strong><\/p>\n<p>&nbsp;<\/p>\n<p>Buda g\u00f6steriyor ki, Kerk\u00fck K\u00fcrdistandan, demografik nedenlerden dolay\u0131 de\u011fil, petrolden dolay\u0131 kopar\u0131lm\u0131\u015ft\u0131r. E\u011fer Britanya bu sonucu yaratm\u0131\u015fsa, biz buna g\u00f6zlerimizi kapatamay\u0131z. Ger\u00e7ekler, Kerk\u00fck\u2019\u00fcn K\u00fcrdistan\u2019\u0131n bir par\u00e7as\u0131 oldu\u011funu, Osmanl\u0131 devletinin da\u011f\u0131lmas\u0131ndan ve payla\u015f\u0131lmas\u0131ndan sonra antla\u015fmalar\u0131n etki alan\u0131na girdi\u011fidir.<\/p>\n<p>&nbsp;<\/p>\n<p><strong>Soru: A\u00e7\u0131kt\u0131r ki, se\u00e7ilen gelecek Irak h\u00fck\u00fcmetinin g\u00f6revi Anayasay\u0131 haz\u0131rlamakt\u0131r. Biz, sizin s\u00f6z\u00fc etti\u011finiz ger\u00e7eklerin prati\u011fe aktar\u0131lmas\u0131 i\u00e7in ne yapmal\u0131y\u0131z?<\/strong><\/p>\n<p>&nbsp;<\/p>\n<p><strong>Cemal Re\u015fid:<\/strong>\u00a0Bana g\u00f6re en \u00f6nemli \u015fey, bizim particilik de\u011fil, idari ve K\u00fcrdistani olarak d\u00fc\u015f\u00fcnmeliyiz. Hatta sorun siyasi bile de\u011fil, tarihi bir ger\u00e7ek olarak hata kabul edemeyecek bir kader sorunudur. Biz K\u00fcrdistan\u2019da resmi bir komisyon kurmal\u0131y\u0131z. \u00c7\u00fcnk\u00fc,\u2028 milletin bilim adamlar\u0131ndan, tarih\u00e7i ve diplomatlardan olu\u015fan bir komisyonu vard\u0131r. \u00d6rne\u011fin, Filistinliler kendi haklar\u0131n\u0131n savunmak amac\u0131yla Kud\u00fcs\u2019da bir komisyon kurmu\u015flar. K\u00fcrdler de Arap siyasileriyle oturup Kerk\u00fck\u2019\u00fcn K\u00fcrdistani olup olmad\u0131\u011f\u0131 tart\u0131\u015fmalar\u0131ndan ziyade, Kerk\u00fck meselesini g\u00fcndeme getirmek ve \u00e7\u00f6zmek i\u00e7in bir komisyon olu\u015fturmal\u0131d\u0131r. \u00c7\u00fcnk\u00fc, ben hi\u00e7 bir zaman onlar\u0131n ger\u00e7e\u011fi kabul edeceklerine inanm\u0131yorum. Onlar, Kerk\u00fck\u2019\u00fcn K\u00fcrdistan\u2019\u0131n bir \u015fehri oldu\u011funu tan\u0131mazlar. Bu yaln\u0131zca Kerk\u00fck i\u00e7in de\u011fil, K\u00fcrdistan\u2019\u0131n dahi onlar\u0131n g\u00f6z\u00fcnde varl\u0131\u011f\u0131 yoktur. Bizim Arap siyasileriyle ya\u015fad\u0131\u011f\u0131m\u0131z b\u00fcy\u00fck tecr\u00fcbelerimiz var. Bundan dolay\u0131 bizler Kerk\u00fck\u2019\u00fc ele ge\u00e7irmek i\u00e7in \u00e7al\u0131\u015fmaliyiz. Bunu kim yapacak? Ku\u015fkusuz herkesten \u00f6nce Kerk\u00fckl\u00fcler bunu yapmal\u0131d\u0131r.<\/p>\n<p>&nbsp;<\/p>\n<p>&nbsp;<\/p>\n<p>\u00c7\u00fcnk\u00fc, g\u00fcn insan haklar\u0131n\u0131 seslendirme g\u00fcn\u00fcd\u00fcr. \u00d6rnek olarak ben Kerk\u00fckl\u00fcy\u00fcm, \u015fehrimden zorla \u00e7\u0131kar\u0131ld\u0131m. Ben \u015fehrin ve idaresinin benim olmas\u0131n\u0131 istiyorum. \u00c7\u00fcnk\u00fc eskide \u015fehir hepsi K\u00fcrdlerden olu\u015fuyordu. \u00d6rnek vermek gerekirse, eskide Vali, Belediye Ba\u015fkan\u0131 ve Emniyet Genel M\u00fcd\u00fcrleri hepsi K\u00fcrd uyrukluydu. Abdulkerim Kas\u0131m d\u00f6neminden ba\u015flayarak, hepsini de\u011fi\u015ftirdiler ve ne kadar Arap \u0131rk\u00e7\u0131s\u0131 varsa Kerk\u00fck\u2019te bu g\u00f6revlere atad\u0131lar.\u2028Kerk\u00fck\u2019\u00fc arapla\u015ft\u0131rmaya ba\u015flad\u0131lar. Kerk\u00fck\u2019\u00fcn nas\u0131l arapla\u015ft\u0131r\u0131ld\u0131\u011f\u0131na dair bende bir \u00e7ok belge var. Ne yap\u0131ld\u0131\u011f\u0131na dair bendeki belgeler, duyduklar\u0131m ve benim tan\u0131k oldu\u011fum ger\u00e7ekler var.<\/p>\n<p>&nbsp;<\/p>\n<p>1961 Eyl\u00fcl Devriminin ba\u015flamas\u0131ndan sonra, Kerk\u00fck K\u00fcrd mahalelerinin suyu kesildi ve hi\u00e7 bir zaman \u00e7\u00f6z\u00fclmek istenmedi.. Buda K\u00fcrdlere kar\u015f\u0131 bir d\u00fc\u015fmanl\u0131kt\u0131. \u00c7\u00fcnk\u00fc su olmasa, yeniden yap\u0131lanma olmaz. Orada bulunan yerli halkta \u00e7eker gider.<\/p>\n<p>&nbsp;<\/p>\n<p><strong>Soru: Baz\u0131lar\u0131na g\u00f6re 58.ci maddenin uygulanmas\u0131 Kerk\u00fck\u2019te ya\u015fiyan di\u011fer halklar\u0131n aleyhine bir K\u00fcrdle\u015ftirme olay\u0131d\u0131r. Siz bu soruna ili\u015fkin nas\u0131l d\u00fc\u015f\u00fcn\u00fcyorsunuz?<\/strong><\/p>\n<p><strong>Cemal Re\u015fid:<\/strong>\u00a0Ger\u00e7e\u011fe d\u00f6nmek gerekirse, prensip olarak iktidarda bulunanlar\u0131 d\u00fc\u015f\u00fcrmek pek \u00f6nemli de\u011fildir. Siyasi prensipler \u00f6nemli olan, ge\u00e7mi\u015fte iktidarlar\u0131n ortaya sergiledikleri pratikleri yok etmektir. Amerika ve Irak halklar\u0131 Saddam y\u00f6netimini ortadan kald\u0131rabildiler. Ama, Saddam rejiminin yapt\u0131klar\u0131 h\u00e2l\u00e2 devam ediyor. Saddam\u2019\u0131n y\u0131k\u0131lmas\u0131ndan sonra, yapt\u0131klar\u0131 her \u015fey ge\u00e7ers\u0131z k\u0131l\u0131nmal\u0131yd\u0131.\u00a0<strong>Xurmatu, \u00c7em\u00e7emal, Kifr\u00ee ve \u015eiwan Kerk\u00fck\u2019e yeniden ba\u015flanmal\u0131yd\u0131.<\/strong>\u00a0Bu b\u00f6lgelerin yeniden Kerk\u00fck\u2019e ba\u011flanmas\u0131 i\u00e7in Araplara y\u00f6nelik bir beklenti i\u00e7inde olmamal\u0131y\u0131z. Kendimi ortaya koymal\u0131y\u0131m ki, ben bir insan\u0131m, bu topraklarda do\u011fdum ve hakk\u0131m var. O kadar. Kendimi insan olarak kabul edip ve etmeme sorunudur. K\u00fcrdler, bug\u00fcne kadar sahip olduklar\u0131 siyasetlerini de\u011fi\u015ftirmeliler. Savunma siyasetinden \u00e7\u0131k\u0131p, sald\u0131r\u0131 siyasetine ge\u00e7meliler. Bu savunma politikas\u0131 K\u00fcrdlere zararlar verdi. Bu perspektifle konu\u015fuyor ve diyorum ki, bize Kerk\u00fck\u2019\u00fc vereceklermi, vermeyeceklermi? Yoksa biz kendi ba\u011f\u0131ms\u0131z devletimizi ilan ediyoruz. Onlar istiyorlarm\u0131 yaksa istemiyorlarm\u0131 onlar\u0131n keyfine kalm\u0131\u015ft\u0131r. O zaman Kerk\u00fck\u2019\u00fc almak i\u00e7in tanklar ve u\u00e7aklarla sald\u0131rmalar\u0131 gerekir. Bu ise iki tarafa da b\u00fcy\u00fck zararlar verecektir. Ne olursa olsun ve nas\u0131l yap\u0131l\u0131rsa yap\u0131ls\u0131n Kerk\u00fck K\u00fcrdistan\u2019a geri d\u00f6nmelidir. Bizim onlarla bu temelde konu\u015fmam\u0131z gerekir\u2026<\/p>\n<p>&nbsp;<\/p>\n<p><strong>Soru: Son olarak var olan projelerinize ili\u015fkin bize biraz bilgi verirm\u0131s\u0131n\u0131z?<\/strong><\/p>\n<p><strong>\u00a0<\/strong><\/p>\n<p><strong>Cemal Re\u015fid:<\/strong>\u00a0Ben \u015fimdi Germiyan B\u00f6lgesinin sorunlar\u0131n\u0131n \u00e7\u00f6z\u00fcm\u00fc ve bu b\u00f6lgelerin nas\u0131l G\u00fcney K\u00fcrdistana geri d\u00f6nebilecekleri meselesinde, bir program\u0131n yaz\u0131m\u0131yla me\u015fgulum. E\u011fer bu ger\u00e7ekle\u015firse, benim burada kalmam gerekirse kal\u0131r\u0131m.. Britanya\u2019n\u0131n Exter \u00fcniversitesi bana kurumlar\u0131nda ders vermeyi teklif etti. Fakat, ben bir yada iki hafta \u00f6nce Say\u0131n Ne\u00e7\u00eervan Barzan\u00ee\u2019yle g\u00f6r\u00fc\u015ft\u00fc\u011f\u00fcm zaman, kendisine \u00dcniversitenin bana yapt\u0131\u011f\u0131 \u00f6neriyi reddedebilece\u011fimi, bunun ki\u015fisel bir sorun oldu\u011funu ve Kerk\u00fck\u2019te Arap ve T\u00fcrkmenlerle ciddi bir m\u00fccadele girebilece\u011fimi, s\u00f6yledim. Ben geri d\u00f6n\u00fcp bu i\u015fi yapabilirim. Biz K\u00fcrdler \u015funu iyi bilmeliyiz ki, g\u00fcn diplomasi yapma g\u00fcn\u00fcd\u00fcr. Umut ediyorum ki, biz bundan bir yarar sa\u011flar\u0131z.<\/p>\n<p>&nbsp;<\/p>\n<p><strong>Zagrosname.com -\u00c7ev: Aso Zagrosi<\/strong><\/p>\n<p><strong>Not: 2005 y\u0131l\u0131nda yap\u0131lan\u00a0\u00a0 bir \u00e7eviridir.<\/strong><\/p>\n<p>&nbsp;<\/p>\n","protected":false},"excerpt":{"rendered":"<p>Karwan dergisi K\u00fcrdistan\u2019a d\u00f6nen, b\u00fcy\u00fck K\u00fcrd dilbilimcisi ve tarih\u00e7i Dr. Cemal Re\u015fidle yapt\u0131\u011f\u0131 s\u00f6yle\u015fiyi yay\u0131nl\u0131yoruz. \u00a0 Soru:\u00a0ilk \u00f6nce ni\u00e7in K\u00fcrdistana geri d\u00f6nd\u00fcn\u00fcz ve \u00fclkede var olan sorunlar\u0131n \u00e7\u00f6z\u00fcm\u00fc i\u00e7in nas\u0131l bir rol oynamak istiyorsunuz? &nbsp; Cemal Re\u015fid:\u00a0Benim geri d\u00f6nmemin iki nedeni vard\u0131r: Birincisi, Kerk\u00fck mahalli se\u00e7imlerine kat\u0131l\u0131p, oy kullanmakt\u0131r. Ben kendim Kerk\u00fck\u00fcy\u00fcm, Kerk\u00fck\u2019te do\u011fdum. Ayn\u0131 &hellip;<\/p>\n","protected":false},"author":32,"featured_media":0,"comment_status":"open","ping_status":"open","sticky":false,"template":"","format":"standard","meta":{"footnotes":""},"categories":[1539,299],"tags":[3963,3006,3964],"class_list":["post-12951","post","type-post","status-publish","format-standard","","category-roportaj","category-turkce","tag-germiyan","tag-kerkuk","tag-zagrosname"],"_links":{"self":[{"href":"https:\/\/candname.com\/tr\/index.php?rest_route=\/wp\/v2\/posts\/12951","targetHints":{"allow":["GET"]}}],"collection":[{"href":"https:\/\/candname.com\/tr\/index.php?rest_route=\/wp\/v2\/posts"}],"about":[{"href":"https:\/\/candname.com\/tr\/index.php?rest_route=\/wp\/v2\/types\/post"}],"author":[{"embeddable":true,"href":"https:\/\/candname.com\/tr\/index.php?rest_route=\/wp\/v2\/users\/32"}],"replies":[{"embeddable":true,"href":"https:\/\/candname.com\/tr\/index.php?rest_route=%2Fwp%2Fv2%2Fcomments&post=12951"}],"version-history":[{"count":0,"href":"https:\/\/candname.com\/tr\/index.php?rest_route=\/wp\/v2\/posts\/12951\/revisions"}],"wp:attachment":[{"href":"https:\/\/candname.com\/tr\/index.php?rest_route=%2Fwp%2Fv2%2Fmedia&parent=12951"}],"wp:term":[{"taxonomy":"category","embeddable":true,"href":"https:\/\/candname.com\/tr\/index.php?rest_route=%2Fwp%2Fv2%2Fcategories&post=12951"},{"taxonomy":"post_tag","embeddable":true,"href":"https:\/\/candname.com\/tr\/index.php?rest_route=%2Fwp%2Fv2%2Ftags&post=12951"}],"curies":[{"name":"wp","href":"https:\/\/api.w.org\/{rel}","templated":true}]}}