{"id":12734,"date":"2016-12-25T12:00:51","date_gmt":"2016-12-25T10:00:51","guid":{"rendered":"http:\/\/candname.com\/?p=12734"},"modified":"2018-10-15T09:57:57","modified_gmt":"2018-10-15T06:57:57","slug":"12734-2","status":"publish","type":"post","link":"https:\/\/candname.com\/tr\/?p=12734","title":{"rendered":"Nas\u0131l K\u00fcrt\u00e7e Okuyabilirim -8-"},"content":{"rendered":"<div id=\"nav\"><\/div>\n<div id=\"views\">\n<div id=\"cv_\" class=\" Sg \">\n<div class=\"Ug\">\n<div class=\"Mg\">\n<div class=\"Fi\">\n<div class=\"sj\">\n<div class=\"Kh\">\n<div id=\"cvcmsg_15323be4f5717b35\" class=\"th qj\">\n<div id=\"cvcfullmsg_15323be4f5717b35\" class=\"Qh\">\n<div class=\"M j Ti Gi\" tabindex=\"0\">\n<div class=\"Sh\">\n<div class=\"Ki\"><img decoding=\"async\" class=\"lh Li \" src=\"https:\/\/mail.google.com\/mail\/u\/0\/photos\/m.emin.zeyni%40gmail.com?at=AF6bupMknWVnyW9YWd8hpmX_EJODYoUA2A&amp;sz=100&amp;pld=1\" \/><\/div>\n<div class=\"Vi Kg\">M.Em\u00een Zeyn\u00ee<\/div>\n<div class=\"Wi\">\n<div id=\"cvcstsnip_15323be4f5717b35\" class=\"Oi wh\">\n<div class=\"Pi\"><span style=\"color: #ff0000;\"><strong>Nas\u0131l K\u00fcrt\u00e7e Okuyabilirim -8-<\/strong><\/span><\/div>\n<\/div>\n<\/div>\n<\/div>\n<\/div>\n<\/div>\n<\/div>\n<div id=\"cvcmsg_1592c41c9e14e6b0\" class=\"th\">\n<div id=\"cvcfullmsg_1592c41c9e14e6b0\" class=\"Qh\">\n<div id=\"cvcmsgbod_1592c41c9e14e6b0\" class=\"Ui\">\n<div class=\"Hi\">\n<div class=\"ii ji \" dir=\"ltr\">\n<p dir=\"ltr\"><span style=\"color: #ff0000;\"><strong>8\/10.K\u00dcRT\u00c7EDE \u201d Q-q \u201d HAF\u0130N\u0130N OKUNU\u015eU<\/strong><\/span><\/p>\n<p dir=\"ltr\"><b>merheba<\/b><br \/>\n<b>biyan\u00eeba\u015f.<\/b><br \/>\n<b>rojba\u015f<\/b><br \/>\n<b>\u015fevba\u015f<\/b><br \/>\n<b>demx\u00ear \ud83d\ude42<\/b><\/p>\n<p dir=\"ltr\">Yazd\u0131klar\u0131m \u00e7o\u011funuza basit gelebilir. Ama inan\u0131n &#8220;<b>gel\u00ea Kurd<\/b>&#8221; okumakta, yazmakta zorland\u0131\u011f\u0131 <b>qadar<\/b> konu\u015fmakta zorlanm\u0131yor.<\/p>\n<p dir=\"ltr\">Hatta y\u0131llarca hi\u00e7 <b>Kurd\u00ee<\/b> konu\u015fmayan dahi yeri geldi mi b\u00fclb\u00fcl gibi ana dilini konu\u015fabiliyor.<\/p>\n<p dir=\"ltr\">\u00c7\u00fcnk\u00fc \u00f6z\u00fcnde var.<br \/>\n\u00c7\u00fcnk\u00fc &#8220;<b>dil<\/b>&#8220;inde var nas\u0131l terc\u00fcman olmas\u0131n ki diller.<\/p>\n<p dir=\"ltr\">\u00cad\u00ee gel\u00ea Kurd <b>h\u0131\u015fyar<\/b> olmu\u015f<br \/>\n\u00cad\u00ee j\u0131 Kurd\u00ee re <b>yar<\/b> olmu\u015f \ud83d\ude42<\/p>\n<p dir=\"ltr\">***<\/p>\n<p dir=\"ltr\">Bu defa anlatmaya \u00e7al\u0131\u015faca\u011f\u0131m harf<br \/>\n<b>kal\u0131n<\/b> bir harf<br \/>\n<b>qew\u00een<\/b> bir harf.<br \/>\nDeriiiin bir harf.<\/p>\n<p dir=\"ltr\">taaa bo\u011fazdan yol al\u0131yor, <b>\u00e7\u0131q\u0131yor<\/b> ve dudaklar\u0131m\u0131z\u0131n aras\u0131ndan beliriyor.<br \/>\nVe nihayet azad oluyor ve k\u00fckr\u00fcyor.<\/p>\n<p dir=\"ltr\">K\u00fc\u00e7\u00fckken bu harf b\u00f6yleydi \ud83d\ude42 <b>qqqqqqq<\/b><br \/>\nB\u00fcy\u00fcy\u00fcnce kilo ald\u0131 biraz \ud83d\ude42 <b>QQQQQQQ<\/b><\/p>\n<p dir=\"ltr\">Sab\u0131rlar\u0131 zorlamayal\u0131m.<br \/>\nHemen bir ka\u00e7 \u00f6rnek verelim.<\/p>\n<p dir=\"ltr\">kaz<br \/>\nkazak<br \/>\nkazan<br \/>\nkanser<br \/>\nKanun<br \/>\nK\u0131rm\u0131z\u0131<br \/>\nKopya<\/p>\n<p dir=\"ltr\">Kelimelerini <b>Kurd\u00ee<\/b>ce okusan\u0131z anlatmaya \u00e7al\u0131\u015ft\u0131\u011f\u0131m\u0131z ses kendili\u011finden \u00e7\u0131kar ortaya \ud83d\ude42<\/p>\n<p dir=\"ltr\">qaz<br \/>\nqazaq<br \/>\nQazan<br \/>\nqanser<br \/>\nQan\u00fbn<br \/>\nqirmiz\u00ee<br \/>\nqopya<\/p>\n<p dir=\"ltr\">Bu harfi istisnas\u0131z her Kurd \u00e7\u0131karabilir.<br \/>\nAma her T\u00fcrk \u00e7\u0131karamaz.<br \/>\nNiye mi?<br \/>\nBo\u011faz-a\u011f\u0131z meselesi <b>qarda\u015f<\/b> \ud83d\ude42<\/p>\n<p dir=\"ltr\">Hatta \u00e7o\u011fu K\u00fcrd, <b>Tirk\u00ee<\/b> konu\u015furken veya\u00a0 baz\u0131lar\u0131 da konu\u015fmaya \u00e7al\u0131\u015f\u0131rken normal ince &#8220;k&#8221; harfini <b>qal\u0131nla\u015ft\u0131r\u0131r<\/b>. \u0130\u015fte ortaya \u00e7\u0131kan ses bu harfin ta kendisidir: <b>q-Q<\/b><\/p>\n<p dir=\"ltr\">Yani q-Q = <b>kal\u0131n k<\/b><\/p>\n<p dir=\"ltr\">K\u0131saca bu harf bildi\u011fimiz bir harf <b>loooo<\/b>. ..<br \/>\nBu harf \u00f6z\u00fcm\u00fczde var <b>l\u00ea\u00ea\u00ea\u00ea<\/b>&#8230;<\/p>\n<p dir=\"ltr\">qijik\u00a0\u00a0\u00a0 : karga<br \/>\nqijnik\u00a0 : kene<br \/>\nqirdik\u00a0 : palya\u00e7o, maskara<br \/>\nqirik\u00a0\u00a0\u00a0 : g\u0131rtlak<br \/>\nqalik\u00a0\u00a0 : kabuk<\/p>\n<p dir=\"ltr\"><b>qam<\/b>: boy<br \/>\n<b>qut<\/b>: k\u0131sa<br \/>\n===\u300b<b>qamqut<\/b>: KISA BOYLU<\/p>\n<p dir=\"ltr\"><b>qaf<\/b>: kafa<br \/>\n<b>r\u00fbt<\/b>: \u00e7\u0131plak<br \/>\n===\u300b<b>qafr\u00fbt<\/b>: KEL<\/p>\n<p dir=\"ltr\"><b>paq<\/b>: bacak<br \/>\n<b>dir\u00eaj<\/b>: uzun<br \/>\n===\u300b<b>paqdir\u00eaj<\/b>: UZUN BACAKLI<\/p>\n<p dir=\"ltr\">qir\u00eaj<br \/>\nqil\u00ear<\/p>\n<p dir=\"ltr\">qajeqaj<br \/>\nqajewaj<br \/>\nqarewar<br \/>\nq\u00eejemij<\/p>\n<p dir=\"ltr\">Bu a\u015fa\u011f\u0131daki \u00f6rnekler de <b>Tirk\u00ee<\/b> kelimelerle ayn\u0131d\u0131r. Sadece ba\u015f harfini <b>qal\u0131n<\/b> okuyunuz&#8230;<\/p>\n<p dir=\"ltr\">&#x2757;<b>diqqat..&#x2757; diqqat<\/b>..&#x2757;<br \/>\ne harfini de <b>Kurd\u00ee<\/b> okuyun l\u00fctfen&#8230;<\/p>\n<p dir=\"ltr\">Qeb\u00fbl<br \/>\nQedayif<br \/>\nQedeh<br \/>\nQefes<br \/>\nqehreman<br \/>\nqehwe<br \/>\nq\u00eemet<br \/>\nquwet<br \/>\nhiq\u00fbq<\/p>\n<p dir=\"ltr\">Biraz da olsa size faydam\u0131z olduysa ne mutlu bana.<\/p>\n<p dir=\"ltr\">Son olarak derledi\u011fim bu kelimeleri de okuyabilirsiniz.<\/p>\n<p dir=\"ltr\">Anlamlar\u0131n\u0131 yaz\u0131p yazmama aras\u0131nda <b>qerar<\/b>s\u0131z <b>qald\u0131m<\/b> onun i\u00e7in hepsinin de\u011fil de <b>ten\u00ea<\/b> zorlanaca\u011f\u0131n\u0131z\u0131 d\u00fc\u015f\u00fcnd\u00fc\u011f\u00fcm kelimeleri yazd\u0131m.<\/p>\n<p dir=\"ltr\">G\u00f6r\u00fc\u015fmek dile\u011fiyle.<\/p>\n<p dir=\"ltr\">leq<br \/>\nbeq<br \/>\ndeq: nokta, d\u00f6vme<br \/>\nheq<\/p>\n<p dir=\"ltr\">qad: alan<br \/>\nqat<br \/>\nqet<br \/>\nqot: t\u00fcrk\u00e7edeki kot<br \/>\ntoq: toka<\/p>\n<p dir=\"ltr\">Qaw\u00ee\u015f<br \/>\nQe\u015fa<br \/>\nQa\u015fo: g\u00fcya, s\u00f6zde<\/p>\n<p dir=\"ltr\">Qefil\u00ee<br \/>\nteqin\u00ee<br \/>\nberiq\u00ee<br \/>\npeq\u00ee = teq\u00ee<\/p>\n<p dir=\"ltr\">qelb<br \/>\nqelp: sahte<br \/>\nqels<br \/>\nqetl<br \/>\nqewm<br \/>\nqewl: anla\u015fma, s\u00f6z<br \/>\nqebr<\/p>\n<p dir=\"ltr\">Qenc<br \/>\nQesd<br \/>\nQes\u00ees: cimri<\/p>\n<p dir=\"ltr\">qul<br \/>\nqum<br \/>\nqurm: k\u00f6k, k\u00fct\u00fck<br \/>\nqure: ma\u011frur, kibirli<\/p>\n<p dir=\"ltr\">M.Emin Zeyni<\/p>\n<\/div>\n<\/div>\n<\/div>\n<\/div>\n<\/div>\n<\/div>\n<\/div>\n<\/div>\n<\/div>\n<\/div>\n<\/div>\n<\/div>\n","protected":false},"excerpt":{"rendered":"<p>M.Em\u00een Zeyn\u00ee Nas\u0131l K\u00fcrt\u00e7e Okuyabilirim -8- 8\/10.K\u00dcRT\u00c7EDE \u201d Q-q \u201d HAF\u0130N\u0130N OKUNU\u015eU merheba biyan\u00eeba\u015f. rojba\u015f \u015fevba\u015f demx\u00ear \ud83d\ude42 Yazd\u0131klar\u0131m \u00e7o\u011funuza basit gelebilir. Ama inan\u0131n &#8220;gel\u00ea Kurd&#8221; okumakta, yazmakta zorland\u0131\u011f\u0131 qadar konu\u015fmakta zorlanm\u0131yor. Hatta y\u0131llarca hi\u00e7 Kurd\u00ee konu\u015fmayan dahi yeri geldi mi b\u00fclb\u00fcl gibi ana dilini konu\u015fabiliyor. \u00c7\u00fcnk\u00fc \u00f6z\u00fcnde var. \u00c7\u00fcnk\u00fc &#8220;dil&#8220;inde var nas\u0131l terc\u00fcman olmas\u0131n &hellip;<\/p>\n","protected":false},"author":32,"featured_media":0,"comment_status":"open","ping_status":"open","sticky":false,"template":"","format":"standard","meta":{"footnotes":""},"categories":[5369,23,1728,299,68],"tags":[1251,5209,141,5439,17,5370,123],"class_list":["post-12734","post","type-post","status-publish","format-standard","","category-dilbilgisi","category-egitim","category-kurtce-dersleri","category-turkce","category-yazihane","tag-dilbilgisi","tag-egitim","tag-kurtce","tag-kurtce-ogreniyorum","tag-slide","tag-yazi-dizisi","tag-ziman"],"_links":{"self":[{"href":"https:\/\/candname.com\/tr\/index.php?rest_route=\/wp\/v2\/posts\/12734","targetHints":{"allow":["GET"]}}],"collection":[{"href":"https:\/\/candname.com\/tr\/index.php?rest_route=\/wp\/v2\/posts"}],"about":[{"href":"https:\/\/candname.com\/tr\/index.php?rest_route=\/wp\/v2\/types\/post"}],"author":[{"embeddable":true,"href":"https:\/\/candname.com\/tr\/index.php?rest_route=\/wp\/v2\/users\/32"}],"replies":[{"embeddable":true,"href":"https:\/\/candname.com\/tr\/index.php?rest_route=%2Fwp%2Fv2%2Fcomments&post=12734"}],"version-history":[{"count":0,"href":"https:\/\/candname.com\/tr\/index.php?rest_route=\/wp\/v2\/posts\/12734\/revisions"}],"wp:attachment":[{"href":"https:\/\/candname.com\/tr\/index.php?rest_route=%2Fwp%2Fv2%2Fmedia&parent=12734"}],"wp:term":[{"taxonomy":"category","embeddable":true,"href":"https:\/\/candname.com\/tr\/index.php?rest_route=%2Fwp%2Fv2%2Fcategories&post=12734"},{"taxonomy":"post_tag","embeddable":true,"href":"https:\/\/candname.com\/tr\/index.php?rest_route=%2Fwp%2Fv2%2Ftags&post=12734"}],"curies":[{"name":"wp","href":"https:\/\/api.w.org\/{rel}","templated":true}]}}