{"id":11685,"date":"2016-09-20T17:00:59","date_gmt":"2016-09-20T14:00:59","guid":{"rendered":"http:\/\/candname.com\/?p=11685"},"modified":"2018-10-15T10:43:04","modified_gmt":"2018-10-15T07:43:04","slug":"sinop-kurtleri-turklerden-cok-once-orada-yasiyorlardi","status":"publish","type":"post","link":"https:\/\/candname.com\/tr\/?p=11685","title":{"rendered":"\u201cSinop K\u00fcrtleri, T\u00fcrkler\u2019den \u00e7ok \u00f6nce orada ya\u015f\u0131yorlard\u0131!\u201d"},"content":{"rendered":"<p><span style=\"color: #000000;\">Ara\u015ft\u0131rmac\u0131 Yazar Murad Ciwan, Sinop\u2019ta ya\u015fanan K\u00fcrt-T\u00fcrk gerginli\u011fi hakk\u0131nda yapt\u0131\u011f\u0131 de\u011ferlendirmede Sinop K\u00fcrtleri ile ilgili \u00e7arp\u0131c\u0131 tarihi a\u00e7\u0131klamalarda bulundu.<\/span><\/p>\n<p><span style=\"color: #000000;\">Sinop K\u00fcrtleri\u2019nin Osmanl\u0131 Beyli\u011fi\u2019nin hen\u00fcz o b\u00f6lgeye hakim olmadan \u00f6nce orada ya\u015fad\u0131klar\u0131n\u0131 s\u00f6yleyen Ara\u015ft\u0131rmac\u0131 Yazar Murad Ciwan k\u00f6klerinin bug\u00fcnk\u00fc Do\u011fu K\u00fcrdistan(\u0130ran) b\u00f6lgesindeki Kirman\u015fan ve \u015eahrezor aras\u0131ndaki m\u0131nt\u0131kadan geldi\u011fini belirtti.<\/span><\/p>\n<p><strong><span style=\"color: #000000;\">S\u0130NOP\u2019UN DURA\u011eAN VE BOYABAT K\u00dcRTLER\u0130 NEREDEN GELD\u0130?<\/span><\/strong><\/p>\n<p><span style=\"color: #000000;\">\u201cSinop\u2019un Dura\u011fan ve Boyabat il\u00e7e ve k\u00f6ylerindeki K\u00fcrtler, Osmanl\u0131 Beyli\u011fi\u2019nden \u00f6nce orada varolan Candar\u00ee ve \u0130sfendiyari K\u00fcrtlerinin torunlar\u0131d\u0131rlar\u201d diyen Murad Ciwan, Candariler(\u00c7andaro\u011fullar\u0131)in ba\u015fkenti Kastamonu ve onlar\u0131n devam\u0131 olan \u0130sfendiyarilerin(\u0130sfendiyaro\u011fullar\u0131) ise Sinop\u2019tu diye ekledi. Beyleri Osmanl\u0131 ya da T\u00fcrkiye Cumhuriyeti s\u00fcrg\u00fcnleri de\u011fil, 13. y\u00fczy\u0131l ba\u015flar\u0131nda(1200\u2019ler) Anadolu Sel\u00e7uklular\u0131\u2019n\u0131n \u201cu\u00e7 beyleri\u201d olarak ilk onlar oralara yerle\u015ftiler, bunlar Serhad b\u00f6lgesi beylerindendir. \u201cAyr\u0131ca \u2018Anadolu Sel\u00e7uklular\u0131\u2019 tabirinin de Cumhuriyet sonras\u0131 tarih\u00e7ileri taraf\u0131ndan uydurulan bir tabir oldu\u011funu ve Sel\u00e7uklular\u0131n kendilerine \u2018Rum Sel\u00e7uklular\u0131\u2019 dedi\u011fini aktard\u0131.<\/span><\/p>\n<p><span style=\"color: #000000;\">\u201cCandari\/\u0130sfendiyari K\u00fcrtlerinin Karadeniz\u2019deki g\u00fc\u00e7l\u00fc donanmas\u0131, Osmanl\u0131 donanmas\u0131 in\u015fa edilirken \u2018kurucu unsur\u2019 oldu\u201d diyen Ara\u015ft\u0131rmac\u0131 Yazar Murad Ciwan as\u0131llar\u0131n\u0131n bug\u00fcnk\u00fc Kirman\u015fah-\u015earezor(Do\u011fu K\u00fcrdistan \u2013 \u0130ran) aras\u0131 b\u00f6lgelerden ve bir ka\u00e7 uzun bir yolun yolcular\u0131 oldu\u011funu s\u00f6yledi.<\/span><\/p>\n<p><span style=\"color: #000000;\">Mevzubahis olan konu \u00fczerine \u2018ara\u015ft\u0131rma tezi\u2019nin devam etti\u011fini belirten Murad Ciwan bu konuda bir kitap haz\u0131rlad\u0131\u011f\u0131n\u0131 ve \u00f6n\u00fcm\u00fczdeki aylarda \u2018Bat\u0131 Anadolu K\u00fcrtleri\u2019 ad\u0131nda bir kitap \u00e7\u0131kart\u0131p halka ve tarihe \u00e7ok daha detayl\u0131 bilgiler sunaca\u011f\u0131n\u0131 bildirdi.<\/span><\/p>\n<p><span style=\"color: #000000;\"><strong>Kaynak: Zernews<\/strong><\/span><\/p>\n","protected":false},"excerpt":{"rendered":"<p>Ara\u015ft\u0131rmac\u0131 Yazar Murad Ciwan, Sinop\u2019ta ya\u015fanan K\u00fcrt-T\u00fcrk gerginli\u011fi hakk\u0131nda yapt\u0131\u011f\u0131 de\u011ferlendirmede Sinop K\u00fcrtleri ile ilgili \u00e7arp\u0131c\u0131 tarihi a\u00e7\u0131klamalarda bulundu. Sinop K\u00fcrtleri\u2019nin Osmanl\u0131 Beyli\u011fi\u2019nin hen\u00fcz o b\u00f6lgeye hakim olmadan \u00f6nce orada ya\u015fad\u0131klar\u0131n\u0131 s\u00f6yleyen Ara\u015ft\u0131rmac\u0131 Yazar Murad Ciwan k\u00f6klerinin bug\u00fcnk\u00fc Do\u011fu K\u00fcrdistan(\u0130ran) b\u00f6lgesindeki Kirman\u015fan ve \u015eahrezor aras\u0131ndaki m\u0131nt\u0131kadan geldi\u011fini belirtti. S\u0130NOP\u2019UN DURA\u011eAN VE BOYABAT K\u00dcRTLER\u0130 NEREDEN GELD\u0130? &hellip;<\/p>\n","protected":false},"author":32,"featured_media":0,"comment_status":"open","ping_status":"open","sticky":false,"template":"","format":"standard","meta":{"footnotes":""},"categories":[5371,25,299],"tags":[3687,3683,3684,3686,117,3685,3682,17],"class_list":["post-11685","post","type-post","status-publish","format-standard","","category-alinti-yazilar","category-tarih","category-turkce","tag-boyabat-kurtleri","tag-duragan","tag-duragan-ilcesi","tag-duragan-kurtleri","tag-kurtler","tag-sinop","tag-sinop-kurtleri","tag-slide"],"_links":{"self":[{"href":"https:\/\/candname.com\/tr\/index.php?rest_route=\/wp\/v2\/posts\/11685","targetHints":{"allow":["GET"]}}],"collection":[{"href":"https:\/\/candname.com\/tr\/index.php?rest_route=\/wp\/v2\/posts"}],"about":[{"href":"https:\/\/candname.com\/tr\/index.php?rest_route=\/wp\/v2\/types\/post"}],"author":[{"embeddable":true,"href":"https:\/\/candname.com\/tr\/index.php?rest_route=\/wp\/v2\/users\/32"}],"replies":[{"embeddable":true,"href":"https:\/\/candname.com\/tr\/index.php?rest_route=%2Fwp%2Fv2%2Fcomments&post=11685"}],"version-history":[{"count":0,"href":"https:\/\/candname.com\/tr\/index.php?rest_route=\/wp\/v2\/posts\/11685\/revisions"}],"wp:attachment":[{"href":"https:\/\/candname.com\/tr\/index.php?rest_route=%2Fwp%2Fv2%2Fmedia&parent=11685"}],"wp:term":[{"taxonomy":"category","embeddable":true,"href":"https:\/\/candname.com\/tr\/index.php?rest_route=%2Fwp%2Fv2%2Fcategories&post=11685"},{"taxonomy":"post_tag","embeddable":true,"href":"https:\/\/candname.com\/tr\/index.php?rest_route=%2Fwp%2Fv2%2Ftags&post=11685"}],"curies":[{"name":"wp","href":"https:\/\/api.w.org\/{rel}","templated":true}]}}