{"id":10661,"date":"2016-07-04T19:46:13","date_gmt":"2016-07-04T16:46:13","guid":{"rendered":"http:\/\/candname.com\/?p=10661"},"modified":"2018-10-11T10:39:39","modified_gmt":"2018-10-11T07:39:39","slug":"rojava-universitesi-aciliyor","status":"publish","type":"post","link":"https:\/\/candname.com\/tr\/?p=10661","title":{"rendered":"Rojava \u00dcniversitesi a\u00e7\u0131l\u0131yor"},"content":{"rendered":"<p>Cizire b\u00f6lgesinde Rojava ad\u0131yla bir \u00fcniversite a\u00e7\u0131lacak. A\u00e7\u0131lacak olan \u00fcniversitede sa\u011fl\u0131k, fizik, kimya,tarih, psikoloji ve K\u00fcrt edebiyat\u0131 alanlar\u0131ndan b\u00f6l\u00fcmler olacak.<\/p>\n<p>Cizire E\u011fitim Konseyi E\u015f Ba\u015fkanlar\u0131 Mihemed Salih Ebdo ve Sem\u00eera Hac El\u00ee, Demokratik Toplum E\u011fitim Komitesi y\u00f6netim \u00fcyesi  Zozan Hac Ehmed, Amude  Y\u00fcr\u00fctme Meclisi Salonu\u2019nda bir bas\u0131n a\u00e7\u0131klamas\u0131 ger\u00e7ekle\u015ftirdi.<\/p>\n<p>A\u00e7\u0131klamada 2016-2017 y\u0131l\u0131ndan \u00fcniversite a\u00e7\u0131laca\u011f\u0131, kay\u0131t tarihlerinin ise daha sonra a\u00e7\u0131klanaca\u011f\u0131 belirtildi.<\/p>\n<p>Hawar Haber Ajans\u0131\u2019n\u0131n (ANHA) haberine g\u00f6re, Arap\u00e7a ve K\u00fcrt\u00e7e olara okunan bas\u0131n a\u00e7\u0131klamas\u0131nda \u00f6zetle \u015fu ifadelere yer verildi:<\/p>\n<p>\u201cRamazan Bayram\u0131\u2019nda Kam\u0131\u015flo merkezli olmak \u00fczere \u201cRojava\u201d ad\u0131yla bir \u00fcniversite a\u00e7\u0131laca\u011f\u0131n\u0131n m\u00fcjdesini veriyoruz.<\/p>\n<p>\u201cA\u00e7\u0131lacak olan \u00fcniversitenin kap\u0131lar\u0131 Rojaval\u0131 ve Suriyeli halklara a\u00e7\u0131kt\u0131r.<\/p>\n<p>\u201c\u00dcniversite b\u00fcnyesinde sa\u011fl\u0131k, petrol, bilgisayar ve ziraat m\u00fchendisli\u011fi; fizik, kimya, tarih, psikoloji, co\u011frafya, ilkokul matematik \u00f6\u011fretmenli\u011fi; K\u00fcrt edebiyat\u0131 alanlar\u0131ndan b\u00f6l\u00fcmler a\u00e7\u0131lacakt\u0131r.\u201d<\/p>\n<p>\u0130mc<\/p>\n","protected":false},"excerpt":{"rendered":"<p>Cizire b\u00f6lgesinde Rojava ad\u0131yla bir \u00fcniversite a\u00e7\u0131lacak. A\u00e7\u0131lacak olan \u00fcniversitede sa\u011fl\u0131k, fizik, kimya,tarih, psikoloji ve K\u00fcrt edebiyat\u0131 alanlar\u0131ndan b\u00f6l\u00fcmler olacak. Cizire E\u011fitim Konseyi E\u015f Ba\u015fkanlar\u0131 Mihemed Salih Ebdo ve Sem\u00eera Hac El\u00ee, Demokratik Toplum E\u011fitim Komitesi y\u00f6netim \u00fcyesi Zozan Hac Ehmed, Amude Y\u00fcr\u00fctme Meclisi Salonu\u2019nda bir bas\u0131n a\u00e7\u0131klamas\u0131 ger\u00e7ekle\u015ftirdi. A\u00e7\u0131klamada 2016-2017 y\u0131l\u0131ndan \u00fcniversite a\u00e7\u0131laca\u011f\u0131, kay\u0131t &hellip;<\/p>\n","protected":false},"author":53,"featured_media":0,"comment_status":"open","ping_status":"open","sticky":false,"template":"","format":"standard","meta":{"footnotes":""},"categories":[3,299],"tags":[175,3468,17],"class_list":["post-10661","post","type-post","status-publish","format-standard","","category-haber","category-turkce","tag-rojava","tag-rojava-universitesi","tag-slide"],"_links":{"self":[{"href":"https:\/\/candname.com\/tr\/index.php?rest_route=\/wp\/v2\/posts\/10661","targetHints":{"allow":["GET"]}}],"collection":[{"href":"https:\/\/candname.com\/tr\/index.php?rest_route=\/wp\/v2\/posts"}],"about":[{"href":"https:\/\/candname.com\/tr\/index.php?rest_route=\/wp\/v2\/types\/post"}],"author":[{"embeddable":true,"href":"https:\/\/candname.com\/tr\/index.php?rest_route=\/wp\/v2\/users\/53"}],"replies":[{"embeddable":true,"href":"https:\/\/candname.com\/tr\/index.php?rest_route=%2Fwp%2Fv2%2Fcomments&post=10661"}],"version-history":[{"count":0,"href":"https:\/\/candname.com\/tr\/index.php?rest_route=\/wp\/v2\/posts\/10661\/revisions"}],"wp:attachment":[{"href":"https:\/\/candname.com\/tr\/index.php?rest_route=%2Fwp%2Fv2%2Fmedia&parent=10661"}],"wp:term":[{"taxonomy":"category","embeddable":true,"href":"https:\/\/candname.com\/tr\/index.php?rest_route=%2Fwp%2Fv2%2Fcategories&post=10661"},{"taxonomy":"post_tag","embeddable":true,"href":"https:\/\/candname.com\/tr\/index.php?rest_route=%2Fwp%2Fv2%2Ftags&post=10661"}],"curies":[{"name":"wp","href":"https:\/\/api.w.org\/{rel}","templated":true}]}}